 

{"id":1853,"date":"2015-02-20T10:37:00","date_gmt":"2015-02-20T09:37:00","guid":{"rendered":"https:\/\/www.euroresidentes.com\/salud\/salud-hoy\/un-nuevo-tratamiento-podria-detener-la"},"modified":"2017-03-24T19:48:58","modified_gmt":"2017-03-24T18:48:58","slug":"un-nuevo-tratamiento-podria-detener-la","status":"publish","type":"post","link":"https:\/\/www.euroresidentes.com\/salud\/salud-hoy\/un-nuevo-tratamiento-podria-detener-la\/","title":{"rendered":"Un nuevo tratamiento podr\u00eda detener la progresi\u00f3n del Alzheimer"},"content":{"rendered":"<div class=\"separator\" style=\"clear: both; text-align: center;\">\n<a href=\"https:\/\/www.euroresidentes.com\/salud\/salud-hoy\/wp-content\/uploads\/sites\/9\/2015\/02\/nuevo-tratamiento-que-podr\u00eda-detener-la-progresion-de-la-enfermedad1.jpg\" imageanchor=\"1\" style=\"margin-left: 1em; margin-right: 1em;\"><img decoding=\"async\" alt=\"Un nuevo tratamiento podr\u00eda detener la progresi\u00f3n del Alzheimer\" border=\"0\" src=\"https:\/\/www.euroresidentes.com\/salud\/salud-hoy\/wp-content\/uploads\/sites\/9\/2015\/02\/nuevo-tratamiento-que-podr\u00eda-detener-la-progresion-de-la-enfermedad1.jpg\" title=\"Un nuevo tratamiento podr\u00eda detener la progresi\u00f3n del Alzheimer\" \/><\/a><\/div>\n<p><\/p>\n<div style=\"text-align: justify;\">\n<b>Descubren una mol\u00e9cula que es capaz de interrumpir una etapa importante del desarrollo de la enfermedad de Alzheimer.<\/b><\/div>\n<div style=\"text-align: justify;\">\n<\/div>\n<div style=\"text-align: justify;\">\nMuchas funciones celulares son llevadas a cabo por prote\u00ednas plegadas cuidadosamente. Muchas veces para que las prote\u00ednas se plieguen de forma correcta es necesario que interact\u00faen con unas mol\u00e9culas llamadas <i>chaperonas<\/i>. Una de las caracter\u00edsticas clave del desarrollo de la enfermedad de Alzheimer y otras enfermedades degenerativas es la acumulaci\u00f3n de prote\u00ednas mal plegadas que forman lo que se conocen como fibrillas amiloides. Las fibrillas amiloides que se acumulan forman c\u00famulos t\u00f3xicos y ayudan a que la enfermedad se propague en el cerebro.<\/div>\n<div style=\"text-align: justify;\">\n<\/div>\n<div style=\"text-align: justify;\">\nLa agregaci\u00f3n de una prote\u00edna llamada p\u00e9ptido \u03b2-amiloide (A\u00df42) en el cerebro es una de las caracter\u00edsticas m\u00e1s representativas de la enfermedad de Alzheimer.&nbsp;<\/div>\n<div style=\"text-align: justify;\">\n<\/div>\n<div style=\"text-align: justify;\">\nEn un nuevo estudio, publicado en la revista&nbsp;<i><a href=\"http:\/\/www.nature.com\/nsmb\/journal\/vaop\/ncurrent\/full\/nsmb.2971.html\" rel=\"nofollow\" target=\"_blank\">Nature Structural &amp; Molecular Biology<\/a><\/i>, se ha encontrado que una chaperona llama Bricho puede inhibir y limitar acumulaci\u00f3n del p\u00e9ptido \u00df-amiloide, y por tanto su toxicidad para el cerebro. Esta chaperona se une a la superficie de las fibrillas amiloides, evitando la formaci\u00f3n de agregados t\u00f3xicos.&nbsp;<\/div>\n<div style=\"text-align: justify;\">\n<\/div>\n<div style=\"text-align: justify;\">\nLos autores sugieren que su hallazgo ayudar\u00e1 al descubrimiento de medicamentos que podr\u00edan detener la progresi\u00f3n de la enfermedad de Alzheimer.&nbsp;<\/div>\n<div style=\"text-align: justify;\">\n<\/div>\n<div style=\"text-align: justify;\">\nCohen SIA,&nbsp;Arosio P, &nbsp;Presto J, Kurudenkandy FR, Biverst\u00e5l H, Dolfe L, y col. Nature Structural &amp; Molecular Biology (2015). <a href=\"http:\/\/www.nature.com\/nsmb\/journal\/vaop\/ncurrent\/full\/nsmb.2971.html\" rel=\"nofollow\" target=\"_blank\">M\u00e1s informaci\u00f3n<\/a>.<\/div>\n<div style=\"text-align: justify;\">\n<\/div>\n<div style=\"text-align: justify;\">\n<\/div>\n<div style=\"text-align: justify;\">\n<b>Lecturas relacionadas con:&nbsp;Un nuevo tratamiento podr\u00eda detener la progresi\u00f3n del Alzheimer.<\/b><\/div>\n<div style=\"text-align: justify;\">\n<\/div>\n<ul>\n<li><a href=\"http:\/\/conviviendo-alzheimer.euroresidentes.com\/\" target=\"_blank\">Conviviendo con el Alzheimer<\/a><\/li>\n<li><a href=\"http:\/\/salud-hoy.euroresidentes.com\/2013\/10\/la-falta-de-sueno-podria-incrementar-el.html\" target=\"_blank\">La falta de sue\u00f1o podr\u00eda aumentar el riesgo de Alzheimer<\/a><\/li>\n<\/ul>\n","protected":false},"excerpt":{"rendered":"<p>Descubren una mol\u00e9cula que es capaz de interrumpir una etapa importante del desarrollo de la enfermedad de Alzheimer. Muchas funciones celulares son llevadas a cabo por prote\u00ednas plegadas cuidadosamente. Muchas veces para que las prote\u00ednas se plieguen de forma correcta es necesario que interact\u00faen con unas mol\u00e9culas llamadas chaperonas. Una de las caracter\u00edsticas clave del desarrollo de la enfermedad de Alzheimer y otras enfermedades degenerativas es la acumulaci\u00f3n de prote\u00ednas mal plegadas que forman lo que se conocen como fibrillas amiloides. Las fibrillas amiloides que se acumulan forman c\u00famulos t\u00f3xicos y ayudan a que la enfermedad se propague en el <\/p>\n","protected":false},"author":2,"featured_media":2334,"comment_status":"open","ping_status":"open","sticky":false,"template":"","format":"standard","meta":{"footnotes":""},"categories":[11],"tags":[],"class_list":["post-1853","post","type-post","status-publish","format-standard","has-post-thumbnail","hentry","category-alzheimer","has_thumb"],"yoast_head":"<!-- This site is optimized with the Yoast SEO plugin v26.8 - https:\/\/yoast.com\/product\/yoast-seo-wordpress\/ -->\n<title>Un nuevo tratamiento podr\u00eda detener la progresi\u00f3n del Alzheimer - Salud hoy<\/title>\n<meta name=\"robots\" content=\"index, follow, max-snippet:-1, max-image-preview:large, max-video-preview:-1\" \/>\n<link rel=\"canonical\" href=\"https:\/\/www.euroresidentes.com\/salud\/salud-hoy\/un-nuevo-tratamiento-podria-detener-la\/\" \/>\n<meta property=\"og:locale\" content=\"es_ES\" \/>\n<meta property=\"og:type\" content=\"article\" \/>\n<meta property=\"og:title\" content=\"Un nuevo tratamiento podr\u00eda detener la progresi\u00f3n del Alzheimer - Salud hoy\" \/>\n<meta property=\"og:description\" content=\"Descubren una mol\u00e9cula que es capaz de interrumpir una etapa importante del desarrollo de la enfermedad de Alzheimer. Muchas funciones celulares son llevadas a cabo por prote\u00ednas plegadas cuidadosamente. Muchas veces para que las prote\u00ednas se plieguen de forma correcta es necesario que interact\u00faen con unas mol\u00e9culas llamadas chaperonas. Una de las caracter\u00edsticas clave del desarrollo de la enfermedad de Alzheimer y otras enfermedades degenerativas es la acumulaci\u00f3n de prote\u00ednas mal plegadas que forman lo que se conocen como fibrillas amiloides. Las fibrillas amiloides que se acumulan forman c\u00famulos t\u00f3xicos y ayudan a que la enfermedad se propague en el\" \/>\n<meta property=\"og:url\" content=\"https:\/\/www.euroresidentes.com\/salud\/salud-hoy\/un-nuevo-tratamiento-podria-detener-la\/\" \/>\n<meta property=\"og:site_name\" content=\"Salud hoy\" \/>\n<meta property=\"article:publisher\" content=\"https:\/\/www.facebook.com\/Salud-Euroresidentes-399995783365932\/\" \/>\n<meta property=\"article:published_time\" content=\"2015-02-20T09:37:00+00:00\" \/>\n<meta property=\"article:modified_time\" content=\"2017-03-24T18:48:58+00:00\" \/>\n<meta property=\"og:image\" content=\"https:\/\/www.euroresidentes.com\/salud\/salud-hoy\/wp-content\/uploads\/sites\/9\/2015\/02\/nuevo-tratamiento-que-podr\u00eda-detener-la-progresion-de-la-enfermedad1.jpg\" \/>\n\t<meta property=\"og:image:width\" content=\"600\" \/>\n\t<meta property=\"og:image:height\" content=\"450\" \/>\n\t<meta property=\"og:image:type\" content=\"image\/jpeg\" \/>\n<meta name=\"author\" content=\"Raquel Pomares\" \/>\n<meta name=\"twitter:card\" content=\"summary_large_image\" \/>\n<meta name=\"twitter:label1\" content=\"Written by\" \/>\n\t<meta name=\"twitter:data1\" content=\"Raquel Pomares\" \/>\n\t<meta name=\"twitter:label2\" content=\"Est. reading time\" \/>\n\t<meta name=\"twitter:data2\" content=\"1 minuto\" \/>\n<script type=\"application\/ld+json\" class=\"yoast-schema-graph\">{\"@context\":\"https:\/\/schema.org\",\"@graph\":[{\"@type\":\"Article\",\"@id\":\"https:\/\/www.euroresidentes.com\/salud\/salud-hoy\/un-nuevo-tratamiento-podria-detener-la\/#article\",\"isPartOf\":{\"@id\":\"https:\/\/www.euroresidentes.com\/salud\/salud-hoy\/un-nuevo-tratamiento-podria-detener-la\/\"},\"author\":{\"name\":\"Raquel Pomares\",\"@id\":\"https:\/\/www.euroresidentes.com\/salud\/salud-hoy\/#\/schema\/person\/c0299534643677f2282b416ac1fe97f1\"},\"headline\":\"Un nuevo tratamiento podr\u00eda detener la progresi\u00f3n del Alzheimer\",\"datePublished\":\"2015-02-20T09:37:00+00:00\",\"dateModified\":\"2017-03-24T18:48:58+00:00\",\"mainEntityOfPage\":{\"@id\":\"https:\/\/www.euroresidentes.com\/salud\/salud-hoy\/un-nuevo-tratamiento-podria-detener-la\/\"},\"wordCount\":293,\"commentCount\":0,\"image\":{\"@id\":\"https:\/\/www.euroresidentes.com\/salud\/salud-hoy\/un-nuevo-tratamiento-podria-detener-la\/#primaryimage\"},\"thumbnailUrl\":\"https:\/\/www.euroresidentes.com\/salud\/salud-hoy\/wp-content\/uploads\/sites\/9\/2015\/02\/nuevo-tratamiento-que-podr\u00eda-detener-la-progresion-de-la-enfermedad1.jpg\",\"articleSection\":[\"Alzheimer\"],\"inLanguage\":\"es\",\"potentialAction\":[{\"@type\":\"CommentAction\",\"name\":\"Comment\",\"target\":[\"https:\/\/www.euroresidentes.com\/salud\/salud-hoy\/un-nuevo-tratamiento-podria-detener-la\/#respond\"]}]},{\"@type\":\"WebPage\",\"@id\":\"https:\/\/www.euroresidentes.com\/salud\/salud-hoy\/un-nuevo-tratamiento-podria-detener-la\/\",\"url\":\"https:\/\/www.euroresidentes.com\/salud\/salud-hoy\/un-nuevo-tratamiento-podria-detener-la\/\",\"name\":\"Un nuevo tratamiento podr\u00eda detener la progresi\u00f3n del Alzheimer - Salud hoy\",\"isPartOf\":{\"@id\":\"https:\/\/www.euroresidentes.com\/salud\/salud-hoy\/#website\"},\"primaryImageOfPage\":{\"@id\":\"https:\/\/www.euroresidentes.com\/salud\/salud-hoy\/un-nuevo-tratamiento-podria-detener-la\/#primaryimage\"},\"image\":{\"@id\":\"https:\/\/www.euroresidentes.com\/salud\/salud-hoy\/un-nuevo-tratamiento-podria-detener-la\/#primaryimage\"},\"thumbnailUrl\":\"https:\/\/www.euroresidentes.com\/salud\/salud-hoy\/wp-content\/uploads\/sites\/9\/2015\/02\/nuevo-tratamiento-que-podr\u00eda-detener-la-progresion-de-la-enfermedad1.jpg\",\"datePublished\":\"2015-02-20T09:37:00+00:00\",\"dateModified\":\"2017-03-24T18:48:58+00:00\",\"author\":{\"@id\":\"https:\/\/www.euroresidentes.com\/salud\/salud-hoy\/#\/schema\/person\/c0299534643677f2282b416ac1fe97f1\"},\"breadcrumb\":{\"@id\":\"https:\/\/www.euroresidentes.com\/salud\/salud-hoy\/un-nuevo-tratamiento-podria-detener-la\/#breadcrumb\"},\"inLanguage\":\"es\",\"potentialAction\":[{\"@type\":\"ReadAction\",\"target\":[\"https:\/\/www.euroresidentes.com\/salud\/salud-hoy\/un-nuevo-tratamiento-podria-detener-la\/\"]}]},{\"@type\":\"ImageObject\",\"inLanguage\":\"es\",\"@id\":\"https:\/\/www.euroresidentes.com\/salud\/salud-hoy\/un-nuevo-tratamiento-podria-detener-la\/#primaryimage\",\"url\":\"https:\/\/www.euroresidentes.com\/salud\/salud-hoy\/wp-content\/uploads\/sites\/9\/2015\/02\/nuevo-tratamiento-que-podr\u00eda-detener-la-progresion-de-la-enfermedad1.jpg\",\"contentUrl\":\"https:\/\/www.euroresidentes.com\/salud\/salud-hoy\/wp-content\/uploads\/sites\/9\/2015\/02\/nuevo-tratamiento-que-podr\u00eda-detener-la-progresion-de-la-enfermedad1.jpg\",\"width\":600,\"height\":450},{\"@type\":\"BreadcrumbList\",\"@id\":\"https:\/\/www.euroresidentes.com\/salud\/salud-hoy\/un-nuevo-tratamiento-podria-detener-la\/#breadcrumb\",\"itemListElement\":[{\"@type\":\"ListItem\",\"position\":1,\"name\":\"Portada\",\"item\":\"https:\/\/www.euroresidentes.com\/salud\/salud-hoy\/\"},{\"@type\":\"ListItem\",\"position\":2,\"name\":\"Un nuevo tratamiento podr\u00eda detener la progresi\u00f3n del Alzheimer\"}]},{\"@type\":\"WebSite\",\"@id\":\"https:\/\/www.euroresidentes.com\/salud\/salud-hoy\/#website\",\"url\":\"https:\/\/www.euroresidentes.com\/salud\/salud-hoy\/\",\"name\":\"Salud hoy\",\"description\":\"Salud hoy Euroresidentes\",\"potentialAction\":[{\"@type\":\"SearchAction\",\"target\":{\"@type\":\"EntryPoint\",\"urlTemplate\":\"https:\/\/www.euroresidentes.com\/salud\/salud-hoy\/?s={search_term_string}\"},\"query-input\":{\"@type\":\"PropertyValueSpecification\",\"valueRequired\":true,\"valueName\":\"search_term_string\"}}],\"inLanguage\":\"es\"},{\"@type\":\"Person\",\"@id\":\"https:\/\/www.euroresidentes.com\/salud\/salud-hoy\/#\/schema\/person\/c0299534643677f2282b416ac1fe97f1\",\"name\":\"Raquel Pomares\",\"image\":{\"@type\":\"ImageObject\",\"inLanguage\":\"es\",\"@id\":\"https:\/\/www.euroresidentes.com\/salud\/salud-hoy\/#\/schema\/person\/image\/\",\"url\":\"https:\/\/www.euroresidentes.com\/salud\/salud-hoy\/wp-content\/uploads\/sites\/9\/2016\/09\/raquel-pomares-150x150.jpg\",\"contentUrl\":\"https:\/\/www.euroresidentes.com\/salud\/salud-hoy\/wp-content\/uploads\/sites\/9\/2016\/09\/raquel-pomares-150x150.jpg\",\"caption\":\"Raquel Pomares\"},\"description\":\"Raquel PomaresBi\u00f3loga, doctora y divulgadora cient\u00edfica especializada en temas de salud.\",\"sameAs\":[\"https:\/\/www.euroresidentes.com\/salud\/raquel-pomares.html\"],\"url\":\"https:\/\/www.euroresidentes.com\/salud\/salud-hoy\/author\/raquel\/\"}]}<\/script>\n<!-- \/ Yoast SEO plugin. -->","yoast_head_json":{"title":"Un nuevo tratamiento podr\u00eda detener la progresi\u00f3n del Alzheimer - Salud hoy","robots":{"index":"index","follow":"follow","max-snippet":"max-snippet:-1","max-image-preview":"max-image-preview:large","max-video-preview":"max-video-preview:-1"},"canonical":"https:\/\/www.euroresidentes.com\/salud\/salud-hoy\/un-nuevo-tratamiento-podria-detener-la\/","og_locale":"es_ES","og_type":"article","og_title":"Un nuevo tratamiento podr\u00eda detener la progresi\u00f3n del Alzheimer - Salud hoy","og_description":"Descubren una mol\u00e9cula que es capaz de interrumpir una etapa importante del desarrollo de la enfermedad de Alzheimer. Muchas funciones celulares son llevadas a cabo por prote\u00ednas plegadas cuidadosamente. Muchas veces para que las prote\u00ednas se plieguen de forma correcta es necesario que interact\u00faen con unas mol\u00e9culas llamadas chaperonas. Una de las caracter\u00edsticas clave del desarrollo de la enfermedad de Alzheimer y otras enfermedades degenerativas es la acumulaci\u00f3n de prote\u00ednas mal plegadas que forman lo que se conocen como fibrillas amiloides. Las fibrillas amiloides que se acumulan forman c\u00famulos t\u00f3xicos y ayudan a que la enfermedad se propague en el","og_url":"https:\/\/www.euroresidentes.com\/salud\/salud-hoy\/un-nuevo-tratamiento-podria-detener-la\/","og_site_name":"Salud hoy","article_publisher":"https:\/\/www.facebook.com\/Salud-Euroresidentes-399995783365932\/","article_published_time":"2015-02-20T09:37:00+00:00","article_modified_time":"2017-03-24T18:48:58+00:00","og_image":[{"width":600,"height":450,"url":"https:\/\/www.euroresidentes.com\/salud\/salud-hoy\/wp-content\/uploads\/sites\/9\/2015\/02\/nuevo-tratamiento-que-podr\u00eda-detener-la-progresion-de-la-enfermedad1.jpg","type":"image\/jpeg"}],"author":"Raquel Pomares","twitter_card":"summary_large_image","twitter_misc":{"Written by":"Raquel Pomares","Est. reading time":"1 minuto"},"schema":{"@context":"https:\/\/schema.org","@graph":[{"@type":"Article","@id":"https:\/\/www.euroresidentes.com\/salud\/salud-hoy\/un-nuevo-tratamiento-podria-detener-la\/#article","isPartOf":{"@id":"https:\/\/www.euroresidentes.com\/salud\/salud-hoy\/un-nuevo-tratamiento-podria-detener-la\/"},"author":{"name":"Raquel Pomares","@id":"https:\/\/www.euroresidentes.com\/salud\/salud-hoy\/#\/schema\/person\/c0299534643677f2282b416ac1fe97f1"},"headline":"Un nuevo tratamiento podr\u00eda detener la progresi\u00f3n del Alzheimer","datePublished":"2015-02-20T09:37:00+00:00","dateModified":"2017-03-24T18:48:58+00:00","mainEntityOfPage":{"@id":"https:\/\/www.euroresidentes.com\/salud\/salud-hoy\/un-nuevo-tratamiento-podria-detener-la\/"},"wordCount":293,"commentCount":0,"image":{"@id":"https:\/\/www.euroresidentes.com\/salud\/salud-hoy\/un-nuevo-tratamiento-podria-detener-la\/#primaryimage"},"thumbnailUrl":"https:\/\/www.euroresidentes.com\/salud\/salud-hoy\/wp-content\/uploads\/sites\/9\/2015\/02\/nuevo-tratamiento-que-podr\u00eda-detener-la-progresion-de-la-enfermedad1.jpg","articleSection":["Alzheimer"],"inLanguage":"es","potentialAction":[{"@type":"CommentAction","name":"Comment","target":["https:\/\/www.euroresidentes.com\/salud\/salud-hoy\/un-nuevo-tratamiento-podria-detener-la\/#respond"]}]},{"@type":"WebPage","@id":"https:\/\/www.euroresidentes.com\/salud\/salud-hoy\/un-nuevo-tratamiento-podria-detener-la\/","url":"https:\/\/www.euroresidentes.com\/salud\/salud-hoy\/un-nuevo-tratamiento-podria-detener-la\/","name":"Un nuevo tratamiento podr\u00eda detener la progresi\u00f3n del Alzheimer - Salud hoy","isPartOf":{"@id":"https:\/\/www.euroresidentes.com\/salud\/salud-hoy\/#website"},"primaryImageOfPage":{"@id":"https:\/\/www.euroresidentes.com\/salud\/salud-hoy\/un-nuevo-tratamiento-podria-detener-la\/#primaryimage"},"image":{"@id":"https:\/\/www.euroresidentes.com\/salud\/salud-hoy\/un-nuevo-tratamiento-podria-detener-la\/#primaryimage"},"thumbnailUrl":"https:\/\/www.euroresidentes.com\/salud\/salud-hoy\/wp-content\/uploads\/sites\/9\/2015\/02\/nuevo-tratamiento-que-podr\u00eda-detener-la-progresion-de-la-enfermedad1.jpg","datePublished":"2015-02-20T09:37:00+00:00","dateModified":"2017-03-24T18:48:58+00:00","author":{"@id":"https:\/\/www.euroresidentes.com\/salud\/salud-hoy\/#\/schema\/person\/c0299534643677f2282b416ac1fe97f1"},"breadcrumb":{"@id":"https:\/\/www.euroresidentes.com\/salud\/salud-hoy\/un-nuevo-tratamiento-podria-detener-la\/#breadcrumb"},"inLanguage":"es","potentialAction":[{"@type":"ReadAction","target":["https:\/\/www.euroresidentes.com\/salud\/salud-hoy\/un-nuevo-tratamiento-podria-detener-la\/"]}]},{"@type":"ImageObject","inLanguage":"es","@id":"https:\/\/www.euroresidentes.com\/salud\/salud-hoy\/un-nuevo-tratamiento-podria-detener-la\/#primaryimage","url":"https:\/\/www.euroresidentes.com\/salud\/salud-hoy\/wp-content\/uploads\/sites\/9\/2015\/02\/nuevo-tratamiento-que-podr\u00eda-detener-la-progresion-de-la-enfermedad1.jpg","contentUrl":"https:\/\/www.euroresidentes.com\/salud\/salud-hoy\/wp-content\/uploads\/sites\/9\/2015\/02\/nuevo-tratamiento-que-podr\u00eda-detener-la-progresion-de-la-enfermedad1.jpg","width":600,"height":450},{"@type":"BreadcrumbList","@id":"https:\/\/www.euroresidentes.com\/salud\/salud-hoy\/un-nuevo-tratamiento-podria-detener-la\/#breadcrumb","itemListElement":[{"@type":"ListItem","position":1,"name":"Portada","item":"https:\/\/www.euroresidentes.com\/salud\/salud-hoy\/"},{"@type":"ListItem","position":2,"name":"Un nuevo tratamiento podr\u00eda detener la progresi\u00f3n del Alzheimer"}]},{"@type":"WebSite","@id":"https:\/\/www.euroresidentes.com\/salud\/salud-hoy\/#website","url":"https:\/\/www.euroresidentes.com\/salud\/salud-hoy\/","name":"Salud hoy","description":"Salud hoy Euroresidentes","potentialAction":[{"@type":"SearchAction","target":{"@type":"EntryPoint","urlTemplate":"https:\/\/www.euroresidentes.com\/salud\/salud-hoy\/?s={search_term_string}"},"query-input":{"@type":"PropertyValueSpecification","valueRequired":true,"valueName":"search_term_string"}}],"inLanguage":"es"},{"@type":"Person","@id":"https:\/\/www.euroresidentes.com\/salud\/salud-hoy\/#\/schema\/person\/c0299534643677f2282b416ac1fe97f1","name":"Raquel Pomares","image":{"@type":"ImageObject","inLanguage":"es","@id":"https:\/\/www.euroresidentes.com\/salud\/salud-hoy\/#\/schema\/person\/image\/","url":"https:\/\/www.euroresidentes.com\/salud\/salud-hoy\/wp-content\/uploads\/sites\/9\/2016\/09\/raquel-pomares-150x150.jpg","contentUrl":"https:\/\/www.euroresidentes.com\/salud\/salud-hoy\/wp-content\/uploads\/sites\/9\/2016\/09\/raquel-pomares-150x150.jpg","caption":"Raquel Pomares"},"description":"Raquel PomaresBi\u00f3loga, doctora y divulgadora cient\u00edfica especializada en temas de salud.","sameAs":["https:\/\/www.euroresidentes.com\/salud\/raquel-pomares.html"],"url":"https:\/\/www.euroresidentes.com\/salud\/salud-hoy\/author\/raquel\/"}]}},"_links":{"self":[{"href":"https:\/\/www.euroresidentes.com\/salud\/salud-hoy\/wp-json\/wp\/v2\/posts\/1853","targetHints":{"allow":["GET"]}}],"collection":[{"href":"https:\/\/www.euroresidentes.com\/salud\/salud-hoy\/wp-json\/wp\/v2\/posts"}],"about":[{"href":"https:\/\/www.euroresidentes.com\/salud\/salud-hoy\/wp-json\/wp\/v2\/types\/post"}],"author":[{"embeddable":true,"href":"https:\/\/www.euroresidentes.com\/salud\/salud-hoy\/wp-json\/wp\/v2\/users\/2"}],"replies":[{"embeddable":true,"href":"https:\/\/www.euroresidentes.com\/salud\/salud-hoy\/wp-json\/wp\/v2\/comments?post=1853"}],"version-history":[{"count":1,"href":"https:\/\/www.euroresidentes.com\/salud\/salud-hoy\/wp-json\/wp\/v2\/posts\/1853\/revisions"}],"predecessor-version":[{"id":2335,"href":"https:\/\/www.euroresidentes.com\/salud\/salud-hoy\/wp-json\/wp\/v2\/posts\/1853\/revisions\/2335"}],"wp:featuredmedia":[{"embeddable":true,"href":"https:\/\/www.euroresidentes.com\/salud\/salud-hoy\/wp-json\/wp\/v2\/media\/2334"}],"wp:attachment":[{"href":"https:\/\/www.euroresidentes.com\/salud\/salud-hoy\/wp-json\/wp\/v2\/media?parent=1853"}],"wp:term":[{"taxonomy":"category","embeddable":true,"href":"https:\/\/www.euroresidentes.com\/salud\/salud-hoy\/wp-json\/wp\/v2\/categories?post=1853"},{"taxonomy":"post_tag","embeddable":true,"href":"https:\/\/www.euroresidentes.com\/salud\/salud-hoy\/wp-json\/wp\/v2\/tags?post=1853"}],"curies":[{"name":"wp","href":"https:\/\/api.w.org\/{rel}","templated":true}]}}