 

{"id":1844,"date":"2015-06-03T11:05:00","date_gmt":"2015-06-03T11:05:00","guid":{"rendered":"https:\/\/www.euroresidentes.com\/salud\/salud-hoy\/que-sabes-sobre-la-difteria"},"modified":"2016-03-15T12:00:29","modified_gmt":"2016-03-15T12:00:29","slug":"que-sabes-sobre-la-difteria","status":"publish","type":"post","link":"https:\/\/www.euroresidentes.com\/salud\/salud-hoy\/que-sabes-sobre-la-difteria\/","title":{"rendered":"\u00bfQu\u00e9 sabes sobre la difteria?"},"content":{"rendered":"<h3>\n<br \/><\/h3>\n<h3 style=\"text-align: justify;\">\n<p>La difteria es una enfermedad poco frecuente en la mayor\u00eda de los pa\u00edses desarrollados, debido al uso generalizado de la vacuna contra la difteria.<\/h3>\n<div>\n<\/div>\n<div style=\"text-align: justify;\">\nLa difteria es una enfermedad bacteriana contagiosa grave que causa inflamaci\u00f3n severa de la nariz, garganta y tr\u00e1quea.&nbsp;<\/div>\n<div style=\"text-align: justify;\">\n<\/div>\n<div class=\"separator\" style=\"clear: both; text-align: center;\">\n<a href=\"https:\/\/www.euroresidentes.com\/salud\/salud-hoy\/wp-content\/uploads\/sites\/9\/2015\/06\/que-sabes-de-la-difteria1.jpg\" imageanchor=\"1\" style=\"margin-left: 1em; margin-right: 1em;\"><img decoding=\"async\" border=\"0\" src=\"https:\/\/www.euroresidentes.com\/salud\/salud-hoy\/wp-content\/uploads\/sites\/9\/2015\/06\/que-sabes-de-la-difteria1.jpg\" \/><\/a><\/div>\n<p><\/p>\n<h3>\n\u00bfQu\u00e9 causa la difteria?<\/h3>\n<p>\nLa difteria es causada por la bacteria <i>Corynebacterium diphtheriae<\/i>.<\/p>\n<p><\/p>\n<table align=\"center\" cellpadding=\"0\" cellspacing=\"0\" class=\"tr-caption-container\" style=\"margin-left: auto; margin-right: auto; text-align: center;\">\n<tbody>\n<tr>\n<td style=\"text-align: center;\"><a href=\"http:\/\/3.bp.blogspot.com\/-Sligp2iWTKM\/VW7fIWjuZxI\/AAAAAAAADbQ\/cjEllfDNMi0\/s1600\/bacteria-difteria.jpg\" imageanchor=\"1\" style=\"margin-left: auto; margin-right: auto;\"><img loading=\"lazy\" decoding=\"async\" border=\"0\" height=\"211\" src=\"https:\/\/www.euroresidentes.com\/salud\/salud-hoy\/wp-content\/uploads\/sites\/9\/2015\/06\/bacteria-difteria1.jpg\" width=\"320\" \/><\/a><\/td>\n<\/tr>\n<tr>\n<td class=\"tr-caption\" style=\"text-align: right;\">&nbsp;Centers for Disease Control and Prevention&#8217;s Public Health&nbsp;<\/td>\n<\/tr>\n<\/tbody>\n<\/table>\n<div style=\"text-align: justify;\">\nLas bacterias invaden f\u00e1cilmente el tejido que recubre la garganta, y producen exotoxinas que destruyen el tejido y conducen al desarrollo de una pseudomembrana. La exotoxina producida por la bacteria es un componente importante en la causa de los s\u00edntomas m\u00e1s severos de la difteria.<\/div>\n<div style=\"text-align: justify;\">\n<\/div>\n<h3>\n\u00bfC\u00f3mo se transmite la difteria?<\/h3>\n<div>\n<\/div>\n<div>\nUna persona puede contagiarse por difteria cuando traga o inhala las gotitas de saliva en suspensi\u00f3n que una persona infectada produce al toser o estornudar.<\/div>\n<div>\n<\/div>\n<div>\nLos s\u00edntomas se presentan entre 2 y 10 d\u00edas despu\u00e9s de la infecci\u00f3n.<\/div>\n<h3 style=\"text-align: justify;\">\n<\/h3>\n<div>\n<\/div>\n<h3>\n\u00bfCu\u00e1les son los principales s\u00edntomas de la difteria?<\/h3>\n<div style=\"text-align: justify;\">\n<\/div>\n<div style=\"text-align: justify;\">\nLos s\u00edntomas de la difteria pueden incluir:<\/div>\n<div style=\"text-align: justify;\">\n<\/div>\n<ul>\n<li>secreci\u00f3n nasal.<\/li>\n<li>dolor de garganta intenso.<\/li>\n<li>fiebre.<\/li>\n<li>ganglios linf\u00e1ticos inflamados en el cuello.<\/li>\n<li>una capa de color gris o negro en las membranas de la garganta.<\/li>\n<li>problemas respiratorios.<\/li>\n<li>problemas para tragar.&nbsp;<\/li>\n<li>infecci\u00f3n de la piel<\/li>\n<\/ul>\n<p><\/p>\n<div style=\"text-align: justify;\">\nSin tratamiento, la difteria puede provocar complicaciones muy graves y potencialmente letales como: Asfixia.&nbsp;<\/div>\n<ul>\n<li>Da\u00f1o del coraz\u00f3n, incluyendo la inflamaci\u00f3n (miocarditis) o insuficiencia card\u00edaca congestiva.<\/li>\n<li>Da\u00f1o renal.<\/li>\n<li>Da\u00f1o en los nervios.<\/li>\n<\/ul>\n<h3 style=\"text-align: justify;\">\n\u00bfC\u00f3mo se diagnostica la difteria?<\/h3>\n<div>\n<\/div>\n<p>El diagn\u00f3stico preliminar de la difteria se hace generalmente con la historia del paciente, el examen f\u00edsico y por la presencia de la pseudomembrana en la garganta.<\/p>\n<div style=\"text-align: justify;\">\nLa confirmaci\u00f3n se basa en el aislamiento del microorganismo a partir de muestras de frotis tomadas de la garganta.<\/div>\n<div style=\"text-align: justify;\">\n<\/div>\n<h3>\n\u00bfC\u00f3mo se trata la difteria?<\/h3>\n<div style=\"text-align: justify;\">\n<br \/>\nComo la difteria puede ser letal, si existen sospechas de la enfermedad, el tratamiento debe comenzarse lo antes posible, incluso antes de tener los resultados de los cultivos.&nbsp;<\/div>\n<p>\nEl tratamiento puede incluir:<\/p>\n<ul>\n<li>Hospitalizaci\u00f3n y aislamiento para prevenir la propagaci\u00f3n de la infecci\u00f3n&nbsp;<\/li>\n<li>Antibi\u00f3ticos principalmente eritromicina.<\/li>\n<li>Antitoxina dift\u00e9rica.&nbsp;<\/li>\n<li>Otros medicamentos para reducir el riesgo de reacciones adversas a la vacuna como son los corticosteroides, adrenalina o antihistam\u00ednicos.<\/li>\n<\/ul>\n<div>\n<\/div>\n<h3>\n\u00bfC\u00f3mo se puede prevenir la difteria?<\/h3>\n<p>\nLa mejor forma de prevenir la difteria es la <b>inmunizaci\u00f3n<\/b>.<\/p>\n<div style=\"text-align: justify;\">\nLa vacuna contra la difteria es una vacuna combinada que contiene tambi\u00e9n vacunas contra otras enfermedades graves y potencialmente mortales.&nbsp;<\/div>\n<div style=\"text-align: justify;\">\n<\/div>\n<div style=\"text-align: justify;\">\nLa vacuna es eficaz y segura, sin embargo como todos los medicamentos pueden tener efectos secundarios no deseados. Los efectos secundarios de la vacuna contra la difteria son poco frecuentes y generalmente leves, y pueden incluir fiebre, cansancio, irritabilidad, dolor de cabeza y dolor y enrojecimiento en el lugar de la inyecci\u00f3n.&nbsp;<\/div>\n<div style=\"text-align: justify;\">\n<\/div>\n<div style=\"text-align: justify;\">\n<\/div>\n<div style=\"text-align: justify;\">\n<\/div>\n<p><b>Seguir leyendo:&nbsp;<\/b><\/p>\n<ul>\n<li><a href=\"http:\/\/salud-ninos.euroresidentes.com\/2012\/10\/dolor-de-garganta-en-ninos.html\" target=\"_blank\">Dolor de garganta en ni\u00f1os<\/a><\/li>\n<li><a href=\"http:\/\/salud-ninos.euroresidentes.com\/2013\/10\/importancia-de-las-vacunas.html\" target=\"_blank\">Importancia de las vacunas<\/a><\/li>\n<li><a href=\"http:\/\/salud-ninos.euroresidentes.com\/2012\/01\/el-sarampion.html\" target=\"_blank\">Sarampi\u00f3n en ni\u00f1os<\/a><\/li>\n<\/ul>\n","protected":false},"excerpt":{"rendered":"<p>La difteria es una enfermedad poco frecuente en la mayor\u00eda de los pa\u00edses desarrollados, debido al uso generalizado de la vacuna contra la difteria. La difteria es una enfermedad bacteriana contagiosa grave que causa inflamaci\u00f3n severa de la nariz, garganta y tr\u00e1quea.&nbsp; \u00bfQu\u00e9 causa la difteria? La difteria es causada por la bacteria Corynebacterium diphtheriae. &nbsp;Centers for Disease Control and Prevention&#8217;s Public Health&nbsp; Las bacterias invaden f\u00e1cilmente el tejido que recubre la garganta, y producen exotoxinas que destruyen el tejido y conducen al desarrollo de una pseudomembrana. La exotoxina producida por la bacteria es un componente importante en la causa <\/p>\n","protected":false},"author":2,"featured_media":2315,"comment_status":"open","ping_status":"open","sticky":false,"template":"","format":"standard","meta":{"footnotes":""},"categories":[1],"tags":[],"class_list":["post-1844","post","type-post","status-publish","format-standard","has-post-thumbnail","hentry","category-general","has_thumb"],"yoast_head":"<!-- This site is optimized with the Yoast SEO plugin v26.8 - https:\/\/yoast.com\/product\/yoast-seo-wordpress\/ -->\n<title>\u00bfQu\u00e9 sabes sobre la difteria? - Salud hoy<\/title>\n<meta name=\"robots\" content=\"index, follow, max-snippet:-1, max-image-preview:large, max-video-preview:-1\" \/>\n<link rel=\"canonical\" href=\"https:\/\/www.euroresidentes.com\/salud\/salud-hoy\/que-sabes-sobre-la-difteria\/\" \/>\n<meta property=\"og:locale\" content=\"es_ES\" \/>\n<meta property=\"og:type\" content=\"article\" \/>\n<meta property=\"og:title\" content=\"\u00bfQu\u00e9 sabes sobre la difteria? - Salud hoy\" \/>\n<meta property=\"og:description\" content=\"La difteria es una enfermedad poco frecuente en la mayor\u00eda de los pa\u00edses desarrollados, debido al uso generalizado de la vacuna contra la difteria. La difteria es una enfermedad bacteriana contagiosa grave que causa inflamaci\u00f3n severa de la nariz, garganta y tr\u00e1quea.&nbsp; \u00bfQu\u00e9 causa la difteria? La difteria es causada por la bacteria Corynebacterium diphtheriae. &nbsp;Centers for Disease Control and Prevention&#8217;s Public Health&nbsp; Las bacterias invaden f\u00e1cilmente el tejido que recubre la garganta, y producen exotoxinas que destruyen el tejido y conducen al desarrollo de una pseudomembrana. La exotoxina producida por la bacteria es un componente importante en la causa\" \/>\n<meta property=\"og:url\" content=\"https:\/\/www.euroresidentes.com\/salud\/salud-hoy\/que-sabes-sobre-la-difteria\/\" \/>\n<meta property=\"og:site_name\" content=\"Salud hoy\" \/>\n<meta property=\"article:publisher\" content=\"https:\/\/www.facebook.com\/Salud-Euroresidentes-399995783365932\/\" \/>\n<meta property=\"article:published_time\" content=\"2015-06-03T11:05:00+00:00\" \/>\n<meta property=\"article:modified_time\" content=\"2016-03-15T12:00:29+00:00\" \/>\n<meta property=\"og:image\" content=\"https:\/\/www.euroresidentes.com\/salud\/salud-hoy\/wp-content\/uploads\/sites\/9\/2015\/06\/que-sabes-de-la-difteria1.jpg\" \/>\n\t<meta property=\"og:image:width\" content=\"600\" \/>\n\t<meta property=\"og:image:height\" content=\"450\" \/>\n\t<meta property=\"og:image:type\" content=\"image\/jpeg\" \/>\n<meta name=\"author\" content=\"Raquel Pomares\" \/>\n<meta name=\"twitter:card\" content=\"summary_large_image\" \/>\n<meta name=\"twitter:label1\" content=\"Written by\" \/>\n\t<meta name=\"twitter:data1\" content=\"Raquel Pomares\" \/>\n\t<meta name=\"twitter:label2\" content=\"Est. reading time\" \/>\n\t<meta name=\"twitter:data2\" content=\"3 minutos\" \/>\n<script type=\"application\/ld+json\" class=\"yoast-schema-graph\">{\"@context\":\"https:\/\/schema.org\",\"@graph\":[{\"@type\":\"Article\",\"@id\":\"https:\/\/www.euroresidentes.com\/salud\/salud-hoy\/que-sabes-sobre-la-difteria\/#article\",\"isPartOf\":{\"@id\":\"https:\/\/www.euroresidentes.com\/salud\/salud-hoy\/que-sabes-sobre-la-difteria\/\"},\"author\":{\"name\":\"Raquel Pomares\",\"@id\":\"https:\/\/www.euroresidentes.com\/salud\/salud-hoy\/#\/schema\/person\/c0299534643677f2282b416ac1fe97f1\"},\"headline\":\"\u00bfQu\u00e9 sabes sobre la difteria?\",\"datePublished\":\"2015-06-03T11:05:00+00:00\",\"dateModified\":\"2016-03-15T12:00:29+00:00\",\"mainEntityOfPage\":{\"@id\":\"https:\/\/www.euroresidentes.com\/salud\/salud-hoy\/que-sabes-sobre-la-difteria\/\"},\"wordCount\":513,\"commentCount\":0,\"image\":{\"@id\":\"https:\/\/www.euroresidentes.com\/salud\/salud-hoy\/que-sabes-sobre-la-difteria\/#primaryimage\"},\"thumbnailUrl\":\"https:\/\/www.euroresidentes.com\/salud\/salud-hoy\/wp-content\/uploads\/sites\/9\/2015\/06\/que-sabes-de-la-difteria1.jpg\",\"articleSection\":[\"General\"],\"inLanguage\":\"es\",\"potentialAction\":[{\"@type\":\"CommentAction\",\"name\":\"Comment\",\"target\":[\"https:\/\/www.euroresidentes.com\/salud\/salud-hoy\/que-sabes-sobre-la-difteria\/#respond\"]}]},{\"@type\":\"WebPage\",\"@id\":\"https:\/\/www.euroresidentes.com\/salud\/salud-hoy\/que-sabes-sobre-la-difteria\/\",\"url\":\"https:\/\/www.euroresidentes.com\/salud\/salud-hoy\/que-sabes-sobre-la-difteria\/\",\"name\":\"\u00bfQu\u00e9 sabes sobre la difteria? - Salud hoy\",\"isPartOf\":{\"@id\":\"https:\/\/www.euroresidentes.com\/salud\/salud-hoy\/#website\"},\"primaryImageOfPage\":{\"@id\":\"https:\/\/www.euroresidentes.com\/salud\/salud-hoy\/que-sabes-sobre-la-difteria\/#primaryimage\"},\"image\":{\"@id\":\"https:\/\/www.euroresidentes.com\/salud\/salud-hoy\/que-sabes-sobre-la-difteria\/#primaryimage\"},\"thumbnailUrl\":\"https:\/\/www.euroresidentes.com\/salud\/salud-hoy\/wp-content\/uploads\/sites\/9\/2015\/06\/que-sabes-de-la-difteria1.jpg\",\"datePublished\":\"2015-06-03T11:05:00+00:00\",\"dateModified\":\"2016-03-15T12:00:29+00:00\",\"author\":{\"@id\":\"https:\/\/www.euroresidentes.com\/salud\/salud-hoy\/#\/schema\/person\/c0299534643677f2282b416ac1fe97f1\"},\"breadcrumb\":{\"@id\":\"https:\/\/www.euroresidentes.com\/salud\/salud-hoy\/que-sabes-sobre-la-difteria\/#breadcrumb\"},\"inLanguage\":\"es\",\"potentialAction\":[{\"@type\":\"ReadAction\",\"target\":[\"https:\/\/www.euroresidentes.com\/salud\/salud-hoy\/que-sabes-sobre-la-difteria\/\"]}]},{\"@type\":\"ImageObject\",\"inLanguage\":\"es\",\"@id\":\"https:\/\/www.euroresidentes.com\/salud\/salud-hoy\/que-sabes-sobre-la-difteria\/#primaryimage\",\"url\":\"https:\/\/www.euroresidentes.com\/salud\/salud-hoy\/wp-content\/uploads\/sites\/9\/2015\/06\/que-sabes-de-la-difteria1.jpg\",\"contentUrl\":\"https:\/\/www.euroresidentes.com\/salud\/salud-hoy\/wp-content\/uploads\/sites\/9\/2015\/06\/que-sabes-de-la-difteria1.jpg\",\"width\":600,\"height\":450},{\"@type\":\"BreadcrumbList\",\"@id\":\"https:\/\/www.euroresidentes.com\/salud\/salud-hoy\/que-sabes-sobre-la-difteria\/#breadcrumb\",\"itemListElement\":[{\"@type\":\"ListItem\",\"position\":1,\"name\":\"Portada\",\"item\":\"https:\/\/www.euroresidentes.com\/salud\/salud-hoy\/\"},{\"@type\":\"ListItem\",\"position\":2,\"name\":\"\u00bfQu\u00e9 sabes sobre la difteria?\"}]},{\"@type\":\"WebSite\",\"@id\":\"https:\/\/www.euroresidentes.com\/salud\/salud-hoy\/#website\",\"url\":\"https:\/\/www.euroresidentes.com\/salud\/salud-hoy\/\",\"name\":\"Salud hoy\",\"description\":\"Salud hoy Euroresidentes\",\"potentialAction\":[{\"@type\":\"SearchAction\",\"target\":{\"@type\":\"EntryPoint\",\"urlTemplate\":\"https:\/\/www.euroresidentes.com\/salud\/salud-hoy\/?s={search_term_string}\"},\"query-input\":{\"@type\":\"PropertyValueSpecification\",\"valueRequired\":true,\"valueName\":\"search_term_string\"}}],\"inLanguage\":\"es\"},{\"@type\":\"Person\",\"@id\":\"https:\/\/www.euroresidentes.com\/salud\/salud-hoy\/#\/schema\/person\/c0299534643677f2282b416ac1fe97f1\",\"name\":\"Raquel Pomares\",\"image\":{\"@type\":\"ImageObject\",\"inLanguage\":\"es\",\"@id\":\"https:\/\/www.euroresidentes.com\/salud\/salud-hoy\/#\/schema\/person\/image\/\",\"url\":\"https:\/\/www.euroresidentes.com\/salud\/salud-hoy\/wp-content\/uploads\/sites\/9\/2016\/09\/raquel-pomares-150x150.jpg\",\"contentUrl\":\"https:\/\/www.euroresidentes.com\/salud\/salud-hoy\/wp-content\/uploads\/sites\/9\/2016\/09\/raquel-pomares-150x150.jpg\",\"caption\":\"Raquel Pomares\"},\"description\":\"Raquel PomaresBi\u00f3loga, doctora y divulgadora cient\u00edfica especializada en temas de salud.\",\"sameAs\":[\"https:\/\/www.euroresidentes.com\/salud\/raquel-pomares.html\"],\"url\":\"https:\/\/www.euroresidentes.com\/salud\/salud-hoy\/author\/raquel\/\"}]}<\/script>\n<!-- \/ Yoast SEO plugin. -->","yoast_head_json":{"title":"\u00bfQu\u00e9 sabes sobre la difteria? - Salud hoy","robots":{"index":"index","follow":"follow","max-snippet":"max-snippet:-1","max-image-preview":"max-image-preview:large","max-video-preview":"max-video-preview:-1"},"canonical":"https:\/\/www.euroresidentes.com\/salud\/salud-hoy\/que-sabes-sobre-la-difteria\/","og_locale":"es_ES","og_type":"article","og_title":"\u00bfQu\u00e9 sabes sobre la difteria? - Salud hoy","og_description":"La difteria es una enfermedad poco frecuente en la mayor\u00eda de los pa\u00edses desarrollados, debido al uso generalizado de la vacuna contra la difteria. La difteria es una enfermedad bacteriana contagiosa grave que causa inflamaci\u00f3n severa de la nariz, garganta y tr\u00e1quea.&nbsp; \u00bfQu\u00e9 causa la difteria? La difteria es causada por la bacteria Corynebacterium diphtheriae. &nbsp;Centers for Disease Control and Prevention&#8217;s Public Health&nbsp; Las bacterias invaden f\u00e1cilmente el tejido que recubre la garganta, y producen exotoxinas que destruyen el tejido y conducen al desarrollo de una pseudomembrana. La exotoxina producida por la bacteria es un componente importante en la causa","og_url":"https:\/\/www.euroresidentes.com\/salud\/salud-hoy\/que-sabes-sobre-la-difteria\/","og_site_name":"Salud hoy","article_publisher":"https:\/\/www.facebook.com\/Salud-Euroresidentes-399995783365932\/","article_published_time":"2015-06-03T11:05:00+00:00","article_modified_time":"2016-03-15T12:00:29+00:00","og_image":[{"width":600,"height":450,"url":"https:\/\/www.euroresidentes.com\/salud\/salud-hoy\/wp-content\/uploads\/sites\/9\/2015\/06\/que-sabes-de-la-difteria1.jpg","type":"image\/jpeg"}],"author":"Raquel Pomares","twitter_card":"summary_large_image","twitter_misc":{"Written by":"Raquel Pomares","Est. reading time":"3 minutos"},"schema":{"@context":"https:\/\/schema.org","@graph":[{"@type":"Article","@id":"https:\/\/www.euroresidentes.com\/salud\/salud-hoy\/que-sabes-sobre-la-difteria\/#article","isPartOf":{"@id":"https:\/\/www.euroresidentes.com\/salud\/salud-hoy\/que-sabes-sobre-la-difteria\/"},"author":{"name":"Raquel Pomares","@id":"https:\/\/www.euroresidentes.com\/salud\/salud-hoy\/#\/schema\/person\/c0299534643677f2282b416ac1fe97f1"},"headline":"\u00bfQu\u00e9 sabes sobre la difteria?","datePublished":"2015-06-03T11:05:00+00:00","dateModified":"2016-03-15T12:00:29+00:00","mainEntityOfPage":{"@id":"https:\/\/www.euroresidentes.com\/salud\/salud-hoy\/que-sabes-sobre-la-difteria\/"},"wordCount":513,"commentCount":0,"image":{"@id":"https:\/\/www.euroresidentes.com\/salud\/salud-hoy\/que-sabes-sobre-la-difteria\/#primaryimage"},"thumbnailUrl":"https:\/\/www.euroresidentes.com\/salud\/salud-hoy\/wp-content\/uploads\/sites\/9\/2015\/06\/que-sabes-de-la-difteria1.jpg","articleSection":["General"],"inLanguage":"es","potentialAction":[{"@type":"CommentAction","name":"Comment","target":["https:\/\/www.euroresidentes.com\/salud\/salud-hoy\/que-sabes-sobre-la-difteria\/#respond"]}]},{"@type":"WebPage","@id":"https:\/\/www.euroresidentes.com\/salud\/salud-hoy\/que-sabes-sobre-la-difteria\/","url":"https:\/\/www.euroresidentes.com\/salud\/salud-hoy\/que-sabes-sobre-la-difteria\/","name":"\u00bfQu\u00e9 sabes sobre la difteria? - Salud hoy","isPartOf":{"@id":"https:\/\/www.euroresidentes.com\/salud\/salud-hoy\/#website"},"primaryImageOfPage":{"@id":"https:\/\/www.euroresidentes.com\/salud\/salud-hoy\/que-sabes-sobre-la-difteria\/#primaryimage"},"image":{"@id":"https:\/\/www.euroresidentes.com\/salud\/salud-hoy\/que-sabes-sobre-la-difteria\/#primaryimage"},"thumbnailUrl":"https:\/\/www.euroresidentes.com\/salud\/salud-hoy\/wp-content\/uploads\/sites\/9\/2015\/06\/que-sabes-de-la-difteria1.jpg","datePublished":"2015-06-03T11:05:00+00:00","dateModified":"2016-03-15T12:00:29+00:00","author":{"@id":"https:\/\/www.euroresidentes.com\/salud\/salud-hoy\/#\/schema\/person\/c0299534643677f2282b416ac1fe97f1"},"breadcrumb":{"@id":"https:\/\/www.euroresidentes.com\/salud\/salud-hoy\/que-sabes-sobre-la-difteria\/#breadcrumb"},"inLanguage":"es","potentialAction":[{"@type":"ReadAction","target":["https:\/\/www.euroresidentes.com\/salud\/salud-hoy\/que-sabes-sobre-la-difteria\/"]}]},{"@type":"ImageObject","inLanguage":"es","@id":"https:\/\/www.euroresidentes.com\/salud\/salud-hoy\/que-sabes-sobre-la-difteria\/#primaryimage","url":"https:\/\/www.euroresidentes.com\/salud\/salud-hoy\/wp-content\/uploads\/sites\/9\/2015\/06\/que-sabes-de-la-difteria1.jpg","contentUrl":"https:\/\/www.euroresidentes.com\/salud\/salud-hoy\/wp-content\/uploads\/sites\/9\/2015\/06\/que-sabes-de-la-difteria1.jpg","width":600,"height":450},{"@type":"BreadcrumbList","@id":"https:\/\/www.euroresidentes.com\/salud\/salud-hoy\/que-sabes-sobre-la-difteria\/#breadcrumb","itemListElement":[{"@type":"ListItem","position":1,"name":"Portada","item":"https:\/\/www.euroresidentes.com\/salud\/salud-hoy\/"},{"@type":"ListItem","position":2,"name":"\u00bfQu\u00e9 sabes sobre la difteria?"}]},{"@type":"WebSite","@id":"https:\/\/www.euroresidentes.com\/salud\/salud-hoy\/#website","url":"https:\/\/www.euroresidentes.com\/salud\/salud-hoy\/","name":"Salud hoy","description":"Salud hoy Euroresidentes","potentialAction":[{"@type":"SearchAction","target":{"@type":"EntryPoint","urlTemplate":"https:\/\/www.euroresidentes.com\/salud\/salud-hoy\/?s={search_term_string}"},"query-input":{"@type":"PropertyValueSpecification","valueRequired":true,"valueName":"search_term_string"}}],"inLanguage":"es"},{"@type":"Person","@id":"https:\/\/www.euroresidentes.com\/salud\/salud-hoy\/#\/schema\/person\/c0299534643677f2282b416ac1fe97f1","name":"Raquel Pomares","image":{"@type":"ImageObject","inLanguage":"es","@id":"https:\/\/www.euroresidentes.com\/salud\/salud-hoy\/#\/schema\/person\/image\/","url":"https:\/\/www.euroresidentes.com\/salud\/salud-hoy\/wp-content\/uploads\/sites\/9\/2016\/09\/raquel-pomares-150x150.jpg","contentUrl":"https:\/\/www.euroresidentes.com\/salud\/salud-hoy\/wp-content\/uploads\/sites\/9\/2016\/09\/raquel-pomares-150x150.jpg","caption":"Raquel Pomares"},"description":"Raquel PomaresBi\u00f3loga, doctora y divulgadora cient\u00edfica especializada en temas de salud.","sameAs":["https:\/\/www.euroresidentes.com\/salud\/raquel-pomares.html"],"url":"https:\/\/www.euroresidentes.com\/salud\/salud-hoy\/author\/raquel\/"}]}},"_links":{"self":[{"href":"https:\/\/www.euroresidentes.com\/salud\/salud-hoy\/wp-json\/wp\/v2\/posts\/1844","targetHints":{"allow":["GET"]}}],"collection":[{"href":"https:\/\/www.euroresidentes.com\/salud\/salud-hoy\/wp-json\/wp\/v2\/posts"}],"about":[{"href":"https:\/\/www.euroresidentes.com\/salud\/salud-hoy\/wp-json\/wp\/v2\/types\/post"}],"author":[{"embeddable":true,"href":"https:\/\/www.euroresidentes.com\/salud\/salud-hoy\/wp-json\/wp\/v2\/users\/2"}],"replies":[{"embeddable":true,"href":"https:\/\/www.euroresidentes.com\/salud\/salud-hoy\/wp-json\/wp\/v2\/comments?post=1844"}],"version-history":[{"count":1,"href":"https:\/\/www.euroresidentes.com\/salud\/salud-hoy\/wp-json\/wp\/v2\/posts\/1844\/revisions"}],"predecessor-version":[{"id":2317,"href":"https:\/\/www.euroresidentes.com\/salud\/salud-hoy\/wp-json\/wp\/v2\/posts\/1844\/revisions\/2317"}],"wp:featuredmedia":[{"embeddable":true,"href":"https:\/\/www.euroresidentes.com\/salud\/salud-hoy\/wp-json\/wp\/v2\/media\/2315"}],"wp:attachment":[{"href":"https:\/\/www.euroresidentes.com\/salud\/salud-hoy\/wp-json\/wp\/v2\/media?parent=1844"}],"wp:term":[{"taxonomy":"category","embeddable":true,"href":"https:\/\/www.euroresidentes.com\/salud\/salud-hoy\/wp-json\/wp\/v2\/categories?post=1844"},{"taxonomy":"post_tag","embeddable":true,"href":"https:\/\/www.euroresidentes.com\/salud\/salud-hoy\/wp-json\/wp\/v2\/tags?post=1844"}],"curies":[{"name":"wp","href":"https:\/\/api.w.org\/{rel}","templated":true}]}}