 

{"id":339,"date":"2025-03-13T11:09:26","date_gmt":"2025-03-13T10:09:26","guid":{"rendered":"https:\/\/www.euroresidentes.com\/salud\/conviviendo-alzheimer\/?p=339"},"modified":"2025-03-13T11:10:00","modified_gmt":"2025-03-13T10:10:00","slug":"alzheimer-colesterol-genetica-dieta","status":"publish","type":"post","link":"https:\/\/www.euroresidentes.com\/salud\/conviviendo-alzheimer\/alzheimer-colesterol-genetica-dieta\/","title":{"rendered":"Alzheimer, colesterol y gen\u00e9tica: \u00bfDestino biol\u00f3gico o consecuencia del estilo de vida?"},"content":{"rendered":"<h2><a href=\"https:\/\/www.euroresidentes.com\/salud\/conviviendo-alzheimer\/wp-content\/uploads\/sites\/2\/2025\/03\/alzheimer-persona-mayor.jpg\"><img loading=\"lazy\" decoding=\"async\" class=\"aligncenter size-full wp-image-340\" src=\"https:\/\/www.euroresidentes.com\/salud\/conviviendo-alzheimer\/wp-content\/uploads\/sites\/2\/2025\/03\/alzheimer-persona-mayor.jpg\" alt=\"\" width=\"1920\" height=\"1080\" srcset=\"https:\/\/www.euroresidentes.com\/salud\/conviviendo-alzheimer\/wp-content\/uploads\/sites\/2\/2025\/03\/alzheimer-persona-mayor.jpg 1920w, https:\/\/www.euroresidentes.com\/salud\/conviviendo-alzheimer\/wp-content\/uploads\/sites\/2\/2025\/03\/alzheimer-persona-mayor-300x169.jpg 300w, https:\/\/www.euroresidentes.com\/salud\/conviviendo-alzheimer\/wp-content\/uploads\/sites\/2\/2025\/03\/alzheimer-persona-mayor-1024x576.jpg 1024w, https:\/\/www.euroresidentes.com\/salud\/conviviendo-alzheimer\/wp-content\/uploads\/sites\/2\/2025\/03\/alzheimer-persona-mayor-768x432.jpg 768w, https:\/\/www.euroresidentes.com\/salud\/conviviendo-alzheimer\/wp-content\/uploads\/sites\/2\/2025\/03\/alzheimer-persona-mayor-1536x864.jpg 1536w, https:\/\/www.euroresidentes.com\/salud\/conviviendo-alzheimer\/wp-content\/uploads\/sites\/2\/2025\/03\/alzheimer-persona-mayor-528x297.jpg 528w\" sizes=\"auto, (max-width: 1920px) 100vw, 1920px\" \/><\/a><\/h2>\n<h2>Introducci\u00f3n: El enigma del Alzheimer<\/h2>\n<p>El Alzheimer es una de las enfermedades neurodegenerativas m\u00e1s devastadoras y de mayor crecimiento en el mundo. Mientras que hace algunas d\u00e9cadas su incidencia era relativamente baja, hoy en d\u00eda se ha convertido en una de las principales causas de muerte en las sociedades occidentales. Esto plantea una pregunta fundamental: \u00bfes el Alzheimer un destino marcado por la gen\u00e9tica o el resultado de factores ambientales y de estilo de vida?<\/p>\n<p>En este art\u00edculo, analizaremos el papel del <strong>colesterol en la funci\u00f3n cerebral<\/strong>, la <strong>influencia de la gen\u00e9tica en el Alzheimer<\/strong> y c\u00f3mo factores externos como la <strong>alimentaci\u00f3n y la inflamaci\u00f3n cr\u00f3nica<\/strong> pueden estar desempe\u00f1ando un papel clave en el desarrollo de la enfermedad.<\/p>\n<div>\n<hr \/>\n<\/div>\n<h2>El papel del colesterol en el cerebro<\/h2>\n<h3>\u00bfEs el colesterol un enemigo o un aliado?<\/h3>\n<p>El colesterol ha sido demonizado durante d\u00e9cadas debido a su relaci\u00f3n con las enfermedades cardiovasculares. Sin embargo, cuando hablamos del cerebro, la historia es muy diferente. Aproximadamente <strong>el 25% del colesterol total del cuerpo se encuentra en el cerebro<\/strong>, donde cumple funciones esenciales:<\/p>\n<ul data-spread=\"false\">\n<li>\n<p><strong>Componente clave de la mielina<\/strong>, la sustancia que recubre las neuronas y facilita la transmisi\u00f3n de los impulsos nerviosos.<\/p>\n<\/li>\n<li>\n<p><strong>Fundamental para la formaci\u00f3n de membranas celulares neuronales<\/strong>.<\/p>\n<\/li>\n<li>\n<p><strong>Esencial en la producci\u00f3n de neurotransmisores y en la sinapsis neuronal<\/strong>.<\/p>\n<\/li>\n<\/ul>\n<h3>\u00bfLas dietas bajas en colesterol afectan la salud neuronal?<\/h3>\n<p>Desde los a\u00f1os 70, se ha promovido el consumo de dietas bajas en grasas y colesterol, lo que ha llevado a una sustituci\u00f3n de grasas animales por aceites vegetales refinados y productos ultraprocesados. Algunos estudios sugieren que esta transici\u00f3n diet\u00e9tica podr\u00eda haber tenido un impacto negativo en la salud cerebral:<\/p>\n<ul data-spread=\"false\">\n<li>\n<p><strong>Las estatinas<\/strong>, medicamentos dise\u00f1ados para reducir el colesterol, han sido asociadas en algunos estudios con un mayor riesgo de deterioro cognitivo.<\/p>\n<\/li>\n<li>\n<p>Una ingesta insuficiente de colesterol podr\u00eda afectar la regeneraci\u00f3n de la mielina y la comunicaci\u00f3n neuronal.<\/p>\n<\/li>\n<li>\n<p>La eliminaci\u00f3n excesiva de grasas saturadas de la dieta podr\u00eda haber promovido el aumento del consumo de carbohidratos refinados, un factor de riesgo conocido para la resistencia a la insulina y el Alzheimer.<\/p>\n<\/li>\n<\/ul>\n<div>\n<hr \/>\n<\/div>\n<h2>Gen\u00e9tica vs. Ambiente: \u00bfCu\u00e1l influye m\u00e1s?<\/h2>\n<p>La respuesta corta es: <strong>ambos influyen, pero no por igual en todas las personas<\/strong>.<\/p>\n<p>\ud83d\udccc <strong>Casos de Alzheimer hereditario (muy raros, &lt;1%)<\/strong><\/p>\n<ul data-spread=\"false\">\n<li>\n<p>En estos casos, las mutaciones en <strong>PSEN1, PSEN2 o APP<\/strong> pr\u00e1cticamente garantizan que la persona tendr\u00e1 Alzheimer temprano, generalmente antes de los 60 a\u00f1os.<\/p>\n<\/li>\n<li>\n<p>Aqu\u00ed la <strong>gen\u00e9tica es el factor determinante<\/strong> y poco puede hacer el estilo de vida.<\/p>\n<\/li>\n<\/ul>\n<p>\ud83d\udccc <strong>Casos de Alzheimer espor\u00e1dico (el 99% de los casos)<\/strong><\/p>\n<ul data-spread=\"false\">\n<li>\n<p>Es aqu\u00ed donde entran genes como <strong>APOE \u03b54<\/strong>, pero su influencia no es absoluta.<\/p>\n<\/li>\n<li>\n<p>Muchas personas con este gen <strong>nunca<\/strong> desarrollan la enfermedad, y muchas personas sin \u00e9l <strong>s\u00ed<\/strong> lo hacen.<\/p>\n<\/li>\n<li>\n<p>Esto sugiere que factores externos como <strong>la dieta, el ejercicio, la inflamaci\u00f3n, la exposici\u00f3n a toxinas y el estr\u00e9s cr\u00f3nico<\/strong> pueden ser los verdaderos desencadenantes.<\/p>\n<\/li>\n<\/ul>\n<p><a href=\"https:\/\/www.euroresidentes.com\/salud\/conviviendo-alzheimer\/wp-content\/uploads\/sites\/2\/2025\/03\/alzheimer-edad.jpg\"><img loading=\"lazy\" decoding=\"async\" class=\"aligncenter size-full wp-image-341\" src=\"https:\/\/www.euroresidentes.com\/salud\/conviviendo-alzheimer\/wp-content\/uploads\/sites\/2\/2025\/03\/alzheimer-edad.jpg\" alt=\"\" width=\"1920\" height=\"1080\" srcset=\"https:\/\/www.euroresidentes.com\/salud\/conviviendo-alzheimer\/wp-content\/uploads\/sites\/2\/2025\/03\/alzheimer-edad.jpg 1920w, https:\/\/www.euroresidentes.com\/salud\/conviviendo-alzheimer\/wp-content\/uploads\/sites\/2\/2025\/03\/alzheimer-edad-300x169.jpg 300w, https:\/\/www.euroresidentes.com\/salud\/conviviendo-alzheimer\/wp-content\/uploads\/sites\/2\/2025\/03\/alzheimer-edad-1024x576.jpg 1024w, https:\/\/www.euroresidentes.com\/salud\/conviviendo-alzheimer\/wp-content\/uploads\/sites\/2\/2025\/03\/alzheimer-edad-768x432.jpg 768w, https:\/\/www.euroresidentes.com\/salud\/conviviendo-alzheimer\/wp-content\/uploads\/sites\/2\/2025\/03\/alzheimer-edad-1536x864.jpg 1536w, https:\/\/www.euroresidentes.com\/salud\/conviviendo-alzheimer\/wp-content\/uploads\/sites\/2\/2025\/03\/alzheimer-edad-528x297.jpg 528w\" sizes=\"auto, (max-width: 1920px) 100vw, 1920px\" \/><\/a><\/p>\n<div>\n<hr \/>\n<\/div>\n<h2>El Alzheimer y la gen\u00e9tica: \u00bfPredestinados o influenciables?<\/h2>\n<h3>Genes asociados al Alzheimer<\/h3>\n<p>La idea de que el Alzheimer es una enfermedad <strong>puramente gen\u00e9tica<\/strong> es un concepto err\u00f3neo. Si bien existen genes que pueden aumentar el riesgo, no son una sentencia definitiva. Los genes m\u00e1s estudiados son:<\/p>\n<ul data-spread=\"false\">\n<li>\n<p><strong>APOE \u03b54:<\/strong> La variante de este gen m\u00e1s asociada con el Alzheimer. Tener una copia de <strong>APOE \u03b54<\/strong> multiplica el riesgo de padecerlo por <strong>tres<\/strong>; tener dos copias lo multiplica hasta por <strong>doce<\/strong>.<\/p>\n<\/li>\n<li>\n<p><strong>PSEN1, PSEN2 y APP:<\/strong> Asociados con el Alzheimer de inicio temprano, aunque son casos raros (menos del <strong>1%<\/strong> de los casos totales).<\/p>\n<\/li>\n<li>\n<p>Otros genes, como <strong>CLU, CR1, PICALM y TREM2<\/strong>, tambi\u00e9n han sido vinculados con la enfermedad, pero su impacto es menor.<\/p>\n<\/li>\n<\/ul>\n<h3>El factor de la dieta: \u00bfM\u00e1s importante que los genes?<\/h3>\n<p>La idea de que el Alzheimer podr\u00eda estar m\u00e1s relacionado con la <strong>dieta heredada<\/strong> que con la <strong>gen\u00e9tica pura<\/strong> tiene mucho sentido, y hay evidencia que lo respalda.<\/p>\n<p>\ud83d\udd0d <strong>Estudios interesantes:<\/strong><\/p>\n<ul data-spread=\"false\">\n<li>\n<p><strong>Los casos de Alzheimer han aumentado dr\u00e1sticamente en el \u00faltimo siglo, especialmente en sociedades occidentales.<\/strong> Los genes no cambian tan r\u00e1pido, pero <strong>la alimentaci\u00f3n s\u00ed<\/strong>.<\/p>\n<\/li>\n<li>\n<p><strong>Comunidades con dietas tradicionales bajas en procesados, ricas en grasas saludables y antioxidantes<\/strong> (Mediterr\u00e1neo, Okinawa, Blue Zones) tienen tasas de Alzheimer mucho m\u00e1s bajas.<\/p>\n<\/li>\n<li>\n<p><strong>Algunos estudios en gemelos id\u00e9nticos han mostrado que el que lleva una vida m\u00e1s saludable tiene menos riesgo de Alzheimer, a pesar de compartir los mismos genes.<\/strong><\/p>\n<\/li>\n<\/ul>\n<div>\n<hr \/>\n<\/div>\n<h2>Dieta, inflamaci\u00f3n y Alzheimer: La hip\u00f3tesis ambiental<\/h2>\n<p>Los estudios han demostrado que factores externos pueden influir en el riesgo de Alzheimer m\u00e1s que la propia gen\u00e9tica. Algunos puntos clave:<\/p>\n<ul data-spread=\"false\">\n<li>\n<p><strong>Exceso de az\u00facares y carbohidratos refinados:<\/strong> Se ha relacionado la resistencia a la insulina con el Alzheimer, al punto que algunos investigadores lo llaman \u00abdiabetes tipo 3\u00bb.<\/p>\n<\/li>\n<li>\n<p><strong>Deficiencia de \u00e1cidos grasos esenciales (Omega-3, colesterol bueno):<\/strong> El cerebro necesita grasas saludables para su funci\u00f3n.<\/p>\n<\/li>\n<li>\n<p><strong>Consumo elevado de aceites vegetales refinados:<\/strong> Contienen \u00e1cidos grasos inflamatorios que podr\u00edan estar contribuyendo a enfermedades neurodegenerativas.<\/p>\n<\/li>\n<li>\n<p><strong>Dieta mediterr\u00e1nea y estilo de vida activo:<\/strong> Se ha demostrado que protegen contra el deterioro cognitivo.<\/p>\n<\/li>\n<\/ul>\n<div>\n<hr \/>\n<\/div>\n<h2>Conclusi\u00f3n: \u00bfEs posible prevenir el Alzheimer?<\/h2>\n<p>Si bien la gen\u00e9tica juega un papel en el Alzheimer, <strong>el estilo de vida y la dieta son factores clave que pueden influir en su desarrollo o prevenci\u00f3n<\/strong>. Enfocarse en una alimentaci\u00f3n rica en grasas saludables, baja en az\u00facares refinados y con actividad f\u00edsica y mental adecuada puede ser una estrategia efectiva para reducir el riesgo.<\/p>\n<h3>\ud83d\udd0d Preguntas Frecuentes (FAQs)<\/h3>\n<h4>\u00bfEl colesterol alto causa Alzheimer?<\/h4>\n<p>No hay evidencia clara de que el colesterol alto sea una causa directa del Alzheimer. De hecho, el colesterol es fundamental para la salud cerebral.<\/p>\n<h4>\u00bfSi tengo el gen APOE \u03b54, desarrollar\u00e9 Alzheimer?<\/h4>\n<p>No necesariamente. Tener este gen solo aumenta el riesgo, pero el estilo de vida y la dieta pueden influir en si la enfermedad se desarrolla o no.<\/p>\n<h4>\u00bfLas estatinas pueden aumentar el riesgo de Alzheimer?<\/h4>\n<p>Algunos estudios han sugerido una relaci\u00f3n, pero no es concluyente. En algunos casos pueden ayudar a reducir el riesgo cardiovascular, pero en otros podr\u00edan afectar la funci\u00f3n cerebral.<\/p>\n<h4>\u00bfLa dieta mediterr\u00e1nea realmente ayuda a prevenir el Alzheimer?<\/h4>\n<p>S\u00ed. Numerosos estudios han demostrado que una dieta rica en antioxidantes, grasas saludables y baja en ultraprocesados est\u00e1 asociada con menor riesgo de Alzheimer.<\/p>\n","protected":false},"excerpt":{"rendered":"<p>Introducci\u00f3n: El enigma del Alzheimer El Alzheimer es una de las enfermedades neurodegenerativas m\u00e1s devastadoras y de mayor crecimiento en el mundo. Mientras que hace algunas d\u00e9cadas su incidencia era relativamente baja, hoy en d\u00eda se ha convertido en una de las principales causas de muerte en las sociedades occidentales. Esto plantea una pregunta fundamental: \u00bfes el Alzheimer un destino marcado por la gen\u00e9tica o el resultado de factores ambientales y de estilo de vida? En este art\u00edculo, analizaremos el papel del colesterol en la funci\u00f3n cerebral, la influencia de la gen\u00e9tica en el Alzheimer y c\u00f3mo factores externos como <\/p>\n","protected":false},"author":1,"featured_media":340,"comment_status":"open","ping_status":"closed","sticky":false,"template":"","format":"standard","meta":{"footnotes":""},"categories":[1],"tags":[],"class_list":["post-339","post","type-post","status-publish","format-standard","has-post-thumbnail","hentry","category-general","has_thumb"],"yoast_head":"<!-- This site is optimized with the Yoast SEO plugin v26.8 - https:\/\/yoast.com\/product\/yoast-seo-wordpress\/ -->\n<title>Alzheimer y Colesterol: \u00bfGen\u00e9tica o Dieta? Descubre la Relaci\u00f3n<\/title>\n<meta name=\"description\" content=\"El Alzheimer ha aumentado en las \u00faltimas d\u00e9cadas, pero \u00bfes solo gen\u00e9tica? Exploramos la conexi\u00f3n entre colesterol, dieta y factores ambientales en su desarrollo.\" \/>\n<meta name=\"robots\" content=\"index, follow, max-snippet:-1, max-image-preview:large, max-video-preview:-1\" \/>\n<link rel=\"canonical\" href=\"https:\/\/www.euroresidentes.com\/salud\/conviviendo-alzheimer\/alzheimer-colesterol-genetica-dieta\/\" \/>\n<meta property=\"og:locale\" content=\"es_ES\" \/>\n<meta property=\"og:type\" content=\"article\" \/>\n<meta property=\"og:title\" content=\"Alzheimer y Colesterol: \u00bfGen\u00e9tica o Dieta? Descubre la Relaci\u00f3n\" \/>\n<meta property=\"og:description\" content=\"El Alzheimer ha aumentado en las \u00faltimas d\u00e9cadas, pero \u00bfes solo gen\u00e9tica? Exploramos la conexi\u00f3n entre colesterol, dieta y factores ambientales en su desarrollo.\" \/>\n<meta property=\"og:url\" content=\"https:\/\/www.euroresidentes.com\/salud\/conviviendo-alzheimer\/alzheimer-colesterol-genetica-dieta\/\" \/>\n<meta property=\"og:site_name\" content=\"Alzheimer\" \/>\n<meta property=\"article:published_time\" content=\"2025-03-13T10:09:26+00:00\" \/>\n<meta property=\"article:modified_time\" content=\"2025-03-13T10:10:00+00:00\" \/>\n<meta property=\"og:image\" content=\"https:\/\/www.euroresidentes.com\/salud\/conviviendo-alzheimer\/wp-content\/uploads\/sites\/2\/2025\/03\/alzheimer-persona-mayor.jpg\" \/>\n\t<meta property=\"og:image:width\" content=\"1920\" \/>\n\t<meta property=\"og:image:height\" content=\"1080\" \/>\n\t<meta property=\"og:image:type\" content=\"image\/jpeg\" \/>\n<meta name=\"author\" content=\"Euroresidentes\" \/>\n<meta name=\"twitter:card\" content=\"summary_large_image\" \/>\n<meta name=\"twitter:label1\" content=\"Written by\" \/>\n\t<meta name=\"twitter:data1\" content=\"Euroresidentes\" \/>\n\t<meta name=\"twitter:label2\" content=\"Est. reading time\" \/>\n\t<meta name=\"twitter:data2\" content=\"6 minutos\" \/>\n<script type=\"application\/ld+json\" class=\"yoast-schema-graph\">{\"@context\":\"https:\/\/schema.org\",\"@graph\":[{\"@type\":\"Article\",\"@id\":\"https:\/\/www.euroresidentes.com\/salud\/conviviendo-alzheimer\/alzheimer-colesterol-genetica-dieta\/#article\",\"isPartOf\":{\"@id\":\"https:\/\/www.euroresidentes.com\/salud\/conviviendo-alzheimer\/alzheimer-colesterol-genetica-dieta\/\"},\"author\":{\"name\":\"Euroresidentes\",\"@id\":\"https:\/\/www.euroresidentes.com\/salud\/conviviendo-alzheimer\/#\/schema\/person\/f236522eefcf0166d4823a62ea99972b\"},\"headline\":\"Alzheimer, colesterol y gen\u00e9tica: \u00bfDestino biol\u00f3gico o consecuencia del estilo de vida?\",\"datePublished\":\"2025-03-13T10:09:26+00:00\",\"dateModified\":\"2025-03-13T10:10:00+00:00\",\"mainEntityOfPage\":{\"@id\":\"https:\/\/www.euroresidentes.com\/salud\/conviviendo-alzheimer\/alzheimer-colesterol-genetica-dieta\/\"},\"wordCount\":1094,\"commentCount\":0,\"image\":{\"@id\":\"https:\/\/www.euroresidentes.com\/salud\/conviviendo-alzheimer\/alzheimer-colesterol-genetica-dieta\/#primaryimage\"},\"thumbnailUrl\":\"https:\/\/www.euroresidentes.com\/salud\/conviviendo-alzheimer\/wp-content\/uploads\/sites\/2\/2025\/03\/alzheimer-persona-mayor.jpg\",\"articleSection\":[\"General\"],\"inLanguage\":\"es\",\"potentialAction\":[{\"@type\":\"CommentAction\",\"name\":\"Comment\",\"target\":[\"https:\/\/www.euroresidentes.com\/salud\/conviviendo-alzheimer\/alzheimer-colesterol-genetica-dieta\/#respond\"]}]},{\"@type\":\"WebPage\",\"@id\":\"https:\/\/www.euroresidentes.com\/salud\/conviviendo-alzheimer\/alzheimer-colesterol-genetica-dieta\/\",\"url\":\"https:\/\/www.euroresidentes.com\/salud\/conviviendo-alzheimer\/alzheimer-colesterol-genetica-dieta\/\",\"name\":\"Alzheimer y Colesterol: \u00bfGen\u00e9tica o Dieta? Descubre la Relaci\u00f3n\",\"isPartOf\":{\"@id\":\"https:\/\/www.euroresidentes.com\/salud\/conviviendo-alzheimer\/#website\"},\"primaryImageOfPage\":{\"@id\":\"https:\/\/www.euroresidentes.com\/salud\/conviviendo-alzheimer\/alzheimer-colesterol-genetica-dieta\/#primaryimage\"},\"image\":{\"@id\":\"https:\/\/www.euroresidentes.com\/salud\/conviviendo-alzheimer\/alzheimer-colesterol-genetica-dieta\/#primaryimage\"},\"thumbnailUrl\":\"https:\/\/www.euroresidentes.com\/salud\/conviviendo-alzheimer\/wp-content\/uploads\/sites\/2\/2025\/03\/alzheimer-persona-mayor.jpg\",\"datePublished\":\"2025-03-13T10:09:26+00:00\",\"dateModified\":\"2025-03-13T10:10:00+00:00\",\"author\":{\"@id\":\"https:\/\/www.euroresidentes.com\/salud\/conviviendo-alzheimer\/#\/schema\/person\/f236522eefcf0166d4823a62ea99972b\"},\"description\":\"El Alzheimer ha aumentado en las \u00faltimas d\u00e9cadas, pero \u00bfes solo gen\u00e9tica? Exploramos la conexi\u00f3n entre colesterol, dieta y factores ambientales en su desarrollo.\",\"breadcrumb\":{\"@id\":\"https:\/\/www.euroresidentes.com\/salud\/conviviendo-alzheimer\/alzheimer-colesterol-genetica-dieta\/#breadcrumb\"},\"inLanguage\":\"es\",\"potentialAction\":[{\"@type\":\"ReadAction\",\"target\":[\"https:\/\/www.euroresidentes.com\/salud\/conviviendo-alzheimer\/alzheimer-colesterol-genetica-dieta\/\"]}]},{\"@type\":\"ImageObject\",\"inLanguage\":\"es\",\"@id\":\"https:\/\/www.euroresidentes.com\/salud\/conviviendo-alzheimer\/alzheimer-colesterol-genetica-dieta\/#primaryimage\",\"url\":\"https:\/\/www.euroresidentes.com\/salud\/conviviendo-alzheimer\/wp-content\/uploads\/sites\/2\/2025\/03\/alzheimer-persona-mayor.jpg\",\"contentUrl\":\"https:\/\/www.euroresidentes.com\/salud\/conviviendo-alzheimer\/wp-content\/uploads\/sites\/2\/2025\/03\/alzheimer-persona-mayor.jpg\",\"width\":1920,\"height\":1080},{\"@type\":\"BreadcrumbList\",\"@id\":\"https:\/\/www.euroresidentes.com\/salud\/conviviendo-alzheimer\/alzheimer-colesterol-genetica-dieta\/#breadcrumb\",\"itemListElement\":[{\"@type\":\"ListItem\",\"position\":1,\"name\":\"Portada\",\"item\":\"https:\/\/www.euroresidentes.com\/salud\/conviviendo-alzheimer\/\"},{\"@type\":\"ListItem\",\"position\":2,\"name\":\"Alzheimer, colesterol y gen\u00e9tica: \u00bfDestino biol\u00f3gico o consecuencia del estilo de vida?\"}]},{\"@type\":\"WebSite\",\"@id\":\"https:\/\/www.euroresidentes.com\/salud\/conviviendo-alzheimer\/#website\",\"url\":\"https:\/\/www.euroresidentes.com\/salud\/conviviendo-alzheimer\/\",\"name\":\"Alzheimer\",\"description\":\"Alzheimer Euroresidentes\",\"potentialAction\":[{\"@type\":\"SearchAction\",\"target\":{\"@type\":\"EntryPoint\",\"urlTemplate\":\"https:\/\/www.euroresidentes.com\/salud\/conviviendo-alzheimer\/?s={search_term_string}\"},\"query-input\":{\"@type\":\"PropertyValueSpecification\",\"valueRequired\":true,\"valueName\":\"search_term_string\"}}],\"inLanguage\":\"es\"},{\"@type\":\"Person\",\"@id\":\"https:\/\/www.euroresidentes.com\/salud\/conviviendo-alzheimer\/#\/schema\/person\/f236522eefcf0166d4823a62ea99972b\",\"name\":\"Euroresidentes\",\"image\":{\"@type\":\"ImageObject\",\"inLanguage\":\"es\",\"@id\":\"https:\/\/www.euroresidentes.com\/salud\/conviviendo-alzheimer\/#\/schema\/person\/image\/\",\"url\":\"https:\/\/www.euroresidentes.com\/salud\/conviviendo-alzheimer\/wp-content\/uploads\/sites\/2\/2016\/09\/logo-euroresidentes-150x150.jpg\",\"contentUrl\":\"https:\/\/www.euroresidentes.com\/salud\/conviviendo-alzheimer\/wp-content\/uploads\/sites\/2\/2016\/09\/logo-euroresidentes-150x150.jpg\",\"caption\":\"Euroresidentes\"},\"description\":\"EuroresidentesContenidos \u00fatiles que ayudan a resolver las necesidades grandes y peque\u00f1as de al vida cotidiana.\",\"sameAs\":[\"https:\/\/www.euroresidentes.com\/info.htm\"],\"url\":\"https:\/\/www.euroresidentes.com\/salud\/conviviendo-alzheimer\/author\/euroresidentes\/\"}]}<\/script>\n<!-- \/ Yoast SEO plugin. -->","yoast_head_json":{"title":"Alzheimer y Colesterol: \u00bfGen\u00e9tica o Dieta? Descubre la Relaci\u00f3n","description":"El Alzheimer ha aumentado en las \u00faltimas d\u00e9cadas, pero \u00bfes solo gen\u00e9tica? Exploramos la conexi\u00f3n entre colesterol, dieta y factores ambientales en su desarrollo.","robots":{"index":"index","follow":"follow","max-snippet":"max-snippet:-1","max-image-preview":"max-image-preview:large","max-video-preview":"max-video-preview:-1"},"canonical":"https:\/\/www.euroresidentes.com\/salud\/conviviendo-alzheimer\/alzheimer-colesterol-genetica-dieta\/","og_locale":"es_ES","og_type":"article","og_title":"Alzheimer y Colesterol: \u00bfGen\u00e9tica o Dieta? Descubre la Relaci\u00f3n","og_description":"El Alzheimer ha aumentado en las \u00faltimas d\u00e9cadas, pero \u00bfes solo gen\u00e9tica? Exploramos la conexi\u00f3n entre colesterol, dieta y factores ambientales en su desarrollo.","og_url":"https:\/\/www.euroresidentes.com\/salud\/conviviendo-alzheimer\/alzheimer-colesterol-genetica-dieta\/","og_site_name":"Alzheimer","article_published_time":"2025-03-13T10:09:26+00:00","article_modified_time":"2025-03-13T10:10:00+00:00","og_image":[{"width":1920,"height":1080,"url":"https:\/\/www.euroresidentes.com\/salud\/conviviendo-alzheimer\/wp-content\/uploads\/sites\/2\/2025\/03\/alzheimer-persona-mayor.jpg","type":"image\/jpeg"}],"author":"Euroresidentes","twitter_card":"summary_large_image","twitter_misc":{"Written by":"Euroresidentes","Est. reading time":"6 minutos"},"schema":{"@context":"https:\/\/schema.org","@graph":[{"@type":"Article","@id":"https:\/\/www.euroresidentes.com\/salud\/conviviendo-alzheimer\/alzheimer-colesterol-genetica-dieta\/#article","isPartOf":{"@id":"https:\/\/www.euroresidentes.com\/salud\/conviviendo-alzheimer\/alzheimer-colesterol-genetica-dieta\/"},"author":{"name":"Euroresidentes","@id":"https:\/\/www.euroresidentes.com\/salud\/conviviendo-alzheimer\/#\/schema\/person\/f236522eefcf0166d4823a62ea99972b"},"headline":"Alzheimer, colesterol y gen\u00e9tica: \u00bfDestino biol\u00f3gico o consecuencia del estilo de vida?","datePublished":"2025-03-13T10:09:26+00:00","dateModified":"2025-03-13T10:10:00+00:00","mainEntityOfPage":{"@id":"https:\/\/www.euroresidentes.com\/salud\/conviviendo-alzheimer\/alzheimer-colesterol-genetica-dieta\/"},"wordCount":1094,"commentCount":0,"image":{"@id":"https:\/\/www.euroresidentes.com\/salud\/conviviendo-alzheimer\/alzheimer-colesterol-genetica-dieta\/#primaryimage"},"thumbnailUrl":"https:\/\/www.euroresidentes.com\/salud\/conviviendo-alzheimer\/wp-content\/uploads\/sites\/2\/2025\/03\/alzheimer-persona-mayor.jpg","articleSection":["General"],"inLanguage":"es","potentialAction":[{"@type":"CommentAction","name":"Comment","target":["https:\/\/www.euroresidentes.com\/salud\/conviviendo-alzheimer\/alzheimer-colesterol-genetica-dieta\/#respond"]}]},{"@type":"WebPage","@id":"https:\/\/www.euroresidentes.com\/salud\/conviviendo-alzheimer\/alzheimer-colesterol-genetica-dieta\/","url":"https:\/\/www.euroresidentes.com\/salud\/conviviendo-alzheimer\/alzheimer-colesterol-genetica-dieta\/","name":"Alzheimer y Colesterol: \u00bfGen\u00e9tica o Dieta? Descubre la Relaci\u00f3n","isPartOf":{"@id":"https:\/\/www.euroresidentes.com\/salud\/conviviendo-alzheimer\/#website"},"primaryImageOfPage":{"@id":"https:\/\/www.euroresidentes.com\/salud\/conviviendo-alzheimer\/alzheimer-colesterol-genetica-dieta\/#primaryimage"},"image":{"@id":"https:\/\/www.euroresidentes.com\/salud\/conviviendo-alzheimer\/alzheimer-colesterol-genetica-dieta\/#primaryimage"},"thumbnailUrl":"https:\/\/www.euroresidentes.com\/salud\/conviviendo-alzheimer\/wp-content\/uploads\/sites\/2\/2025\/03\/alzheimer-persona-mayor.jpg","datePublished":"2025-03-13T10:09:26+00:00","dateModified":"2025-03-13T10:10:00+00:00","author":{"@id":"https:\/\/www.euroresidentes.com\/salud\/conviviendo-alzheimer\/#\/schema\/person\/f236522eefcf0166d4823a62ea99972b"},"description":"El Alzheimer ha aumentado en las \u00faltimas d\u00e9cadas, pero \u00bfes solo gen\u00e9tica? Exploramos la conexi\u00f3n entre colesterol, dieta y factores ambientales en su desarrollo.","breadcrumb":{"@id":"https:\/\/www.euroresidentes.com\/salud\/conviviendo-alzheimer\/alzheimer-colesterol-genetica-dieta\/#breadcrumb"},"inLanguage":"es","potentialAction":[{"@type":"ReadAction","target":["https:\/\/www.euroresidentes.com\/salud\/conviviendo-alzheimer\/alzheimer-colesterol-genetica-dieta\/"]}]},{"@type":"ImageObject","inLanguage":"es","@id":"https:\/\/www.euroresidentes.com\/salud\/conviviendo-alzheimer\/alzheimer-colesterol-genetica-dieta\/#primaryimage","url":"https:\/\/www.euroresidentes.com\/salud\/conviviendo-alzheimer\/wp-content\/uploads\/sites\/2\/2025\/03\/alzheimer-persona-mayor.jpg","contentUrl":"https:\/\/www.euroresidentes.com\/salud\/conviviendo-alzheimer\/wp-content\/uploads\/sites\/2\/2025\/03\/alzheimer-persona-mayor.jpg","width":1920,"height":1080},{"@type":"BreadcrumbList","@id":"https:\/\/www.euroresidentes.com\/salud\/conviviendo-alzheimer\/alzheimer-colesterol-genetica-dieta\/#breadcrumb","itemListElement":[{"@type":"ListItem","position":1,"name":"Portada","item":"https:\/\/www.euroresidentes.com\/salud\/conviviendo-alzheimer\/"},{"@type":"ListItem","position":2,"name":"Alzheimer, colesterol y gen\u00e9tica: \u00bfDestino biol\u00f3gico o consecuencia del estilo de vida?"}]},{"@type":"WebSite","@id":"https:\/\/www.euroresidentes.com\/salud\/conviviendo-alzheimer\/#website","url":"https:\/\/www.euroresidentes.com\/salud\/conviviendo-alzheimer\/","name":"Alzheimer","description":"Alzheimer Euroresidentes","potentialAction":[{"@type":"SearchAction","target":{"@type":"EntryPoint","urlTemplate":"https:\/\/www.euroresidentes.com\/salud\/conviviendo-alzheimer\/?s={search_term_string}"},"query-input":{"@type":"PropertyValueSpecification","valueRequired":true,"valueName":"search_term_string"}}],"inLanguage":"es"},{"@type":"Person","@id":"https:\/\/www.euroresidentes.com\/salud\/conviviendo-alzheimer\/#\/schema\/person\/f236522eefcf0166d4823a62ea99972b","name":"Euroresidentes","image":{"@type":"ImageObject","inLanguage":"es","@id":"https:\/\/www.euroresidentes.com\/salud\/conviviendo-alzheimer\/#\/schema\/person\/image\/","url":"https:\/\/www.euroresidentes.com\/salud\/conviviendo-alzheimer\/wp-content\/uploads\/sites\/2\/2016\/09\/logo-euroresidentes-150x150.jpg","contentUrl":"https:\/\/www.euroresidentes.com\/salud\/conviviendo-alzheimer\/wp-content\/uploads\/sites\/2\/2016\/09\/logo-euroresidentes-150x150.jpg","caption":"Euroresidentes"},"description":"EuroresidentesContenidos \u00fatiles que ayudan a resolver las necesidades grandes y peque\u00f1as de al vida cotidiana.","sameAs":["https:\/\/www.euroresidentes.com\/info.htm"],"url":"https:\/\/www.euroresidentes.com\/salud\/conviviendo-alzheimer\/author\/euroresidentes\/"}]}},"_links":{"self":[{"href":"https:\/\/www.euroresidentes.com\/salud\/conviviendo-alzheimer\/wp-json\/wp\/v2\/posts\/339","targetHints":{"allow":["GET"]}}],"collection":[{"href":"https:\/\/www.euroresidentes.com\/salud\/conviviendo-alzheimer\/wp-json\/wp\/v2\/posts"}],"about":[{"href":"https:\/\/www.euroresidentes.com\/salud\/conviviendo-alzheimer\/wp-json\/wp\/v2\/types\/post"}],"author":[{"embeddable":true,"href":"https:\/\/www.euroresidentes.com\/salud\/conviviendo-alzheimer\/wp-json\/wp\/v2\/users\/1"}],"replies":[{"embeddable":true,"href":"https:\/\/www.euroresidentes.com\/salud\/conviviendo-alzheimer\/wp-json\/wp\/v2\/comments?post=339"}],"version-history":[{"count":2,"href":"https:\/\/www.euroresidentes.com\/salud\/conviviendo-alzheimer\/wp-json\/wp\/v2\/posts\/339\/revisions"}],"predecessor-version":[{"id":343,"href":"https:\/\/www.euroresidentes.com\/salud\/conviviendo-alzheimer\/wp-json\/wp\/v2\/posts\/339\/revisions\/343"}],"wp:featuredmedia":[{"embeddable":true,"href":"https:\/\/www.euroresidentes.com\/salud\/conviviendo-alzheimer\/wp-json\/wp\/v2\/media\/340"}],"wp:attachment":[{"href":"https:\/\/www.euroresidentes.com\/salud\/conviviendo-alzheimer\/wp-json\/wp\/v2\/media?parent=339"}],"wp:term":[{"taxonomy":"category","embeddable":true,"href":"https:\/\/www.euroresidentes.com\/salud\/conviviendo-alzheimer\/wp-json\/wp\/v2\/categories?post=339"},{"taxonomy":"post_tag","embeddable":true,"href":"https:\/\/www.euroresidentes.com\/salud\/conviviendo-alzheimer\/wp-json\/wp\/v2\/tags?post=339"}],"curies":[{"name":"wp","href":"https:\/\/api.w.org\/{rel}","templated":true}]}}