 

{"id":123,"date":"2014-12-24T01:09:00","date_gmt":"2014-12-24T01:09:00","guid":{"rendered":"https:\/\/www.euroresidentes.com\/salud\/conviviendo-alzheimer\/10-cosas-que-debes-saber-antes-de"},"modified":"2017-01-25T15:56:38","modified_gmt":"2017-01-25T14:56:38","slug":"10-cosas-que-debes-saber-antes-de","status":"publish","type":"post","link":"https:\/\/www.euroresidentes.com\/salud\/conviviendo-alzheimer\/10-cosas-que-debes-saber-antes-de\/","title":{"rendered":"10 cosas que debes saber antes de convivir con el Alzheimer"},"content":{"rendered":"<h3>10 consejos para convivir con personas que padecen\u00a0Alzheimer<\/h3>\n<p>Para vivir con una persona con una enfermedad degenerativa como el Alzheimer, hay que\u00a0estar preparado mentalmente y bien formado en el trato de personas mayores pero no siempre es as\u00ed, estos <strong>10 consejos<\/strong> son para esas personas que no est\u00e1n bien preparadas pero est\u00e1n dispuestas a hacerlo ya sea por tratarse de un caso familiar o por necesidad.\u00a0<\/p>\n<p><a href=\"https:\/\/www.euroresidentes.com\/salud\/conviviendo-alzheimer\/wp-content\/uploads\/sites\/2\/2014\/12\/cuidar-persona-alzheimer.jpg\"><img loading=\"lazy\" decoding=\"async\" class=\"aligncenter size-full wp-image-280\" src=\"https:\/\/www.euroresidentes.com\/salud\/conviviendo-alzheimer\/wp-content\/uploads\/sites\/2\/2014\/12\/cuidar-persona-alzheimer.jpg\" alt=\"Consejos para cuidar a una persona con Alzheimer\" width=\"700\" height=\"525\" srcset=\"https:\/\/www.euroresidentes.com\/salud\/conviviendo-alzheimer\/wp-content\/uploads\/sites\/2\/2014\/12\/cuidar-persona-alzheimer.jpg 700w, https:\/\/www.euroresidentes.com\/salud\/conviviendo-alzheimer\/wp-content\/uploads\/sites\/2\/2014\/12\/cuidar-persona-alzheimer-300x225.jpg 300w\" sizes=\"auto, (max-width: 700px) 100vw, 700px\" \/><\/a><\/p>\n<p class=\"separator\" style=\"clear: both; text-align: left;\">Estos son algunos consejos y cosas que te tienes que plantear para poder hacer frente a la situaci\u00f3n y que la convivencia se pueda llevar de la mejor forma posible<\/p>\n<p><!-- inserta publi --><\/p>\n<h4><strong>1.- \u00bfCrees que eres una\u00a0persona\u00a0paciente?\u00a0<\/strong><\/h4>\n<p>La primera pregunta que debes hacerte es si tienes esa gran virtud, la <strong>paciencia<\/strong>. Ser una persona paciente puede ayudarte mucho a aguantar el d\u00eda a d\u00eda y a\u00fan as\u00ed debes tener clara una cosa, los limites de tu paciencia ser\u00e1n probados d\u00eda si y d\u00eda tambi\u00e9n, de diferentes maneras, colores y sabores! A si que volveremos a plantearnos esta pregunta \u00bfcrees que eres una persona muy muy muy paciente? sino es as\u00ed da la vuelta y corre pues sufrir\u00e1s t\u00fa y sufrir\u00e1 el enfermo.<\/p>\n<h4><strong>2.- El tiempo no lo cura todo<\/strong><\/h4>\n<p>Que no te enga\u00f1en, el tiempo no lo cura todo, no esto, m\u00e1s bien es al rev\u00e9s, a cada minuto que pasa esta empeorando y si ya estas conviviendo con la persona ser\u00e1 dif\u00edcil que te des cuenta, pero tenlo en la mente, lo que pienses que no puede pasar hoy, puede pasar ma\u00f1ana. As\u00ed que <strong>vigila todo lo que puedas, cocina, gas, llaves, dinero, higiene&#8230;<\/strong> y mil cosas m\u00e1s que hoy no tienes que vigilar y tendr\u00e1s que vigilar ma\u00f1ana.<\/p>\n<h4><strong>3.- Hay una cosa que si hace el tiempo<\/strong><\/h4>\n<p>O\u00a0mejor dicho la experiencia. Si crees que no sabes nada no te asustes, con el tiempo aprender\u00e1s muchos trucos que te facilitaran el d\u00eda a d\u00eda y proteger\u00e1n a la persona que cuidas. La <strong>experiencia<\/strong> te har\u00e1 saber hasta por donde van los tiros por solo un gesto o una cara.<\/p>\n<h4><strong>4.- Un santuario, una guarida<\/strong><\/h4>\n<p>Debes tener tu espacio, a ser posible un espacio que no sea compartido y que puedas cerrar. Un sitio donde poder descansar sin tener que estar pendiente de los problemas que ocurren a unos metros (aun que solo sea por unos minutos), un sitio donde puedas guardar las cosas, esas cosas que de no estar bien guardadas desaparecer\u00e1n misteriosamente.<\/p>\n<h4><strong>5.- Un par de ojos m\u00e1s, nunca vienen mal<\/strong><\/h4>\n<p>Tener una <strong>persona de confianza<\/strong> cerca es un amuleto, cu\u00eddalo y no lo pierdas, una persona que pueda echar un ojo cuando tu no est\u00e1s o que simplemente tenga una copia de tus llaves, te puede sacar de muchos problemas.<\/p>\n<p><!-- inserta publi 2 --><\/p>\n<h4><strong>6.- La persona enferma dice la verdad<\/strong><\/h4>\n<p>Cuando una persona enferma de Alzheimer defiende una postura debes saber que para esa persona la \u00fanica verdad es la que esta en su cabeza, si dice que hace d\u00edas que no te ve, que no ha hecho esto o aquello, que esa cosa que le repites d\u00eda si y d\u00eda tambi\u00e9n es la primera vez que lo escucha, <strong>no intentes convencerla de lo contrario<\/strong>, tiene tanta raz\u00f3n como t\u00fa, pues en su cabeza no existe tu versi\u00f3n.<\/p>\n<h4><strong>7.- No luches contra algo a lo que no\u00a0puedes\u00a0vencer<\/strong><\/h4>\n<p>El desgaste mental que supone pensar que puedes hacerle ver que esta enfermo y que necesita ayuda es enorme, no lo intentes, es in\u00fatil, solo servir\u00e1 para que poco a poco te desgastes, para esa persona no existe ning\u00fan problema,\u00a0 su realidad va a parte de la del resto del mundo. <strong>Darle la raz\u00f3n aunque no la tenga<\/strong> puede hacer que te evites muchos quebraderos de cabeza.<\/p>\n<p><a href=\"https:\/\/www.euroresidentes.com\/salud\/conviviendo-alzheimer\/wp-content\/uploads\/sites\/2\/2014\/12\/convivir-alzheimer.jpg\"><img loading=\"lazy\" decoding=\"async\" class=\"aligncenter size-full wp-image-299\" src=\"https:\/\/www.euroresidentes.com\/salud\/conviviendo-alzheimer\/wp-content\/uploads\/sites\/2\/2014\/12\/convivir-alzheimer.jpg\" alt=\"Convivir con el alzheimer: consejos\" width=\"700\" height=\"525\" srcset=\"https:\/\/www.euroresidentes.com\/salud\/conviviendo-alzheimer\/wp-content\/uploads\/sites\/2\/2014\/12\/convivir-alzheimer.jpg 700w, https:\/\/www.euroresidentes.com\/salud\/conviviendo-alzheimer\/wp-content\/uploads\/sites\/2\/2014\/12\/convivir-alzheimer-300x225.jpg 300w\" sizes=\"auto, (max-width: 700px) 100vw, 700px\" \/><\/a><\/p>\n<h4><strong>8.- No es la misma persona<\/strong><\/h4>\n<p>Debes hacerte a la idea de que la persona que conoc\u00edas o que las personas que la conoc\u00edan te han contado ya no existe o esta muy lejos de parecerse, puede que queden algunos rastrojos de aquello, pero la enfermedad le ha cambiado, es m\u00e1s f\u00e1cil <strong>intentar aceptarlo e intentar darle todo el cari\u00f1o que puedas<\/strong>, intenta no olvidar que dentro de esa mentalidad de sin sentidos sigue estado una persona, que como cualquier otra, necesita de todo el cari\u00f1o que le puedas dar.<\/p>\n<h4><strong>9.- Las\u00a0man\u00edas\u00a0valen por dos<\/strong><\/h4>\n<p>Si ya dicen que a las personas mayores <strong>las man\u00edas se les agravan<\/strong>, no pienses que se va a olvidar de estas, al menos no al principio, parece que las man\u00edas est\u00e1n arraigadas en lo mas profundo de su cabeza y es de las \u00faltimas cosas que la enfermedad piensa llevarse.<\/p>\n<h4><strong>10.- Por\u00a0\u00faltimo\u00a0tienes que saber que \u00a1no es nada\u00a0personal!<\/strong><\/h4>\n<p>Es importante saber que la mayor\u00eda de las cosas que puedan salir por su boca no son personales, sino producto de esa degeneraci\u00f3n mental. Si te tomas todo lo que pueda decir de forma personal estas acabado. Le has robado, le has envenenado, te est\u00e1s intentando quedar con su casa y mas cosas que mi mente ha querido borrar&#8230; ya sabes, <strong>no lo dice la persona sino la enfermedad<\/strong>.\u00a0<\/p>\n<div style=\"width: 465px\" class=\"wp-caption aligncenter\"><img loading=\"lazy\" decoding=\"async\" class=\"\" src=\"https:\/\/www.euroresidentes.com\/salud\/conviviendo-alzheimer\/wp-content\/uploads\/sites\/2\/2014\/12\/no-es-nada-personal1.jpg\" alt=\"\" width=\"455\" height=\"431\" border=\"0\" \/><p class=\"wp-caption-text\">Del libro de B\u00e4rbel Wardetzki: No te lo tomes de forma personal<\/p><\/div>\n<div style=\"text-align: left;\">\u00a0<\/div>\n<div style=\"text-align: left;\"> <strong>Seguir leyendo:\u00a0<\/strong><\/div>\n<ul>\n<li>\n<div style=\"text-align: left;\"><a href=\"http:\/\/conviviendo-alzheimer.euroresidentes.com\/2014\/12\/descubriendo-los-principios-del.html\" target=\"_blank\">Descubriendo los primeros pasos del Alzheimer<\/a><\/div>\n<\/li>\n<li>\n<div style=\"text-align: left;\"><a href=\"http:\/\/conviviendo-alzheimer.euroresidentes.com\/2015\/04\/10-trucos-para-evadirte-del-alzheimer.html\" target=\"_blank\">10 trucos para evadirte del Alzheimer<\/a><\/div>\n<\/li>\n<li>\n<div style=\"text-align: left;\"><a href=\"http:\/\/conviviendo-alzheimer.euroresidentes.com\/2015\/01\/alzheimer-los-olvidos-que-mas-duelen.html\" target=\"_blank\">Alzheimer: los olvidos que m\u00e1s duelen<\/a><\/div>\n<\/li>\n<\/ul>\n<div align=\"center\">\u00a0<\/div>\n","protected":false},"excerpt":{"rendered":"<p>10 consejos para convivir con personas que padecen\u00a0Alzheimer Para vivir con una persona con una enfermedad degenerativa como el Alzheimer, hay que\u00a0estar preparado mentalmente y bien formado en el trato de personas mayores pero no siempre es as\u00ed, estos 10 consejos son para esas personas que no est\u00e1n bien preparadas pero est\u00e1n dispuestas a hacerlo ya sea por tratarse de un caso familiar o por necesidad.\u00a0 Estos son algunos consejos y cosas que te tienes que plantear para poder hacer frente a la situaci\u00f3n y que la convivencia se pueda llevar de la mejor forma posible 1.- \u00bfCrees que eres <\/p>\n","protected":false},"author":6,"featured_media":299,"comment_status":"open","ping_status":"open","sticky":false,"template":"","format":"standard","meta":{"footnotes":""},"categories":[1],"tags":[],"class_list":["post-123","post","type-post","status-publish","format-standard","has-post-thumbnail","hentry","category-general","has_thumb"],"yoast_head":"<!-- This site is optimized with the Yoast SEO plugin v26.8 - https:\/\/yoast.com\/product\/yoast-seo-wordpress\/ -->\n<title>10 cosas que debes saber antes de convivir con el Alzheimer - Alzheimer<\/title>\n<meta name=\"robots\" content=\"index, follow, max-snippet:-1, max-image-preview:large, max-video-preview:-1\" \/>\n<link rel=\"canonical\" href=\"https:\/\/www.euroresidentes.com\/salud\/conviviendo-alzheimer\/10-cosas-que-debes-saber-antes-de\/\" \/>\n<meta property=\"og:locale\" content=\"es_ES\" \/>\n<meta property=\"og:type\" content=\"article\" \/>\n<meta property=\"og:title\" content=\"10 cosas que debes saber antes de convivir con el Alzheimer - Alzheimer\" \/>\n<meta property=\"og:description\" content=\"10 consejos para convivir con personas que padecen\u00a0Alzheimer Para vivir con una persona con una enfermedad degenerativa como el Alzheimer, hay que\u00a0estar preparado mentalmente y bien formado en el trato de personas mayores pero no siempre es as\u00ed, estos 10 consejos son para esas personas que no est\u00e1n bien preparadas pero est\u00e1n dispuestas a hacerlo ya sea por tratarse de un caso familiar o por necesidad.\u00a0 Estos son algunos consejos y cosas que te tienes que plantear para poder hacer frente a la situaci\u00f3n y que la convivencia se pueda llevar de la mejor forma posible 1.- \u00bfCrees que eres\" \/>\n<meta property=\"og:url\" content=\"https:\/\/www.euroresidentes.com\/salud\/conviviendo-alzheimer\/10-cosas-que-debes-saber-antes-de\/\" \/>\n<meta property=\"og:site_name\" content=\"Alzheimer\" \/>\n<meta property=\"article:published_time\" content=\"2014-12-24T01:09:00+00:00\" \/>\n<meta property=\"article:modified_time\" content=\"2017-01-25T14:56:38+00:00\" \/>\n<meta property=\"og:image\" content=\"https:\/\/www.euroresidentes.com\/salud\/conviviendo-alzheimer\/wp-content\/uploads\/sites\/2\/2014\/12\/convivir-alzheimer.jpg\" \/>\n\t<meta property=\"og:image:width\" content=\"700\" \/>\n\t<meta property=\"og:image:height\" content=\"525\" \/>\n\t<meta property=\"og:image:type\" content=\"image\/jpeg\" \/>\n<meta name=\"author\" content=\"Andr\u00e9s P. Lloret\" \/>\n<meta name=\"twitter:card\" content=\"summary_large_image\" \/>\n<meta name=\"twitter:label1\" content=\"Written by\" \/>\n\t<meta name=\"twitter:data1\" content=\"Andr\u00e9s P. Lloret\" \/>\n\t<meta name=\"twitter:label2\" content=\"Est. reading time\" \/>\n\t<meta name=\"twitter:data2\" content=\"5 minutos\" \/>\n<script type=\"application\/ld+json\" class=\"yoast-schema-graph\">{\"@context\":\"https:\/\/schema.org\",\"@graph\":[{\"@type\":\"Article\",\"@id\":\"https:\/\/www.euroresidentes.com\/salud\/conviviendo-alzheimer\/10-cosas-que-debes-saber-antes-de\/#article\",\"isPartOf\":{\"@id\":\"https:\/\/www.euroresidentes.com\/salud\/conviviendo-alzheimer\/10-cosas-que-debes-saber-antes-de\/\"},\"author\":{\"name\":\"Andr\u00e9s P. Lloret\",\"@id\":\"https:\/\/www.euroresidentes.com\/salud\/conviviendo-alzheimer\/#\/schema\/person\/2e1b2f3673e079e6374231ad78ba2623\"},\"headline\":\"10 cosas que debes saber antes de convivir con el Alzheimer\",\"datePublished\":\"2014-12-24T01:09:00+00:00\",\"dateModified\":\"2017-01-25T14:56:38+00:00\",\"mainEntityOfPage\":{\"@id\":\"https:\/\/www.euroresidentes.com\/salud\/conviviendo-alzheimer\/10-cosas-que-debes-saber-antes-de\/\"},\"wordCount\":938,\"commentCount\":8,\"image\":{\"@id\":\"https:\/\/www.euroresidentes.com\/salud\/conviviendo-alzheimer\/10-cosas-que-debes-saber-antes-de\/#primaryimage\"},\"thumbnailUrl\":\"https:\/\/www.euroresidentes.com\/salud\/conviviendo-alzheimer\/wp-content\/uploads\/sites\/2\/2014\/12\/convivir-alzheimer.jpg\",\"articleSection\":[\"General\"],\"inLanguage\":\"es\",\"potentialAction\":[{\"@type\":\"CommentAction\",\"name\":\"Comment\",\"target\":[\"https:\/\/www.euroresidentes.com\/salud\/conviviendo-alzheimer\/10-cosas-que-debes-saber-antes-de\/#respond\"]}]},{\"@type\":\"WebPage\",\"@id\":\"https:\/\/www.euroresidentes.com\/salud\/conviviendo-alzheimer\/10-cosas-que-debes-saber-antes-de\/\",\"url\":\"https:\/\/www.euroresidentes.com\/salud\/conviviendo-alzheimer\/10-cosas-que-debes-saber-antes-de\/\",\"name\":\"10 cosas que debes saber antes de convivir con el Alzheimer - Alzheimer\",\"isPartOf\":{\"@id\":\"https:\/\/www.euroresidentes.com\/salud\/conviviendo-alzheimer\/#website\"},\"primaryImageOfPage\":{\"@id\":\"https:\/\/www.euroresidentes.com\/salud\/conviviendo-alzheimer\/10-cosas-que-debes-saber-antes-de\/#primaryimage\"},\"image\":{\"@id\":\"https:\/\/www.euroresidentes.com\/salud\/conviviendo-alzheimer\/10-cosas-que-debes-saber-antes-de\/#primaryimage\"},\"thumbnailUrl\":\"https:\/\/www.euroresidentes.com\/salud\/conviviendo-alzheimer\/wp-content\/uploads\/sites\/2\/2014\/12\/convivir-alzheimer.jpg\",\"datePublished\":\"2014-12-24T01:09:00+00:00\",\"dateModified\":\"2017-01-25T14:56:38+00:00\",\"author\":{\"@id\":\"https:\/\/www.euroresidentes.com\/salud\/conviviendo-alzheimer\/#\/schema\/person\/2e1b2f3673e079e6374231ad78ba2623\"},\"breadcrumb\":{\"@id\":\"https:\/\/www.euroresidentes.com\/salud\/conviviendo-alzheimer\/10-cosas-que-debes-saber-antes-de\/#breadcrumb\"},\"inLanguage\":\"es\",\"potentialAction\":[{\"@type\":\"ReadAction\",\"target\":[\"https:\/\/www.euroresidentes.com\/salud\/conviviendo-alzheimer\/10-cosas-que-debes-saber-antes-de\/\"]}]},{\"@type\":\"ImageObject\",\"inLanguage\":\"es\",\"@id\":\"https:\/\/www.euroresidentes.com\/salud\/conviviendo-alzheimer\/10-cosas-que-debes-saber-antes-de\/#primaryimage\",\"url\":\"https:\/\/www.euroresidentes.com\/salud\/conviviendo-alzheimer\/wp-content\/uploads\/sites\/2\/2014\/12\/convivir-alzheimer.jpg\",\"contentUrl\":\"https:\/\/www.euroresidentes.com\/salud\/conviviendo-alzheimer\/wp-content\/uploads\/sites\/2\/2014\/12\/convivir-alzheimer.jpg\",\"width\":700,\"height\":525,\"caption\":\"Convivir con el alzheimer: consejos\"},{\"@type\":\"BreadcrumbList\",\"@id\":\"https:\/\/www.euroresidentes.com\/salud\/conviviendo-alzheimer\/10-cosas-que-debes-saber-antes-de\/#breadcrumb\",\"itemListElement\":[{\"@type\":\"ListItem\",\"position\":1,\"name\":\"Portada\",\"item\":\"https:\/\/www.euroresidentes.com\/salud\/conviviendo-alzheimer\/\"},{\"@type\":\"ListItem\",\"position\":2,\"name\":\"10 cosas que debes saber antes de convivir con el Alzheimer\"}]},{\"@type\":\"WebSite\",\"@id\":\"https:\/\/www.euroresidentes.com\/salud\/conviviendo-alzheimer\/#website\",\"url\":\"https:\/\/www.euroresidentes.com\/salud\/conviviendo-alzheimer\/\",\"name\":\"Alzheimer\",\"description\":\"Alzheimer Euroresidentes\",\"potentialAction\":[{\"@type\":\"SearchAction\",\"target\":{\"@type\":\"EntryPoint\",\"urlTemplate\":\"https:\/\/www.euroresidentes.com\/salud\/conviviendo-alzheimer\/?s={search_term_string}\"},\"query-input\":{\"@type\":\"PropertyValueSpecification\",\"valueRequired\":true,\"valueName\":\"search_term_string\"}}],\"inLanguage\":\"es\"},{\"@type\":\"Person\",\"@id\":\"https:\/\/www.euroresidentes.com\/salud\/conviviendo-alzheimer\/#\/schema\/person\/2e1b2f3673e079e6374231ad78ba2623\",\"name\":\"Andr\u00e9s P. Lloret\",\"image\":{\"@type\":\"ImageObject\",\"inLanguage\":\"es\",\"@id\":\"https:\/\/www.euroresidentes.com\/salud\/conviviendo-alzheimer\/#\/schema\/person\/image\/\",\"url\":\"https:\/\/www.euroresidentes.com\/salud\/conviviendo-alzheimer\/wp-content\/uploads\/sites\/2\/2015\/01\/andy-150x150.png\",\"contentUrl\":\"https:\/\/www.euroresidentes.com\/salud\/conviviendo-alzheimer\/wp-content\/uploads\/sites\/2\/2015\/01\/andy-150x150.png\",\"caption\":\"Andr\u00e9s P. Lloret\"},\"description\":\"Andr\u00e9s P. Lloret Esta es mi experiencia personal como cuidador de mi abuela enferma de Alzheimer. Soy estudiante de Criminolog\u00eda y me gustan los temas de seguridad e investigaci\u00f3n criminol\u00f3gica en general.\",\"sameAs\":[\"https:\/\/www.euroresidentes.com\/salud\/andres-p-lloret.html\"],\"url\":\"https:\/\/www.euroresidentes.com\/salud\/conviviendo-alzheimer\/author\/andy\/\"}]}<\/script>\n<!-- \/ Yoast SEO plugin. -->","yoast_head_json":{"title":"10 cosas que debes saber antes de convivir con el Alzheimer - Alzheimer","robots":{"index":"index","follow":"follow","max-snippet":"max-snippet:-1","max-image-preview":"max-image-preview:large","max-video-preview":"max-video-preview:-1"},"canonical":"https:\/\/www.euroresidentes.com\/salud\/conviviendo-alzheimer\/10-cosas-que-debes-saber-antes-de\/","og_locale":"es_ES","og_type":"article","og_title":"10 cosas que debes saber antes de convivir con el Alzheimer - Alzheimer","og_description":"10 consejos para convivir con personas que padecen\u00a0Alzheimer Para vivir con una persona con una enfermedad degenerativa como el Alzheimer, hay que\u00a0estar preparado mentalmente y bien formado en el trato de personas mayores pero no siempre es as\u00ed, estos 10 consejos son para esas personas que no est\u00e1n bien preparadas pero est\u00e1n dispuestas a hacerlo ya sea por tratarse de un caso familiar o por necesidad.\u00a0 Estos son algunos consejos y cosas que te tienes que plantear para poder hacer frente a la situaci\u00f3n y que la convivencia se pueda llevar de la mejor forma posible 1.- \u00bfCrees que eres","og_url":"https:\/\/www.euroresidentes.com\/salud\/conviviendo-alzheimer\/10-cosas-que-debes-saber-antes-de\/","og_site_name":"Alzheimer","article_published_time":"2014-12-24T01:09:00+00:00","article_modified_time":"2017-01-25T14:56:38+00:00","og_image":[{"width":700,"height":525,"url":"https:\/\/www.euroresidentes.com\/salud\/conviviendo-alzheimer\/wp-content\/uploads\/sites\/2\/2014\/12\/convivir-alzheimer.jpg","type":"image\/jpeg"}],"author":"Andr\u00e9s P. Lloret","twitter_card":"summary_large_image","twitter_misc":{"Written by":"Andr\u00e9s P. Lloret","Est. reading time":"5 minutos"},"schema":{"@context":"https:\/\/schema.org","@graph":[{"@type":"Article","@id":"https:\/\/www.euroresidentes.com\/salud\/conviviendo-alzheimer\/10-cosas-que-debes-saber-antes-de\/#article","isPartOf":{"@id":"https:\/\/www.euroresidentes.com\/salud\/conviviendo-alzheimer\/10-cosas-que-debes-saber-antes-de\/"},"author":{"name":"Andr\u00e9s P. Lloret","@id":"https:\/\/www.euroresidentes.com\/salud\/conviviendo-alzheimer\/#\/schema\/person\/2e1b2f3673e079e6374231ad78ba2623"},"headline":"10 cosas que debes saber antes de convivir con el Alzheimer","datePublished":"2014-12-24T01:09:00+00:00","dateModified":"2017-01-25T14:56:38+00:00","mainEntityOfPage":{"@id":"https:\/\/www.euroresidentes.com\/salud\/conviviendo-alzheimer\/10-cosas-que-debes-saber-antes-de\/"},"wordCount":938,"commentCount":8,"image":{"@id":"https:\/\/www.euroresidentes.com\/salud\/conviviendo-alzheimer\/10-cosas-que-debes-saber-antes-de\/#primaryimage"},"thumbnailUrl":"https:\/\/www.euroresidentes.com\/salud\/conviviendo-alzheimer\/wp-content\/uploads\/sites\/2\/2014\/12\/convivir-alzheimer.jpg","articleSection":["General"],"inLanguage":"es","potentialAction":[{"@type":"CommentAction","name":"Comment","target":["https:\/\/www.euroresidentes.com\/salud\/conviviendo-alzheimer\/10-cosas-que-debes-saber-antes-de\/#respond"]}]},{"@type":"WebPage","@id":"https:\/\/www.euroresidentes.com\/salud\/conviviendo-alzheimer\/10-cosas-que-debes-saber-antes-de\/","url":"https:\/\/www.euroresidentes.com\/salud\/conviviendo-alzheimer\/10-cosas-que-debes-saber-antes-de\/","name":"10 cosas que debes saber antes de convivir con el Alzheimer - Alzheimer","isPartOf":{"@id":"https:\/\/www.euroresidentes.com\/salud\/conviviendo-alzheimer\/#website"},"primaryImageOfPage":{"@id":"https:\/\/www.euroresidentes.com\/salud\/conviviendo-alzheimer\/10-cosas-que-debes-saber-antes-de\/#primaryimage"},"image":{"@id":"https:\/\/www.euroresidentes.com\/salud\/conviviendo-alzheimer\/10-cosas-que-debes-saber-antes-de\/#primaryimage"},"thumbnailUrl":"https:\/\/www.euroresidentes.com\/salud\/conviviendo-alzheimer\/wp-content\/uploads\/sites\/2\/2014\/12\/convivir-alzheimer.jpg","datePublished":"2014-12-24T01:09:00+00:00","dateModified":"2017-01-25T14:56:38+00:00","author":{"@id":"https:\/\/www.euroresidentes.com\/salud\/conviviendo-alzheimer\/#\/schema\/person\/2e1b2f3673e079e6374231ad78ba2623"},"breadcrumb":{"@id":"https:\/\/www.euroresidentes.com\/salud\/conviviendo-alzheimer\/10-cosas-que-debes-saber-antes-de\/#breadcrumb"},"inLanguage":"es","potentialAction":[{"@type":"ReadAction","target":["https:\/\/www.euroresidentes.com\/salud\/conviviendo-alzheimer\/10-cosas-que-debes-saber-antes-de\/"]}]},{"@type":"ImageObject","inLanguage":"es","@id":"https:\/\/www.euroresidentes.com\/salud\/conviviendo-alzheimer\/10-cosas-que-debes-saber-antes-de\/#primaryimage","url":"https:\/\/www.euroresidentes.com\/salud\/conviviendo-alzheimer\/wp-content\/uploads\/sites\/2\/2014\/12\/convivir-alzheimer.jpg","contentUrl":"https:\/\/www.euroresidentes.com\/salud\/conviviendo-alzheimer\/wp-content\/uploads\/sites\/2\/2014\/12\/convivir-alzheimer.jpg","width":700,"height":525,"caption":"Convivir con el alzheimer: consejos"},{"@type":"BreadcrumbList","@id":"https:\/\/www.euroresidentes.com\/salud\/conviviendo-alzheimer\/10-cosas-que-debes-saber-antes-de\/#breadcrumb","itemListElement":[{"@type":"ListItem","position":1,"name":"Portada","item":"https:\/\/www.euroresidentes.com\/salud\/conviviendo-alzheimer\/"},{"@type":"ListItem","position":2,"name":"10 cosas que debes saber antes de convivir con el Alzheimer"}]},{"@type":"WebSite","@id":"https:\/\/www.euroresidentes.com\/salud\/conviviendo-alzheimer\/#website","url":"https:\/\/www.euroresidentes.com\/salud\/conviviendo-alzheimer\/","name":"Alzheimer","description":"Alzheimer Euroresidentes","potentialAction":[{"@type":"SearchAction","target":{"@type":"EntryPoint","urlTemplate":"https:\/\/www.euroresidentes.com\/salud\/conviviendo-alzheimer\/?s={search_term_string}"},"query-input":{"@type":"PropertyValueSpecification","valueRequired":true,"valueName":"search_term_string"}}],"inLanguage":"es"},{"@type":"Person","@id":"https:\/\/www.euroresidentes.com\/salud\/conviviendo-alzheimer\/#\/schema\/person\/2e1b2f3673e079e6374231ad78ba2623","name":"Andr\u00e9s P. Lloret","image":{"@type":"ImageObject","inLanguage":"es","@id":"https:\/\/www.euroresidentes.com\/salud\/conviviendo-alzheimer\/#\/schema\/person\/image\/","url":"https:\/\/www.euroresidentes.com\/salud\/conviviendo-alzheimer\/wp-content\/uploads\/sites\/2\/2015\/01\/andy-150x150.png","contentUrl":"https:\/\/www.euroresidentes.com\/salud\/conviviendo-alzheimer\/wp-content\/uploads\/sites\/2\/2015\/01\/andy-150x150.png","caption":"Andr\u00e9s P. Lloret"},"description":"Andr\u00e9s P. Lloret Esta es mi experiencia personal como cuidador de mi abuela enferma de Alzheimer. Soy estudiante de Criminolog\u00eda y me gustan los temas de seguridad e investigaci\u00f3n criminol\u00f3gica en general.","sameAs":["https:\/\/www.euroresidentes.com\/salud\/andres-p-lloret.html"],"url":"https:\/\/www.euroresidentes.com\/salud\/conviviendo-alzheimer\/author\/andy\/"}]}},"_links":{"self":[{"href":"https:\/\/www.euroresidentes.com\/salud\/conviviendo-alzheimer\/wp-json\/wp\/v2\/posts\/123","targetHints":{"allow":["GET"]}}],"collection":[{"href":"https:\/\/www.euroresidentes.com\/salud\/conviviendo-alzheimer\/wp-json\/wp\/v2\/posts"}],"about":[{"href":"https:\/\/www.euroresidentes.com\/salud\/conviviendo-alzheimer\/wp-json\/wp\/v2\/types\/post"}],"author":[{"embeddable":true,"href":"https:\/\/www.euroresidentes.com\/salud\/conviviendo-alzheimer\/wp-json\/wp\/v2\/users\/6"}],"replies":[{"embeddable":true,"href":"https:\/\/www.euroresidentes.com\/salud\/conviviendo-alzheimer\/wp-json\/wp\/v2\/comments?post=123"}],"version-history":[{"count":5,"href":"https:\/\/www.euroresidentes.com\/salud\/conviviendo-alzheimer\/wp-json\/wp\/v2\/posts\/123\/revisions"}],"predecessor-version":[{"id":300,"href":"https:\/\/www.euroresidentes.com\/salud\/conviviendo-alzheimer\/wp-json\/wp\/v2\/posts\/123\/revisions\/300"}],"wp:featuredmedia":[{"embeddable":true,"href":"https:\/\/www.euroresidentes.com\/salud\/conviviendo-alzheimer\/wp-json\/wp\/v2\/media\/299"}],"wp:attachment":[{"href":"https:\/\/www.euroresidentes.com\/salud\/conviviendo-alzheimer\/wp-json\/wp\/v2\/media?parent=123"}],"wp:term":[{"taxonomy":"category","embeddable":true,"href":"https:\/\/www.euroresidentes.com\/salud\/conviviendo-alzheimer\/wp-json\/wp\/v2\/categories?post=123"},{"taxonomy":"post_tag","embeddable":true,"href":"https:\/\/www.euroresidentes.com\/salud\/conviviendo-alzheimer\/wp-json\/wp\/v2\/tags?post=123"}],"curies":[{"name":"wp","href":"https:\/\/api.w.org\/{rel}","templated":true}]}}