 

{"id":112,"date":"2015-06-01T17:46:00","date_gmt":"2015-06-01T17:46:00","guid":{"rendered":"https:\/\/www.euroresidentes.com\/salud\/conviviendo-alzheimer\/los-mejores-consejos-para-cuidar-la"},"modified":"2016-11-02T11:33:51","modified_gmt":"2016-11-02T10:33:51","slug":"los-mejores-consejos-para-cuidar-la","status":"publish","type":"post","link":"https:\/\/www.euroresidentes.com\/salud\/conviviendo-alzheimer\/los-mejores-consejos-para-cuidar-la\/","title":{"rendered":"Los mejores consejos para cuidar la higiene de personas con Alzheimer"},"content":{"rendered":"<h4>Es un s\u00edntoma com\u00fan en la enfermedad del Alzheimer y la demencia que los afectados pongan <b>problemas<\/b> a la hora de realizar el <b>proceso de higiene diaria<\/b>. Algunos ceden antes ante un ba\u00f1o, pero otros hacen que el cumplimiento de esta tarea por parte del cuidador sea imposible.<\/h4>\n<p><a href=\"https:\/\/www.euroresidentes.com\/salud\/conviviendo-alzheimer\/wp-content\/uploads\/sites\/2\/2015\/01\/alzheimers.jpg\"><img loading=\"lazy\" decoding=\"async\" class=\"aligncenter  wp-image-180\" src=\"https:\/\/www.euroresidentes.com\/salud\/conviviendo-alzheimer\/wp-content\/uploads\/sites\/2\/2015\/01\/alzheimers.jpg\" alt=\"aseo personal en las personas que sufren alzheimer\" width=\"641\" height=\"574\" \/><\/a><\/p>\n<p>Este post es una recopilaci\u00f3n de los\u00a0magn\u00edficos <b>consejos<\/b> que me dieron algunos miembros del maravilloso grupo \u2018<a href=\"https:\/\/www.facebook.com\/groups\/amigoscontraalzheimer\/?fref=ts\" target=\"_blank\">Amigos contra el Alzheimer<\/a>\u2019 sobre <b>la higiene y lavado<\/b> de personas afectadas por la enfermedad del <b>Alzheimer<\/b>.<br \/> <!-- inserta publi --> <br \/> Cuidadoras\/es, que se entregan en cuerpo y alma al cuidado de sus familiares enfermos sin esperar nada a cambio, ni siquiera un reconocimiento por su trabajo. Desde aqu\u00ed me gustar\u00eda tener un detalle con todos\u00a0para agradecer vuestra fant\u00e1stica ayuda, as\u00ed, he recogido los mejores consejos que me disteis en este post, son todos maravilloso, y <b>vuestra experiencia y \u2018trucos\u2019 valen millones<\/b>.<\/p>\n<h3 style=\"text-align: left;\">Aqu\u00ed ten\u00e9is los mejores consejos que espero os ayuden:\u00a0\u00a0<\/h3>\n<p><strong>1.<\/strong> <em><strong>Decirle que tiene que ir al m\u00e9dico<\/strong> y sucia no puede ir<\/em>.\u00a0Graciela Veliz<\/p>\n<p>&nbsp;<\/p>\n<p><strong>2.<\/strong><b>\u00a0<\/b><em>Pedirle que se lave porque tiene que ir de paseo o al m\u00e9dico. Al mismo tiempo pedir que colabore para que se sienta \u00fatil, con voz suave sin alterarse.<\/em>\u00a0\u00a0Basti Glen<\/p>\n<p>&nbsp;<\/p>\n<p><strong>3.<\/strong><b>\u00a0<\/b><em>Trata de <strong>no presionar pero insistiendo diariamente<\/strong>. Al menos cada dos d\u00edas lo consigue.<\/em>\u00a0Rita Ramos Gutierrez<\/p>\n<p>&nbsp;<\/p>\n<p><strong>4.<\/strong><b>\u00a0<\/b><em>Todos los d\u00edas le dice que tiene que ir al m\u00e9dico<\/em>.\u00a0Nydia E S\u00e1nchez<\/p>\n<p>&nbsp;<\/p>\n<p><strong>5.\u00a0<\/strong><em>Con mucha <strong>paciencia y sabidur\u00eda<\/strong> intenta manejar todas las situaciones.<\/em> Bernardita Jim\u00e9nez Garita<\/p>\n<p>&nbsp;<\/p>\n<p><strong>6.<\/strong>\u00a0<em><strong>Lo hace por partes,<\/strong> y la cabeza la deja para la peluquer\u00eda, llev\u00e1ndola una vez a la semana en verano y cada dos semanas en invierno. El resto del cuerpo aprovecha cuando va al servicio para lavarla con unas esponjas con jab\u00f3n que no requieren agua. S\u00f3lo pasarla y secar la zona. Una vez consigue esto, le dice que ya que esta tambi\u00e9n las piernas, luego las axilas\u2026 y as\u00ed poco a poco la va enga\u00f1ando por partes.<\/em>\u00a0Hada Sevilla<\/p>\n<p>&nbsp;<\/p>\n<p><strong>7.\u00a0<\/strong><em><strong>No es necesario que con su edad se laven todos los d\u00edas, ya que su piel es como la de los beb\u00e9s y puede da\u00f1arse<\/strong>. Se puede cambiar el papel del ba\u00f1o por toallitas h\u00famedas especiales para zonas \u00edntimas o las de los beb\u00e9s. A la hora del ba\u00f1o recordar que son como ni\u00f1os y poner juguetes en la ba\u00f1era para que se sientan alegres.<\/em>\u00a0Sara Ester Sanhueza Pizzarro<\/p>\n<p>&nbsp;<\/p>\n<p><strong>8.<em>\u00a0<\/em><\/strong><em>Cuando los enfermos no quieran asearse con ba\u00f1o h\u00famedo, <strong>usar un aseo con productos de higiene en seco<\/strong>.<\/em>\u00a0Reyes Mej\u00eda<\/p>\n<p>&nbsp;<\/p>\n<p><strong>9.<\/strong>\u00a0<em><strong>Hablar con voz tranquila sin tratarla como una ni\u00f1a<\/strong>. Lavar el cuerpo cada dos d\u00edas y el cabello una vez a la semana y el resto de higiene ba\u00f1o al sexo. Tambi\u00e9n es importante\u00a0perfumarla bien. Decirle que tiene que estar arreglada por si salimos por ah\u00ed.<\/em>\u00a0Susan Mota<\/p>\n<p><!-- inserta publi 2 --><\/p>\n<p>&nbsp;<\/p>\n<p><strong>10.\u00a0<\/strong><em><strong>Si le entusiasma el hecho de ir a pasear, ir al m\u00e9dico o recibir visitas te funciona la idea de usarlo de pretexto para animarla a ba\u00f1arse<\/strong>, le estimula y gusta escuchar m\u00fasica. Un ba\u00f1o se podr\u00eda acompa\u00f1ar de las canciones que m\u00e1s le gustan. Si le gustan las mascotas o juguetes p\u00eddele que te ayude a lavarlos en la ba\u00f1era, mientras aprovechas para ayudarla a asearse. Convertir la hora del ba\u00f1o en un momento feliz y agradable en lugar de lucha contra ellos, la mejor opci\u00f3n para enfermo y cuidador.<\/em>\u00a0Chavita Loredo<\/p>\n<p>&nbsp;<\/p>\n<p><strong>11.\u00a0<\/strong><em><strong>Es efectivo la excusa del paseo.<\/strong> Siempre tararea una canci\u00f3n y canta sobre lo que van a hacer, y le sigue. Como ya no puede cepillarse, se enjuaga la boca con bicarbonato por las ma\u00f1anas, y con listerine por las noches. Para los ancianos que usen pa\u00f1al hay que tener cuidado de echarle mucha crema para que no se irriten<\/em>.\u00a0Doris Macea<\/p>\n<p>&nbsp;<\/p>\n<p><strong>12.<\/strong>\u00a0<em>Nunca queremos hacer que se enfaden o molesten con quienes los cuidamos. A veces para no molestarlos queremos complacerlos en casi todo, pero, aunque no se deben comparar con los ni\u00f1os, se hace necesario tratarlos como tales y <strong>de vez en cuando ponerles car\u00e1cter y reprenderlos.<\/strong> Esto resulta dif\u00edcil cuando se trata de nuestros padres, pero seg\u00fan el car\u00e1cter de ellos, a veces el tratarlos con guante de seda y con cari\u00f1o, no siempre funciona. Yo lo digo por la experiencia que tengo con mi madre, quien ha sido siempre de un car\u00e1cter muy fuerte, rebelde y terca hasta m\u00e1s no poder y para mal nuestro, la enfermedad en vez de suavizarle el car\u00e1cter se lo ha reforzado a\u00fan m\u00e1s. <strong>Esos d\u00edas malos, si se presentan con mucha frecuencia, es necesario consultar con el m\u00e9dico tratante aunque la \u00faltima consulta haya sido reciente, porque a veces los cambios se presentan bruscamente y es necesario ajustar nuevamente la medicaci\u00f3n que est\u00e9n recibiendo<\/strong>. Lo digo porque me acaba de ocurrir, el mes pasado le toc\u00f3 consulta y estaba muy bien, por lo que el m\u00e9dico indic\u00f3 seguir el mismo tratamiento, pero no hab\u00edan transcurrido 8 d\u00edas cuando comenz\u00f3 a presentar cambios muy notorios y durante todo el d\u00eda y hasta altas horas de la noche daba mucha guerra. Hubo que consultar nuevamente al m\u00e9dico y este ajust\u00f3 tratamiento logrando estabilizarla nuevamente. Esta enfermedad no avisa, as\u00ed que hay que estar siempre sobre ellos.\u00a0<\/em>Thisbet Comenares<\/p>\n<p>&nbsp;<\/p>\n<p><strong>13.\u00a0<\/strong><em>Lo mejor es <strong>fijar el momento del ba\u00f1o<\/strong> antes de vestirse, para ba\u00f1arse y ponerse ropa limpia para ir a dar un paseo.<\/em>\u00a0Marianna Dalecio<\/p>\n<p>&nbsp;<\/p>\n<p><strong>14.\u00a0<\/strong><em><strong>Motivarla<\/strong> con el anuncio de una visita, salida o paseo. Cuando ya est\u00e1n limpias y lavadas se sienten muy bien y se olvidan del paseo.<\/em>\u00a0Magally Mar\u00eda Pimilla Uribe<\/p>\n<p>&nbsp;<\/p>\n<p><strong>15.<\/strong>\u00a0<em>Le dice que tiene que ir al m\u00e9dico y si no huele bien el doctor se enfada.<\/em>\u00a0Graciela Jimenez<\/p>\n<p>&nbsp;<\/p>\n<p><strong>16.<\/strong>\u00a0<em><strong>Crear una rutina<\/strong> donde el ba\u00f1o entre dentro. Desayuno, ba\u00f1o\u2026 y as\u00ed hasta que llega un d\u00eda que no es necesario decir nada.\u00a0<\/em>Elizabeth Santiago<\/p>\n<p>&nbsp;<\/p>\n<p><strong>17.\u00a0<\/strong><em>Ducharla los domingos e ir prepar\u00e1ndola toda la ma\u00f1ana, decirle que hay que ir a pasear, que para ir a pasear hay que ir aseada. Para muchos la felicidad es la calle, y hay que motivarlos con esto.<\/em>\u00a0Elba Duran Fuentes<\/p>\n<p>&nbsp;<\/p>\n<p><strong>18.<\/strong>\u00a0<strong><em>Decirle que el jab\u00f3n le hace m\u00e1s bella y joven<\/em><\/strong>.\u00a0Milagros Alvarado<\/p>\n<p>&nbsp;<\/p>\n<p><strong>19.<\/strong>\u00a0<em><strong>Tener mucha paciencia<\/strong> o decir que viene una visita de lejos. Si no lo consigue ni con esas, le asea por etapas.<\/em>\u00a0Mirta Da Silva<\/p>\n<p>&nbsp;<\/p>\n<p><strong>20.<\/strong>\u00a0<em>Es necesario el aseo diario para que no sea desagradable el olor a orina. La lava con el agua lo m\u00e1s tibia posible, aunque s\u00f3lo una vez al d\u00eda.<\/em>\u00a0Lina Sanchez<\/p>\n<p>&nbsp;<\/p>\n<p><strong>21.<\/strong>\u00a0<em><strong>Entrarla al ba\u00f1o y ba\u00f1arla normal, como si fuese ella misma<\/strong>, igual con el lavado de sus dientes. No le habla hasta haber terminado con el ba\u00f1o.\u00a0<\/em>Beatriz Ramirez<\/p>\n<p>&nbsp;<\/p>\n<p><strong>22.\u00a0<\/strong><em><strong>Con cari\u00f1o decirle que van a salir, y que quieres que se vea bonita<\/strong>.\u00a0<\/em>Maria Araque<\/p>\n<p>&nbsp;<\/p>\n<p><strong>23.<\/strong>\u00a0<em>La digo que vamos a hacer una misa por el cumplea\u00f1os de su marido y acepta al ba\u00f1o. Si no, cita con el doctor que la examinar\u00e1 y tiene que ir limpia para que no nos llame la atenci\u00f3n.<\/em>\u00a0Ada Quispe<\/p>\n<p>&nbsp;<\/p>\n<p><strong>24.<\/strong>\u00a0<em>Decirle que tiene que ba\u00f1arse par salir, para no enfermar o no verse fea, siempre con agua tibia.<\/em>\u00a0Marlene Bello<\/p>\n<p>&nbsp;<\/p>\n<p><strong>25.\u00a0<\/strong><em>Enga\u00f1arles como ni\u00f1os, al principio no quieres, pero luego no quieren salir del ba\u00f1o, siempre con amor y paciencia.\u00a0<\/em>Marthy Prexios<\/p>\n<p>&nbsp;<\/p>\n<p><strong>25.\u00a0<\/strong><em>Si no acepta meterse en la ducha. Ba\u00f1o de esponja diario y tratar de lavarle l cabeza y sumergir sus pies en agua tibia.<\/em>\u00a0Zoila Ismene Casta\u00f1eda Gastelo<\/p>\n<p>&nbsp;<\/p>\n<p><strong>26.<\/strong>\u00a0<em>Contratar a una se\u00f1ora que iba un d\u00eda s\u00ed otro no estrictamente para ba\u00f1arla. En este caso es importante <strong>buscar a una profesional<\/strong>, ya que saben tratarlas muy bien. A personas que no est\u00e1n preparadas puede superarles la situaci\u00f3n.<\/em>\u00a0Silvia Fernandez Ascheri<\/p>\n<p>&nbsp;<\/p>\n<p><strong>27.<\/strong>\u00a0<em>Decirle que tiene que ba\u00f1arse para ir al al m\u00e9dico y debe estar limpio.\u00a0<\/em>Maria Ponce de Leon<\/p>\n<p>&nbsp;<\/p>\n<p><strong>28.\u00a0<\/strong><em><strong>Decirle que te acompa\u00f1e al ba\u00f1o porque te da miedo\u00a0entrar sola.<\/strong> Y dentro del ba\u00f1o decirle que porque no se ducha ella primero con agua tibia.<\/em> \u00a0Alba Lourdes Rodriguez Morales<\/p>\n<p>&nbsp;<\/p>\n<p><i>\u00a0Si conoces m\u00e1s trucos para conseguir la higiene diaria en personas mayores que se niegan al ba\u00f1o, por favor d\u00e9janos un comentario para poder <b>ayudar a otras personas.<\/b><\/i><\/p>\n<p>&nbsp;<\/p>\n<p><strong>Lecturas relacionadas:<\/strong><\/p>\n<ul>\n<li><a href=\"https:\/\/www.euroresidentes.com\/salud\/conviviendo-alzheimer\/5-cosas-que-no-debes-hacer-con-personas\" target=\"_blank\">5 cosas que no debes hacer a personas con Alzheimer<\/a><\/li>\n<li><a href=\"https:\/\/www.euroresidentes.com\/salud\/conviviendo-alzheimer\/cuidadores-de-alzheimer-siempre-en-e\" target=\"_blank\">Cuidadores de personas con Alzheimer: siempre en el ojo del hurac\u00e1n<\/a><\/li>\n<\/ul>\n<div>\u00a0<\/div>\n","protected":false},"excerpt":{"rendered":"<p>Es un s\u00edntoma com\u00fan en la enfermedad del Alzheimer y la demencia que los afectados pongan problemas a la hora de realizar el proceso de higiene diaria. Algunos ceden antes ante un ba\u00f1o, pero otros hacen que el cumplimiento de esta tarea por parte del cuidador sea imposible. Este post es una recopilaci\u00f3n de los\u00a0magn\u00edficos consejos que me dieron algunos miembros del maravilloso grupo \u2018Amigos contra el Alzheimer\u2019 sobre la higiene y lavado de personas afectadas por la enfermedad del Alzheimer. Cuidadoras\/es, que se entregan en cuerpo y alma al cuidado de sus familiares enfermos sin esperar nada a cambio, <\/p>\n","protected":false},"author":6,"featured_media":180,"comment_status":"open","ping_status":"open","sticky":false,"template":"","format":"standard","meta":{"footnotes":""},"categories":[1],"tags":[6],"class_list":["post-112","post","type-post","status-publish","format-standard","has-post-thumbnail","hentry","category-general","tag-consejos","has_thumb"],"yoast_head":"<!-- This site is optimized with the Yoast SEO plugin v26.8 - https:\/\/yoast.com\/product\/yoast-seo-wordpress\/ -->\n<title>Los mejores consejos para cuidar la higiene de personas con Alzheimer - Alzheimer<\/title>\n<meta name=\"robots\" content=\"index, follow, max-snippet:-1, max-image-preview:large, max-video-preview:-1\" \/>\n<link rel=\"canonical\" href=\"https:\/\/www.euroresidentes.com\/salud\/conviviendo-alzheimer\/los-mejores-consejos-para-cuidar-la\/\" \/>\n<meta property=\"og:locale\" content=\"es_ES\" \/>\n<meta property=\"og:type\" content=\"article\" \/>\n<meta property=\"og:title\" content=\"Los mejores consejos para cuidar la higiene de personas con Alzheimer - Alzheimer\" \/>\n<meta property=\"og:description\" content=\"Es un s\u00edntoma com\u00fan en la enfermedad del Alzheimer y la demencia que los afectados pongan problemas a la hora de realizar el proceso de higiene diaria. Algunos ceden antes ante un ba\u00f1o, pero otros hacen que el cumplimiento de esta tarea por parte del cuidador sea imposible. Este post es una recopilaci\u00f3n de los\u00a0magn\u00edficos consejos que me dieron algunos miembros del maravilloso grupo \u2018Amigos contra el Alzheimer\u2019 sobre la higiene y lavado de personas afectadas por la enfermedad del Alzheimer. Cuidadoras\/es, que se entregan en cuerpo y alma al cuidado de sus familiares enfermos sin esperar nada a cambio,\" \/>\n<meta property=\"og:url\" content=\"https:\/\/www.euroresidentes.com\/salud\/conviviendo-alzheimer\/los-mejores-consejos-para-cuidar-la\/\" \/>\n<meta property=\"og:site_name\" content=\"Alzheimer\" \/>\n<meta property=\"article:published_time\" content=\"2015-06-01T17:46:00+00:00\" \/>\n<meta property=\"article:modified_time\" content=\"2016-11-02T10:33:51+00:00\" \/>\n<meta property=\"og:image\" content=\"https:\/\/www.euroresidentes.com\/salud\/conviviendo-alzheimer\/wp-content\/uploads\/sites\/2\/2015\/01\/alzheimers.jpg\" \/>\n\t<meta property=\"og:image:width\" content=\"600\" \/>\n\t<meta property=\"og:image:height\" content=\"493\" \/>\n\t<meta property=\"og:image:type\" content=\"image\/jpeg\" \/>\n<meta name=\"author\" content=\"Andr\u00e9s P. Lloret\" \/>\n<meta name=\"twitter:card\" content=\"summary_large_image\" \/>\n<meta name=\"twitter:label1\" content=\"Written by\" \/>\n\t<meta name=\"twitter:data1\" content=\"Andr\u00e9s P. Lloret\" \/>\n\t<meta name=\"twitter:label2\" content=\"Est. reading time\" \/>\n\t<meta name=\"twitter:data2\" content=\"8 minutos\" \/>\n<script type=\"application\/ld+json\" class=\"yoast-schema-graph\">{\"@context\":\"https:\/\/schema.org\",\"@graph\":[{\"@type\":\"Article\",\"@id\":\"https:\/\/www.euroresidentes.com\/salud\/conviviendo-alzheimer\/los-mejores-consejos-para-cuidar-la\/#article\",\"isPartOf\":{\"@id\":\"https:\/\/www.euroresidentes.com\/salud\/conviviendo-alzheimer\/los-mejores-consejos-para-cuidar-la\/\"},\"author\":{\"name\":\"Andr\u00e9s P. Lloret\",\"@id\":\"https:\/\/www.euroresidentes.com\/salud\/conviviendo-alzheimer\/#\/schema\/person\/2e1b2f3673e079e6374231ad78ba2623\"},\"headline\":\"Los mejores consejos para cuidar la higiene de personas con Alzheimer\",\"datePublished\":\"2015-06-01T17:46:00+00:00\",\"dateModified\":\"2016-11-02T10:33:51+00:00\",\"mainEntityOfPage\":{\"@id\":\"https:\/\/www.euroresidentes.com\/salud\/conviviendo-alzheimer\/los-mejores-consejos-para-cuidar-la\/\"},\"wordCount\":1516,\"commentCount\":1,\"image\":{\"@id\":\"https:\/\/www.euroresidentes.com\/salud\/conviviendo-alzheimer\/los-mejores-consejos-para-cuidar-la\/#primaryimage\"},\"thumbnailUrl\":\"https:\/\/www.euroresidentes.com\/salud\/conviviendo-alzheimer\/wp-content\/uploads\/sites\/2\/2015\/01\/alzheimers.jpg\",\"keywords\":[\"consejos\"],\"articleSection\":[\"General\"],\"inLanguage\":\"es\",\"potentialAction\":[{\"@type\":\"CommentAction\",\"name\":\"Comment\",\"target\":[\"https:\/\/www.euroresidentes.com\/salud\/conviviendo-alzheimer\/los-mejores-consejos-para-cuidar-la\/#respond\"]}]},{\"@type\":\"WebPage\",\"@id\":\"https:\/\/www.euroresidentes.com\/salud\/conviviendo-alzheimer\/los-mejores-consejos-para-cuidar-la\/\",\"url\":\"https:\/\/www.euroresidentes.com\/salud\/conviviendo-alzheimer\/los-mejores-consejos-para-cuidar-la\/\",\"name\":\"Los mejores consejos para cuidar la higiene de personas con Alzheimer - Alzheimer\",\"isPartOf\":{\"@id\":\"https:\/\/www.euroresidentes.com\/salud\/conviviendo-alzheimer\/#website\"},\"primaryImageOfPage\":{\"@id\":\"https:\/\/www.euroresidentes.com\/salud\/conviviendo-alzheimer\/los-mejores-consejos-para-cuidar-la\/#primaryimage\"},\"image\":{\"@id\":\"https:\/\/www.euroresidentes.com\/salud\/conviviendo-alzheimer\/los-mejores-consejos-para-cuidar-la\/#primaryimage\"},\"thumbnailUrl\":\"https:\/\/www.euroresidentes.com\/salud\/conviviendo-alzheimer\/wp-content\/uploads\/sites\/2\/2015\/01\/alzheimers.jpg\",\"datePublished\":\"2015-06-01T17:46:00+00:00\",\"dateModified\":\"2016-11-02T10:33:51+00:00\",\"author\":{\"@id\":\"https:\/\/www.euroresidentes.com\/salud\/conviviendo-alzheimer\/#\/schema\/person\/2e1b2f3673e079e6374231ad78ba2623\"},\"breadcrumb\":{\"@id\":\"https:\/\/www.euroresidentes.com\/salud\/conviviendo-alzheimer\/los-mejores-consejos-para-cuidar-la\/#breadcrumb\"},\"inLanguage\":\"es\",\"potentialAction\":[{\"@type\":\"ReadAction\",\"target\":[\"https:\/\/www.euroresidentes.com\/salud\/conviviendo-alzheimer\/los-mejores-consejos-para-cuidar-la\/\"]}]},{\"@type\":\"ImageObject\",\"inLanguage\":\"es\",\"@id\":\"https:\/\/www.euroresidentes.com\/salud\/conviviendo-alzheimer\/los-mejores-consejos-para-cuidar-la\/#primaryimage\",\"url\":\"https:\/\/www.euroresidentes.com\/salud\/conviviendo-alzheimer\/wp-content\/uploads\/sites\/2\/2015\/01\/alzheimers.jpg\",\"contentUrl\":\"https:\/\/www.euroresidentes.com\/salud\/conviviendo-alzheimer\/wp-content\/uploads\/sites\/2\/2015\/01\/alzheimers.jpg\",\"width\":600,\"height\":493,\"caption\":\"aseo personal en las personas que sufren alzheimer\"},{\"@type\":\"BreadcrumbList\",\"@id\":\"https:\/\/www.euroresidentes.com\/salud\/conviviendo-alzheimer\/los-mejores-consejos-para-cuidar-la\/#breadcrumb\",\"itemListElement\":[{\"@type\":\"ListItem\",\"position\":1,\"name\":\"Portada\",\"item\":\"https:\/\/www.euroresidentes.com\/salud\/conviviendo-alzheimer\/\"},{\"@type\":\"ListItem\",\"position\":2,\"name\":\"Los mejores consejos para cuidar la higiene de personas con Alzheimer\"}]},{\"@type\":\"WebSite\",\"@id\":\"https:\/\/www.euroresidentes.com\/salud\/conviviendo-alzheimer\/#website\",\"url\":\"https:\/\/www.euroresidentes.com\/salud\/conviviendo-alzheimer\/\",\"name\":\"Alzheimer\",\"description\":\"Alzheimer Euroresidentes\",\"potentialAction\":[{\"@type\":\"SearchAction\",\"target\":{\"@type\":\"EntryPoint\",\"urlTemplate\":\"https:\/\/www.euroresidentes.com\/salud\/conviviendo-alzheimer\/?s={search_term_string}\"},\"query-input\":{\"@type\":\"PropertyValueSpecification\",\"valueRequired\":true,\"valueName\":\"search_term_string\"}}],\"inLanguage\":\"es\"},{\"@type\":\"Person\",\"@id\":\"https:\/\/www.euroresidentes.com\/salud\/conviviendo-alzheimer\/#\/schema\/person\/2e1b2f3673e079e6374231ad78ba2623\",\"name\":\"Andr\u00e9s P. Lloret\",\"image\":{\"@type\":\"ImageObject\",\"inLanguage\":\"es\",\"@id\":\"https:\/\/www.euroresidentes.com\/salud\/conviviendo-alzheimer\/#\/schema\/person\/image\/\",\"url\":\"https:\/\/www.euroresidentes.com\/salud\/conviviendo-alzheimer\/wp-content\/uploads\/sites\/2\/2015\/01\/andy-150x150.png\",\"contentUrl\":\"https:\/\/www.euroresidentes.com\/salud\/conviviendo-alzheimer\/wp-content\/uploads\/sites\/2\/2015\/01\/andy-150x150.png\",\"caption\":\"Andr\u00e9s P. Lloret\"},\"description\":\"Andr\u00e9s P. Lloret Esta es mi experiencia personal como cuidador de mi abuela enferma de Alzheimer. Soy estudiante de Criminolog\u00eda y me gustan los temas de seguridad e investigaci\u00f3n criminol\u00f3gica en general.\",\"sameAs\":[\"https:\/\/www.euroresidentes.com\/salud\/andres-p-lloret.html\"],\"url\":\"https:\/\/www.euroresidentes.com\/salud\/conviviendo-alzheimer\/author\/andy\/\"}]}<\/script>\n<!-- \/ Yoast SEO plugin. -->","yoast_head_json":{"title":"Los mejores consejos para cuidar la higiene de personas con Alzheimer - Alzheimer","robots":{"index":"index","follow":"follow","max-snippet":"max-snippet:-1","max-image-preview":"max-image-preview:large","max-video-preview":"max-video-preview:-1"},"canonical":"https:\/\/www.euroresidentes.com\/salud\/conviviendo-alzheimer\/los-mejores-consejos-para-cuidar-la\/","og_locale":"es_ES","og_type":"article","og_title":"Los mejores consejos para cuidar la higiene de personas con Alzheimer - Alzheimer","og_description":"Es un s\u00edntoma com\u00fan en la enfermedad del Alzheimer y la demencia que los afectados pongan problemas a la hora de realizar el proceso de higiene diaria. Algunos ceden antes ante un ba\u00f1o, pero otros hacen que el cumplimiento de esta tarea por parte del cuidador sea imposible. Este post es una recopilaci\u00f3n de los\u00a0magn\u00edficos consejos que me dieron algunos miembros del maravilloso grupo \u2018Amigos contra el Alzheimer\u2019 sobre la higiene y lavado de personas afectadas por la enfermedad del Alzheimer. Cuidadoras\/es, que se entregan en cuerpo y alma al cuidado de sus familiares enfermos sin esperar nada a cambio,","og_url":"https:\/\/www.euroresidentes.com\/salud\/conviviendo-alzheimer\/los-mejores-consejos-para-cuidar-la\/","og_site_name":"Alzheimer","article_published_time":"2015-06-01T17:46:00+00:00","article_modified_time":"2016-11-02T10:33:51+00:00","og_image":[{"width":600,"height":493,"url":"https:\/\/www.euroresidentes.com\/salud\/conviviendo-alzheimer\/wp-content\/uploads\/sites\/2\/2015\/01\/alzheimers.jpg","type":"image\/jpeg"}],"author":"Andr\u00e9s P. Lloret","twitter_card":"summary_large_image","twitter_misc":{"Written by":"Andr\u00e9s P. Lloret","Est. reading time":"8 minutos"},"schema":{"@context":"https:\/\/schema.org","@graph":[{"@type":"Article","@id":"https:\/\/www.euroresidentes.com\/salud\/conviviendo-alzheimer\/los-mejores-consejos-para-cuidar-la\/#article","isPartOf":{"@id":"https:\/\/www.euroresidentes.com\/salud\/conviviendo-alzheimer\/los-mejores-consejos-para-cuidar-la\/"},"author":{"name":"Andr\u00e9s P. Lloret","@id":"https:\/\/www.euroresidentes.com\/salud\/conviviendo-alzheimer\/#\/schema\/person\/2e1b2f3673e079e6374231ad78ba2623"},"headline":"Los mejores consejos para cuidar la higiene de personas con Alzheimer","datePublished":"2015-06-01T17:46:00+00:00","dateModified":"2016-11-02T10:33:51+00:00","mainEntityOfPage":{"@id":"https:\/\/www.euroresidentes.com\/salud\/conviviendo-alzheimer\/los-mejores-consejos-para-cuidar-la\/"},"wordCount":1516,"commentCount":1,"image":{"@id":"https:\/\/www.euroresidentes.com\/salud\/conviviendo-alzheimer\/los-mejores-consejos-para-cuidar-la\/#primaryimage"},"thumbnailUrl":"https:\/\/www.euroresidentes.com\/salud\/conviviendo-alzheimer\/wp-content\/uploads\/sites\/2\/2015\/01\/alzheimers.jpg","keywords":["consejos"],"articleSection":["General"],"inLanguage":"es","potentialAction":[{"@type":"CommentAction","name":"Comment","target":["https:\/\/www.euroresidentes.com\/salud\/conviviendo-alzheimer\/los-mejores-consejos-para-cuidar-la\/#respond"]}]},{"@type":"WebPage","@id":"https:\/\/www.euroresidentes.com\/salud\/conviviendo-alzheimer\/los-mejores-consejos-para-cuidar-la\/","url":"https:\/\/www.euroresidentes.com\/salud\/conviviendo-alzheimer\/los-mejores-consejos-para-cuidar-la\/","name":"Los mejores consejos para cuidar la higiene de personas con Alzheimer - Alzheimer","isPartOf":{"@id":"https:\/\/www.euroresidentes.com\/salud\/conviviendo-alzheimer\/#website"},"primaryImageOfPage":{"@id":"https:\/\/www.euroresidentes.com\/salud\/conviviendo-alzheimer\/los-mejores-consejos-para-cuidar-la\/#primaryimage"},"image":{"@id":"https:\/\/www.euroresidentes.com\/salud\/conviviendo-alzheimer\/los-mejores-consejos-para-cuidar-la\/#primaryimage"},"thumbnailUrl":"https:\/\/www.euroresidentes.com\/salud\/conviviendo-alzheimer\/wp-content\/uploads\/sites\/2\/2015\/01\/alzheimers.jpg","datePublished":"2015-06-01T17:46:00+00:00","dateModified":"2016-11-02T10:33:51+00:00","author":{"@id":"https:\/\/www.euroresidentes.com\/salud\/conviviendo-alzheimer\/#\/schema\/person\/2e1b2f3673e079e6374231ad78ba2623"},"breadcrumb":{"@id":"https:\/\/www.euroresidentes.com\/salud\/conviviendo-alzheimer\/los-mejores-consejos-para-cuidar-la\/#breadcrumb"},"inLanguage":"es","potentialAction":[{"@type":"ReadAction","target":["https:\/\/www.euroresidentes.com\/salud\/conviviendo-alzheimer\/los-mejores-consejos-para-cuidar-la\/"]}]},{"@type":"ImageObject","inLanguage":"es","@id":"https:\/\/www.euroresidentes.com\/salud\/conviviendo-alzheimer\/los-mejores-consejos-para-cuidar-la\/#primaryimage","url":"https:\/\/www.euroresidentes.com\/salud\/conviviendo-alzheimer\/wp-content\/uploads\/sites\/2\/2015\/01\/alzheimers.jpg","contentUrl":"https:\/\/www.euroresidentes.com\/salud\/conviviendo-alzheimer\/wp-content\/uploads\/sites\/2\/2015\/01\/alzheimers.jpg","width":600,"height":493,"caption":"aseo personal en las personas que sufren alzheimer"},{"@type":"BreadcrumbList","@id":"https:\/\/www.euroresidentes.com\/salud\/conviviendo-alzheimer\/los-mejores-consejos-para-cuidar-la\/#breadcrumb","itemListElement":[{"@type":"ListItem","position":1,"name":"Portada","item":"https:\/\/www.euroresidentes.com\/salud\/conviviendo-alzheimer\/"},{"@type":"ListItem","position":2,"name":"Los mejores consejos para cuidar la higiene de personas con Alzheimer"}]},{"@type":"WebSite","@id":"https:\/\/www.euroresidentes.com\/salud\/conviviendo-alzheimer\/#website","url":"https:\/\/www.euroresidentes.com\/salud\/conviviendo-alzheimer\/","name":"Alzheimer","description":"Alzheimer Euroresidentes","potentialAction":[{"@type":"SearchAction","target":{"@type":"EntryPoint","urlTemplate":"https:\/\/www.euroresidentes.com\/salud\/conviviendo-alzheimer\/?s={search_term_string}"},"query-input":{"@type":"PropertyValueSpecification","valueRequired":true,"valueName":"search_term_string"}}],"inLanguage":"es"},{"@type":"Person","@id":"https:\/\/www.euroresidentes.com\/salud\/conviviendo-alzheimer\/#\/schema\/person\/2e1b2f3673e079e6374231ad78ba2623","name":"Andr\u00e9s P. Lloret","image":{"@type":"ImageObject","inLanguage":"es","@id":"https:\/\/www.euroresidentes.com\/salud\/conviviendo-alzheimer\/#\/schema\/person\/image\/","url":"https:\/\/www.euroresidentes.com\/salud\/conviviendo-alzheimer\/wp-content\/uploads\/sites\/2\/2015\/01\/andy-150x150.png","contentUrl":"https:\/\/www.euroresidentes.com\/salud\/conviviendo-alzheimer\/wp-content\/uploads\/sites\/2\/2015\/01\/andy-150x150.png","caption":"Andr\u00e9s P. Lloret"},"description":"Andr\u00e9s P. Lloret Esta es mi experiencia personal como cuidador de mi abuela enferma de Alzheimer. Soy estudiante de Criminolog\u00eda y me gustan los temas de seguridad e investigaci\u00f3n criminol\u00f3gica en general.","sameAs":["https:\/\/www.euroresidentes.com\/salud\/andres-p-lloret.html"],"url":"https:\/\/www.euroresidentes.com\/salud\/conviviendo-alzheimer\/author\/andy\/"}]}},"_links":{"self":[{"href":"https:\/\/www.euroresidentes.com\/salud\/conviviendo-alzheimer\/wp-json\/wp\/v2\/posts\/112","targetHints":{"allow":["GET"]}}],"collection":[{"href":"https:\/\/www.euroresidentes.com\/salud\/conviviendo-alzheimer\/wp-json\/wp\/v2\/posts"}],"about":[{"href":"https:\/\/www.euroresidentes.com\/salud\/conviviendo-alzheimer\/wp-json\/wp\/v2\/types\/post"}],"author":[{"embeddable":true,"href":"https:\/\/www.euroresidentes.com\/salud\/conviviendo-alzheimer\/wp-json\/wp\/v2\/users\/6"}],"replies":[{"embeddable":true,"href":"https:\/\/www.euroresidentes.com\/salud\/conviviendo-alzheimer\/wp-json\/wp\/v2\/comments?post=112"}],"version-history":[{"count":6,"href":"https:\/\/www.euroresidentes.com\/salud\/conviviendo-alzheimer\/wp-json\/wp\/v2\/posts\/112\/revisions"}],"predecessor-version":[{"id":278,"href":"https:\/\/www.euroresidentes.com\/salud\/conviviendo-alzheimer\/wp-json\/wp\/v2\/posts\/112\/revisions\/278"}],"wp:featuredmedia":[{"embeddable":true,"href":"https:\/\/www.euroresidentes.com\/salud\/conviviendo-alzheimer\/wp-json\/wp\/v2\/media\/180"}],"wp:attachment":[{"href":"https:\/\/www.euroresidentes.com\/salud\/conviviendo-alzheimer\/wp-json\/wp\/v2\/media?parent=112"}],"wp:term":[{"taxonomy":"category","embeddable":true,"href":"https:\/\/www.euroresidentes.com\/salud\/conviviendo-alzheimer\/wp-json\/wp\/v2\/categories?post=112"},{"taxonomy":"post_tag","embeddable":true,"href":"https:\/\/www.euroresidentes.com\/salud\/conviviendo-alzheimer\/wp-json\/wp\/v2\/tags?post=112"}],"curies":[{"name":"wp","href":"https:\/\/api.w.org\/{rel}","templated":true}]}}