{"id":976,"date":"2005-01-26T10:17:00","date_gmt":"2005-01-26T10:17:00","guid":{"rendered":"http:\/\/www.euroresidentes.com\/hogar\/noticias-vivienda\/deducciones-fiscales-para-alquiler-de"},"modified":"2017-01-09T12:42:51","modified_gmt":"2017-01-09T11:42:51","slug":"deducciones-fiscales-para-alquiler-de","status":"publish","type":"post","link":"https:\/\/www.euroresidentes.com\/hogar\/noticias-vivienda\/deducciones-fiscales-para-alquiler-de\/","title":{"rendered":"Deducciones fiscales para alquiler de vivienda"},"content":{"rendered":"<p>La Ministra de la Vivienda concedi\u00f3 ayer 25 de enero una entrevista a Tele 5 reafirmando algunas de sus intervenciones de los \u00faltimos meses. Sin embargo, no acabamos de ver claro su postura y la del Vicepresidente Solbes. Mientras que Solbes no se muestra ni mucho menos entusiasmado con las deducciones, la Ministra parece que opta por las mismas, incluso para los alquileres de vivienda.<\/p>\n<p><strong>Deducciones fiscales para alquiler<\/strong><\/p>\n<p>Una de las novedades es que su Ministerio apuesta por introducir deducciones al alquiler de pisos.  Trujillo asegur\u00f3 adem\u00e1s que no desaparecer\u00e1n las desgravaciones fiscales a la compra para los propietarios que se benefician ahora de ellas (postura que tambi\u00e9n ha se\u00f1alado Solbes).<\/p>\n<p><em>\u00abLos ciudadanos pueden estar tranquilos porque las desgravaciones fiscales que existen a la compra de vivienda no tendr\u00e1n efectos retroactivos\u00bb,<\/em> indic\u00f3, aunque dej\u00f3 claro que todas las posibilidades se est\u00e1n estudiando en el marco de la reforma fiscal que el Gobierno pretende acometer este a\u00f1o.<\/p>\n<p>Interpretamos que esta afirmaci\u00f3n coloca claramente la pelota en el tejado del Vicepresidente Solbes.<\/p>\n<p><\/p>\n","protected":false},"excerpt":{"rendered":"<p>La Ministra de la Vivienda concedi\u00f3 ayer 25 de enero una entrevista a Tele 5 reafirmando algunas de sus intervenciones de los \u00faltimos meses. Sin embargo, no acabamos de ver claro su postura y la del Vicepresidente Solbes. Mientras que Solbes no se muestra ni mucho menos entusiasmado con las deducciones, la Ministra parece que opta por las mismas, incluso para los alquileres de vivienda. Deducciones fiscales para alquiler Una de las novedades es que su Ministerio apuesta por introducir deducciones al alquiler de pisos. Trujillo asegur\u00f3 adem\u00e1s que no desaparecer\u00e1n las desgravaciones fiscales a la compra para los propietarios <\/p>\n","protected":false},"author":1,"featured_media":0,"comment_status":"open","ping_status":"open","sticky":false,"template":"","format":"standard","meta":{"footnotes":""},"categories":[1],"tags":[37,38,45],"class_list":["post-976","post","type-post","status-publish","format-standard","hentry","category-general","tag-alquiler","tag-ayudas","tag-fiscalidad"],"yoast_head":"<!-- This site is optimized with the Yoast SEO plugin v24.1 - https:\/\/yoast.com\/wordpress\/plugins\/seo\/ -->\n<title>Deducciones fiscales para alquiler de vivienda - Noticias vivienda<\/title>\n<meta name=\"robots\" content=\"index, follow, max-snippet:-1, max-image-preview:large, max-video-preview:-1\" \/>\n<link rel=\"canonical\" href=\"https:\/\/www.euroresidentes.com\/hogar\/noticias-vivienda\/deducciones-fiscales-para-alquiler-de\/\" \/>\n<meta property=\"og:locale\" content=\"es_ES\" \/>\n<meta property=\"og:type\" content=\"article\" \/>\n<meta property=\"og:title\" content=\"Deducciones fiscales para alquiler de vivienda - Noticias vivienda\" \/>\n<meta property=\"og:description\" content=\"La Ministra de la Vivienda concedi\u00f3 ayer 25 de enero una entrevista a Tele 5 reafirmando algunas de sus intervenciones de los \u00faltimos meses. Sin embargo, no acabamos de ver claro su postura y la del Vicepresidente Solbes. Mientras que Solbes no se muestra ni mucho menos entusiasmado con las deducciones, la Ministra parece que opta por las mismas, incluso para los alquileres de vivienda. Deducciones fiscales para alquiler Una de las novedades es que su Ministerio apuesta por introducir deducciones al alquiler de pisos. Trujillo asegur\u00f3 adem\u00e1s que no desaparecer\u00e1n las desgravaciones fiscales a la compra para los propietarios\" \/>\n<meta property=\"og:url\" content=\"https:\/\/www.euroresidentes.com\/hogar\/noticias-vivienda\/deducciones-fiscales-para-alquiler-de\/\" \/>\n<meta property=\"og:site_name\" content=\"Noticias vivienda\" \/>\n<meta property=\"article:publisher\" content=\"https:\/\/www.facebook.com\/euroresidentes\/\" \/>\n<meta property=\"article:published_time\" content=\"2005-01-26T10:17:00+00:00\" \/>\n<meta property=\"article:modified_time\" content=\"2017-01-09T11:42:51+00:00\" \/>\n<meta name=\"author\" content=\"Euroresidentes\" \/>\n<meta name=\"twitter:card\" content=\"summary_large_image\" \/>\n<meta name=\"twitter:label1\" content=\"Written by\" \/>\n\t<meta name=\"twitter:data1\" content=\"Euroresidentes\" \/>\n\t<meta name=\"twitter:label2\" content=\"Est. reading time\" \/>\n\t<meta name=\"twitter:data2\" content=\"1 minuto\" \/>\n<script type=\"application\/ld+json\" class=\"yoast-schema-graph\">{\"@context\":\"https:\/\/schema.org\",\"@graph\":[{\"@type\":\"WebPage\",\"@id\":\"https:\/\/www.euroresidentes.com\/hogar\/noticias-vivienda\/deducciones-fiscales-para-alquiler-de\/\",\"url\":\"https:\/\/www.euroresidentes.com\/hogar\/noticias-vivienda\/deducciones-fiscales-para-alquiler-de\/\",\"name\":\"Deducciones fiscales para alquiler de vivienda - Noticias vivienda\",\"isPartOf\":{\"@id\":\"https:\/\/www.euroresidentes.com\/hogar\/noticias-vivienda\/#website\"},\"datePublished\":\"2005-01-26T10:17:00+00:00\",\"dateModified\":\"2017-01-09T11:42:51+00:00\",\"author\":{\"@id\":\"https:\/\/www.euroresidentes.com\/hogar\/noticias-vivienda\/#\/schema\/person\/072d6dc5ad9406b70bb3499e911bb321\"},\"breadcrumb\":{\"@id\":\"https:\/\/www.euroresidentes.com\/hogar\/noticias-vivienda\/deducciones-fiscales-para-alquiler-de\/#breadcrumb\"},\"inLanguage\":\"es\",\"potentialAction\":[{\"@type\":\"ReadAction\",\"target\":[\"https:\/\/www.euroresidentes.com\/hogar\/noticias-vivienda\/deducciones-fiscales-para-alquiler-de\/\"]}]},{\"@type\":\"BreadcrumbList\",\"@id\":\"https:\/\/www.euroresidentes.com\/hogar\/noticias-vivienda\/deducciones-fiscales-para-alquiler-de\/#breadcrumb\",\"itemListElement\":[{\"@type\":\"ListItem\",\"position\":1,\"name\":\"Portada\",\"item\":\"https:\/\/www.euroresidentes.com\/hogar\/noticias-vivienda\/\"},{\"@type\":\"ListItem\",\"position\":2,\"name\":\"Deducciones fiscales para alquiler de vivienda\"}]},{\"@type\":\"WebSite\",\"@id\":\"https:\/\/www.euroresidentes.com\/hogar\/noticias-vivienda\/#website\",\"url\":\"https:\/\/www.euroresidentes.com\/hogar\/noticias-vivienda\/\",\"name\":\"Noticias vivienda\",\"description\":\"Euroresidentes\",\"potentialAction\":[{\"@type\":\"SearchAction\",\"target\":{\"@type\":\"EntryPoint\",\"urlTemplate\":\"https:\/\/www.euroresidentes.com\/hogar\/noticias-vivienda\/?s={search_term_string}\"},\"query-input\":{\"@type\":\"PropertyValueSpecification\",\"valueRequired\":true,\"valueName\":\"search_term_string\"}}],\"inLanguage\":\"es\"},{\"@type\":\"Person\",\"@id\":\"https:\/\/www.euroresidentes.com\/hogar\/noticias-vivienda\/#\/schema\/person\/072d6dc5ad9406b70bb3499e911bb321\",\"name\":\"Euroresidentes\",\"image\":{\"@type\":\"ImageObject\",\"inLanguage\":\"es\",\"@id\":\"https:\/\/www.euroresidentes.com\/hogar\/noticias-vivienda\/#\/schema\/person\/image\/\",\"url\":\"https:\/\/www.euroresidentes.com\/hogar\/noticias-vivienda\/wp-content\/uploads\/sites\/9\/2016\/08\/logo-euroresidentes-150x150.jpg\",\"contentUrl\":\"https:\/\/www.euroresidentes.com\/hogar\/noticias-vivienda\/wp-content\/uploads\/sites\/9\/2016\/08\/logo-euroresidentes-150x150.jpg\",\"caption\":\"Euroresidentes\"},\"description\":\"EuroresidentesContenidos \u00fatiles para resolver las necesidades grandes y peque\u00f1as de la vida cotidiana.\",\"sameAs\":[\"https:\/\/www.euroresidentes.com\/info.htm\"],\"url\":\"https:\/\/www.euroresidentes.com\/hogar\/noticias-vivienda\/author\/euroresidentes\/\"}]}<\/script>\n<!-- \/ Yoast SEO plugin. -->","yoast_head_json":{"title":"Deducciones fiscales para alquiler de vivienda - Noticias vivienda","robots":{"index":"index","follow":"follow","max-snippet":"max-snippet:-1","max-image-preview":"max-image-preview:large","max-video-preview":"max-video-preview:-1"},"canonical":"https:\/\/www.euroresidentes.com\/hogar\/noticias-vivienda\/deducciones-fiscales-para-alquiler-de\/","og_locale":"es_ES","og_type":"article","og_title":"Deducciones fiscales para alquiler de vivienda - Noticias vivienda","og_description":"La Ministra de la Vivienda concedi\u00f3 ayer 25 de enero una entrevista a Tele 5 reafirmando algunas de sus intervenciones de los \u00faltimos meses. Sin embargo, no acabamos de ver claro su postura y la del Vicepresidente Solbes. Mientras que Solbes no se muestra ni mucho menos entusiasmado con las deducciones, la Ministra parece que opta por las mismas, incluso para los alquileres de vivienda. Deducciones fiscales para alquiler Una de las novedades es que su Ministerio apuesta por introducir deducciones al alquiler de pisos. Trujillo asegur\u00f3 adem\u00e1s que no desaparecer\u00e1n las desgravaciones fiscales a la compra para los propietarios","og_url":"https:\/\/www.euroresidentes.com\/hogar\/noticias-vivienda\/deducciones-fiscales-para-alquiler-de\/","og_site_name":"Noticias vivienda","article_publisher":"https:\/\/www.facebook.com\/euroresidentes\/","article_published_time":"2005-01-26T10:17:00+00:00","article_modified_time":"2017-01-09T11:42:51+00:00","author":"Euroresidentes","twitter_card":"summary_large_image","twitter_misc":{"Written by":"Euroresidentes","Est. reading time":"1 minuto"},"schema":{"@context":"https:\/\/schema.org","@graph":[{"@type":"WebPage","@id":"https:\/\/www.euroresidentes.com\/hogar\/noticias-vivienda\/deducciones-fiscales-para-alquiler-de\/","url":"https:\/\/www.euroresidentes.com\/hogar\/noticias-vivienda\/deducciones-fiscales-para-alquiler-de\/","name":"Deducciones fiscales para alquiler de vivienda - Noticias vivienda","isPartOf":{"@id":"https:\/\/www.euroresidentes.com\/hogar\/noticias-vivienda\/#website"},"datePublished":"2005-01-26T10:17:00+00:00","dateModified":"2017-01-09T11:42:51+00:00","author":{"@id":"https:\/\/www.euroresidentes.com\/hogar\/noticias-vivienda\/#\/schema\/person\/072d6dc5ad9406b70bb3499e911bb321"},"breadcrumb":{"@id":"https:\/\/www.euroresidentes.com\/hogar\/noticias-vivienda\/deducciones-fiscales-para-alquiler-de\/#breadcrumb"},"inLanguage":"es","potentialAction":[{"@type":"ReadAction","target":["https:\/\/www.euroresidentes.com\/hogar\/noticias-vivienda\/deducciones-fiscales-para-alquiler-de\/"]}]},{"@type":"BreadcrumbList","@id":"https:\/\/www.euroresidentes.com\/hogar\/noticias-vivienda\/deducciones-fiscales-para-alquiler-de\/#breadcrumb","itemListElement":[{"@type":"ListItem","position":1,"name":"Portada","item":"https:\/\/www.euroresidentes.com\/hogar\/noticias-vivienda\/"},{"@type":"ListItem","position":2,"name":"Deducciones fiscales para alquiler de vivienda"}]},{"@type":"WebSite","@id":"https:\/\/www.euroresidentes.com\/hogar\/noticias-vivienda\/#website","url":"https:\/\/www.euroresidentes.com\/hogar\/noticias-vivienda\/","name":"Noticias vivienda","description":"Euroresidentes","potentialAction":[{"@type":"SearchAction","target":{"@type":"EntryPoint","urlTemplate":"https:\/\/www.euroresidentes.com\/hogar\/noticias-vivienda\/?s={search_term_string}"},"query-input":{"@type":"PropertyValueSpecification","valueRequired":true,"valueName":"search_term_string"}}],"inLanguage":"es"},{"@type":"Person","@id":"https:\/\/www.euroresidentes.com\/hogar\/noticias-vivienda\/#\/schema\/person\/072d6dc5ad9406b70bb3499e911bb321","name":"Euroresidentes","image":{"@type":"ImageObject","inLanguage":"es","@id":"https:\/\/www.euroresidentes.com\/hogar\/noticias-vivienda\/#\/schema\/person\/image\/","url":"https:\/\/www.euroresidentes.com\/hogar\/noticias-vivienda\/wp-content\/uploads\/sites\/9\/2016\/08\/logo-euroresidentes-150x150.jpg","contentUrl":"https:\/\/www.euroresidentes.com\/hogar\/noticias-vivienda\/wp-content\/uploads\/sites\/9\/2016\/08\/logo-euroresidentes-150x150.jpg","caption":"Euroresidentes"},"description":"EuroresidentesContenidos \u00fatiles para resolver las necesidades grandes y peque\u00f1as de la vida cotidiana.","sameAs":["https:\/\/www.euroresidentes.com\/info.htm"],"url":"https:\/\/www.euroresidentes.com\/hogar\/noticias-vivienda\/author\/euroresidentes\/"}]}},"_links":{"self":[{"href":"https:\/\/www.euroresidentes.com\/hogar\/noticias-vivienda\/wp-json\/wp\/v2\/posts\/976","targetHints":{"allow":["GET"]}}],"collection":[{"href":"https:\/\/www.euroresidentes.com\/hogar\/noticias-vivienda\/wp-json\/wp\/v2\/posts"}],"about":[{"href":"https:\/\/www.euroresidentes.com\/hogar\/noticias-vivienda\/wp-json\/wp\/v2\/types\/post"}],"author":[{"embeddable":true,"href":"https:\/\/www.euroresidentes.com\/hogar\/noticias-vivienda\/wp-json\/wp\/v2\/users\/1"}],"replies":[{"embeddable":true,"href":"https:\/\/www.euroresidentes.com\/hogar\/noticias-vivienda\/wp-json\/wp\/v2\/comments?post=976"}],"version-history":[{"count":1,"href":"https:\/\/www.euroresidentes.com\/hogar\/noticias-vivienda\/wp-json\/wp\/v2\/posts\/976\/revisions"}],"predecessor-version":[{"id":1453,"href":"https:\/\/www.euroresidentes.com\/hogar\/noticias-vivienda\/wp-json\/wp\/v2\/posts\/976\/revisions\/1453"}],"wp:attachment":[{"href":"https:\/\/www.euroresidentes.com\/hogar\/noticias-vivienda\/wp-json\/wp\/v2\/media?parent=976"}],"wp:term":[{"taxonomy":"category","embeddable":true,"href":"https:\/\/www.euroresidentes.com\/hogar\/noticias-vivienda\/wp-json\/wp\/v2\/categories?post=976"},{"taxonomy":"post_tag","embeddable":true,"href":"https:\/\/www.euroresidentes.com\/hogar\/noticias-vivienda\/wp-json\/wp\/v2\/tags?post=976"}],"curies":[{"name":"wp","href":"https:\/\/api.w.org\/{rel}","templated":true}]}}