{"id":974,"date":"2005-01-28T00:00:00","date_gmt":"2005-01-28T00:00:00","guid":{"rendered":"http:\/\/www.euroresidentes.com\/hogar\/noticias-vivienda\/empresarios"},"modified":"2017-01-09T12:42:51","modified_gmt":"2017-01-09T11:42:51","slug":"empresarios","status":"publish","type":"post","link":"https:\/\/www.euroresidentes.com\/hogar\/noticias-vivienda\/empresarios\/","title":{"rendered":"Empresarios"},"content":{"rendered":"<p><strong>La ministra y su Plan Vivienda<\/strong><\/p>\n<p>Esta semana la ministra se ha referido al Plan de la Vivienda, se\u00f1alando que introducir\u00eda nuevas tipolog\u00edas, como los pisos para rentas medias; fomentar\u00eda las viviendas de protecci\u00f3n oficial en compra o alquiler, y potenciar\u00eda la rehabilitaci\u00f3n de edificios, de barrios y de zonas degradadas. Ya nos hemos referido a sus comentarios sobre el alquiler de viviendas y  sobre las deducciones fiscales a la vivienda.<\/p>\n<p><strong>Reacciones de los empresarios<\/strong><\/p>\n<p>\u00abCon nuevos organismos o con dinero no se va a resolver el problema de la vivienda en Espa\u00f1a\u00bb. As\u00ed, de tajante se mostraba ayer el m\u00e1ximo responsable del Comit\u00e9 de Pol\u00edtica Econ\u00f3mica del C\u00edrculo de Empresarios, Fernando Eguidazu, quien mostr\u00f3 el rechazo de la organizaci\u00f3n a las \u00faltimas iniciativas del Ministerio de Vivienda.<\/p>\n<p>El C\u00edrculo de Empresarios aboga por <em>\u00abeliminar restricciones e intervenciones artificiales en la oferta y la demanda\u00bb<\/em> impulsando la plena liberalizaci\u00f3n del suelo, agilizando la burocracia administrativa y eliminando los incentivos a la demanda de vivienda libre, y pide adem\u00e1s fomentar la vivienda de protecci\u00f3n oficial (VPO), pero para alquiler.<\/p>\n<p><strong>Ni tan torpe la Ministra, ni tan listos los empresarios<\/strong><\/p>\n<p>Puede que la pol\u00edtica de la vivienda no sea acertada. Quiz\u00e1s Zapatero no anduvo muy afinado a la hora de repartir cuotas pol\u00edticas. Pero lo que es innegable es que durante los \u00faltimos 8 a\u00f1os la oferta y la demanda sin restricciones ha llevado a uno de los encarecimientos m\u00e1s escandalosos de un bien de primera necesidad para todos los espa\u00f1oles.<\/p>\n<p>El fuerte endeudamiento de las familias espa\u00f1olas, el componente especulativo de una buena parte de la demanda justifican m\u00e1s que de sobra una pol\u00edtica activa por parte del Gobierno. S\u00f3lo los muy bajos tipos de inter\u00e9s de los pr\u00e9stamos hipotecarios han hecho posible que la demanda pueda absorber la enorme actividad constructora de estos a\u00f1os&#8230;<\/p>\n<p>Se\u00f1ores empresarios, habr\u00eda que o\u00edrles a ustedes si subieran los tipos de inter\u00e9s&#8230; De la noche a la ma\u00f1ana su liberalismo se transformar\u00eda en el intervencionismo m\u00e1s ortodoxo.<\/p>\n<p> Enlaces:<br \/>\n<\/p>\n<ul>\n<li><a href=\"http:\/\/www.euroresidentes.com\/Blogs\/vivienda\/2005\/01\/deducciones-fiscales-para-alquiler-de.html\">Deducciones fiscales para alquiler de vivienda <\/a><\/li>\n<li><a href=\"http:\/\/www.euroresidentes.com\/Blogs\/vivienda\/2005\/01\/un-millon-de-viviendas-vacias-al.html\">Un mill\u00f3n de viviendas vac\u00edas para alquilar<\/a><\/li>\n<li><a href=\"http:\/\/www.euroresidentes.com\/Blogs\/vivienda\/2004\/11\/agencia-pblica-del-alquiler.html\">Agencia P\u00fablica del Alquiler <\/a><\/li>\n<li><a href=\"http:\/\/www.euroresidentes.com\/Blogs\/vivienda\/2005\/01\/vivienda-y-deducciones-fiscales-2005.html\">Vivienda y deducciones fiscales 2005<\/a> <\/li>\n<\/ul>\n","protected":false},"excerpt":{"rendered":"<p>La ministra y su Plan Vivienda Esta semana la ministra se ha referido al Plan de la Vivienda, se\u00f1alando que introducir\u00eda nuevas tipolog\u00edas, como los pisos para rentas medias; fomentar\u00eda las viviendas de protecci\u00f3n oficial en compra o alquiler, y potenciar\u00eda la rehabilitaci\u00f3n de edificios, de barrios y de zonas degradadas. Ya nos hemos referido a sus comentarios sobre el alquiler de viviendas y sobre las deducciones fiscales a la vivienda. Reacciones de los empresarios \u00abCon nuevos organismos o con dinero no se va a resolver el problema de la vivienda en Espa\u00f1a\u00bb. As\u00ed, de tajante se mostraba ayer el <\/p>\n","protected":false},"author":1,"featured_media":0,"comment_status":"open","ping_status":"open","sticky":false,"template":"","format":"standard","meta":{"footnotes":""},"categories":[1],"tags":[32],"class_list":["post-974","post","type-post","status-publish","format-standard","hentry","category-general","tag-promotores"],"yoast_head":"<!-- This site is optimized with the Yoast SEO plugin v24.1 - https:\/\/yoast.com\/wordpress\/plugins\/seo\/ -->\n<title>Empresarios - Noticias vivienda<\/title>\n<meta name=\"robots\" content=\"index, follow, max-snippet:-1, max-image-preview:large, max-video-preview:-1\" \/>\n<link rel=\"canonical\" href=\"https:\/\/www.euroresidentes.com\/hogar\/noticias-vivienda\/empresarios\/\" \/>\n<meta property=\"og:locale\" content=\"es_ES\" \/>\n<meta property=\"og:type\" content=\"article\" \/>\n<meta property=\"og:title\" content=\"Empresarios - Noticias vivienda\" \/>\n<meta property=\"og:description\" content=\"La ministra y su Plan Vivienda Esta semana la ministra se ha referido al Plan de la Vivienda, se\u00f1alando que introducir\u00eda nuevas tipolog\u00edas, como los pisos para rentas medias; fomentar\u00eda las viviendas de protecci\u00f3n oficial en compra o alquiler, y potenciar\u00eda la rehabilitaci\u00f3n de edificios, de barrios y de zonas degradadas. Ya nos hemos referido a sus comentarios sobre el alquiler de viviendas y sobre las deducciones fiscales a la vivienda. Reacciones de los empresarios \u00abCon nuevos organismos o con dinero no se va a resolver el problema de la vivienda en Espa\u00f1a\u00bb. As\u00ed, de tajante se mostraba ayer el\" \/>\n<meta property=\"og:url\" content=\"https:\/\/www.euroresidentes.com\/hogar\/noticias-vivienda\/empresarios\/\" \/>\n<meta property=\"og:site_name\" content=\"Noticias vivienda\" \/>\n<meta property=\"article:publisher\" content=\"https:\/\/www.facebook.com\/euroresidentes\/\" \/>\n<meta property=\"article:published_time\" content=\"2005-01-28T00:00:00+00:00\" \/>\n<meta property=\"article:modified_time\" content=\"2017-01-09T11:42:51+00:00\" \/>\n<meta name=\"author\" content=\"Euroresidentes\" \/>\n<meta name=\"twitter:card\" content=\"summary_large_image\" \/>\n<meta name=\"twitter:label1\" content=\"Written by\" \/>\n\t<meta name=\"twitter:data1\" content=\"Euroresidentes\" \/>\n\t<meta name=\"twitter:label2\" content=\"Est. reading time\" \/>\n\t<meta name=\"twitter:data2\" content=\"2 minutos\" \/>\n<script type=\"application\/ld+json\" class=\"yoast-schema-graph\">{\"@context\":\"https:\/\/schema.org\",\"@graph\":[{\"@type\":\"WebPage\",\"@id\":\"https:\/\/www.euroresidentes.com\/hogar\/noticias-vivienda\/empresarios\/\",\"url\":\"https:\/\/www.euroresidentes.com\/hogar\/noticias-vivienda\/empresarios\/\",\"name\":\"Empresarios - Noticias vivienda\",\"isPartOf\":{\"@id\":\"https:\/\/www.euroresidentes.com\/hogar\/noticias-vivienda\/#website\"},\"datePublished\":\"2005-01-28T00:00:00+00:00\",\"dateModified\":\"2017-01-09T11:42:51+00:00\",\"author\":{\"@id\":\"https:\/\/www.euroresidentes.com\/hogar\/noticias-vivienda\/#\/schema\/person\/072d6dc5ad9406b70bb3499e911bb321\"},\"breadcrumb\":{\"@id\":\"https:\/\/www.euroresidentes.com\/hogar\/noticias-vivienda\/empresarios\/#breadcrumb\"},\"inLanguage\":\"es\",\"potentialAction\":[{\"@type\":\"ReadAction\",\"target\":[\"https:\/\/www.euroresidentes.com\/hogar\/noticias-vivienda\/empresarios\/\"]}]},{\"@type\":\"BreadcrumbList\",\"@id\":\"https:\/\/www.euroresidentes.com\/hogar\/noticias-vivienda\/empresarios\/#breadcrumb\",\"itemListElement\":[{\"@type\":\"ListItem\",\"position\":1,\"name\":\"Portada\",\"item\":\"https:\/\/www.euroresidentes.com\/hogar\/noticias-vivienda\/\"},{\"@type\":\"ListItem\",\"position\":2,\"name\":\"Empresarios\"}]},{\"@type\":\"WebSite\",\"@id\":\"https:\/\/www.euroresidentes.com\/hogar\/noticias-vivienda\/#website\",\"url\":\"https:\/\/www.euroresidentes.com\/hogar\/noticias-vivienda\/\",\"name\":\"Noticias vivienda\",\"description\":\"Euroresidentes\",\"potentialAction\":[{\"@type\":\"SearchAction\",\"target\":{\"@type\":\"EntryPoint\",\"urlTemplate\":\"https:\/\/www.euroresidentes.com\/hogar\/noticias-vivienda\/?s={search_term_string}\"},\"query-input\":{\"@type\":\"PropertyValueSpecification\",\"valueRequired\":true,\"valueName\":\"search_term_string\"}}],\"inLanguage\":\"es\"},{\"@type\":\"Person\",\"@id\":\"https:\/\/www.euroresidentes.com\/hogar\/noticias-vivienda\/#\/schema\/person\/072d6dc5ad9406b70bb3499e911bb321\",\"name\":\"Euroresidentes\",\"image\":{\"@type\":\"ImageObject\",\"inLanguage\":\"es\",\"@id\":\"https:\/\/www.euroresidentes.com\/hogar\/noticias-vivienda\/#\/schema\/person\/image\/\",\"url\":\"https:\/\/www.euroresidentes.com\/hogar\/noticias-vivienda\/wp-content\/uploads\/sites\/9\/2016\/08\/logo-euroresidentes-150x150.jpg\",\"contentUrl\":\"https:\/\/www.euroresidentes.com\/hogar\/noticias-vivienda\/wp-content\/uploads\/sites\/9\/2016\/08\/logo-euroresidentes-150x150.jpg\",\"caption\":\"Euroresidentes\"},\"description\":\"EuroresidentesContenidos \u00fatiles para resolver las necesidades grandes y peque\u00f1as de la vida cotidiana.\",\"sameAs\":[\"https:\/\/www.euroresidentes.com\/info.htm\"],\"url\":\"https:\/\/www.euroresidentes.com\/hogar\/noticias-vivienda\/author\/euroresidentes\/\"}]}<\/script>\n<!-- \/ Yoast SEO plugin. -->","yoast_head_json":{"title":"Empresarios - Noticias vivienda","robots":{"index":"index","follow":"follow","max-snippet":"max-snippet:-1","max-image-preview":"max-image-preview:large","max-video-preview":"max-video-preview:-1"},"canonical":"https:\/\/www.euroresidentes.com\/hogar\/noticias-vivienda\/empresarios\/","og_locale":"es_ES","og_type":"article","og_title":"Empresarios - Noticias vivienda","og_description":"La ministra y su Plan Vivienda Esta semana la ministra se ha referido al Plan de la Vivienda, se\u00f1alando que introducir\u00eda nuevas tipolog\u00edas, como los pisos para rentas medias; fomentar\u00eda las viviendas de protecci\u00f3n oficial en compra o alquiler, y potenciar\u00eda la rehabilitaci\u00f3n de edificios, de barrios y de zonas degradadas. Ya nos hemos referido a sus comentarios sobre el alquiler de viviendas y sobre las deducciones fiscales a la vivienda. Reacciones de los empresarios \u00abCon nuevos organismos o con dinero no se va a resolver el problema de la vivienda en Espa\u00f1a\u00bb. As\u00ed, de tajante se mostraba ayer el","og_url":"https:\/\/www.euroresidentes.com\/hogar\/noticias-vivienda\/empresarios\/","og_site_name":"Noticias vivienda","article_publisher":"https:\/\/www.facebook.com\/euroresidentes\/","article_published_time":"2005-01-28T00:00:00+00:00","article_modified_time":"2017-01-09T11:42:51+00:00","author":"Euroresidentes","twitter_card":"summary_large_image","twitter_misc":{"Written by":"Euroresidentes","Est. reading time":"2 minutos"},"schema":{"@context":"https:\/\/schema.org","@graph":[{"@type":"WebPage","@id":"https:\/\/www.euroresidentes.com\/hogar\/noticias-vivienda\/empresarios\/","url":"https:\/\/www.euroresidentes.com\/hogar\/noticias-vivienda\/empresarios\/","name":"Empresarios - Noticias vivienda","isPartOf":{"@id":"https:\/\/www.euroresidentes.com\/hogar\/noticias-vivienda\/#website"},"datePublished":"2005-01-28T00:00:00+00:00","dateModified":"2017-01-09T11:42:51+00:00","author":{"@id":"https:\/\/www.euroresidentes.com\/hogar\/noticias-vivienda\/#\/schema\/person\/072d6dc5ad9406b70bb3499e911bb321"},"breadcrumb":{"@id":"https:\/\/www.euroresidentes.com\/hogar\/noticias-vivienda\/empresarios\/#breadcrumb"},"inLanguage":"es","potentialAction":[{"@type":"ReadAction","target":["https:\/\/www.euroresidentes.com\/hogar\/noticias-vivienda\/empresarios\/"]}]},{"@type":"BreadcrumbList","@id":"https:\/\/www.euroresidentes.com\/hogar\/noticias-vivienda\/empresarios\/#breadcrumb","itemListElement":[{"@type":"ListItem","position":1,"name":"Portada","item":"https:\/\/www.euroresidentes.com\/hogar\/noticias-vivienda\/"},{"@type":"ListItem","position":2,"name":"Empresarios"}]},{"@type":"WebSite","@id":"https:\/\/www.euroresidentes.com\/hogar\/noticias-vivienda\/#website","url":"https:\/\/www.euroresidentes.com\/hogar\/noticias-vivienda\/","name":"Noticias vivienda","description":"Euroresidentes","potentialAction":[{"@type":"SearchAction","target":{"@type":"EntryPoint","urlTemplate":"https:\/\/www.euroresidentes.com\/hogar\/noticias-vivienda\/?s={search_term_string}"},"query-input":{"@type":"PropertyValueSpecification","valueRequired":true,"valueName":"search_term_string"}}],"inLanguage":"es"},{"@type":"Person","@id":"https:\/\/www.euroresidentes.com\/hogar\/noticias-vivienda\/#\/schema\/person\/072d6dc5ad9406b70bb3499e911bb321","name":"Euroresidentes","image":{"@type":"ImageObject","inLanguage":"es","@id":"https:\/\/www.euroresidentes.com\/hogar\/noticias-vivienda\/#\/schema\/person\/image\/","url":"https:\/\/www.euroresidentes.com\/hogar\/noticias-vivienda\/wp-content\/uploads\/sites\/9\/2016\/08\/logo-euroresidentes-150x150.jpg","contentUrl":"https:\/\/www.euroresidentes.com\/hogar\/noticias-vivienda\/wp-content\/uploads\/sites\/9\/2016\/08\/logo-euroresidentes-150x150.jpg","caption":"Euroresidentes"},"description":"EuroresidentesContenidos \u00fatiles para resolver las necesidades grandes y peque\u00f1as de la vida cotidiana.","sameAs":["https:\/\/www.euroresidentes.com\/info.htm"],"url":"https:\/\/www.euroresidentes.com\/hogar\/noticias-vivienda\/author\/euroresidentes\/"}]}},"_links":{"self":[{"href":"https:\/\/www.euroresidentes.com\/hogar\/noticias-vivienda\/wp-json\/wp\/v2\/posts\/974","targetHints":{"allow":["GET"]}}],"collection":[{"href":"https:\/\/www.euroresidentes.com\/hogar\/noticias-vivienda\/wp-json\/wp\/v2\/posts"}],"about":[{"href":"https:\/\/www.euroresidentes.com\/hogar\/noticias-vivienda\/wp-json\/wp\/v2\/types\/post"}],"author":[{"embeddable":true,"href":"https:\/\/www.euroresidentes.com\/hogar\/noticias-vivienda\/wp-json\/wp\/v2\/users\/1"}],"replies":[{"embeddable":true,"href":"https:\/\/www.euroresidentes.com\/hogar\/noticias-vivienda\/wp-json\/wp\/v2\/comments?post=974"}],"version-history":[{"count":1,"href":"https:\/\/www.euroresidentes.com\/hogar\/noticias-vivienda\/wp-json\/wp\/v2\/posts\/974\/revisions"}],"predecessor-version":[{"id":1450,"href":"https:\/\/www.euroresidentes.com\/hogar\/noticias-vivienda\/wp-json\/wp\/v2\/posts\/974\/revisions\/1450"}],"wp:attachment":[{"href":"https:\/\/www.euroresidentes.com\/hogar\/noticias-vivienda\/wp-json\/wp\/v2\/media?parent=974"}],"wp:term":[{"taxonomy":"category","embeddable":true,"href":"https:\/\/www.euroresidentes.com\/hogar\/noticias-vivienda\/wp-json\/wp\/v2\/categories?post=974"},{"taxonomy":"post_tag","embeddable":true,"href":"https:\/\/www.euroresidentes.com\/hogar\/noticias-vivienda\/wp-json\/wp\/v2\/tags?post=974"}],"curies":[{"name":"wp","href":"https:\/\/api.w.org\/{rel}","templated":true}]}}