{"id":966,"date":"2005-02-08T14:09:00","date_gmt":"2005-02-08T14:09:00","guid":{"rendered":"http:\/\/www.euroresidentes.com\/hogar\/noticias-vivienda\/arquitectos-y-rehabilitacin-de"},"modified":"2017-01-09T12:42:50","modified_gmt":"2017-01-09T11:42:50","slug":"arquitectos-y-rehabilitacin-de","status":"publish","type":"post","link":"https:\/\/www.euroresidentes.com\/hogar\/noticias-vivienda\/arquitectos-y-rehabilitacin-de\/","title":{"rendered":"Arquitectos y rehabilitaci\u00f3n de vivienda"},"content":{"rendered":"<p>Los arquitectos han querido hacer una llamada de atenci\u00f3n al gobierno para propiciar una racionalizaci\u00f3n de las actuaciones p\u00fablicas en materia de vivienda.<\/p>\n<p>Parece sensato advertir a la opini\u00f3n p\u00fablica que Espa\u00f1a no puede mantener su ritmo de construcci\u00f3n de m\u00e1s de 600.000 viviendas anuales. Capacidad del mercado aparte,  los arquitectos  consideran \u00abun despilfarro\u00bb econ\u00f3mico y energ\u00e9tico, la construcci\u00f3n desmedida y especulativa de vivienda nueva.<\/p>\n<p><strong>La rehabilitaci\u00f3n de vivienda como alternativa<\/strong><\/p>\n<p>La rehabilitaci\u00f3n de edificios supone una alternativa de racionalizaci\u00f3n al estado actual del mercado de la vivienda. Por esta raz\u00f3n, los arquitectos piden un <strong>Plan de Rehabilitaci\u00f3n<\/strong> y se\u00f1alan que \u00abrehabilitar un edificio de viviendas supone un ahorro energ\u00e9tico y de contaminaci\u00f3n un 60% frente a la construcci\u00f3n de uno nuevo\u00bb. Es aqu\u00ed donde deber\u00eda abunda la pol\u00edtica de vivienda del Ministerio, a juicio de los arquitectos.<\/p>\n<p>Llegan m\u00e1s lejos en sus posturas cuando afirman que <em>\u00abEl modelo de Plan de Vivienda Nacional est\u00e1 obsoleto porque estamos repitiendo un modelo desarrollista e insatisfactorio para la demanda insolvente\u00bb,<\/em> es decir, no soluciona los problemas para las personas con problemas de acceso a la vivienda, dicen los arquitectos en un informe remitido al Ministerio de Mar\u00eda Antonia Trujillo.<\/p>\n<p><strong>Pol\u00edtica de rehabilitaci\u00f3n<\/strong><\/p>\n<p>Es una pena que una demanda de tal tipo no vaya acompa\u00f1ada de una mayor concreci\u00f3n, Ayudas, incentivos, cuantificaci\u00f3n presupuestaria y sobre todo, de una pol\u00edtica urban\u00edstica que pueda devolver valor a las zonas degradadas de las ciudades y entornos urbanos. Sin duda, una pol\u00edtica de rehabilitaci\u00f3n muy activa puede ser deseable, pero dentro de un contexto donde las demandas sociales (\u00abdemanda insolvente\u00bb para los arquitectos)  sean prioritariamente atendidas.<br \/>\n<\/p>\n<ul>\n<li><a href=\"http:\/\/www.euroresidentes.com\/Blogs\/vivienda\/2005\/01\/ventanilla-nica-para-la-rehabilitacin.html\">Ventanilla \u00fanica para la rehabilitaci\u00f3n <\/a><\/li>\n<\/ul>\n","protected":false},"excerpt":{"rendered":"<p>Los arquitectos han querido hacer una llamada de atenci\u00f3n al gobierno para propiciar una racionalizaci\u00f3n de las actuaciones p\u00fablicas en materia de vivienda. Parece sensato advertir a la opini\u00f3n p\u00fablica que Espa\u00f1a no puede mantener su ritmo de construcci\u00f3n de m\u00e1s de 600.000 viviendas anuales. Capacidad del mercado aparte, los arquitectos consideran \u00abun despilfarro\u00bb econ\u00f3mico y energ\u00e9tico, la construcci\u00f3n desmedida y especulativa de vivienda nueva. La rehabilitaci\u00f3n de vivienda como alternativa La rehabilitaci\u00f3n de edificios supone una alternativa de racionalizaci\u00f3n al estado actual del mercado de la vivienda. Por esta raz\u00f3n, los arquitectos piden un Plan de Rehabilitaci\u00f3n y se\u00f1alan <\/p>\n","protected":false},"author":1,"featured_media":0,"comment_status":"open","ping_status":"open","sticky":false,"template":"","format":"standard","meta":{"footnotes":""},"categories":[1],"tags":[],"class_list":["post-966","post","type-post","status-publish","format-standard","hentry","category-general"],"yoast_head":"<!-- This site is optimized with the Yoast SEO plugin v24.1 - https:\/\/yoast.com\/wordpress\/plugins\/seo\/ -->\n<title>Arquitectos y rehabilitaci\u00f3n de vivienda - Noticias vivienda<\/title>\n<meta name=\"robots\" content=\"index, follow, max-snippet:-1, max-image-preview:large, max-video-preview:-1\" \/>\n<link rel=\"canonical\" href=\"https:\/\/www.euroresidentes.com\/hogar\/noticias-vivienda\/arquitectos-y-rehabilitacin-de\/\" \/>\n<meta property=\"og:locale\" content=\"es_ES\" \/>\n<meta property=\"og:type\" content=\"article\" \/>\n<meta property=\"og:title\" content=\"Arquitectos y rehabilitaci\u00f3n de vivienda - Noticias vivienda\" \/>\n<meta property=\"og:description\" content=\"Los arquitectos han querido hacer una llamada de atenci\u00f3n al gobierno para propiciar una racionalizaci\u00f3n de las actuaciones p\u00fablicas en materia de vivienda. Parece sensato advertir a la opini\u00f3n p\u00fablica que Espa\u00f1a no puede mantener su ritmo de construcci\u00f3n de m\u00e1s de 600.000 viviendas anuales. Capacidad del mercado aparte, los arquitectos consideran \u00abun despilfarro\u00bb econ\u00f3mico y energ\u00e9tico, la construcci\u00f3n desmedida y especulativa de vivienda nueva. La rehabilitaci\u00f3n de vivienda como alternativa La rehabilitaci\u00f3n de edificios supone una alternativa de racionalizaci\u00f3n al estado actual del mercado de la vivienda. Por esta raz\u00f3n, los arquitectos piden un Plan de Rehabilitaci\u00f3n y se\u00f1alan\" \/>\n<meta property=\"og:url\" content=\"https:\/\/www.euroresidentes.com\/hogar\/noticias-vivienda\/arquitectos-y-rehabilitacin-de\/\" \/>\n<meta property=\"og:site_name\" content=\"Noticias vivienda\" \/>\n<meta property=\"article:publisher\" content=\"https:\/\/www.facebook.com\/euroresidentes\/\" \/>\n<meta property=\"article:published_time\" content=\"2005-02-08T14:09:00+00:00\" \/>\n<meta property=\"article:modified_time\" content=\"2017-01-09T11:42:50+00:00\" \/>\n<meta name=\"author\" content=\"Euroresidentes\" \/>\n<meta name=\"twitter:card\" content=\"summary_large_image\" \/>\n<meta name=\"twitter:label1\" content=\"Written by\" \/>\n\t<meta name=\"twitter:data1\" content=\"Euroresidentes\" \/>\n\t<meta name=\"twitter:label2\" content=\"Est. reading time\" \/>\n\t<meta name=\"twitter:data2\" content=\"2 minutos\" \/>\n<script type=\"application\/ld+json\" class=\"yoast-schema-graph\">{\"@context\":\"https:\/\/schema.org\",\"@graph\":[{\"@type\":\"WebPage\",\"@id\":\"https:\/\/www.euroresidentes.com\/hogar\/noticias-vivienda\/arquitectos-y-rehabilitacin-de\/\",\"url\":\"https:\/\/www.euroresidentes.com\/hogar\/noticias-vivienda\/arquitectos-y-rehabilitacin-de\/\",\"name\":\"Arquitectos y rehabilitaci\u00f3n de vivienda - Noticias vivienda\",\"isPartOf\":{\"@id\":\"https:\/\/www.euroresidentes.com\/hogar\/noticias-vivienda\/#website\"},\"datePublished\":\"2005-02-08T14:09:00+00:00\",\"dateModified\":\"2017-01-09T11:42:50+00:00\",\"author\":{\"@id\":\"https:\/\/www.euroresidentes.com\/hogar\/noticias-vivienda\/#\/schema\/person\/072d6dc5ad9406b70bb3499e911bb321\"},\"breadcrumb\":{\"@id\":\"https:\/\/www.euroresidentes.com\/hogar\/noticias-vivienda\/arquitectos-y-rehabilitacin-de\/#breadcrumb\"},\"inLanguage\":\"es\",\"potentialAction\":[{\"@type\":\"ReadAction\",\"target\":[\"https:\/\/www.euroresidentes.com\/hogar\/noticias-vivienda\/arquitectos-y-rehabilitacin-de\/\"]}]},{\"@type\":\"BreadcrumbList\",\"@id\":\"https:\/\/www.euroresidentes.com\/hogar\/noticias-vivienda\/arquitectos-y-rehabilitacin-de\/#breadcrumb\",\"itemListElement\":[{\"@type\":\"ListItem\",\"position\":1,\"name\":\"Portada\",\"item\":\"https:\/\/www.euroresidentes.com\/hogar\/noticias-vivienda\/\"},{\"@type\":\"ListItem\",\"position\":2,\"name\":\"Arquitectos y rehabilitaci\u00f3n de vivienda\"}]},{\"@type\":\"WebSite\",\"@id\":\"https:\/\/www.euroresidentes.com\/hogar\/noticias-vivienda\/#website\",\"url\":\"https:\/\/www.euroresidentes.com\/hogar\/noticias-vivienda\/\",\"name\":\"Noticias vivienda\",\"description\":\"Euroresidentes\",\"potentialAction\":[{\"@type\":\"SearchAction\",\"target\":{\"@type\":\"EntryPoint\",\"urlTemplate\":\"https:\/\/www.euroresidentes.com\/hogar\/noticias-vivienda\/?s={search_term_string}\"},\"query-input\":{\"@type\":\"PropertyValueSpecification\",\"valueRequired\":true,\"valueName\":\"search_term_string\"}}],\"inLanguage\":\"es\"},{\"@type\":\"Person\",\"@id\":\"https:\/\/www.euroresidentes.com\/hogar\/noticias-vivienda\/#\/schema\/person\/072d6dc5ad9406b70bb3499e911bb321\",\"name\":\"Euroresidentes\",\"image\":{\"@type\":\"ImageObject\",\"inLanguage\":\"es\",\"@id\":\"https:\/\/www.euroresidentes.com\/hogar\/noticias-vivienda\/#\/schema\/person\/image\/\",\"url\":\"https:\/\/www.euroresidentes.com\/hogar\/noticias-vivienda\/wp-content\/uploads\/sites\/9\/2016\/08\/logo-euroresidentes-150x150.jpg\",\"contentUrl\":\"https:\/\/www.euroresidentes.com\/hogar\/noticias-vivienda\/wp-content\/uploads\/sites\/9\/2016\/08\/logo-euroresidentes-150x150.jpg\",\"caption\":\"Euroresidentes\"},\"description\":\"EuroresidentesContenidos \u00fatiles para resolver las necesidades grandes y peque\u00f1as de la vida cotidiana.\",\"sameAs\":[\"https:\/\/www.euroresidentes.com\/info.htm\"],\"url\":\"https:\/\/www.euroresidentes.com\/hogar\/noticias-vivienda\/author\/euroresidentes\/\"}]}<\/script>\n<!-- \/ Yoast SEO plugin. -->","yoast_head_json":{"title":"Arquitectos y rehabilitaci\u00f3n de vivienda - Noticias vivienda","robots":{"index":"index","follow":"follow","max-snippet":"max-snippet:-1","max-image-preview":"max-image-preview:large","max-video-preview":"max-video-preview:-1"},"canonical":"https:\/\/www.euroresidentes.com\/hogar\/noticias-vivienda\/arquitectos-y-rehabilitacin-de\/","og_locale":"es_ES","og_type":"article","og_title":"Arquitectos y rehabilitaci\u00f3n de vivienda - Noticias vivienda","og_description":"Los arquitectos han querido hacer una llamada de atenci\u00f3n al gobierno para propiciar una racionalizaci\u00f3n de las actuaciones p\u00fablicas en materia de vivienda. Parece sensato advertir a la opini\u00f3n p\u00fablica que Espa\u00f1a no puede mantener su ritmo de construcci\u00f3n de m\u00e1s de 600.000 viviendas anuales. Capacidad del mercado aparte, los arquitectos consideran \u00abun despilfarro\u00bb econ\u00f3mico y energ\u00e9tico, la construcci\u00f3n desmedida y especulativa de vivienda nueva. La rehabilitaci\u00f3n de vivienda como alternativa La rehabilitaci\u00f3n de edificios supone una alternativa de racionalizaci\u00f3n al estado actual del mercado de la vivienda. Por esta raz\u00f3n, los arquitectos piden un Plan de Rehabilitaci\u00f3n y se\u00f1alan","og_url":"https:\/\/www.euroresidentes.com\/hogar\/noticias-vivienda\/arquitectos-y-rehabilitacin-de\/","og_site_name":"Noticias vivienda","article_publisher":"https:\/\/www.facebook.com\/euroresidentes\/","article_published_time":"2005-02-08T14:09:00+00:00","article_modified_time":"2017-01-09T11:42:50+00:00","author":"Euroresidentes","twitter_card":"summary_large_image","twitter_misc":{"Written by":"Euroresidentes","Est. reading time":"2 minutos"},"schema":{"@context":"https:\/\/schema.org","@graph":[{"@type":"WebPage","@id":"https:\/\/www.euroresidentes.com\/hogar\/noticias-vivienda\/arquitectos-y-rehabilitacin-de\/","url":"https:\/\/www.euroresidentes.com\/hogar\/noticias-vivienda\/arquitectos-y-rehabilitacin-de\/","name":"Arquitectos y rehabilitaci\u00f3n de vivienda - Noticias vivienda","isPartOf":{"@id":"https:\/\/www.euroresidentes.com\/hogar\/noticias-vivienda\/#website"},"datePublished":"2005-02-08T14:09:00+00:00","dateModified":"2017-01-09T11:42:50+00:00","author":{"@id":"https:\/\/www.euroresidentes.com\/hogar\/noticias-vivienda\/#\/schema\/person\/072d6dc5ad9406b70bb3499e911bb321"},"breadcrumb":{"@id":"https:\/\/www.euroresidentes.com\/hogar\/noticias-vivienda\/arquitectos-y-rehabilitacin-de\/#breadcrumb"},"inLanguage":"es","potentialAction":[{"@type":"ReadAction","target":["https:\/\/www.euroresidentes.com\/hogar\/noticias-vivienda\/arquitectos-y-rehabilitacin-de\/"]}]},{"@type":"BreadcrumbList","@id":"https:\/\/www.euroresidentes.com\/hogar\/noticias-vivienda\/arquitectos-y-rehabilitacin-de\/#breadcrumb","itemListElement":[{"@type":"ListItem","position":1,"name":"Portada","item":"https:\/\/www.euroresidentes.com\/hogar\/noticias-vivienda\/"},{"@type":"ListItem","position":2,"name":"Arquitectos y rehabilitaci\u00f3n de vivienda"}]},{"@type":"WebSite","@id":"https:\/\/www.euroresidentes.com\/hogar\/noticias-vivienda\/#website","url":"https:\/\/www.euroresidentes.com\/hogar\/noticias-vivienda\/","name":"Noticias vivienda","description":"Euroresidentes","potentialAction":[{"@type":"SearchAction","target":{"@type":"EntryPoint","urlTemplate":"https:\/\/www.euroresidentes.com\/hogar\/noticias-vivienda\/?s={search_term_string}"},"query-input":{"@type":"PropertyValueSpecification","valueRequired":true,"valueName":"search_term_string"}}],"inLanguage":"es"},{"@type":"Person","@id":"https:\/\/www.euroresidentes.com\/hogar\/noticias-vivienda\/#\/schema\/person\/072d6dc5ad9406b70bb3499e911bb321","name":"Euroresidentes","image":{"@type":"ImageObject","inLanguage":"es","@id":"https:\/\/www.euroresidentes.com\/hogar\/noticias-vivienda\/#\/schema\/person\/image\/","url":"https:\/\/www.euroresidentes.com\/hogar\/noticias-vivienda\/wp-content\/uploads\/sites\/9\/2016\/08\/logo-euroresidentes-150x150.jpg","contentUrl":"https:\/\/www.euroresidentes.com\/hogar\/noticias-vivienda\/wp-content\/uploads\/sites\/9\/2016\/08\/logo-euroresidentes-150x150.jpg","caption":"Euroresidentes"},"description":"EuroresidentesContenidos \u00fatiles para resolver las necesidades grandes y peque\u00f1as de la vida cotidiana.","sameAs":["https:\/\/www.euroresidentes.com\/info.htm"],"url":"https:\/\/www.euroresidentes.com\/hogar\/noticias-vivienda\/author\/euroresidentes\/"}]}},"_links":{"self":[{"href":"https:\/\/www.euroresidentes.com\/hogar\/noticias-vivienda\/wp-json\/wp\/v2\/posts\/966","targetHints":{"allow":["GET"]}}],"collection":[{"href":"https:\/\/www.euroresidentes.com\/hogar\/noticias-vivienda\/wp-json\/wp\/v2\/posts"}],"about":[{"href":"https:\/\/www.euroresidentes.com\/hogar\/noticias-vivienda\/wp-json\/wp\/v2\/types\/post"}],"author":[{"embeddable":true,"href":"https:\/\/www.euroresidentes.com\/hogar\/noticias-vivienda\/wp-json\/wp\/v2\/users\/1"}],"replies":[{"embeddable":true,"href":"https:\/\/www.euroresidentes.com\/hogar\/noticias-vivienda\/wp-json\/wp\/v2\/comments?post=966"}],"version-history":[{"count":1,"href":"https:\/\/www.euroresidentes.com\/hogar\/noticias-vivienda\/wp-json\/wp\/v2\/posts\/966\/revisions"}],"predecessor-version":[{"id":1441,"href":"https:\/\/www.euroresidentes.com\/hogar\/noticias-vivienda\/wp-json\/wp\/v2\/posts\/966\/revisions\/1441"}],"wp:attachment":[{"href":"https:\/\/www.euroresidentes.com\/hogar\/noticias-vivienda\/wp-json\/wp\/v2\/media?parent=966"}],"wp:term":[{"taxonomy":"category","embeddable":true,"href":"https:\/\/www.euroresidentes.com\/hogar\/noticias-vivienda\/wp-json\/wp\/v2\/categories?post=966"},{"taxonomy":"post_tag","embeddable":true,"href":"https:\/\/www.euroresidentes.com\/hogar\/noticias-vivienda\/wp-json\/wp\/v2\/tags?post=966"}],"curies":[{"name":"wp","href":"https:\/\/api.w.org\/{rel}","templated":true}]}}