{"id":943,"date":"2005-03-13T22:03:00","date_gmt":"2005-03-13T22:03:00","guid":{"rendered":"http:\/\/www.euroresidentes.com\/hogar\/noticias-vivienda\/abusos-urbansticos-no"},"modified":"2017-01-09T12:42:47","modified_gmt":"2017-01-09T11:42:47","slug":"abusos-urbansticos-no","status":"publish","type":"post","link":"https:\/\/www.euroresidentes.com\/hogar\/noticias-vivienda\/abusos-urbansticos-no\/","title":{"rendered":"Abusos Urban\u00edsticos No"},"content":{"rendered":"<p>El diaro el Pa\u00eds en la edici\u00f3n de la Comunidad Valenciana se hace eco de una manifestaci\u00f3n de m\u00e1s de un millar de personas que claman contra la especulaci\u00f3n. Muchos euroresidentes entre los manifestantantes, apoyados por algunos pol\u00edticos locales.<\/p>\n<p>Se manifestaron ayer por las calles de Valencia en protesta por <em>los abusos urban\u00edsticos, la especulaci\u00f3n, la corrupci\u00f3n del cemento, el deterioro medioambiental y la manipulaci\u00f3n de la ley Reguladora de la actividad urban\u00edstica (LRAU)<\/em>.  Los manifestantes clamaron consignas como \u00abLa Comunidad Valenciana no va bien y sus habitantes tampoco van bien\u00bb&#8230;\u00bb estamos afectados por operaciones urban\u00edstico financieras multimillonarias que utilizan nuestras propiedades como si de un perverso juego de monopoly se tratara\u00bb, seg\u00fan recog\u00eda el manifiesto le\u00eddo por representantes de la <em>Plataforma Abusos Urban\u00edsticos No<\/em>, respaldados por otros colectivos, a las puertas de los Cortes. Por todo ello pidieron una moratoria urban\u00edstica en todo el territorio valenciano hasta que se apruebe una ley y equitativa justa y solidaria con los peque\u00f1os propietarios<\/p>\n<p>La costa del asfalto y hormig\u00f3n rezaba una pancarta en la que se hab\u00eda tachado el adjetivo Blanca. Las hab\u00eda de muchos tipos, en varios idiomas y alusivas a m\u00faltiples problemas de comarcas de norte a sur de la Comunidad Valenciana. El valenciano se mezclaba con el castellano, el ingl\u00e9s, franc\u00e9s y alem\u00e1n. <em>En Benissa est\u00e1n urbanizando toda la zona verde&#8230; El PP vende el terreno a individuos como Julio Iglesias, que quieren construir en pasajes muy bellos critic\u00f3 la concejala de Parcent Jenny Bussey<\/em>;<\/p>\n<p>La respuesta a la manifestaci\u00f3n del Consejero de territorio y vivienda, Rafael Blasco, asegur\u00f3 ayer que la nueva LUV garantizar\u00e1 plenamente los derechos de los peque\u00f1os propietarios de suelo.<\/p>\n","protected":false},"excerpt":{"rendered":"<p>El diaro el Pa\u00eds en la edici\u00f3n de la Comunidad Valenciana se hace eco de una manifestaci\u00f3n de m\u00e1s de un millar de personas que claman contra la especulaci\u00f3n. Muchos euroresidentes entre los manifestantantes, apoyados por algunos pol\u00edticos locales. Se manifestaron ayer por las calles de Valencia en protesta por los abusos urban\u00edsticos, la especulaci\u00f3n, la corrupci\u00f3n del cemento, el deterioro medioambiental y la manipulaci\u00f3n de la ley Reguladora de la actividad urban\u00edstica (LRAU). Los manifestantes clamaron consignas como \u00abLa Comunidad Valenciana no va bien y sus habitantes tampoco van bien\u00bb&#8230;\u00bb estamos afectados por operaciones urban\u00edstico financieras multimillonarias que utilizan <\/p>\n","protected":false},"author":1,"featured_media":0,"comment_status":"open","ping_status":"open","sticky":false,"template":"","format":"standard","meta":{"footnotes":""},"categories":[1],"tags":[41,33],"class_list":["post-943","post","type-post","status-publish","format-standard","hentry","category-general","tag-abusos","tag-extranjeros"],"yoast_head":"<!-- This site is optimized with the Yoast SEO plugin v24.1 - https:\/\/yoast.com\/wordpress\/plugins\/seo\/ -->\n<title>Abusos Urban\u00edsticos No - Noticias vivienda<\/title>\n<meta name=\"robots\" content=\"index, follow, max-snippet:-1, max-image-preview:large, max-video-preview:-1\" \/>\n<link rel=\"canonical\" href=\"https:\/\/www.euroresidentes.com\/hogar\/noticias-vivienda\/abusos-urbansticos-no\/\" \/>\n<meta property=\"og:locale\" content=\"es_ES\" \/>\n<meta property=\"og:type\" content=\"article\" \/>\n<meta property=\"og:title\" content=\"Abusos Urban\u00edsticos No - Noticias vivienda\" \/>\n<meta property=\"og:description\" content=\"El diaro el Pa\u00eds en la edici\u00f3n de la Comunidad Valenciana se hace eco de una manifestaci\u00f3n de m\u00e1s de un millar de personas que claman contra la especulaci\u00f3n. Muchos euroresidentes entre los manifestantantes, apoyados por algunos pol\u00edticos locales. Se manifestaron ayer por las calles de Valencia en protesta por los abusos urban\u00edsticos, la especulaci\u00f3n, la corrupci\u00f3n del cemento, el deterioro medioambiental y la manipulaci\u00f3n de la ley Reguladora de la actividad urban\u00edstica (LRAU). Los manifestantes clamaron consignas como \u00abLa Comunidad Valenciana no va bien y sus habitantes tampoco van bien\u00bb&#8230;\u00bb estamos afectados por operaciones urban\u00edstico financieras multimillonarias que utilizan\" \/>\n<meta property=\"og:url\" content=\"https:\/\/www.euroresidentes.com\/hogar\/noticias-vivienda\/abusos-urbansticos-no\/\" \/>\n<meta property=\"og:site_name\" content=\"Noticias vivienda\" \/>\n<meta property=\"article:publisher\" content=\"https:\/\/www.facebook.com\/euroresidentes\/\" \/>\n<meta property=\"article:published_time\" content=\"2005-03-13T22:03:00+00:00\" \/>\n<meta property=\"article:modified_time\" content=\"2017-01-09T11:42:47+00:00\" \/>\n<meta name=\"author\" content=\"Euroresidentes\" \/>\n<meta name=\"twitter:card\" content=\"summary_large_image\" \/>\n<meta name=\"twitter:label1\" content=\"Written by\" \/>\n\t<meta name=\"twitter:data1\" content=\"Euroresidentes\" \/>\n\t<meta name=\"twitter:label2\" content=\"Est. reading time\" \/>\n\t<meta name=\"twitter:data2\" content=\"2 minutos\" \/>\n<script type=\"application\/ld+json\" class=\"yoast-schema-graph\">{\"@context\":\"https:\/\/schema.org\",\"@graph\":[{\"@type\":\"WebPage\",\"@id\":\"https:\/\/www.euroresidentes.com\/hogar\/noticias-vivienda\/abusos-urbansticos-no\/\",\"url\":\"https:\/\/www.euroresidentes.com\/hogar\/noticias-vivienda\/abusos-urbansticos-no\/\",\"name\":\"Abusos Urban\u00edsticos No - Noticias vivienda\",\"isPartOf\":{\"@id\":\"https:\/\/www.euroresidentes.com\/hogar\/noticias-vivienda\/#website\"},\"datePublished\":\"2005-03-13T22:03:00+00:00\",\"dateModified\":\"2017-01-09T11:42:47+00:00\",\"author\":{\"@id\":\"https:\/\/www.euroresidentes.com\/hogar\/noticias-vivienda\/#\/schema\/person\/072d6dc5ad9406b70bb3499e911bb321\"},\"breadcrumb\":{\"@id\":\"https:\/\/www.euroresidentes.com\/hogar\/noticias-vivienda\/abusos-urbansticos-no\/#breadcrumb\"},\"inLanguage\":\"es\",\"potentialAction\":[{\"@type\":\"ReadAction\",\"target\":[\"https:\/\/www.euroresidentes.com\/hogar\/noticias-vivienda\/abusos-urbansticos-no\/\"]}]},{\"@type\":\"BreadcrumbList\",\"@id\":\"https:\/\/www.euroresidentes.com\/hogar\/noticias-vivienda\/abusos-urbansticos-no\/#breadcrumb\",\"itemListElement\":[{\"@type\":\"ListItem\",\"position\":1,\"name\":\"Portada\",\"item\":\"https:\/\/www.euroresidentes.com\/hogar\/noticias-vivienda\/\"},{\"@type\":\"ListItem\",\"position\":2,\"name\":\"Abusos Urban\u00edsticos No\"}]},{\"@type\":\"WebSite\",\"@id\":\"https:\/\/www.euroresidentes.com\/hogar\/noticias-vivienda\/#website\",\"url\":\"https:\/\/www.euroresidentes.com\/hogar\/noticias-vivienda\/\",\"name\":\"Noticias vivienda\",\"description\":\"Euroresidentes\",\"potentialAction\":[{\"@type\":\"SearchAction\",\"target\":{\"@type\":\"EntryPoint\",\"urlTemplate\":\"https:\/\/www.euroresidentes.com\/hogar\/noticias-vivienda\/?s={search_term_string}\"},\"query-input\":{\"@type\":\"PropertyValueSpecification\",\"valueRequired\":true,\"valueName\":\"search_term_string\"}}],\"inLanguage\":\"es\"},{\"@type\":\"Person\",\"@id\":\"https:\/\/www.euroresidentes.com\/hogar\/noticias-vivienda\/#\/schema\/person\/072d6dc5ad9406b70bb3499e911bb321\",\"name\":\"Euroresidentes\",\"image\":{\"@type\":\"ImageObject\",\"inLanguage\":\"es\",\"@id\":\"https:\/\/www.euroresidentes.com\/hogar\/noticias-vivienda\/#\/schema\/person\/image\/\",\"url\":\"https:\/\/www.euroresidentes.com\/hogar\/noticias-vivienda\/wp-content\/uploads\/sites\/9\/2016\/08\/logo-euroresidentes-150x150.jpg\",\"contentUrl\":\"https:\/\/www.euroresidentes.com\/hogar\/noticias-vivienda\/wp-content\/uploads\/sites\/9\/2016\/08\/logo-euroresidentes-150x150.jpg\",\"caption\":\"Euroresidentes\"},\"description\":\"EuroresidentesContenidos \u00fatiles para resolver las necesidades grandes y peque\u00f1as de la vida cotidiana.\",\"sameAs\":[\"https:\/\/www.euroresidentes.com\/info.htm\"],\"url\":\"https:\/\/www.euroresidentes.com\/hogar\/noticias-vivienda\/author\/euroresidentes\/\"}]}<\/script>\n<!-- \/ Yoast SEO plugin. -->","yoast_head_json":{"title":"Abusos Urban\u00edsticos No - Noticias vivienda","robots":{"index":"index","follow":"follow","max-snippet":"max-snippet:-1","max-image-preview":"max-image-preview:large","max-video-preview":"max-video-preview:-1"},"canonical":"https:\/\/www.euroresidentes.com\/hogar\/noticias-vivienda\/abusos-urbansticos-no\/","og_locale":"es_ES","og_type":"article","og_title":"Abusos Urban\u00edsticos No - Noticias vivienda","og_description":"El diaro el Pa\u00eds en la edici\u00f3n de la Comunidad Valenciana se hace eco de una manifestaci\u00f3n de m\u00e1s de un millar de personas que claman contra la especulaci\u00f3n. Muchos euroresidentes entre los manifestantantes, apoyados por algunos pol\u00edticos locales. Se manifestaron ayer por las calles de Valencia en protesta por los abusos urban\u00edsticos, la especulaci\u00f3n, la corrupci\u00f3n del cemento, el deterioro medioambiental y la manipulaci\u00f3n de la ley Reguladora de la actividad urban\u00edstica (LRAU). Los manifestantes clamaron consignas como \u00abLa Comunidad Valenciana no va bien y sus habitantes tampoco van bien\u00bb&#8230;\u00bb estamos afectados por operaciones urban\u00edstico financieras multimillonarias que utilizan","og_url":"https:\/\/www.euroresidentes.com\/hogar\/noticias-vivienda\/abusos-urbansticos-no\/","og_site_name":"Noticias vivienda","article_publisher":"https:\/\/www.facebook.com\/euroresidentes\/","article_published_time":"2005-03-13T22:03:00+00:00","article_modified_time":"2017-01-09T11:42:47+00:00","author":"Euroresidentes","twitter_card":"summary_large_image","twitter_misc":{"Written by":"Euroresidentes","Est. reading time":"2 minutos"},"schema":{"@context":"https:\/\/schema.org","@graph":[{"@type":"WebPage","@id":"https:\/\/www.euroresidentes.com\/hogar\/noticias-vivienda\/abusos-urbansticos-no\/","url":"https:\/\/www.euroresidentes.com\/hogar\/noticias-vivienda\/abusos-urbansticos-no\/","name":"Abusos Urban\u00edsticos No - Noticias vivienda","isPartOf":{"@id":"https:\/\/www.euroresidentes.com\/hogar\/noticias-vivienda\/#website"},"datePublished":"2005-03-13T22:03:00+00:00","dateModified":"2017-01-09T11:42:47+00:00","author":{"@id":"https:\/\/www.euroresidentes.com\/hogar\/noticias-vivienda\/#\/schema\/person\/072d6dc5ad9406b70bb3499e911bb321"},"breadcrumb":{"@id":"https:\/\/www.euroresidentes.com\/hogar\/noticias-vivienda\/abusos-urbansticos-no\/#breadcrumb"},"inLanguage":"es","potentialAction":[{"@type":"ReadAction","target":["https:\/\/www.euroresidentes.com\/hogar\/noticias-vivienda\/abusos-urbansticos-no\/"]}]},{"@type":"BreadcrumbList","@id":"https:\/\/www.euroresidentes.com\/hogar\/noticias-vivienda\/abusos-urbansticos-no\/#breadcrumb","itemListElement":[{"@type":"ListItem","position":1,"name":"Portada","item":"https:\/\/www.euroresidentes.com\/hogar\/noticias-vivienda\/"},{"@type":"ListItem","position":2,"name":"Abusos Urban\u00edsticos No"}]},{"@type":"WebSite","@id":"https:\/\/www.euroresidentes.com\/hogar\/noticias-vivienda\/#website","url":"https:\/\/www.euroresidentes.com\/hogar\/noticias-vivienda\/","name":"Noticias vivienda","description":"Euroresidentes","potentialAction":[{"@type":"SearchAction","target":{"@type":"EntryPoint","urlTemplate":"https:\/\/www.euroresidentes.com\/hogar\/noticias-vivienda\/?s={search_term_string}"},"query-input":{"@type":"PropertyValueSpecification","valueRequired":true,"valueName":"search_term_string"}}],"inLanguage":"es"},{"@type":"Person","@id":"https:\/\/www.euroresidentes.com\/hogar\/noticias-vivienda\/#\/schema\/person\/072d6dc5ad9406b70bb3499e911bb321","name":"Euroresidentes","image":{"@type":"ImageObject","inLanguage":"es","@id":"https:\/\/www.euroresidentes.com\/hogar\/noticias-vivienda\/#\/schema\/person\/image\/","url":"https:\/\/www.euroresidentes.com\/hogar\/noticias-vivienda\/wp-content\/uploads\/sites\/9\/2016\/08\/logo-euroresidentes-150x150.jpg","contentUrl":"https:\/\/www.euroresidentes.com\/hogar\/noticias-vivienda\/wp-content\/uploads\/sites\/9\/2016\/08\/logo-euroresidentes-150x150.jpg","caption":"Euroresidentes"},"description":"EuroresidentesContenidos \u00fatiles para resolver las necesidades grandes y peque\u00f1as de la vida cotidiana.","sameAs":["https:\/\/www.euroresidentes.com\/info.htm"],"url":"https:\/\/www.euroresidentes.com\/hogar\/noticias-vivienda\/author\/euroresidentes\/"}]}},"_links":{"self":[{"href":"https:\/\/www.euroresidentes.com\/hogar\/noticias-vivienda\/wp-json\/wp\/v2\/posts\/943","targetHints":{"allow":["GET"]}}],"collection":[{"href":"https:\/\/www.euroresidentes.com\/hogar\/noticias-vivienda\/wp-json\/wp\/v2\/posts"}],"about":[{"href":"https:\/\/www.euroresidentes.com\/hogar\/noticias-vivienda\/wp-json\/wp\/v2\/types\/post"}],"author":[{"embeddable":true,"href":"https:\/\/www.euroresidentes.com\/hogar\/noticias-vivienda\/wp-json\/wp\/v2\/users\/1"}],"replies":[{"embeddable":true,"href":"https:\/\/www.euroresidentes.com\/hogar\/noticias-vivienda\/wp-json\/wp\/v2\/comments?post=943"}],"version-history":[{"count":1,"href":"https:\/\/www.euroresidentes.com\/hogar\/noticias-vivienda\/wp-json\/wp\/v2\/posts\/943\/revisions"}],"predecessor-version":[{"id":1417,"href":"https:\/\/www.euroresidentes.com\/hogar\/noticias-vivienda\/wp-json\/wp\/v2\/posts\/943\/revisions\/1417"}],"wp:attachment":[{"href":"https:\/\/www.euroresidentes.com\/hogar\/noticias-vivienda\/wp-json\/wp\/v2\/media?parent=943"}],"wp:term":[{"taxonomy":"category","embeddable":true,"href":"https:\/\/www.euroresidentes.com\/hogar\/noticias-vivienda\/wp-json\/wp\/v2\/categories?post=943"},{"taxonomy":"post_tag","embeddable":true,"href":"https:\/\/www.euroresidentes.com\/hogar\/noticias-vivienda\/wp-json\/wp\/v2\/tags?post=943"}],"curies":[{"name":"wp","href":"https:\/\/api.w.org\/{rel}","templated":true}]}}