{"id":934,"date":"2005-04-01T19:44:00","date_gmt":"2005-04-01T19:44:00","guid":{"rendered":"http:\/\/www.euroresidentes.com\/hogar\/noticias-vivienda\/abusos-urbansticos-en-la-comunidad"},"modified":"2017-01-09T12:42:46","modified_gmt":"2017-01-09T11:42:46","slug":"abusos-urbansticos-en-la-comunidad","status":"publish","type":"post","link":"https:\/\/www.euroresidentes.com\/hogar\/noticias-vivienda\/abusos-urbansticos-en-la-comunidad\/","title":{"rendered":"Abusos Urban\u00edsticos en la Comunidad Valenciana"},"content":{"rendered":"<p><strong><\/strong><br \/><strong>\u00abMala fama\u00bb <\/strong><\/p>\n<p>Hace poco m\u00e1s de dos semanas nos hac\u00edamos eco de de una movilizaci\u00f3n de la <em><strong>Plataforma Abusos Urban\u00edsticos No<\/strong><\/em>,  contra \u00ablos abusos urban\u00edsticos, la especulaci\u00f3n, la corrupci\u00f3n del cemento, el deterioro medioambiental y la manipulaci\u00f3n de la ley Reguladora de la actividad urban\u00edstica (LRAU)\u00bb.  Era la continuaci\u00f3n de protestas muy diversas de ciudadanos de la Comunidad Valenciana y especialmente de \u00e1reas en las que se lucha por preservar espacios urban\u00edsticos de mayor calidad, ante la enorme presi\u00f3n especulativa que azota la costa valenciana. Quiz\u00e1s <a href=\"http:\/\/fotos.euroresidentes.com\/pueblos\/alicante\/benissa\/benissa.htm\">Benissa<\/a> sea uno de los espacios en los que la tensi\u00f3n se vive con m\u00e1s fuerza, dada la todav\u00eda riqueza paisaj\u00edstica y los valiosos recursos naturales de esta zona del litoral de la Comunidad Valenciana. Pero el movimiento se extiende a otras zonas.<\/p>\n<p><strong>Nuevamente se recurre a los parlamentarios europeos<\/strong><\/p>\n<p>El presidente de la Asociaci\u00f3n \u00abAbusos Urban\u00edsticos NO\u00bb (AUN), Charles Svoboda, anunci\u00f3 ayer que parlamentarios europeos visitar\u00e1n nuevamente la Comunidad Valenciana para analizar las consecuencias de la Ley Reguladora de la Actividad Urban\u00edstica (LRAU) en propiedades inmobiliarias y de suelo.  Svoboda a\u00f1adi\u00f3 que <em>\u00abes bien triste la mala fama que ha adquirido la Comunidad Valenciana gracias a los abusos cometidos bajo la perversa aplicaci\u00f3n de la LRAU y otras leyes en vigor\u00bb.<\/em><\/p>\n<p><strong>Abusos urban\u00edsticos Benicasim<\/strong><\/p>\n<p>Hoy viernes a estas horas tiene previsto constituirse la <strong>Asociaci\u00f3n <\/strong><em><strong>CIUDADANOS DE BENIC\u00c0SSIM contra los Abusos Urbanisticos<\/strong> y otros fines<\/em>. Seg\u00fan informan los promotores esta iniciativa es <em>el inicio de una serie de acciones que llevar\u00e1n a efecto los vecinos que tienen ubicada su residencia en el Cuadro de Santiago y a los que se pretende desterrar del municipio por medio del desahucio y en nombre de un \u00abProyecto de Inter\u00e9s General denominado Benicasim Golf\u00bb<br \/><\/em><br \/>En algunos medios se comenta la connivencia en materia de urbanismo de los dos grandes partidos de la Comunidad Valenciana -socialistas y populares- lo que est\u00e1 dando lugar a este movimiento ciudadano que va adquiriendo progresivamente entidad, como \u00fanico medio de defender sus intereses.<\/p>\n<p>Enlaces relacionados:<\/p>\n<ul>\n<li><a href=\"http:\/\/www.euroresidentes.com\/Blogs\/rodriguez_zapatero\/2004\/11\/los-embajadores-extranjeros-escriben.html\">Los embajadores extranjeros escriben a Zapatero<\/a> <\/li>\n<li><a href=\"http:\/\/www.euroresidentes.com\/Blogs\/vivienda\/2005\/03\/abusos-urbansticos-no.html\">Abusos urbanisticos no<\/a><\/li>\n<\/ul>\n","protected":false},"excerpt":{"rendered":"<p>\u00abMala fama\u00bb Hace poco m\u00e1s de dos semanas nos hac\u00edamos eco de de una movilizaci\u00f3n de la Plataforma Abusos Urban\u00edsticos No, contra \u00ablos abusos urban\u00edsticos, la especulaci\u00f3n, la corrupci\u00f3n del cemento, el deterioro medioambiental y la manipulaci\u00f3n de la ley Reguladora de la actividad urban\u00edstica (LRAU)\u00bb. Era la continuaci\u00f3n de protestas muy diversas de ciudadanos de la Comunidad Valenciana y especialmente de \u00e1reas en las que se lucha por preservar espacios urban\u00edsticos de mayor calidad, ante la enorme presi\u00f3n especulativa que azota la costa valenciana. Quiz\u00e1s Benissa sea uno de los espacios en los que la tensi\u00f3n se vive con <\/p>\n","protected":false},"author":1,"featured_media":0,"comment_status":"open","ping_status":"open","sticky":false,"template":"","format":"standard","meta":{"footnotes":""},"categories":[1],"tags":[41],"class_list":["post-934","post","type-post","status-publish","format-standard","hentry","category-general","tag-abusos"],"yoast_head":"<!-- This site is optimized with the Yoast SEO plugin v24.1 - https:\/\/yoast.com\/wordpress\/plugins\/seo\/ -->\n<title>Abusos Urban\u00edsticos en la Comunidad Valenciana - Noticias vivienda<\/title>\n<meta name=\"robots\" content=\"index, follow, max-snippet:-1, max-image-preview:large, max-video-preview:-1\" \/>\n<link rel=\"canonical\" href=\"https:\/\/www.euroresidentes.com\/hogar\/noticias-vivienda\/abusos-urbansticos-en-la-comunidad\/\" \/>\n<meta property=\"og:locale\" content=\"es_ES\" \/>\n<meta property=\"og:type\" content=\"article\" \/>\n<meta property=\"og:title\" content=\"Abusos Urban\u00edsticos en la Comunidad Valenciana - Noticias vivienda\" \/>\n<meta property=\"og:description\" content=\"\u00abMala fama\u00bb Hace poco m\u00e1s de dos semanas nos hac\u00edamos eco de de una movilizaci\u00f3n de la Plataforma Abusos Urban\u00edsticos No, contra \u00ablos abusos urban\u00edsticos, la especulaci\u00f3n, la corrupci\u00f3n del cemento, el deterioro medioambiental y la manipulaci\u00f3n de la ley Reguladora de la actividad urban\u00edstica (LRAU)\u00bb. Era la continuaci\u00f3n de protestas muy diversas de ciudadanos de la Comunidad Valenciana y especialmente de \u00e1reas en las que se lucha por preservar espacios urban\u00edsticos de mayor calidad, ante la enorme presi\u00f3n especulativa que azota la costa valenciana. Quiz\u00e1s Benissa sea uno de los espacios en los que la tensi\u00f3n se vive con\" \/>\n<meta property=\"og:url\" content=\"https:\/\/www.euroresidentes.com\/hogar\/noticias-vivienda\/abusos-urbansticos-en-la-comunidad\/\" \/>\n<meta property=\"og:site_name\" content=\"Noticias vivienda\" \/>\n<meta property=\"article:publisher\" content=\"https:\/\/www.facebook.com\/euroresidentes\/\" \/>\n<meta property=\"article:published_time\" content=\"2005-04-01T19:44:00+00:00\" \/>\n<meta property=\"article:modified_time\" content=\"2017-01-09T11:42:46+00:00\" \/>\n<meta name=\"author\" content=\"Euroresidentes\" \/>\n<meta name=\"twitter:card\" content=\"summary_large_image\" \/>\n<meta name=\"twitter:label1\" content=\"Written by\" \/>\n\t<meta name=\"twitter:data1\" content=\"Euroresidentes\" \/>\n\t<meta name=\"twitter:label2\" content=\"Est. reading time\" \/>\n\t<meta name=\"twitter:data2\" content=\"2 minutos\" \/>\n<script type=\"application\/ld+json\" class=\"yoast-schema-graph\">{\"@context\":\"https:\/\/schema.org\",\"@graph\":[{\"@type\":\"WebPage\",\"@id\":\"https:\/\/www.euroresidentes.com\/hogar\/noticias-vivienda\/abusos-urbansticos-en-la-comunidad\/\",\"url\":\"https:\/\/www.euroresidentes.com\/hogar\/noticias-vivienda\/abusos-urbansticos-en-la-comunidad\/\",\"name\":\"Abusos Urban\u00edsticos en la Comunidad Valenciana - Noticias vivienda\",\"isPartOf\":{\"@id\":\"https:\/\/www.euroresidentes.com\/hogar\/noticias-vivienda\/#website\"},\"datePublished\":\"2005-04-01T19:44:00+00:00\",\"dateModified\":\"2017-01-09T11:42:46+00:00\",\"author\":{\"@id\":\"https:\/\/www.euroresidentes.com\/hogar\/noticias-vivienda\/#\/schema\/person\/072d6dc5ad9406b70bb3499e911bb321\"},\"breadcrumb\":{\"@id\":\"https:\/\/www.euroresidentes.com\/hogar\/noticias-vivienda\/abusos-urbansticos-en-la-comunidad\/#breadcrumb\"},\"inLanguage\":\"es\",\"potentialAction\":[{\"@type\":\"ReadAction\",\"target\":[\"https:\/\/www.euroresidentes.com\/hogar\/noticias-vivienda\/abusos-urbansticos-en-la-comunidad\/\"]}]},{\"@type\":\"BreadcrumbList\",\"@id\":\"https:\/\/www.euroresidentes.com\/hogar\/noticias-vivienda\/abusos-urbansticos-en-la-comunidad\/#breadcrumb\",\"itemListElement\":[{\"@type\":\"ListItem\",\"position\":1,\"name\":\"Portada\",\"item\":\"https:\/\/www.euroresidentes.com\/hogar\/noticias-vivienda\/\"},{\"@type\":\"ListItem\",\"position\":2,\"name\":\"Abusos Urban\u00edsticos en la Comunidad Valenciana\"}]},{\"@type\":\"WebSite\",\"@id\":\"https:\/\/www.euroresidentes.com\/hogar\/noticias-vivienda\/#website\",\"url\":\"https:\/\/www.euroresidentes.com\/hogar\/noticias-vivienda\/\",\"name\":\"Noticias vivienda\",\"description\":\"Euroresidentes\",\"potentialAction\":[{\"@type\":\"SearchAction\",\"target\":{\"@type\":\"EntryPoint\",\"urlTemplate\":\"https:\/\/www.euroresidentes.com\/hogar\/noticias-vivienda\/?s={search_term_string}\"},\"query-input\":{\"@type\":\"PropertyValueSpecification\",\"valueRequired\":true,\"valueName\":\"search_term_string\"}}],\"inLanguage\":\"es\"},{\"@type\":\"Person\",\"@id\":\"https:\/\/www.euroresidentes.com\/hogar\/noticias-vivienda\/#\/schema\/person\/072d6dc5ad9406b70bb3499e911bb321\",\"name\":\"Euroresidentes\",\"image\":{\"@type\":\"ImageObject\",\"inLanguage\":\"es\",\"@id\":\"https:\/\/www.euroresidentes.com\/hogar\/noticias-vivienda\/#\/schema\/person\/image\/\",\"url\":\"https:\/\/www.euroresidentes.com\/hogar\/noticias-vivienda\/wp-content\/uploads\/sites\/9\/2016\/08\/logo-euroresidentes-150x150.jpg\",\"contentUrl\":\"https:\/\/www.euroresidentes.com\/hogar\/noticias-vivienda\/wp-content\/uploads\/sites\/9\/2016\/08\/logo-euroresidentes-150x150.jpg\",\"caption\":\"Euroresidentes\"},\"description\":\"EuroresidentesContenidos \u00fatiles para resolver las necesidades grandes y peque\u00f1as de la vida cotidiana.\",\"sameAs\":[\"https:\/\/www.euroresidentes.com\/info.htm\"],\"url\":\"https:\/\/www.euroresidentes.com\/hogar\/noticias-vivienda\/author\/euroresidentes\/\"}]}<\/script>\n<!-- \/ Yoast SEO plugin. -->","yoast_head_json":{"title":"Abusos Urban\u00edsticos en la Comunidad Valenciana - Noticias vivienda","robots":{"index":"index","follow":"follow","max-snippet":"max-snippet:-1","max-image-preview":"max-image-preview:large","max-video-preview":"max-video-preview:-1"},"canonical":"https:\/\/www.euroresidentes.com\/hogar\/noticias-vivienda\/abusos-urbansticos-en-la-comunidad\/","og_locale":"es_ES","og_type":"article","og_title":"Abusos Urban\u00edsticos en la Comunidad Valenciana - Noticias vivienda","og_description":"\u00abMala fama\u00bb Hace poco m\u00e1s de dos semanas nos hac\u00edamos eco de de una movilizaci\u00f3n de la Plataforma Abusos Urban\u00edsticos No, contra \u00ablos abusos urban\u00edsticos, la especulaci\u00f3n, la corrupci\u00f3n del cemento, el deterioro medioambiental y la manipulaci\u00f3n de la ley Reguladora de la actividad urban\u00edstica (LRAU)\u00bb. Era la continuaci\u00f3n de protestas muy diversas de ciudadanos de la Comunidad Valenciana y especialmente de \u00e1reas en las que se lucha por preservar espacios urban\u00edsticos de mayor calidad, ante la enorme presi\u00f3n especulativa que azota la costa valenciana. Quiz\u00e1s Benissa sea uno de los espacios en los que la tensi\u00f3n se vive con","og_url":"https:\/\/www.euroresidentes.com\/hogar\/noticias-vivienda\/abusos-urbansticos-en-la-comunidad\/","og_site_name":"Noticias vivienda","article_publisher":"https:\/\/www.facebook.com\/euroresidentes\/","article_published_time":"2005-04-01T19:44:00+00:00","article_modified_time":"2017-01-09T11:42:46+00:00","author":"Euroresidentes","twitter_card":"summary_large_image","twitter_misc":{"Written by":"Euroresidentes","Est. reading time":"2 minutos"},"schema":{"@context":"https:\/\/schema.org","@graph":[{"@type":"WebPage","@id":"https:\/\/www.euroresidentes.com\/hogar\/noticias-vivienda\/abusos-urbansticos-en-la-comunidad\/","url":"https:\/\/www.euroresidentes.com\/hogar\/noticias-vivienda\/abusos-urbansticos-en-la-comunidad\/","name":"Abusos Urban\u00edsticos en la Comunidad Valenciana - Noticias vivienda","isPartOf":{"@id":"https:\/\/www.euroresidentes.com\/hogar\/noticias-vivienda\/#website"},"datePublished":"2005-04-01T19:44:00+00:00","dateModified":"2017-01-09T11:42:46+00:00","author":{"@id":"https:\/\/www.euroresidentes.com\/hogar\/noticias-vivienda\/#\/schema\/person\/072d6dc5ad9406b70bb3499e911bb321"},"breadcrumb":{"@id":"https:\/\/www.euroresidentes.com\/hogar\/noticias-vivienda\/abusos-urbansticos-en-la-comunidad\/#breadcrumb"},"inLanguage":"es","potentialAction":[{"@type":"ReadAction","target":["https:\/\/www.euroresidentes.com\/hogar\/noticias-vivienda\/abusos-urbansticos-en-la-comunidad\/"]}]},{"@type":"BreadcrumbList","@id":"https:\/\/www.euroresidentes.com\/hogar\/noticias-vivienda\/abusos-urbansticos-en-la-comunidad\/#breadcrumb","itemListElement":[{"@type":"ListItem","position":1,"name":"Portada","item":"https:\/\/www.euroresidentes.com\/hogar\/noticias-vivienda\/"},{"@type":"ListItem","position":2,"name":"Abusos Urban\u00edsticos en la Comunidad Valenciana"}]},{"@type":"WebSite","@id":"https:\/\/www.euroresidentes.com\/hogar\/noticias-vivienda\/#website","url":"https:\/\/www.euroresidentes.com\/hogar\/noticias-vivienda\/","name":"Noticias vivienda","description":"Euroresidentes","potentialAction":[{"@type":"SearchAction","target":{"@type":"EntryPoint","urlTemplate":"https:\/\/www.euroresidentes.com\/hogar\/noticias-vivienda\/?s={search_term_string}"},"query-input":{"@type":"PropertyValueSpecification","valueRequired":true,"valueName":"search_term_string"}}],"inLanguage":"es"},{"@type":"Person","@id":"https:\/\/www.euroresidentes.com\/hogar\/noticias-vivienda\/#\/schema\/person\/072d6dc5ad9406b70bb3499e911bb321","name":"Euroresidentes","image":{"@type":"ImageObject","inLanguage":"es","@id":"https:\/\/www.euroresidentes.com\/hogar\/noticias-vivienda\/#\/schema\/person\/image\/","url":"https:\/\/www.euroresidentes.com\/hogar\/noticias-vivienda\/wp-content\/uploads\/sites\/9\/2016\/08\/logo-euroresidentes-150x150.jpg","contentUrl":"https:\/\/www.euroresidentes.com\/hogar\/noticias-vivienda\/wp-content\/uploads\/sites\/9\/2016\/08\/logo-euroresidentes-150x150.jpg","caption":"Euroresidentes"},"description":"EuroresidentesContenidos \u00fatiles para resolver las necesidades grandes y peque\u00f1as de la vida cotidiana.","sameAs":["https:\/\/www.euroresidentes.com\/info.htm"],"url":"https:\/\/www.euroresidentes.com\/hogar\/noticias-vivienda\/author\/euroresidentes\/"}]}},"_links":{"self":[{"href":"https:\/\/www.euroresidentes.com\/hogar\/noticias-vivienda\/wp-json\/wp\/v2\/posts\/934","targetHints":{"allow":["GET"]}}],"collection":[{"href":"https:\/\/www.euroresidentes.com\/hogar\/noticias-vivienda\/wp-json\/wp\/v2\/posts"}],"about":[{"href":"https:\/\/www.euroresidentes.com\/hogar\/noticias-vivienda\/wp-json\/wp\/v2\/types\/post"}],"author":[{"embeddable":true,"href":"https:\/\/www.euroresidentes.com\/hogar\/noticias-vivienda\/wp-json\/wp\/v2\/users\/1"}],"replies":[{"embeddable":true,"href":"https:\/\/www.euroresidentes.com\/hogar\/noticias-vivienda\/wp-json\/wp\/v2\/comments?post=934"}],"version-history":[{"count":1,"href":"https:\/\/www.euroresidentes.com\/hogar\/noticias-vivienda\/wp-json\/wp\/v2\/posts\/934\/revisions"}],"predecessor-version":[{"id":1408,"href":"https:\/\/www.euroresidentes.com\/hogar\/noticias-vivienda\/wp-json\/wp\/v2\/posts\/934\/revisions\/1408"}],"wp:attachment":[{"href":"https:\/\/www.euroresidentes.com\/hogar\/noticias-vivienda\/wp-json\/wp\/v2\/media?parent=934"}],"wp:term":[{"taxonomy":"category","embeddable":true,"href":"https:\/\/www.euroresidentes.com\/hogar\/noticias-vivienda\/wp-json\/wp\/v2\/categories?post=934"},{"taxonomy":"post_tag","embeddable":true,"href":"https:\/\/www.euroresidentes.com\/hogar\/noticias-vivienda\/wp-json\/wp\/v2\/tags?post=934"}],"curies":[{"name":"wp","href":"https:\/\/api.w.org\/{rel}","templated":true}]}}