{"id":933,"date":"2005-04-03T19:04:00","date_gmt":"2005-04-03T19:04:00","guid":{"rendered":"http:\/\/www.euroresidentes.com\/hogar\/noticias-vivienda\/los-precios-en-espaa-y-europa"},"modified":"2017-01-09T12:42:46","modified_gmt":"2017-01-09T11:42:46","slug":"los-precios-en-espaa-y-europa","status":"publish","type":"post","link":"https:\/\/www.euroresidentes.com\/hogar\/noticias-vivienda\/los-precios-en-espaa-y-europa\/","title":{"rendered":"Los precios en Espa\u00f1a y Europa"},"content":{"rendered":"<p><strong>Los precios de la Vivienda seg\u00fan el estudio &#8216;Estudio Planner Asprima&#8217;<\/strong><\/p>\n<p>Muchos compradores se plantean antes de dar el paso si es cara la vivienda en Espa\u00f1a. Quiz\u00e1s les interese saber lo que sucede en otros pa\u00edses europeos. En concreto si  \u00abla relaci\u00f3n entre el precio de la vivienda y los ingresos en Espa\u00f1a est\u00e1 en l\u00ednea con la mayor\u00eda de los pa\u00edses de la Uni\u00f3n Europea\u00bb.<\/p>\n<p><strong>Evoluci\u00f3n del mercado de la vivienda en algunos pa\u00edses europeos<\/strong><\/p>\n<p>Espa\u00f1a, junto al Reino Unido, se sit\u00faa entre los pa\u00edses europeos en los que el mercado inmobiliario aparece con mayor grado de vitalidad. Este no ha sido el caso de pa\u00edses como Alemania que, seg\u00fan el estudio de Planner Asprima, se ha enfrentado incluso a tasas de variaci\u00f3n negativa en los precios de las viviendas.<\/p>\n<p>En general el mercado ha seguido un tendencia dispar en Europa y en modo alguno asimilable la referida vitalidad de la vivienda en Espa\u00f1a.<\/p>\n<p><strong>Los precios de la vivienda en Espa\u00f1a en comparaci\u00f3n con otros pa\u00edses europeos<\/strong><\/p>\n<p>Quiz\u00e1s una de las conclusiones m\u00e1s interesantes del estudio es que  pese al espectacular crecimiento de los precios en los \u00faltimos a\u00f1os, <strong>en Espa\u00f1a la vivienda es significativamente menos cara que en los pa\u00edses europeos de referencia: cuesta casi la mitad (56%) que el Reino Unido y el 64%  que en Alemania.<\/strong><br \/><strong><\/strong><\/p>\n<p><strong>Hipotecas baratas, factor explicativo<\/strong><\/p>\n<p>Sorprendentemente lo que se sit\u00faa por debajo de la media es el esfuerzo financiero en Espa\u00f1a para la adquisici\u00f3n de inmuebles, como consecuencia de un menor precio del dinero. A ello contribuye la oferta de hipotecas a tipos de inter\u00e9s variables, significativamente m\u00e1s baratas que pa\u00edses como el Reino Unido, donde la expansi\u00f3n inmobiliaria tiene claros signos de estancamiento.<\/p>\n","protected":false},"excerpt":{"rendered":"<p>Los precios de la Vivienda seg\u00fan el estudio &#8216;Estudio Planner Asprima&#8217; Muchos compradores se plantean antes de dar el paso si es cara la vivienda en Espa\u00f1a. Quiz\u00e1s les interese saber lo que sucede en otros pa\u00edses europeos. En concreto si \u00abla relaci\u00f3n entre el precio de la vivienda y los ingresos en Espa\u00f1a est\u00e1 en l\u00ednea con la mayor\u00eda de los pa\u00edses de la Uni\u00f3n Europea\u00bb. Evoluci\u00f3n del mercado de la vivienda en algunos pa\u00edses europeos Espa\u00f1a, junto al Reino Unido, se sit\u00faa entre los pa\u00edses europeos en los que el mercado inmobiliario aparece con mayor grado de vitalidad. <\/p>\n","protected":false},"author":1,"featured_media":0,"comment_status":"open","ping_status":"open","sticky":false,"template":"","format":"standard","meta":{"footnotes":""},"categories":[1],"tags":[35,34],"class_list":["post-933","post","type-post","status-publish","format-standard","hentry","category-general","tag-coyuntura","tag-precios"],"yoast_head":"<!-- This site is optimized with the Yoast SEO plugin v24.1 - https:\/\/yoast.com\/wordpress\/plugins\/seo\/ -->\n<title>Los precios en Espa\u00f1a y Europa - Noticias vivienda<\/title>\n<meta name=\"robots\" content=\"index, follow, max-snippet:-1, max-image-preview:large, max-video-preview:-1\" \/>\n<link rel=\"canonical\" href=\"https:\/\/www.euroresidentes.com\/hogar\/noticias-vivienda\/los-precios-en-espaa-y-europa\/\" \/>\n<meta property=\"og:locale\" content=\"es_ES\" \/>\n<meta property=\"og:type\" content=\"article\" \/>\n<meta property=\"og:title\" content=\"Los precios en Espa\u00f1a y Europa - Noticias vivienda\" \/>\n<meta property=\"og:description\" content=\"Los precios de la Vivienda seg\u00fan el estudio &#8216;Estudio Planner Asprima&#8217; Muchos compradores se plantean antes de dar el paso si es cara la vivienda en Espa\u00f1a. Quiz\u00e1s les interese saber lo que sucede en otros pa\u00edses europeos. En concreto si \u00abla relaci\u00f3n entre el precio de la vivienda y los ingresos en Espa\u00f1a est\u00e1 en l\u00ednea con la mayor\u00eda de los pa\u00edses de la Uni\u00f3n Europea\u00bb. Evoluci\u00f3n del mercado de la vivienda en algunos pa\u00edses europeos Espa\u00f1a, junto al Reino Unido, se sit\u00faa entre los pa\u00edses europeos en los que el mercado inmobiliario aparece con mayor grado de vitalidad.\" \/>\n<meta property=\"og:url\" content=\"https:\/\/www.euroresidentes.com\/hogar\/noticias-vivienda\/los-precios-en-espaa-y-europa\/\" \/>\n<meta property=\"og:site_name\" content=\"Noticias vivienda\" \/>\n<meta property=\"article:publisher\" content=\"https:\/\/www.facebook.com\/euroresidentes\/\" \/>\n<meta property=\"article:published_time\" content=\"2005-04-03T19:04:00+00:00\" \/>\n<meta property=\"article:modified_time\" content=\"2017-01-09T11:42:46+00:00\" \/>\n<meta name=\"author\" content=\"Euroresidentes\" \/>\n<meta name=\"twitter:card\" content=\"summary_large_image\" \/>\n<meta name=\"twitter:label1\" content=\"Written by\" \/>\n\t<meta name=\"twitter:data1\" content=\"Euroresidentes\" \/>\n\t<meta name=\"twitter:label2\" content=\"Est. reading time\" \/>\n\t<meta name=\"twitter:data2\" content=\"2 minutos\" \/>\n<script type=\"application\/ld+json\" class=\"yoast-schema-graph\">{\"@context\":\"https:\/\/schema.org\",\"@graph\":[{\"@type\":\"WebPage\",\"@id\":\"https:\/\/www.euroresidentes.com\/hogar\/noticias-vivienda\/los-precios-en-espaa-y-europa\/\",\"url\":\"https:\/\/www.euroresidentes.com\/hogar\/noticias-vivienda\/los-precios-en-espaa-y-europa\/\",\"name\":\"Los precios en Espa\u00f1a y Europa - Noticias vivienda\",\"isPartOf\":{\"@id\":\"https:\/\/www.euroresidentes.com\/hogar\/noticias-vivienda\/#website\"},\"datePublished\":\"2005-04-03T19:04:00+00:00\",\"dateModified\":\"2017-01-09T11:42:46+00:00\",\"author\":{\"@id\":\"https:\/\/www.euroresidentes.com\/hogar\/noticias-vivienda\/#\/schema\/person\/072d6dc5ad9406b70bb3499e911bb321\"},\"breadcrumb\":{\"@id\":\"https:\/\/www.euroresidentes.com\/hogar\/noticias-vivienda\/los-precios-en-espaa-y-europa\/#breadcrumb\"},\"inLanguage\":\"es\",\"potentialAction\":[{\"@type\":\"ReadAction\",\"target\":[\"https:\/\/www.euroresidentes.com\/hogar\/noticias-vivienda\/los-precios-en-espaa-y-europa\/\"]}]},{\"@type\":\"BreadcrumbList\",\"@id\":\"https:\/\/www.euroresidentes.com\/hogar\/noticias-vivienda\/los-precios-en-espaa-y-europa\/#breadcrumb\",\"itemListElement\":[{\"@type\":\"ListItem\",\"position\":1,\"name\":\"Portada\",\"item\":\"https:\/\/www.euroresidentes.com\/hogar\/noticias-vivienda\/\"},{\"@type\":\"ListItem\",\"position\":2,\"name\":\"Los precios en Espa\u00f1a y Europa\"}]},{\"@type\":\"WebSite\",\"@id\":\"https:\/\/www.euroresidentes.com\/hogar\/noticias-vivienda\/#website\",\"url\":\"https:\/\/www.euroresidentes.com\/hogar\/noticias-vivienda\/\",\"name\":\"Noticias vivienda\",\"description\":\"Euroresidentes\",\"potentialAction\":[{\"@type\":\"SearchAction\",\"target\":{\"@type\":\"EntryPoint\",\"urlTemplate\":\"https:\/\/www.euroresidentes.com\/hogar\/noticias-vivienda\/?s={search_term_string}\"},\"query-input\":{\"@type\":\"PropertyValueSpecification\",\"valueRequired\":true,\"valueName\":\"search_term_string\"}}],\"inLanguage\":\"es\"},{\"@type\":\"Person\",\"@id\":\"https:\/\/www.euroresidentes.com\/hogar\/noticias-vivienda\/#\/schema\/person\/072d6dc5ad9406b70bb3499e911bb321\",\"name\":\"Euroresidentes\",\"image\":{\"@type\":\"ImageObject\",\"inLanguage\":\"es\",\"@id\":\"https:\/\/www.euroresidentes.com\/hogar\/noticias-vivienda\/#\/schema\/person\/image\/\",\"url\":\"https:\/\/www.euroresidentes.com\/hogar\/noticias-vivienda\/wp-content\/uploads\/sites\/9\/2016\/08\/logo-euroresidentes-150x150.jpg\",\"contentUrl\":\"https:\/\/www.euroresidentes.com\/hogar\/noticias-vivienda\/wp-content\/uploads\/sites\/9\/2016\/08\/logo-euroresidentes-150x150.jpg\",\"caption\":\"Euroresidentes\"},\"description\":\"EuroresidentesContenidos \u00fatiles para resolver las necesidades grandes y peque\u00f1as de la vida cotidiana.\",\"sameAs\":[\"https:\/\/www.euroresidentes.com\/info.htm\"],\"url\":\"https:\/\/www.euroresidentes.com\/hogar\/noticias-vivienda\/author\/euroresidentes\/\"}]}<\/script>\n<!-- \/ Yoast SEO plugin. -->","yoast_head_json":{"title":"Los precios en Espa\u00f1a y Europa - Noticias vivienda","robots":{"index":"index","follow":"follow","max-snippet":"max-snippet:-1","max-image-preview":"max-image-preview:large","max-video-preview":"max-video-preview:-1"},"canonical":"https:\/\/www.euroresidentes.com\/hogar\/noticias-vivienda\/los-precios-en-espaa-y-europa\/","og_locale":"es_ES","og_type":"article","og_title":"Los precios en Espa\u00f1a y Europa - Noticias vivienda","og_description":"Los precios de la Vivienda seg\u00fan el estudio &#8216;Estudio Planner Asprima&#8217; Muchos compradores se plantean antes de dar el paso si es cara la vivienda en Espa\u00f1a. Quiz\u00e1s les interese saber lo que sucede en otros pa\u00edses europeos. En concreto si \u00abla relaci\u00f3n entre el precio de la vivienda y los ingresos en Espa\u00f1a est\u00e1 en l\u00ednea con la mayor\u00eda de los pa\u00edses de la Uni\u00f3n Europea\u00bb. Evoluci\u00f3n del mercado de la vivienda en algunos pa\u00edses europeos Espa\u00f1a, junto al Reino Unido, se sit\u00faa entre los pa\u00edses europeos en los que el mercado inmobiliario aparece con mayor grado de vitalidad.","og_url":"https:\/\/www.euroresidentes.com\/hogar\/noticias-vivienda\/los-precios-en-espaa-y-europa\/","og_site_name":"Noticias vivienda","article_publisher":"https:\/\/www.facebook.com\/euroresidentes\/","article_published_time":"2005-04-03T19:04:00+00:00","article_modified_time":"2017-01-09T11:42:46+00:00","author":"Euroresidentes","twitter_card":"summary_large_image","twitter_misc":{"Written by":"Euroresidentes","Est. reading time":"2 minutos"},"schema":{"@context":"https:\/\/schema.org","@graph":[{"@type":"WebPage","@id":"https:\/\/www.euroresidentes.com\/hogar\/noticias-vivienda\/los-precios-en-espaa-y-europa\/","url":"https:\/\/www.euroresidentes.com\/hogar\/noticias-vivienda\/los-precios-en-espaa-y-europa\/","name":"Los precios en Espa\u00f1a y Europa - Noticias vivienda","isPartOf":{"@id":"https:\/\/www.euroresidentes.com\/hogar\/noticias-vivienda\/#website"},"datePublished":"2005-04-03T19:04:00+00:00","dateModified":"2017-01-09T11:42:46+00:00","author":{"@id":"https:\/\/www.euroresidentes.com\/hogar\/noticias-vivienda\/#\/schema\/person\/072d6dc5ad9406b70bb3499e911bb321"},"breadcrumb":{"@id":"https:\/\/www.euroresidentes.com\/hogar\/noticias-vivienda\/los-precios-en-espaa-y-europa\/#breadcrumb"},"inLanguage":"es","potentialAction":[{"@type":"ReadAction","target":["https:\/\/www.euroresidentes.com\/hogar\/noticias-vivienda\/los-precios-en-espaa-y-europa\/"]}]},{"@type":"BreadcrumbList","@id":"https:\/\/www.euroresidentes.com\/hogar\/noticias-vivienda\/los-precios-en-espaa-y-europa\/#breadcrumb","itemListElement":[{"@type":"ListItem","position":1,"name":"Portada","item":"https:\/\/www.euroresidentes.com\/hogar\/noticias-vivienda\/"},{"@type":"ListItem","position":2,"name":"Los precios en Espa\u00f1a y Europa"}]},{"@type":"WebSite","@id":"https:\/\/www.euroresidentes.com\/hogar\/noticias-vivienda\/#website","url":"https:\/\/www.euroresidentes.com\/hogar\/noticias-vivienda\/","name":"Noticias vivienda","description":"Euroresidentes","potentialAction":[{"@type":"SearchAction","target":{"@type":"EntryPoint","urlTemplate":"https:\/\/www.euroresidentes.com\/hogar\/noticias-vivienda\/?s={search_term_string}"},"query-input":{"@type":"PropertyValueSpecification","valueRequired":true,"valueName":"search_term_string"}}],"inLanguage":"es"},{"@type":"Person","@id":"https:\/\/www.euroresidentes.com\/hogar\/noticias-vivienda\/#\/schema\/person\/072d6dc5ad9406b70bb3499e911bb321","name":"Euroresidentes","image":{"@type":"ImageObject","inLanguage":"es","@id":"https:\/\/www.euroresidentes.com\/hogar\/noticias-vivienda\/#\/schema\/person\/image\/","url":"https:\/\/www.euroresidentes.com\/hogar\/noticias-vivienda\/wp-content\/uploads\/sites\/9\/2016\/08\/logo-euroresidentes-150x150.jpg","contentUrl":"https:\/\/www.euroresidentes.com\/hogar\/noticias-vivienda\/wp-content\/uploads\/sites\/9\/2016\/08\/logo-euroresidentes-150x150.jpg","caption":"Euroresidentes"},"description":"EuroresidentesContenidos \u00fatiles para resolver las necesidades grandes y peque\u00f1as de la vida cotidiana.","sameAs":["https:\/\/www.euroresidentes.com\/info.htm"],"url":"https:\/\/www.euroresidentes.com\/hogar\/noticias-vivienda\/author\/euroresidentes\/"}]}},"_links":{"self":[{"href":"https:\/\/www.euroresidentes.com\/hogar\/noticias-vivienda\/wp-json\/wp\/v2\/posts\/933","targetHints":{"allow":["GET"]}}],"collection":[{"href":"https:\/\/www.euroresidentes.com\/hogar\/noticias-vivienda\/wp-json\/wp\/v2\/posts"}],"about":[{"href":"https:\/\/www.euroresidentes.com\/hogar\/noticias-vivienda\/wp-json\/wp\/v2\/types\/post"}],"author":[{"embeddable":true,"href":"https:\/\/www.euroresidentes.com\/hogar\/noticias-vivienda\/wp-json\/wp\/v2\/users\/1"}],"replies":[{"embeddable":true,"href":"https:\/\/www.euroresidentes.com\/hogar\/noticias-vivienda\/wp-json\/wp\/v2\/comments?post=933"}],"version-history":[{"count":1,"href":"https:\/\/www.euroresidentes.com\/hogar\/noticias-vivienda\/wp-json\/wp\/v2\/posts\/933\/revisions"}],"predecessor-version":[{"id":1407,"href":"https:\/\/www.euroresidentes.com\/hogar\/noticias-vivienda\/wp-json\/wp\/v2\/posts\/933\/revisions\/1407"}],"wp:attachment":[{"href":"https:\/\/www.euroresidentes.com\/hogar\/noticias-vivienda\/wp-json\/wp\/v2\/media?parent=933"}],"wp:term":[{"taxonomy":"category","embeddable":true,"href":"https:\/\/www.euroresidentes.com\/hogar\/noticias-vivienda\/wp-json\/wp\/v2\/categories?post=933"},{"taxonomy":"post_tag","embeddable":true,"href":"https:\/\/www.euroresidentes.com\/hogar\/noticias-vivienda\/wp-json\/wp\/v2\/tags?post=933"}],"curies":[{"name":"wp","href":"https:\/\/api.w.org\/{rel}","templated":true}]}}