{"id":923,"date":"2005-05-17T17:21:00","date_gmt":"2005-05-17T17:21:00","guid":{"rendered":"http:\/\/www.euroresidentes.com\/hogar\/noticias-vivienda\/vivienda-fase-de-desaceleracin"},"modified":"2017-01-09T12:42:45","modified_gmt":"2017-01-09T11:42:45","slug":"vivienda-fase-de-desaceleracin","status":"publish","type":"post","link":"https:\/\/www.euroresidentes.com\/hogar\/noticias-vivienda\/vivienda-fase-de-desaceleracin\/","title":{"rendered":"Vivienda: \u00bffase de desaceleraci\u00f3n?"},"content":{"rendered":"<p>Seg\u00fan datos de Seopan en el  conjunto de Espa\u00f1a el ritmo constructor experiment\u00f3 un incremento medio de un 7,2% en el n\u00famero de viviendas visadas. Sin embargo tres comunidades aut\u00f3nomas mostraron s\u00edntomas de agotamiento con registrando disminuciones en la mencionada variable:<\/p>\n<ul>\n<li>Madrid (-9,4%) <\/li>\n<li>Pa\u00eds Vasco (-3,0%)<\/li>\n<li>Comunidad Valenciana (-1,7%)<\/li>\n<li>Andaluc\u00eda (-0,1%), <\/li>\n<\/ul>\n<p>Las mayores expansiones las protagonizaron Castilla-La Mancha (+48,7%) y Canarias, (+41,1%). <strong>Fase de desaceleraci\u00f3n en el ritmo constructor<\/strong>Seg\u00fan Seopan, las ca\u00eddas registradas en estas comunidades podr\u00edan indicar una nueva fase de desaceleraci\u00f3n que coincide con las Comunidades Aut\u00f3nomas donde en general han subido m\u00e1s los precios. Por ejemplo, en la Comunidad Valenciana ha experimentado en los dos \u00faltimos a\u00f1os un notable encarecimiento de los precios, que en algunas zonas de Valencia oscila entre el 20% y el 30%, seg\u00fan los diversos datos de empresas tasadoras y otras fuentes. <strong>Volumen de viviendas visadas<\/strong>Pese a los datos anteriores. Las tres comunidades aut\u00f3nomas con mayor n\u00famero de viviendas visadas son: Andaluc\u00eda (147.448), Catalu\u00f1a (104.661) y C. Valenciana (104.142)   El fren\u00e9tico ritmo de edificaci\u00f3n que se manten\u00eda desde 2001 se ve frenado con estos datos que muestran por primera vez una desaceleraci\u00f3n.<\/p>\n","protected":false},"excerpt":{"rendered":"<p>Seg\u00fan datos de Seopan en el conjunto de Espa\u00f1a el ritmo constructor experiment\u00f3 un incremento medio de un 7,2% en el n\u00famero de viviendas visadas. Sin embargo tres comunidades aut\u00f3nomas mostraron s\u00edntomas de agotamiento con registrando disminuciones en la mencionada variable: Madrid (-9,4%) Pa\u00eds Vasco (-3,0%) Comunidad Valenciana (-1,7%) Andaluc\u00eda (-0,1%), Las mayores expansiones las protagonizaron Castilla-La Mancha (+48,7%) y Canarias, (+41,1%). Fase de desaceleraci\u00f3n en el ritmo constructorSeg\u00fan Seopan, las ca\u00eddas registradas en estas comunidades podr\u00edan indicar una nueva fase de desaceleraci\u00f3n que coincide con las Comunidades Aut\u00f3nomas donde en general han subido m\u00e1s los precios. Por ejemplo, en <\/p>\n","protected":false},"author":1,"featured_media":0,"comment_status":"open","ping_status":"open","sticky":false,"template":"","format":"standard","meta":{"footnotes":""},"categories":[1],"tags":[35],"class_list":["post-923","post","type-post","status-publish","format-standard","hentry","category-general","tag-coyuntura"],"yoast_head":"<!-- This site is optimized with the Yoast SEO plugin v24.1 - https:\/\/yoast.com\/wordpress\/plugins\/seo\/ -->\n<title>Vivienda: \u00bffase de desaceleraci\u00f3n? - Noticias vivienda<\/title>\n<meta name=\"robots\" content=\"index, follow, max-snippet:-1, max-image-preview:large, max-video-preview:-1\" \/>\n<link rel=\"canonical\" href=\"https:\/\/www.euroresidentes.com\/hogar\/noticias-vivienda\/vivienda-fase-de-desaceleracin\/\" \/>\n<meta property=\"og:locale\" content=\"es_ES\" \/>\n<meta property=\"og:type\" content=\"article\" \/>\n<meta property=\"og:title\" content=\"Vivienda: \u00bffase de desaceleraci\u00f3n? - Noticias vivienda\" \/>\n<meta property=\"og:description\" content=\"Seg\u00fan datos de Seopan en el conjunto de Espa\u00f1a el ritmo constructor experiment\u00f3 un incremento medio de un 7,2% en el n\u00famero de viviendas visadas. Sin embargo tres comunidades aut\u00f3nomas mostraron s\u00edntomas de agotamiento con registrando disminuciones en la mencionada variable: Madrid (-9,4%) Pa\u00eds Vasco (-3,0%) Comunidad Valenciana (-1,7%) Andaluc\u00eda (-0,1%), Las mayores expansiones las protagonizaron Castilla-La Mancha (+48,7%) y Canarias, (+41,1%). Fase de desaceleraci\u00f3n en el ritmo constructorSeg\u00fan Seopan, las ca\u00eddas registradas en estas comunidades podr\u00edan indicar una nueva fase de desaceleraci\u00f3n que coincide con las Comunidades Aut\u00f3nomas donde en general han subido m\u00e1s los precios. Por ejemplo, en\" \/>\n<meta property=\"og:url\" content=\"https:\/\/www.euroresidentes.com\/hogar\/noticias-vivienda\/vivienda-fase-de-desaceleracin\/\" \/>\n<meta property=\"og:site_name\" content=\"Noticias vivienda\" \/>\n<meta property=\"article:publisher\" content=\"https:\/\/www.facebook.com\/euroresidentes\/\" \/>\n<meta property=\"article:published_time\" content=\"2005-05-17T17:21:00+00:00\" \/>\n<meta property=\"article:modified_time\" content=\"2017-01-09T11:42:45+00:00\" \/>\n<meta name=\"author\" content=\"Euroresidentes\" \/>\n<meta name=\"twitter:card\" content=\"summary_large_image\" \/>\n<meta name=\"twitter:label1\" content=\"Written by\" \/>\n\t<meta name=\"twitter:data1\" content=\"Euroresidentes\" \/>\n\t<meta name=\"twitter:label2\" content=\"Est. reading time\" \/>\n\t<meta name=\"twitter:data2\" content=\"1 minuto\" \/>\n<script type=\"application\/ld+json\" class=\"yoast-schema-graph\">{\"@context\":\"https:\/\/schema.org\",\"@graph\":[{\"@type\":\"WebPage\",\"@id\":\"https:\/\/www.euroresidentes.com\/hogar\/noticias-vivienda\/vivienda-fase-de-desaceleracin\/\",\"url\":\"https:\/\/www.euroresidentes.com\/hogar\/noticias-vivienda\/vivienda-fase-de-desaceleracin\/\",\"name\":\"Vivienda: \u00bffase de desaceleraci\u00f3n? - Noticias vivienda\",\"isPartOf\":{\"@id\":\"https:\/\/www.euroresidentes.com\/hogar\/noticias-vivienda\/#website\"},\"datePublished\":\"2005-05-17T17:21:00+00:00\",\"dateModified\":\"2017-01-09T11:42:45+00:00\",\"author\":{\"@id\":\"https:\/\/www.euroresidentes.com\/hogar\/noticias-vivienda\/#\/schema\/person\/072d6dc5ad9406b70bb3499e911bb321\"},\"breadcrumb\":{\"@id\":\"https:\/\/www.euroresidentes.com\/hogar\/noticias-vivienda\/vivienda-fase-de-desaceleracin\/#breadcrumb\"},\"inLanguage\":\"es\",\"potentialAction\":[{\"@type\":\"ReadAction\",\"target\":[\"https:\/\/www.euroresidentes.com\/hogar\/noticias-vivienda\/vivienda-fase-de-desaceleracin\/\"]}]},{\"@type\":\"BreadcrumbList\",\"@id\":\"https:\/\/www.euroresidentes.com\/hogar\/noticias-vivienda\/vivienda-fase-de-desaceleracin\/#breadcrumb\",\"itemListElement\":[{\"@type\":\"ListItem\",\"position\":1,\"name\":\"Portada\",\"item\":\"https:\/\/www.euroresidentes.com\/hogar\/noticias-vivienda\/\"},{\"@type\":\"ListItem\",\"position\":2,\"name\":\"Vivienda: \u00bffase de desaceleraci\u00f3n?\"}]},{\"@type\":\"WebSite\",\"@id\":\"https:\/\/www.euroresidentes.com\/hogar\/noticias-vivienda\/#website\",\"url\":\"https:\/\/www.euroresidentes.com\/hogar\/noticias-vivienda\/\",\"name\":\"Noticias vivienda\",\"description\":\"Euroresidentes\",\"potentialAction\":[{\"@type\":\"SearchAction\",\"target\":{\"@type\":\"EntryPoint\",\"urlTemplate\":\"https:\/\/www.euroresidentes.com\/hogar\/noticias-vivienda\/?s={search_term_string}\"},\"query-input\":{\"@type\":\"PropertyValueSpecification\",\"valueRequired\":true,\"valueName\":\"search_term_string\"}}],\"inLanguage\":\"es\"},{\"@type\":\"Person\",\"@id\":\"https:\/\/www.euroresidentes.com\/hogar\/noticias-vivienda\/#\/schema\/person\/072d6dc5ad9406b70bb3499e911bb321\",\"name\":\"Euroresidentes\",\"image\":{\"@type\":\"ImageObject\",\"inLanguage\":\"es\",\"@id\":\"https:\/\/www.euroresidentes.com\/hogar\/noticias-vivienda\/#\/schema\/person\/image\/\",\"url\":\"https:\/\/www.euroresidentes.com\/hogar\/noticias-vivienda\/wp-content\/uploads\/sites\/9\/2016\/08\/logo-euroresidentes-150x150.jpg\",\"contentUrl\":\"https:\/\/www.euroresidentes.com\/hogar\/noticias-vivienda\/wp-content\/uploads\/sites\/9\/2016\/08\/logo-euroresidentes-150x150.jpg\",\"caption\":\"Euroresidentes\"},\"description\":\"EuroresidentesContenidos \u00fatiles para resolver las necesidades grandes y peque\u00f1as de la vida cotidiana.\",\"sameAs\":[\"https:\/\/www.euroresidentes.com\/info.htm\"],\"url\":\"https:\/\/www.euroresidentes.com\/hogar\/noticias-vivienda\/author\/euroresidentes\/\"}]}<\/script>\n<!-- \/ Yoast SEO plugin. -->","yoast_head_json":{"title":"Vivienda: \u00bffase de desaceleraci\u00f3n? - Noticias vivienda","robots":{"index":"index","follow":"follow","max-snippet":"max-snippet:-1","max-image-preview":"max-image-preview:large","max-video-preview":"max-video-preview:-1"},"canonical":"https:\/\/www.euroresidentes.com\/hogar\/noticias-vivienda\/vivienda-fase-de-desaceleracin\/","og_locale":"es_ES","og_type":"article","og_title":"Vivienda: \u00bffase de desaceleraci\u00f3n? - Noticias vivienda","og_description":"Seg\u00fan datos de Seopan en el conjunto de Espa\u00f1a el ritmo constructor experiment\u00f3 un incremento medio de un 7,2% en el n\u00famero de viviendas visadas. Sin embargo tres comunidades aut\u00f3nomas mostraron s\u00edntomas de agotamiento con registrando disminuciones en la mencionada variable: Madrid (-9,4%) Pa\u00eds Vasco (-3,0%) Comunidad Valenciana (-1,7%) Andaluc\u00eda (-0,1%), Las mayores expansiones las protagonizaron Castilla-La Mancha (+48,7%) y Canarias, (+41,1%). Fase de desaceleraci\u00f3n en el ritmo constructorSeg\u00fan Seopan, las ca\u00eddas registradas en estas comunidades podr\u00edan indicar una nueva fase de desaceleraci\u00f3n que coincide con las Comunidades Aut\u00f3nomas donde en general han subido m\u00e1s los precios. Por ejemplo, en","og_url":"https:\/\/www.euroresidentes.com\/hogar\/noticias-vivienda\/vivienda-fase-de-desaceleracin\/","og_site_name":"Noticias vivienda","article_publisher":"https:\/\/www.facebook.com\/euroresidentes\/","article_published_time":"2005-05-17T17:21:00+00:00","article_modified_time":"2017-01-09T11:42:45+00:00","author":"Euroresidentes","twitter_card":"summary_large_image","twitter_misc":{"Written by":"Euroresidentes","Est. reading time":"1 minuto"},"schema":{"@context":"https:\/\/schema.org","@graph":[{"@type":"WebPage","@id":"https:\/\/www.euroresidentes.com\/hogar\/noticias-vivienda\/vivienda-fase-de-desaceleracin\/","url":"https:\/\/www.euroresidentes.com\/hogar\/noticias-vivienda\/vivienda-fase-de-desaceleracin\/","name":"Vivienda: \u00bffase de desaceleraci\u00f3n? - Noticias vivienda","isPartOf":{"@id":"https:\/\/www.euroresidentes.com\/hogar\/noticias-vivienda\/#website"},"datePublished":"2005-05-17T17:21:00+00:00","dateModified":"2017-01-09T11:42:45+00:00","author":{"@id":"https:\/\/www.euroresidentes.com\/hogar\/noticias-vivienda\/#\/schema\/person\/072d6dc5ad9406b70bb3499e911bb321"},"breadcrumb":{"@id":"https:\/\/www.euroresidentes.com\/hogar\/noticias-vivienda\/vivienda-fase-de-desaceleracin\/#breadcrumb"},"inLanguage":"es","potentialAction":[{"@type":"ReadAction","target":["https:\/\/www.euroresidentes.com\/hogar\/noticias-vivienda\/vivienda-fase-de-desaceleracin\/"]}]},{"@type":"BreadcrumbList","@id":"https:\/\/www.euroresidentes.com\/hogar\/noticias-vivienda\/vivienda-fase-de-desaceleracin\/#breadcrumb","itemListElement":[{"@type":"ListItem","position":1,"name":"Portada","item":"https:\/\/www.euroresidentes.com\/hogar\/noticias-vivienda\/"},{"@type":"ListItem","position":2,"name":"Vivienda: \u00bffase de desaceleraci\u00f3n?"}]},{"@type":"WebSite","@id":"https:\/\/www.euroresidentes.com\/hogar\/noticias-vivienda\/#website","url":"https:\/\/www.euroresidentes.com\/hogar\/noticias-vivienda\/","name":"Noticias vivienda","description":"Euroresidentes","potentialAction":[{"@type":"SearchAction","target":{"@type":"EntryPoint","urlTemplate":"https:\/\/www.euroresidentes.com\/hogar\/noticias-vivienda\/?s={search_term_string}"},"query-input":{"@type":"PropertyValueSpecification","valueRequired":true,"valueName":"search_term_string"}}],"inLanguage":"es"},{"@type":"Person","@id":"https:\/\/www.euroresidentes.com\/hogar\/noticias-vivienda\/#\/schema\/person\/072d6dc5ad9406b70bb3499e911bb321","name":"Euroresidentes","image":{"@type":"ImageObject","inLanguage":"es","@id":"https:\/\/www.euroresidentes.com\/hogar\/noticias-vivienda\/#\/schema\/person\/image\/","url":"https:\/\/www.euroresidentes.com\/hogar\/noticias-vivienda\/wp-content\/uploads\/sites\/9\/2016\/08\/logo-euroresidentes-150x150.jpg","contentUrl":"https:\/\/www.euroresidentes.com\/hogar\/noticias-vivienda\/wp-content\/uploads\/sites\/9\/2016\/08\/logo-euroresidentes-150x150.jpg","caption":"Euroresidentes"},"description":"EuroresidentesContenidos \u00fatiles para resolver las necesidades grandes y peque\u00f1as de la vida cotidiana.","sameAs":["https:\/\/www.euroresidentes.com\/info.htm"],"url":"https:\/\/www.euroresidentes.com\/hogar\/noticias-vivienda\/author\/euroresidentes\/"}]}},"_links":{"self":[{"href":"https:\/\/www.euroresidentes.com\/hogar\/noticias-vivienda\/wp-json\/wp\/v2\/posts\/923","targetHints":{"allow":["GET"]}}],"collection":[{"href":"https:\/\/www.euroresidentes.com\/hogar\/noticias-vivienda\/wp-json\/wp\/v2\/posts"}],"about":[{"href":"https:\/\/www.euroresidentes.com\/hogar\/noticias-vivienda\/wp-json\/wp\/v2\/types\/post"}],"author":[{"embeddable":true,"href":"https:\/\/www.euroresidentes.com\/hogar\/noticias-vivienda\/wp-json\/wp\/v2\/users\/1"}],"replies":[{"embeddable":true,"href":"https:\/\/www.euroresidentes.com\/hogar\/noticias-vivienda\/wp-json\/wp\/v2\/comments?post=923"}],"version-history":[{"count":1,"href":"https:\/\/www.euroresidentes.com\/hogar\/noticias-vivienda\/wp-json\/wp\/v2\/posts\/923\/revisions"}],"predecessor-version":[{"id":1397,"href":"https:\/\/www.euroresidentes.com\/hogar\/noticias-vivienda\/wp-json\/wp\/v2\/posts\/923\/revisions\/1397"}],"wp:attachment":[{"href":"https:\/\/www.euroresidentes.com\/hogar\/noticias-vivienda\/wp-json\/wp\/v2\/media?parent=923"}],"wp:term":[{"taxonomy":"category","embeddable":true,"href":"https:\/\/www.euroresidentes.com\/hogar\/noticias-vivienda\/wp-json\/wp\/v2\/categories?post=923"},{"taxonomy":"post_tag","embeddable":true,"href":"https:\/\/www.euroresidentes.com\/hogar\/noticias-vivienda\/wp-json\/wp\/v2\/tags?post=923"}],"curies":[{"name":"wp","href":"https:\/\/api.w.org\/{rel}","templated":true}]}}