{"id":915,"date":"2005-06-24T13:34:00","date_gmt":"2005-06-24T13:34:00","guid":{"rendered":"http:\/\/www.euroresidentes.com\/hogar\/noticias-vivienda\/comunidades-autnomas-y-plan-de"},"modified":"2017-01-09T12:42:44","modified_gmt":"2017-01-09T11:42:44","slug":"comunidades-autnomas-y-plan-de","status":"publish","type":"post","link":"https:\/\/www.euroresidentes.com\/hogar\/noticias-vivienda\/comunidades-autnomas-y-plan-de\/","title":{"rendered":"Comunidades Aut\u00f3nomas y Plan de Vivienda"},"content":{"rendered":"<p>Se entra en la fase final  para la aprobaci\u00f3n final del Plan de Vivienda 2005 -2008. Sin duda, las competencias territoriales de las comunidades aut\u00f3nomas y otros entes locales sobre vivienda hacen necesaria una coordinaci\u00f3n y consulta previa, sin que sepamos el alcance de esta.<\/p>\n<p>Seg\u00fan nota de presa del Ministerio, hoy 23 de junio de 2005  los directores generales de Vivienda de las CC.AA. se han reunido  con el Director General del Ministerio.   La reuni\u00f3n, de car\u00e1cter t\u00e9cnico, ha estado presidida por el Secretario General del Ministerio de Vivienda. En dicha reuni\u00f3n se han seguido analizando las alegaciones propuestas al objeto de ir acercando posituras dentro de la l\u00ednea de alcanzar el mayor consenso posible en el esp\u00edritu de colaboraci\u00f3n entre Administraciones. De hecho, se han incorporado un porcentaje elevado de las alegaciones formuladas.<\/p>\n<p>La pr\u00f3xima semana est\u00e1 previsto que se celebre una reuni\u00f3n sectorial, presidida por la Ministra de Vivienda y en la que participar\u00e1n los consejeros de las Comunidades Aut\u00f3nomas, en la que se discutir\u00e1 el proyecto de Plan de Vivienda 2005-2008. El Plan ser\u00e1 aprobado finalmente por el Consejo de Ministros.<\/p>\n<p>&#8211;<a href=\"http:\/\/www.euroresidentes.com\/vivienda\/\">Vivienda<\/a><br \/>&#8211; <a href=\"http:\/\/www.euroresidentes.com\/Blogs\/vivienda\/noticias_vivienda.htm\">Ministerio de la Vivienda<\/a><\/p>\n","protected":false},"excerpt":{"rendered":"<p>Se entra en la fase final para la aprobaci\u00f3n final del Plan de Vivienda 2005 -2008. Sin duda, las competencias territoriales de las comunidades aut\u00f3nomas y otros entes locales sobre vivienda hacen necesaria una coordinaci\u00f3n y consulta previa, sin que sepamos el alcance de esta. Seg\u00fan nota de presa del Ministerio, hoy 23 de junio de 2005 los directores generales de Vivienda de las CC.AA. se han reunido con el Director General del Ministerio. La reuni\u00f3n, de car\u00e1cter t\u00e9cnico, ha estado presidida por el Secretario General del Ministerio de Vivienda. En dicha reuni\u00f3n se han seguido analizando las alegaciones propuestas <\/p>\n","protected":false},"author":1,"featured_media":0,"comment_status":"open","ping_status":"open","sticky":false,"template":"","format":"standard","meta":{"footnotes":""},"categories":[1],"tags":[40],"class_list":["post-915","post","type-post","status-publish","format-standard","hentry","category-general","tag-politicas"],"yoast_head":"<!-- This site is optimized with the Yoast SEO plugin v24.1 - https:\/\/yoast.com\/wordpress\/plugins\/seo\/ -->\n<title>Comunidades Aut\u00f3nomas y Plan de Vivienda - Noticias vivienda<\/title>\n<meta name=\"robots\" content=\"index, follow, max-snippet:-1, max-image-preview:large, max-video-preview:-1\" \/>\n<link rel=\"canonical\" href=\"https:\/\/www.euroresidentes.com\/hogar\/noticias-vivienda\/comunidades-autnomas-y-plan-de\/\" \/>\n<meta property=\"og:locale\" content=\"es_ES\" \/>\n<meta property=\"og:type\" content=\"article\" \/>\n<meta property=\"og:title\" content=\"Comunidades Aut\u00f3nomas y Plan de Vivienda - Noticias vivienda\" \/>\n<meta property=\"og:description\" content=\"Se entra en la fase final para la aprobaci\u00f3n final del Plan de Vivienda 2005 -2008. Sin duda, las competencias territoriales de las comunidades aut\u00f3nomas y otros entes locales sobre vivienda hacen necesaria una coordinaci\u00f3n y consulta previa, sin que sepamos el alcance de esta. Seg\u00fan nota de presa del Ministerio, hoy 23 de junio de 2005 los directores generales de Vivienda de las CC.AA. se han reunido con el Director General del Ministerio. La reuni\u00f3n, de car\u00e1cter t\u00e9cnico, ha estado presidida por el Secretario General del Ministerio de Vivienda. En dicha reuni\u00f3n se han seguido analizando las alegaciones propuestas\" \/>\n<meta property=\"og:url\" content=\"https:\/\/www.euroresidentes.com\/hogar\/noticias-vivienda\/comunidades-autnomas-y-plan-de\/\" \/>\n<meta property=\"og:site_name\" content=\"Noticias vivienda\" \/>\n<meta property=\"article:publisher\" content=\"https:\/\/www.facebook.com\/euroresidentes\/\" \/>\n<meta property=\"article:published_time\" content=\"2005-06-24T13:34:00+00:00\" \/>\n<meta property=\"article:modified_time\" content=\"2017-01-09T11:42:44+00:00\" \/>\n<meta name=\"author\" content=\"Euroresidentes\" \/>\n<meta name=\"twitter:card\" content=\"summary_large_image\" \/>\n<meta name=\"twitter:label1\" content=\"Written by\" \/>\n\t<meta name=\"twitter:data1\" content=\"Euroresidentes\" \/>\n\t<meta name=\"twitter:label2\" content=\"Est. reading time\" \/>\n\t<meta name=\"twitter:data2\" content=\"1 minuto\" \/>\n<script type=\"application\/ld+json\" class=\"yoast-schema-graph\">{\"@context\":\"https:\/\/schema.org\",\"@graph\":[{\"@type\":\"WebPage\",\"@id\":\"https:\/\/www.euroresidentes.com\/hogar\/noticias-vivienda\/comunidades-autnomas-y-plan-de\/\",\"url\":\"https:\/\/www.euroresidentes.com\/hogar\/noticias-vivienda\/comunidades-autnomas-y-plan-de\/\",\"name\":\"Comunidades Aut\u00f3nomas y Plan de Vivienda - Noticias vivienda\",\"isPartOf\":{\"@id\":\"https:\/\/www.euroresidentes.com\/hogar\/noticias-vivienda\/#website\"},\"datePublished\":\"2005-06-24T13:34:00+00:00\",\"dateModified\":\"2017-01-09T11:42:44+00:00\",\"author\":{\"@id\":\"https:\/\/www.euroresidentes.com\/hogar\/noticias-vivienda\/#\/schema\/person\/072d6dc5ad9406b70bb3499e911bb321\"},\"breadcrumb\":{\"@id\":\"https:\/\/www.euroresidentes.com\/hogar\/noticias-vivienda\/comunidades-autnomas-y-plan-de\/#breadcrumb\"},\"inLanguage\":\"es\",\"potentialAction\":[{\"@type\":\"ReadAction\",\"target\":[\"https:\/\/www.euroresidentes.com\/hogar\/noticias-vivienda\/comunidades-autnomas-y-plan-de\/\"]}]},{\"@type\":\"BreadcrumbList\",\"@id\":\"https:\/\/www.euroresidentes.com\/hogar\/noticias-vivienda\/comunidades-autnomas-y-plan-de\/#breadcrumb\",\"itemListElement\":[{\"@type\":\"ListItem\",\"position\":1,\"name\":\"Portada\",\"item\":\"https:\/\/www.euroresidentes.com\/hogar\/noticias-vivienda\/\"},{\"@type\":\"ListItem\",\"position\":2,\"name\":\"Comunidades Aut\u00f3nomas y Plan de Vivienda\"}]},{\"@type\":\"WebSite\",\"@id\":\"https:\/\/www.euroresidentes.com\/hogar\/noticias-vivienda\/#website\",\"url\":\"https:\/\/www.euroresidentes.com\/hogar\/noticias-vivienda\/\",\"name\":\"Noticias vivienda\",\"description\":\"Euroresidentes\",\"potentialAction\":[{\"@type\":\"SearchAction\",\"target\":{\"@type\":\"EntryPoint\",\"urlTemplate\":\"https:\/\/www.euroresidentes.com\/hogar\/noticias-vivienda\/?s={search_term_string}\"},\"query-input\":{\"@type\":\"PropertyValueSpecification\",\"valueRequired\":true,\"valueName\":\"search_term_string\"}}],\"inLanguage\":\"es\"},{\"@type\":\"Person\",\"@id\":\"https:\/\/www.euroresidentes.com\/hogar\/noticias-vivienda\/#\/schema\/person\/072d6dc5ad9406b70bb3499e911bb321\",\"name\":\"Euroresidentes\",\"image\":{\"@type\":\"ImageObject\",\"inLanguage\":\"es\",\"@id\":\"https:\/\/www.euroresidentes.com\/hogar\/noticias-vivienda\/#\/schema\/person\/image\/\",\"url\":\"https:\/\/www.euroresidentes.com\/hogar\/noticias-vivienda\/wp-content\/uploads\/sites\/9\/2016\/08\/logo-euroresidentes-150x150.jpg\",\"contentUrl\":\"https:\/\/www.euroresidentes.com\/hogar\/noticias-vivienda\/wp-content\/uploads\/sites\/9\/2016\/08\/logo-euroresidentes-150x150.jpg\",\"caption\":\"Euroresidentes\"},\"description\":\"EuroresidentesContenidos \u00fatiles para resolver las necesidades grandes y peque\u00f1as de la vida cotidiana.\",\"sameAs\":[\"https:\/\/www.euroresidentes.com\/info.htm\"],\"url\":\"https:\/\/www.euroresidentes.com\/hogar\/noticias-vivienda\/author\/euroresidentes\/\"}]}<\/script>\n<!-- \/ Yoast SEO plugin. -->","yoast_head_json":{"title":"Comunidades Aut\u00f3nomas y Plan de Vivienda - Noticias vivienda","robots":{"index":"index","follow":"follow","max-snippet":"max-snippet:-1","max-image-preview":"max-image-preview:large","max-video-preview":"max-video-preview:-1"},"canonical":"https:\/\/www.euroresidentes.com\/hogar\/noticias-vivienda\/comunidades-autnomas-y-plan-de\/","og_locale":"es_ES","og_type":"article","og_title":"Comunidades Aut\u00f3nomas y Plan de Vivienda - Noticias vivienda","og_description":"Se entra en la fase final para la aprobaci\u00f3n final del Plan de Vivienda 2005 -2008. Sin duda, las competencias territoriales de las comunidades aut\u00f3nomas y otros entes locales sobre vivienda hacen necesaria una coordinaci\u00f3n y consulta previa, sin que sepamos el alcance de esta. Seg\u00fan nota de presa del Ministerio, hoy 23 de junio de 2005 los directores generales de Vivienda de las CC.AA. se han reunido con el Director General del Ministerio. La reuni\u00f3n, de car\u00e1cter t\u00e9cnico, ha estado presidida por el Secretario General del Ministerio de Vivienda. En dicha reuni\u00f3n se han seguido analizando las alegaciones propuestas","og_url":"https:\/\/www.euroresidentes.com\/hogar\/noticias-vivienda\/comunidades-autnomas-y-plan-de\/","og_site_name":"Noticias vivienda","article_publisher":"https:\/\/www.facebook.com\/euroresidentes\/","article_published_time":"2005-06-24T13:34:00+00:00","article_modified_time":"2017-01-09T11:42:44+00:00","author":"Euroresidentes","twitter_card":"summary_large_image","twitter_misc":{"Written by":"Euroresidentes","Est. reading time":"1 minuto"},"schema":{"@context":"https:\/\/schema.org","@graph":[{"@type":"WebPage","@id":"https:\/\/www.euroresidentes.com\/hogar\/noticias-vivienda\/comunidades-autnomas-y-plan-de\/","url":"https:\/\/www.euroresidentes.com\/hogar\/noticias-vivienda\/comunidades-autnomas-y-plan-de\/","name":"Comunidades Aut\u00f3nomas y Plan de Vivienda - Noticias vivienda","isPartOf":{"@id":"https:\/\/www.euroresidentes.com\/hogar\/noticias-vivienda\/#website"},"datePublished":"2005-06-24T13:34:00+00:00","dateModified":"2017-01-09T11:42:44+00:00","author":{"@id":"https:\/\/www.euroresidentes.com\/hogar\/noticias-vivienda\/#\/schema\/person\/072d6dc5ad9406b70bb3499e911bb321"},"breadcrumb":{"@id":"https:\/\/www.euroresidentes.com\/hogar\/noticias-vivienda\/comunidades-autnomas-y-plan-de\/#breadcrumb"},"inLanguage":"es","potentialAction":[{"@type":"ReadAction","target":["https:\/\/www.euroresidentes.com\/hogar\/noticias-vivienda\/comunidades-autnomas-y-plan-de\/"]}]},{"@type":"BreadcrumbList","@id":"https:\/\/www.euroresidentes.com\/hogar\/noticias-vivienda\/comunidades-autnomas-y-plan-de\/#breadcrumb","itemListElement":[{"@type":"ListItem","position":1,"name":"Portada","item":"https:\/\/www.euroresidentes.com\/hogar\/noticias-vivienda\/"},{"@type":"ListItem","position":2,"name":"Comunidades Aut\u00f3nomas y Plan de Vivienda"}]},{"@type":"WebSite","@id":"https:\/\/www.euroresidentes.com\/hogar\/noticias-vivienda\/#website","url":"https:\/\/www.euroresidentes.com\/hogar\/noticias-vivienda\/","name":"Noticias vivienda","description":"Euroresidentes","potentialAction":[{"@type":"SearchAction","target":{"@type":"EntryPoint","urlTemplate":"https:\/\/www.euroresidentes.com\/hogar\/noticias-vivienda\/?s={search_term_string}"},"query-input":{"@type":"PropertyValueSpecification","valueRequired":true,"valueName":"search_term_string"}}],"inLanguage":"es"},{"@type":"Person","@id":"https:\/\/www.euroresidentes.com\/hogar\/noticias-vivienda\/#\/schema\/person\/072d6dc5ad9406b70bb3499e911bb321","name":"Euroresidentes","image":{"@type":"ImageObject","inLanguage":"es","@id":"https:\/\/www.euroresidentes.com\/hogar\/noticias-vivienda\/#\/schema\/person\/image\/","url":"https:\/\/www.euroresidentes.com\/hogar\/noticias-vivienda\/wp-content\/uploads\/sites\/9\/2016\/08\/logo-euroresidentes-150x150.jpg","contentUrl":"https:\/\/www.euroresidentes.com\/hogar\/noticias-vivienda\/wp-content\/uploads\/sites\/9\/2016\/08\/logo-euroresidentes-150x150.jpg","caption":"Euroresidentes"},"description":"EuroresidentesContenidos \u00fatiles para resolver las necesidades grandes y peque\u00f1as de la vida cotidiana.","sameAs":["https:\/\/www.euroresidentes.com\/info.htm"],"url":"https:\/\/www.euroresidentes.com\/hogar\/noticias-vivienda\/author\/euroresidentes\/"}]}},"_links":{"self":[{"href":"https:\/\/www.euroresidentes.com\/hogar\/noticias-vivienda\/wp-json\/wp\/v2\/posts\/915","targetHints":{"allow":["GET"]}}],"collection":[{"href":"https:\/\/www.euroresidentes.com\/hogar\/noticias-vivienda\/wp-json\/wp\/v2\/posts"}],"about":[{"href":"https:\/\/www.euroresidentes.com\/hogar\/noticias-vivienda\/wp-json\/wp\/v2\/types\/post"}],"author":[{"embeddable":true,"href":"https:\/\/www.euroresidentes.com\/hogar\/noticias-vivienda\/wp-json\/wp\/v2\/users\/1"}],"replies":[{"embeddable":true,"href":"https:\/\/www.euroresidentes.com\/hogar\/noticias-vivienda\/wp-json\/wp\/v2\/comments?post=915"}],"version-history":[{"count":1,"href":"https:\/\/www.euroresidentes.com\/hogar\/noticias-vivienda\/wp-json\/wp\/v2\/posts\/915\/revisions"}],"predecessor-version":[{"id":1389,"href":"https:\/\/www.euroresidentes.com\/hogar\/noticias-vivienda\/wp-json\/wp\/v2\/posts\/915\/revisions\/1389"}],"wp:attachment":[{"href":"https:\/\/www.euroresidentes.com\/hogar\/noticias-vivienda\/wp-json\/wp\/v2\/media?parent=915"}],"wp:term":[{"taxonomy":"category","embeddable":true,"href":"https:\/\/www.euroresidentes.com\/hogar\/noticias-vivienda\/wp-json\/wp\/v2\/categories?post=915"},{"taxonomy":"post_tag","embeddable":true,"href":"https:\/\/www.euroresidentes.com\/hogar\/noticias-vivienda\/wp-json\/wp\/v2\/tags?post=915"}],"curies":[{"name":"wp","href":"https:\/\/api.w.org\/{rel}","templated":true}]}}