{"id":868,"date":"2006-03-28T07:21:00","date_gmt":"2006-03-28T07:21:00","guid":{"rendered":"http:\/\/www.euroresidentes.com\/hogar\/noticias-vivienda\/vivienda-de-proteccin-oficial-en"},"modified":"2017-01-09T12:42:39","modified_gmt":"2017-01-09T11:42:39","slug":"vivienda-de-proteccin-oficial-en","status":"publish","type":"post","link":"https:\/\/www.euroresidentes.com\/hogar\/noticias-vivienda\/vivienda-de-proteccin-oficial-en\/","title":{"rendered":"Vivienda de protecci\u00f3n oficial en Santander"},"content":{"rendered":"<p>La ministra de Vivienda y el presidente de la Comunidad de Cantabria han entregado 472 viviendas de protecci\u00f3n oficial (la llamada hoy protecci\u00f3n p\u00fablica) de r\u00e9gimen especial que el Gobierno regional(Gesvican), ha ejecutado en Nueva Monta\u00f1a.<\/p>\n<p>LA ministra Trujillo se\u00f1al\u00f3 que \u201clos propietarios de esas viviendas han podido acceder a ellas a un precio muy inferior al del mercado libre\u201d. El precio medio de las 472 viviendas entregadas es de 57.450 euros cuando la Nota del Ministerio se\u00f1ala queuna vivienda libre en Santander de parecidas caracter\u00edsticas oscila entre 120 y 150.000 euros.<\/p>\n<p><strong>Ayudas del Misnisterio de Vivienda<\/strong><\/p>\n<p>Las ayudas establecidas por parte del Ministerio de Vivienda para los compradores ascienden a 5,03 millones de euros, sin comtemplar con los beneficios fiscales a que tienen derecho los propietarios. Adem\u00e1s, el promotor (Gesvican) recibi\u00f3 un pr\u00e9stamo de 21,6 millones de euros a un tipo preferencial de inter\u00e9s del 2,92%, pr\u00e9stamo en el que se subrogar\u00e1n los adquirientes de las viviendas. Asimismo, este tipo de vivienda de r\u00e9gimen especial cuenta con un IVA reducido del 4%, un 3% inferior al que soporta la vivienda.<\/p>\n<p><strong>Tipos de viviendas<\/strong><\/p>\n<p>Las viviendas, que se han entregado con sus respectivos garajes y trasteros, tienen unas superficies que var\u00edan entre los 58,70 m\u00b2 y los 76,30 m\u00b2 \u00fatiles. Un total de diecis\u00e9is viviendas est\u00e1n adaptadas para minusv\u00e1lidos. Y se ha proyectado una zona ajardinada interior con una superficie total de 17.000 m\u00b2.<\/p>\n<p><strong>Temas relacionados:<\/strong><\/p>\n<ul>\n<li><a class=\"l\" onmousedown=\"return clk(this.href,'res','1','')\" href=\"http:\/\/www.euroresidentes.com\/vivienda\/hipotecas\/diccionario\/VPO_(Vivienda_de_Proteccion_Oficial.htm\">VPO (Vivienda de Protecci\u00f3n Oficial)<\/a><\/li>\n<li><a class=\"l\" onmousedown=\"return clk(this.href,'res','10','')\" href=\"http:\/\/www.euroresidentes.com\/vivienda\/hipotecas\/diccionario\/subvencion.htm\">Subvenci\u00f3n<\/a><\/li>\n<li><a class=\"l\" onmousedown=\"return clk(this.href,'res','1','')\" href=\"http:\/\/www.euroresidentes.com\/Blogs\/vivienda\/2005\/05\/ayudas-vivienda.html\">Noticias Vivienda: Ayudas vivienda<\/a><\/li>\n<\/ul>\n","protected":false},"excerpt":{"rendered":"<p>La ministra de Vivienda y el presidente de la Comunidad de Cantabria han entregado 472 viviendas de protecci\u00f3n oficial (la llamada hoy protecci\u00f3n p\u00fablica) de r\u00e9gimen especial que el Gobierno regional(Gesvican), ha ejecutado en Nueva Monta\u00f1a. LA ministra Trujillo se\u00f1al\u00f3 que \u201clos propietarios de esas viviendas han podido acceder a ellas a un precio muy inferior al del mercado libre\u201d. El precio medio de las 472 viviendas entregadas es de 57.450 euros cuando la Nota del Ministerio se\u00f1ala queuna vivienda libre en Santander de parecidas caracter\u00edsticas oscila entre 120 y 150.000 euros. Ayudas del Misnisterio de Vivienda Las ayudas establecidas <\/p>\n","protected":false},"author":1,"featured_media":0,"comment_status":"open","ping_status":"open","sticky":false,"template":"","format":"standard","meta":{"footnotes":""},"categories":[1],"tags":[38,40],"class_list":["post-868","post","type-post","status-publish","format-standard","hentry","category-general","tag-ayudas","tag-politicas"],"yoast_head":"<!-- This site is optimized with the Yoast SEO plugin v24.1 - https:\/\/yoast.com\/wordpress\/plugins\/seo\/ -->\n<title>Vivienda de protecci\u00f3n oficial en Santander - Noticias vivienda<\/title>\n<meta name=\"robots\" content=\"index, follow, max-snippet:-1, max-image-preview:large, max-video-preview:-1\" \/>\n<link rel=\"canonical\" href=\"https:\/\/www.euroresidentes.com\/hogar\/noticias-vivienda\/vivienda-de-proteccin-oficial-en\/\" \/>\n<meta property=\"og:locale\" content=\"es_ES\" \/>\n<meta property=\"og:type\" content=\"article\" \/>\n<meta property=\"og:title\" content=\"Vivienda de protecci\u00f3n oficial en Santander - Noticias vivienda\" \/>\n<meta property=\"og:description\" content=\"La ministra de Vivienda y el presidente de la Comunidad de Cantabria han entregado 472 viviendas de protecci\u00f3n oficial (la llamada hoy protecci\u00f3n p\u00fablica) de r\u00e9gimen especial que el Gobierno regional(Gesvican), ha ejecutado en Nueva Monta\u00f1a. LA ministra Trujillo se\u00f1al\u00f3 que \u201clos propietarios de esas viviendas han podido acceder a ellas a un precio muy inferior al del mercado libre\u201d. El precio medio de las 472 viviendas entregadas es de 57.450 euros cuando la Nota del Ministerio se\u00f1ala queuna vivienda libre en Santander de parecidas caracter\u00edsticas oscila entre 120 y 150.000 euros. Ayudas del Misnisterio de Vivienda Las ayudas establecidas\" \/>\n<meta property=\"og:url\" content=\"https:\/\/www.euroresidentes.com\/hogar\/noticias-vivienda\/vivienda-de-proteccin-oficial-en\/\" \/>\n<meta property=\"og:site_name\" content=\"Noticias vivienda\" \/>\n<meta property=\"article:publisher\" content=\"https:\/\/www.facebook.com\/euroresidentes\/\" \/>\n<meta property=\"article:published_time\" content=\"2006-03-28T07:21:00+00:00\" \/>\n<meta property=\"article:modified_time\" content=\"2017-01-09T11:42:39+00:00\" \/>\n<meta name=\"author\" content=\"Euroresidentes\" \/>\n<meta name=\"twitter:card\" content=\"summary_large_image\" \/>\n<meta name=\"twitter:label1\" content=\"Written by\" \/>\n\t<meta name=\"twitter:data1\" content=\"Euroresidentes\" \/>\n\t<meta name=\"twitter:label2\" content=\"Est. reading time\" \/>\n\t<meta name=\"twitter:data2\" content=\"1 minuto\" \/>\n<script type=\"application\/ld+json\" class=\"yoast-schema-graph\">{\"@context\":\"https:\/\/schema.org\",\"@graph\":[{\"@type\":\"WebPage\",\"@id\":\"https:\/\/www.euroresidentes.com\/hogar\/noticias-vivienda\/vivienda-de-proteccin-oficial-en\/\",\"url\":\"https:\/\/www.euroresidentes.com\/hogar\/noticias-vivienda\/vivienda-de-proteccin-oficial-en\/\",\"name\":\"Vivienda de protecci\u00f3n oficial en Santander - Noticias vivienda\",\"isPartOf\":{\"@id\":\"https:\/\/www.euroresidentes.com\/hogar\/noticias-vivienda\/#website\"},\"datePublished\":\"2006-03-28T07:21:00+00:00\",\"dateModified\":\"2017-01-09T11:42:39+00:00\",\"author\":{\"@id\":\"https:\/\/www.euroresidentes.com\/hogar\/noticias-vivienda\/#\/schema\/person\/072d6dc5ad9406b70bb3499e911bb321\"},\"breadcrumb\":{\"@id\":\"https:\/\/www.euroresidentes.com\/hogar\/noticias-vivienda\/vivienda-de-proteccin-oficial-en\/#breadcrumb\"},\"inLanguage\":\"es\",\"potentialAction\":[{\"@type\":\"ReadAction\",\"target\":[\"https:\/\/www.euroresidentes.com\/hogar\/noticias-vivienda\/vivienda-de-proteccin-oficial-en\/\"]}]},{\"@type\":\"BreadcrumbList\",\"@id\":\"https:\/\/www.euroresidentes.com\/hogar\/noticias-vivienda\/vivienda-de-proteccin-oficial-en\/#breadcrumb\",\"itemListElement\":[{\"@type\":\"ListItem\",\"position\":1,\"name\":\"Portada\",\"item\":\"https:\/\/www.euroresidentes.com\/hogar\/noticias-vivienda\/\"},{\"@type\":\"ListItem\",\"position\":2,\"name\":\"Vivienda de protecci\u00f3n oficial en Santander\"}]},{\"@type\":\"WebSite\",\"@id\":\"https:\/\/www.euroresidentes.com\/hogar\/noticias-vivienda\/#website\",\"url\":\"https:\/\/www.euroresidentes.com\/hogar\/noticias-vivienda\/\",\"name\":\"Noticias vivienda\",\"description\":\"Euroresidentes\",\"potentialAction\":[{\"@type\":\"SearchAction\",\"target\":{\"@type\":\"EntryPoint\",\"urlTemplate\":\"https:\/\/www.euroresidentes.com\/hogar\/noticias-vivienda\/?s={search_term_string}\"},\"query-input\":{\"@type\":\"PropertyValueSpecification\",\"valueRequired\":true,\"valueName\":\"search_term_string\"}}],\"inLanguage\":\"es\"},{\"@type\":\"Person\",\"@id\":\"https:\/\/www.euroresidentes.com\/hogar\/noticias-vivienda\/#\/schema\/person\/072d6dc5ad9406b70bb3499e911bb321\",\"name\":\"Euroresidentes\",\"image\":{\"@type\":\"ImageObject\",\"inLanguage\":\"es\",\"@id\":\"https:\/\/www.euroresidentes.com\/hogar\/noticias-vivienda\/#\/schema\/person\/image\/\",\"url\":\"https:\/\/www.euroresidentes.com\/hogar\/noticias-vivienda\/wp-content\/uploads\/sites\/9\/2016\/08\/logo-euroresidentes-150x150.jpg\",\"contentUrl\":\"https:\/\/www.euroresidentes.com\/hogar\/noticias-vivienda\/wp-content\/uploads\/sites\/9\/2016\/08\/logo-euroresidentes-150x150.jpg\",\"caption\":\"Euroresidentes\"},\"description\":\"EuroresidentesContenidos \u00fatiles para resolver las necesidades grandes y peque\u00f1as de la vida cotidiana.\",\"sameAs\":[\"https:\/\/www.euroresidentes.com\/info.htm\"],\"url\":\"https:\/\/www.euroresidentes.com\/hogar\/noticias-vivienda\/author\/euroresidentes\/\"}]}<\/script>\n<!-- \/ Yoast SEO plugin. -->","yoast_head_json":{"title":"Vivienda de protecci\u00f3n oficial en Santander - Noticias vivienda","robots":{"index":"index","follow":"follow","max-snippet":"max-snippet:-1","max-image-preview":"max-image-preview:large","max-video-preview":"max-video-preview:-1"},"canonical":"https:\/\/www.euroresidentes.com\/hogar\/noticias-vivienda\/vivienda-de-proteccin-oficial-en\/","og_locale":"es_ES","og_type":"article","og_title":"Vivienda de protecci\u00f3n oficial en Santander - Noticias vivienda","og_description":"La ministra de Vivienda y el presidente de la Comunidad de Cantabria han entregado 472 viviendas de protecci\u00f3n oficial (la llamada hoy protecci\u00f3n p\u00fablica) de r\u00e9gimen especial que el Gobierno regional(Gesvican), ha ejecutado en Nueva Monta\u00f1a. LA ministra Trujillo se\u00f1al\u00f3 que \u201clos propietarios de esas viviendas han podido acceder a ellas a un precio muy inferior al del mercado libre\u201d. El precio medio de las 472 viviendas entregadas es de 57.450 euros cuando la Nota del Ministerio se\u00f1ala queuna vivienda libre en Santander de parecidas caracter\u00edsticas oscila entre 120 y 150.000 euros. Ayudas del Misnisterio de Vivienda Las ayudas establecidas","og_url":"https:\/\/www.euroresidentes.com\/hogar\/noticias-vivienda\/vivienda-de-proteccin-oficial-en\/","og_site_name":"Noticias vivienda","article_publisher":"https:\/\/www.facebook.com\/euroresidentes\/","article_published_time":"2006-03-28T07:21:00+00:00","article_modified_time":"2017-01-09T11:42:39+00:00","author":"Euroresidentes","twitter_card":"summary_large_image","twitter_misc":{"Written by":"Euroresidentes","Est. reading time":"1 minuto"},"schema":{"@context":"https:\/\/schema.org","@graph":[{"@type":"WebPage","@id":"https:\/\/www.euroresidentes.com\/hogar\/noticias-vivienda\/vivienda-de-proteccin-oficial-en\/","url":"https:\/\/www.euroresidentes.com\/hogar\/noticias-vivienda\/vivienda-de-proteccin-oficial-en\/","name":"Vivienda de protecci\u00f3n oficial en Santander - Noticias vivienda","isPartOf":{"@id":"https:\/\/www.euroresidentes.com\/hogar\/noticias-vivienda\/#website"},"datePublished":"2006-03-28T07:21:00+00:00","dateModified":"2017-01-09T11:42:39+00:00","author":{"@id":"https:\/\/www.euroresidentes.com\/hogar\/noticias-vivienda\/#\/schema\/person\/072d6dc5ad9406b70bb3499e911bb321"},"breadcrumb":{"@id":"https:\/\/www.euroresidentes.com\/hogar\/noticias-vivienda\/vivienda-de-proteccin-oficial-en\/#breadcrumb"},"inLanguage":"es","potentialAction":[{"@type":"ReadAction","target":["https:\/\/www.euroresidentes.com\/hogar\/noticias-vivienda\/vivienda-de-proteccin-oficial-en\/"]}]},{"@type":"BreadcrumbList","@id":"https:\/\/www.euroresidentes.com\/hogar\/noticias-vivienda\/vivienda-de-proteccin-oficial-en\/#breadcrumb","itemListElement":[{"@type":"ListItem","position":1,"name":"Portada","item":"https:\/\/www.euroresidentes.com\/hogar\/noticias-vivienda\/"},{"@type":"ListItem","position":2,"name":"Vivienda de protecci\u00f3n oficial en Santander"}]},{"@type":"WebSite","@id":"https:\/\/www.euroresidentes.com\/hogar\/noticias-vivienda\/#website","url":"https:\/\/www.euroresidentes.com\/hogar\/noticias-vivienda\/","name":"Noticias vivienda","description":"Euroresidentes","potentialAction":[{"@type":"SearchAction","target":{"@type":"EntryPoint","urlTemplate":"https:\/\/www.euroresidentes.com\/hogar\/noticias-vivienda\/?s={search_term_string}"},"query-input":{"@type":"PropertyValueSpecification","valueRequired":true,"valueName":"search_term_string"}}],"inLanguage":"es"},{"@type":"Person","@id":"https:\/\/www.euroresidentes.com\/hogar\/noticias-vivienda\/#\/schema\/person\/072d6dc5ad9406b70bb3499e911bb321","name":"Euroresidentes","image":{"@type":"ImageObject","inLanguage":"es","@id":"https:\/\/www.euroresidentes.com\/hogar\/noticias-vivienda\/#\/schema\/person\/image\/","url":"https:\/\/www.euroresidentes.com\/hogar\/noticias-vivienda\/wp-content\/uploads\/sites\/9\/2016\/08\/logo-euroresidentes-150x150.jpg","contentUrl":"https:\/\/www.euroresidentes.com\/hogar\/noticias-vivienda\/wp-content\/uploads\/sites\/9\/2016\/08\/logo-euroresidentes-150x150.jpg","caption":"Euroresidentes"},"description":"EuroresidentesContenidos \u00fatiles para resolver las necesidades grandes y peque\u00f1as de la vida cotidiana.","sameAs":["https:\/\/www.euroresidentes.com\/info.htm"],"url":"https:\/\/www.euroresidentes.com\/hogar\/noticias-vivienda\/author\/euroresidentes\/"}]}},"_links":{"self":[{"href":"https:\/\/www.euroresidentes.com\/hogar\/noticias-vivienda\/wp-json\/wp\/v2\/posts\/868","targetHints":{"allow":["GET"]}}],"collection":[{"href":"https:\/\/www.euroresidentes.com\/hogar\/noticias-vivienda\/wp-json\/wp\/v2\/posts"}],"about":[{"href":"https:\/\/www.euroresidentes.com\/hogar\/noticias-vivienda\/wp-json\/wp\/v2\/types\/post"}],"author":[{"embeddable":true,"href":"https:\/\/www.euroresidentes.com\/hogar\/noticias-vivienda\/wp-json\/wp\/v2\/users\/1"}],"replies":[{"embeddable":true,"href":"https:\/\/www.euroresidentes.com\/hogar\/noticias-vivienda\/wp-json\/wp\/v2\/comments?post=868"}],"version-history":[{"count":1,"href":"https:\/\/www.euroresidentes.com\/hogar\/noticias-vivienda\/wp-json\/wp\/v2\/posts\/868\/revisions"}],"predecessor-version":[{"id":1338,"href":"https:\/\/www.euroresidentes.com\/hogar\/noticias-vivienda\/wp-json\/wp\/v2\/posts\/868\/revisions\/1338"}],"wp:attachment":[{"href":"https:\/\/www.euroresidentes.com\/hogar\/noticias-vivienda\/wp-json\/wp\/v2\/media?parent=868"}],"wp:term":[{"taxonomy":"category","embeddable":true,"href":"https:\/\/www.euroresidentes.com\/hogar\/noticias-vivienda\/wp-json\/wp\/v2\/categories?post=868"},{"taxonomy":"post_tag","embeddable":true,"href":"https:\/\/www.euroresidentes.com\/hogar\/noticias-vivienda\/wp-json\/wp\/v2\/tags?post=868"}],"curies":[{"name":"wp","href":"https:\/\/api.w.org\/{rel}","templated":true}]}}