{"id":814,"date":"2007-08-03T23:47:00","date_gmt":"2007-08-03T23:47:00","guid":{"rendered":"http:\/\/www.euroresidentes.com\/hogar\/noticias-vivienda\/aumento-del-paro-en-la-construccin"},"modified":"2017-01-09T12:42:33","modified_gmt":"2017-01-09T11:42:33","slug":"aumento-del-paro-en-la-construccin","status":"publish","type":"post","link":"https:\/\/www.euroresidentes.com\/hogar\/noticias-vivienda\/aumento-del-paro-en-la-construccin\/","title":{"rendered":"Aumento del paro en la construcci\u00f3n"},"content":{"rendered":"<p>El sector de la construcci\u00f3n ha registrado el mayor incremento del paro  un mes de julio desde hace 10 a\u00f1os (1997). Casi 12.000 parados m\u00e1s se han registrado en el sector de la construcci\u00f3n, duplicando las cifras del a\u00f1o pasado. Hace unos meses se\u00f1al\u00e1bamos la <a href=\"http:\/\/www.euroresidentes.com\/Blogs\/vivienda\/2007\/06\/el-consumo-de-cemento-baja-en-espaa.html\">bajada en el consumo de cemento<\/a>.<\/p>\n<p>Aumento de paro en la contrucci\u00f3n: una nueva coyuntura<\/p>\n<p>El cambio de coyuntura se empieza a notar. Sin dramatismos, pero se trata del peor dato de los \u00faltimos 10 a\u00f1os, en un contexto, donde adem\u00e1s los datos de la industria son positivos.<\/p>\n<p>El Ministerio de Trabajo ha restado relevancia a los datos de paro de este mes de julio. Aunque ha admitido una p\u00e9rdida de ritmo del sector de la construcci\u00f3n y del empleo en general. En el \u00faltimo a\u00f1o el paro crece, especialmente en construcci\u00f3n (un 7,29%).<\/p>\n<p>La afiliaci\u00f3n a la Seguridad Social confirma la tendencia del paro, con un crecimiento de los ocupados en la industria manufacturera y una moderaci\u00f3n del crecimiento en construcci\u00f3n.<\/p>\n<p>Temas relacionados con la construcci\u00f3n:<\/p>\n<ul>\n<li><a href=\"http:\/\/www.euroresidentes.com\/Blogs\/vivienda\/2007\/06\/el-consumo-de-cemento-baja-en-espaa.html\">El consumo de cemento baja en Espa\u00f1a<\/a><\/li>\n<li><a href=\"http:\/\/www.euroresidentes.com\/Blogs\/vivienda\/2007\/06\/la-construccion-y-su-impacto-en-la.html\">La construcci\u00f3n y su impacto en la econom\u00eda<\/a><\/li>\n<li><a href=\"http:\/\/www.euroresidentes.com\/Blogs\/vivienda\/2005\/02\/sector-de-la-construccin.html\">Sector de la construcci\u00f3n<\/a><\/li>\n<li><a href=\"http:\/\/www.euroresidentes.com\/vivienda\/noticias\/noticias_sep.htm\">Perspectivas de la construcci\u00f3n<\/a><\/li>\n<li><a href=\"http:\/\/www.euroresidentes.com\/Blogs\/vivienda\/2004\/12\/la-construccion-de-viviendas-en-2005.html\">Construcci\u00f3n de viviendas en 2005<\/a><\/li>\n<\/ul>\n","protected":false},"excerpt":{"rendered":"<p>El sector de la construcci\u00f3n ha registrado el mayor incremento del paro un mes de julio desde hace 10 a\u00f1os (1997). Casi 12.000 parados m\u00e1s se han registrado en el sector de la construcci\u00f3n, duplicando las cifras del a\u00f1o pasado. Hace unos meses se\u00f1al\u00e1bamos la bajada en el consumo de cemento. Aumento de paro en la contrucci\u00f3n: una nueva coyuntura El cambio de coyuntura se empieza a notar. Sin dramatismos, pero se trata del peor dato de los \u00faltimos 10 a\u00f1os, en un contexto, donde adem\u00e1s los datos de la industria son positivos. El Ministerio de Trabajo ha restado relevancia <\/p>\n","protected":false},"author":1,"featured_media":0,"comment_status":"open","ping_status":"open","sticky":false,"template":"","format":"standard","meta":{"footnotes":""},"categories":[1],"tags":[35],"class_list":["post-814","post","type-post","status-publish","format-standard","hentry","category-general","tag-coyuntura"],"yoast_head":"<!-- This site is optimized with the Yoast SEO plugin v24.1 - https:\/\/yoast.com\/wordpress\/plugins\/seo\/ -->\n<title>Aumento del paro en la construcci\u00f3n - Noticias vivienda<\/title>\n<meta name=\"robots\" content=\"index, follow, max-snippet:-1, max-image-preview:large, max-video-preview:-1\" \/>\n<link rel=\"canonical\" href=\"https:\/\/www.euroresidentes.com\/hogar\/noticias-vivienda\/aumento-del-paro-en-la-construccin\/\" \/>\n<meta property=\"og:locale\" content=\"es_ES\" \/>\n<meta property=\"og:type\" content=\"article\" \/>\n<meta property=\"og:title\" content=\"Aumento del paro en la construcci\u00f3n - Noticias vivienda\" \/>\n<meta property=\"og:description\" content=\"El sector de la construcci\u00f3n ha registrado el mayor incremento del paro un mes de julio desde hace 10 a\u00f1os (1997). Casi 12.000 parados m\u00e1s se han registrado en el sector de la construcci\u00f3n, duplicando las cifras del a\u00f1o pasado. Hace unos meses se\u00f1al\u00e1bamos la bajada en el consumo de cemento. Aumento de paro en la contrucci\u00f3n: una nueva coyuntura El cambio de coyuntura se empieza a notar. Sin dramatismos, pero se trata del peor dato de los \u00faltimos 10 a\u00f1os, en un contexto, donde adem\u00e1s los datos de la industria son positivos. El Ministerio de Trabajo ha restado relevancia\" \/>\n<meta property=\"og:url\" content=\"https:\/\/www.euroresidentes.com\/hogar\/noticias-vivienda\/aumento-del-paro-en-la-construccin\/\" \/>\n<meta property=\"og:site_name\" content=\"Noticias vivienda\" \/>\n<meta property=\"article:publisher\" content=\"https:\/\/www.facebook.com\/euroresidentes\/\" \/>\n<meta property=\"article:published_time\" content=\"2007-08-03T23:47:00+00:00\" \/>\n<meta property=\"article:modified_time\" content=\"2017-01-09T11:42:33+00:00\" \/>\n<meta name=\"author\" content=\"Euroresidentes\" \/>\n<meta name=\"twitter:card\" content=\"summary_large_image\" \/>\n<meta name=\"twitter:label1\" content=\"Written by\" \/>\n\t<meta name=\"twitter:data1\" content=\"Euroresidentes\" \/>\n\t<meta name=\"twitter:label2\" content=\"Est. reading time\" \/>\n\t<meta name=\"twitter:data2\" content=\"1 minuto\" \/>\n<script type=\"application\/ld+json\" class=\"yoast-schema-graph\">{\"@context\":\"https:\/\/schema.org\",\"@graph\":[{\"@type\":\"WebPage\",\"@id\":\"https:\/\/www.euroresidentes.com\/hogar\/noticias-vivienda\/aumento-del-paro-en-la-construccin\/\",\"url\":\"https:\/\/www.euroresidentes.com\/hogar\/noticias-vivienda\/aumento-del-paro-en-la-construccin\/\",\"name\":\"Aumento del paro en la construcci\u00f3n - Noticias vivienda\",\"isPartOf\":{\"@id\":\"https:\/\/www.euroresidentes.com\/hogar\/noticias-vivienda\/#website\"},\"datePublished\":\"2007-08-03T23:47:00+00:00\",\"dateModified\":\"2017-01-09T11:42:33+00:00\",\"author\":{\"@id\":\"https:\/\/www.euroresidentes.com\/hogar\/noticias-vivienda\/#\/schema\/person\/072d6dc5ad9406b70bb3499e911bb321\"},\"breadcrumb\":{\"@id\":\"https:\/\/www.euroresidentes.com\/hogar\/noticias-vivienda\/aumento-del-paro-en-la-construccin\/#breadcrumb\"},\"inLanguage\":\"es\",\"potentialAction\":[{\"@type\":\"ReadAction\",\"target\":[\"https:\/\/www.euroresidentes.com\/hogar\/noticias-vivienda\/aumento-del-paro-en-la-construccin\/\"]}]},{\"@type\":\"BreadcrumbList\",\"@id\":\"https:\/\/www.euroresidentes.com\/hogar\/noticias-vivienda\/aumento-del-paro-en-la-construccin\/#breadcrumb\",\"itemListElement\":[{\"@type\":\"ListItem\",\"position\":1,\"name\":\"Portada\",\"item\":\"https:\/\/www.euroresidentes.com\/hogar\/noticias-vivienda\/\"},{\"@type\":\"ListItem\",\"position\":2,\"name\":\"Aumento del paro en la construcci\u00f3n\"}]},{\"@type\":\"WebSite\",\"@id\":\"https:\/\/www.euroresidentes.com\/hogar\/noticias-vivienda\/#website\",\"url\":\"https:\/\/www.euroresidentes.com\/hogar\/noticias-vivienda\/\",\"name\":\"Noticias vivienda\",\"description\":\"Euroresidentes\",\"potentialAction\":[{\"@type\":\"SearchAction\",\"target\":{\"@type\":\"EntryPoint\",\"urlTemplate\":\"https:\/\/www.euroresidentes.com\/hogar\/noticias-vivienda\/?s={search_term_string}\"},\"query-input\":{\"@type\":\"PropertyValueSpecification\",\"valueRequired\":true,\"valueName\":\"search_term_string\"}}],\"inLanguage\":\"es\"},{\"@type\":\"Person\",\"@id\":\"https:\/\/www.euroresidentes.com\/hogar\/noticias-vivienda\/#\/schema\/person\/072d6dc5ad9406b70bb3499e911bb321\",\"name\":\"Euroresidentes\",\"image\":{\"@type\":\"ImageObject\",\"inLanguage\":\"es\",\"@id\":\"https:\/\/www.euroresidentes.com\/hogar\/noticias-vivienda\/#\/schema\/person\/image\/\",\"url\":\"https:\/\/www.euroresidentes.com\/hogar\/noticias-vivienda\/wp-content\/uploads\/sites\/9\/2016\/08\/logo-euroresidentes-150x150.jpg\",\"contentUrl\":\"https:\/\/www.euroresidentes.com\/hogar\/noticias-vivienda\/wp-content\/uploads\/sites\/9\/2016\/08\/logo-euroresidentes-150x150.jpg\",\"caption\":\"Euroresidentes\"},\"description\":\"EuroresidentesContenidos \u00fatiles para resolver las necesidades grandes y peque\u00f1as de la vida cotidiana.\",\"sameAs\":[\"https:\/\/www.euroresidentes.com\/info.htm\"],\"url\":\"https:\/\/www.euroresidentes.com\/hogar\/noticias-vivienda\/author\/euroresidentes\/\"}]}<\/script>\n<!-- \/ Yoast SEO plugin. -->","yoast_head_json":{"title":"Aumento del paro en la construcci\u00f3n - Noticias vivienda","robots":{"index":"index","follow":"follow","max-snippet":"max-snippet:-1","max-image-preview":"max-image-preview:large","max-video-preview":"max-video-preview:-1"},"canonical":"https:\/\/www.euroresidentes.com\/hogar\/noticias-vivienda\/aumento-del-paro-en-la-construccin\/","og_locale":"es_ES","og_type":"article","og_title":"Aumento del paro en la construcci\u00f3n - Noticias vivienda","og_description":"El sector de la construcci\u00f3n ha registrado el mayor incremento del paro un mes de julio desde hace 10 a\u00f1os (1997). Casi 12.000 parados m\u00e1s se han registrado en el sector de la construcci\u00f3n, duplicando las cifras del a\u00f1o pasado. Hace unos meses se\u00f1al\u00e1bamos la bajada en el consumo de cemento. Aumento de paro en la contrucci\u00f3n: una nueva coyuntura El cambio de coyuntura se empieza a notar. Sin dramatismos, pero se trata del peor dato de los \u00faltimos 10 a\u00f1os, en un contexto, donde adem\u00e1s los datos de la industria son positivos. El Ministerio de Trabajo ha restado relevancia","og_url":"https:\/\/www.euroresidentes.com\/hogar\/noticias-vivienda\/aumento-del-paro-en-la-construccin\/","og_site_name":"Noticias vivienda","article_publisher":"https:\/\/www.facebook.com\/euroresidentes\/","article_published_time":"2007-08-03T23:47:00+00:00","article_modified_time":"2017-01-09T11:42:33+00:00","author":"Euroresidentes","twitter_card":"summary_large_image","twitter_misc":{"Written by":"Euroresidentes","Est. reading time":"1 minuto"},"schema":{"@context":"https:\/\/schema.org","@graph":[{"@type":"WebPage","@id":"https:\/\/www.euroresidentes.com\/hogar\/noticias-vivienda\/aumento-del-paro-en-la-construccin\/","url":"https:\/\/www.euroresidentes.com\/hogar\/noticias-vivienda\/aumento-del-paro-en-la-construccin\/","name":"Aumento del paro en la construcci\u00f3n - Noticias vivienda","isPartOf":{"@id":"https:\/\/www.euroresidentes.com\/hogar\/noticias-vivienda\/#website"},"datePublished":"2007-08-03T23:47:00+00:00","dateModified":"2017-01-09T11:42:33+00:00","author":{"@id":"https:\/\/www.euroresidentes.com\/hogar\/noticias-vivienda\/#\/schema\/person\/072d6dc5ad9406b70bb3499e911bb321"},"breadcrumb":{"@id":"https:\/\/www.euroresidentes.com\/hogar\/noticias-vivienda\/aumento-del-paro-en-la-construccin\/#breadcrumb"},"inLanguage":"es","potentialAction":[{"@type":"ReadAction","target":["https:\/\/www.euroresidentes.com\/hogar\/noticias-vivienda\/aumento-del-paro-en-la-construccin\/"]}]},{"@type":"BreadcrumbList","@id":"https:\/\/www.euroresidentes.com\/hogar\/noticias-vivienda\/aumento-del-paro-en-la-construccin\/#breadcrumb","itemListElement":[{"@type":"ListItem","position":1,"name":"Portada","item":"https:\/\/www.euroresidentes.com\/hogar\/noticias-vivienda\/"},{"@type":"ListItem","position":2,"name":"Aumento del paro en la construcci\u00f3n"}]},{"@type":"WebSite","@id":"https:\/\/www.euroresidentes.com\/hogar\/noticias-vivienda\/#website","url":"https:\/\/www.euroresidentes.com\/hogar\/noticias-vivienda\/","name":"Noticias vivienda","description":"Euroresidentes","potentialAction":[{"@type":"SearchAction","target":{"@type":"EntryPoint","urlTemplate":"https:\/\/www.euroresidentes.com\/hogar\/noticias-vivienda\/?s={search_term_string}"},"query-input":{"@type":"PropertyValueSpecification","valueRequired":true,"valueName":"search_term_string"}}],"inLanguage":"es"},{"@type":"Person","@id":"https:\/\/www.euroresidentes.com\/hogar\/noticias-vivienda\/#\/schema\/person\/072d6dc5ad9406b70bb3499e911bb321","name":"Euroresidentes","image":{"@type":"ImageObject","inLanguage":"es","@id":"https:\/\/www.euroresidentes.com\/hogar\/noticias-vivienda\/#\/schema\/person\/image\/","url":"https:\/\/www.euroresidentes.com\/hogar\/noticias-vivienda\/wp-content\/uploads\/sites\/9\/2016\/08\/logo-euroresidentes-150x150.jpg","contentUrl":"https:\/\/www.euroresidentes.com\/hogar\/noticias-vivienda\/wp-content\/uploads\/sites\/9\/2016\/08\/logo-euroresidentes-150x150.jpg","caption":"Euroresidentes"},"description":"EuroresidentesContenidos \u00fatiles para resolver las necesidades grandes y peque\u00f1as de la vida cotidiana.","sameAs":["https:\/\/www.euroresidentes.com\/info.htm"],"url":"https:\/\/www.euroresidentes.com\/hogar\/noticias-vivienda\/author\/euroresidentes\/"}]}},"_links":{"self":[{"href":"https:\/\/www.euroresidentes.com\/hogar\/noticias-vivienda\/wp-json\/wp\/v2\/posts\/814","targetHints":{"allow":["GET"]}}],"collection":[{"href":"https:\/\/www.euroresidentes.com\/hogar\/noticias-vivienda\/wp-json\/wp\/v2\/posts"}],"about":[{"href":"https:\/\/www.euroresidentes.com\/hogar\/noticias-vivienda\/wp-json\/wp\/v2\/types\/post"}],"author":[{"embeddable":true,"href":"https:\/\/www.euroresidentes.com\/hogar\/noticias-vivienda\/wp-json\/wp\/v2\/users\/1"}],"replies":[{"embeddable":true,"href":"https:\/\/www.euroresidentes.com\/hogar\/noticias-vivienda\/wp-json\/wp\/v2\/comments?post=814"}],"version-history":[{"count":1,"href":"https:\/\/www.euroresidentes.com\/hogar\/noticias-vivienda\/wp-json\/wp\/v2\/posts\/814\/revisions"}],"predecessor-version":[{"id":1273,"href":"https:\/\/www.euroresidentes.com\/hogar\/noticias-vivienda\/wp-json\/wp\/v2\/posts\/814\/revisions\/1273"}],"wp:attachment":[{"href":"https:\/\/www.euroresidentes.com\/hogar\/noticias-vivienda\/wp-json\/wp\/v2\/media?parent=814"}],"wp:term":[{"taxonomy":"category","embeddable":true,"href":"https:\/\/www.euroresidentes.com\/hogar\/noticias-vivienda\/wp-json\/wp\/v2\/categories?post=814"},{"taxonomy":"post_tag","embeddable":true,"href":"https:\/\/www.euroresidentes.com\/hogar\/noticias-vivienda\/wp-json\/wp\/v2\/tags?post=814"}],"curies":[{"name":"wp","href":"https:\/\/api.w.org\/{rel}","templated":true}]}}