{"id":219,"date":"2014-06-11T07:55:00","date_gmt":"2014-06-11T07:55:00","guid":{"rendered":"http:\/\/www.euroresidentes.com\/hogar\/residencial\/5-aspectos-tener-en-cuenta-para-la"},"modified":"2017-01-10T12:11:56","modified_gmt":"2017-01-10T11:11:56","slug":"5-aspectos-tener-en-cuenta-para-la","status":"publish","type":"post","link":"https:\/\/www.euroresidentes.com\/hogar\/noticias-vivienda\/5-aspectos-tener-en-cuenta-para-la\/","title":{"rendered":"5 aspectos a tener en cuenta para la instalaci\u00f3n de c\u00e1maras en zonas comunes"},"content":{"rendered":"<div class=\"separator\" style=\"clear: both;text-align: center\">\n<a href=\"http:\/\/www.euroresidentes.com\/hogar\/residencial\/wp-content\/uploads\/sites\/10\/2014\/06\/201406-Camaras-de-vigilancia.gif\" style=\"margin-left: 1em;margin-right: 1em\"><img loading=\"lazy\" decoding=\"async\" border=\"0\" src=\"http:\/\/www.euroresidentes.com\/hogar\/residencial\/wp-content\/uploads\/sites\/10\/2014\/06\/201406-Camaras-de-vigilancia.gif\" height=\"320\" width=\"237\" \/><\/a><\/div>\n<p>\nLa grabaci\u00f3n de v\u00eddeos en entornos dom\u00e9sticos, por ejemplo, para controlar a nuestro beb\u00e9 por la noche o para proteger nuestra casa del acceso de terceros prolifera cada vez m\u00e1s.&nbsp;<\/p>\n<p>Estas grabaciones dentro del \u00e1mbito familiar no son susceptibles de un control legal que deba preocuparnos. Sin embargo, si las c\u00e1maras se instalan para controlar espacios comunes de un edificio o de una urbanizaci\u00f3n, ha de prestarse especial atenci\u00f3n a las <b>recomendaciones de la Agencia Espa\u00f1ola de Protecci\u00f3n de Datos<\/b>.<\/p>\n<p>El responsable de las im\u00e1genes, en este caso la Comunidad, debe tener en cuenta los siguientes 5 aspectos:<\/p>\n<ul>\n<\/ul>\n<p>1. Debe haber <b>proporcionalidad<\/b> entre la finalidad perseguida y el tratamiento de los datos. Si se pretende controlar el parking, las c\u00e1maras no pueden estar orientadas a la Comunidad vecina.<\/p>\n<p>2. <b>Informaci\u00f3n p\u00fablica sobre la captaci\u00f3n de las im\u00e1genes<\/b>. Todos hemos visto estos distintivos alguna vez.<\/p>\n<p>3. El uso de instalaciones de videoc\u00e1maras s\u00f3lo se admite <b>cuando no exista un medio menos invasivo<\/b>.<\/p>\n<p>4. No pueden obtenerse <b>im\u00e1genes de lugares p\u00fablicos<\/b>, excepto cuando resulte imprescindible para la finalidad de la vigilancia en s\u00ed o no sea posible evitarlo por la ubicaci\u00f3n de las c\u00e1maras.<\/p>\n<p>5. Las im\u00e1genes han de <b>conservarse s\u00f3lo el tiempo necesario<\/b> para servir al fin perseguido, generalmente un mes.<\/p>\n<div>\nEn cualquier caso, el uso de estas c\u00e1maras ha de ser siempre respetuoso con los derechos de las personas y su intimidad. En ning\u00fan caso se pueden instalar c\u00e1maras que graben el interior de las viviendas de los propietarios.&nbsp;<\/div>\n<p><\/p>\n","protected":false},"excerpt":{"rendered":"<p>La grabaci\u00f3n de v\u00eddeos en entornos dom\u00e9sticos, por ejemplo, para controlar a nuestro beb\u00e9 por la noche o para proteger nuestra casa del acceso de terceros prolifera cada vez m\u00e1s.&nbsp; Estas grabaciones dentro del \u00e1mbito familiar no son susceptibles de un control legal que deba preocuparnos. Sin embargo, si las c\u00e1maras se instalan para controlar espacios comunes de un edificio o de una urbanizaci\u00f3n, ha de prestarse especial atenci\u00f3n a las recomendaciones de la Agencia Espa\u00f1ola de Protecci\u00f3n de Datos. El responsable de las im\u00e1genes, en este caso la Comunidad, debe tener en cuenta los siguientes 5 aspectos: 1. Debe <\/p>\n","protected":false},"author":1,"featured_media":1684,"comment_status":"open","ping_status":"open","sticky":false,"template":"","format":"standard","meta":{"footnotes":""},"categories":[53,16,20,54],"tags":[57,56],"class_list":["post-219","post","type-post","status-publish","format-standard","has-post-thumbnail","hentry","category-comunidad-de-vecinos","category-politicas","category-tecnologia","category-vivienda","tag-comunidad-de-vecinos","tag-seguridad","has_thumb"],"yoast_head":"<!-- This site is optimized with the Yoast SEO plugin v24.1 - https:\/\/yoast.com\/wordpress\/plugins\/seo\/ -->\n<title>5 aspectos a tener en cuenta para la instalaci\u00f3n de c\u00e1maras en zonas comunes - Noticias vivienda<\/title>\n<meta name=\"robots\" content=\"index, follow, max-snippet:-1, max-image-preview:large, max-video-preview:-1\" \/>\n<link rel=\"canonical\" href=\"https:\/\/www.euroresidentes.com\/hogar\/noticias-vivienda\/5-aspectos-tener-en-cuenta-para-la\/\" \/>\n<meta property=\"og:locale\" content=\"es_ES\" \/>\n<meta property=\"og:type\" content=\"article\" \/>\n<meta property=\"og:title\" content=\"5 aspectos a tener en cuenta para la instalaci\u00f3n de c\u00e1maras en zonas comunes - Noticias vivienda\" \/>\n<meta property=\"og:description\" content=\"La grabaci\u00f3n de v\u00eddeos en entornos dom\u00e9sticos, por ejemplo, para controlar a nuestro beb\u00e9 por la noche o para proteger nuestra casa del acceso de terceros prolifera cada vez m\u00e1s.&nbsp; Estas grabaciones dentro del \u00e1mbito familiar no son susceptibles de un control legal que deba preocuparnos. Sin embargo, si las c\u00e1maras se instalan para controlar espacios comunes de un edificio o de una urbanizaci\u00f3n, ha de prestarse especial atenci\u00f3n a las recomendaciones de la Agencia Espa\u00f1ola de Protecci\u00f3n de Datos. El responsable de las im\u00e1genes, en este caso la Comunidad, debe tener en cuenta los siguientes 5 aspectos: 1. Debe\" \/>\n<meta property=\"og:url\" content=\"https:\/\/www.euroresidentes.com\/hogar\/noticias-vivienda\/5-aspectos-tener-en-cuenta-para-la\/\" \/>\n<meta property=\"og:site_name\" content=\"Noticias vivienda\" \/>\n<meta property=\"article:publisher\" content=\"https:\/\/www.facebook.com\/euroresidentes\/\" \/>\n<meta property=\"article:published_time\" content=\"2014-06-11T07:55:00+00:00\" \/>\n<meta property=\"article:modified_time\" content=\"2017-01-10T11:11:56+00:00\" \/>\n<meta property=\"og:image\" content=\"https:\/\/www.euroresidentes.com\/hogar\/noticias-vivienda\/wp-content\/uploads\/sites\/9\/2014\/06\/201406-Camaras-de-vigilancia.gif\" \/>\n\t<meta property=\"og:image:width\" content=\"400\" \/>\n\t<meta property=\"og:image:height\" content=\"540\" \/>\n\t<meta property=\"og:image:type\" content=\"image\/gif\" \/>\n<meta name=\"author\" content=\"Euroresidentes\" \/>\n<meta name=\"twitter:card\" content=\"summary_large_image\" \/>\n<meta name=\"twitter:label1\" content=\"Written by\" \/>\n\t<meta name=\"twitter:data1\" content=\"Euroresidentes\" \/>\n\t<meta name=\"twitter:label2\" content=\"Est. reading time\" \/>\n\t<meta name=\"twitter:data2\" content=\"1 minuto\" \/>\n<script type=\"application\/ld+json\" class=\"yoast-schema-graph\">{\"@context\":\"https:\/\/schema.org\",\"@graph\":[{\"@type\":\"WebPage\",\"@id\":\"https:\/\/www.euroresidentes.com\/hogar\/noticias-vivienda\/5-aspectos-tener-en-cuenta-para-la\/\",\"url\":\"https:\/\/www.euroresidentes.com\/hogar\/noticias-vivienda\/5-aspectos-tener-en-cuenta-para-la\/\",\"name\":\"5 aspectos a tener en cuenta para la instalaci\u00f3n de c\u00e1maras en zonas comunes - Noticias vivienda\",\"isPartOf\":{\"@id\":\"https:\/\/www.euroresidentes.com\/hogar\/noticias-vivienda\/#website\"},\"primaryImageOfPage\":{\"@id\":\"https:\/\/www.euroresidentes.com\/hogar\/noticias-vivienda\/5-aspectos-tener-en-cuenta-para-la\/#primaryimage\"},\"image\":{\"@id\":\"https:\/\/www.euroresidentes.com\/hogar\/noticias-vivienda\/5-aspectos-tener-en-cuenta-para-la\/#primaryimage\"},\"thumbnailUrl\":\"https:\/\/www.euroresidentes.com\/hogar\/noticias-vivienda\/wp-content\/uploads\/sites\/9\/2014\/06\/201406-Camaras-de-vigilancia.gif\",\"datePublished\":\"2014-06-11T07:55:00+00:00\",\"dateModified\":\"2017-01-10T11:11:56+00:00\",\"author\":{\"@id\":\"https:\/\/www.euroresidentes.com\/hogar\/noticias-vivienda\/#\/schema\/person\/072d6dc5ad9406b70bb3499e911bb321\"},\"breadcrumb\":{\"@id\":\"https:\/\/www.euroresidentes.com\/hogar\/noticias-vivienda\/5-aspectos-tener-en-cuenta-para-la\/#breadcrumb\"},\"inLanguage\":\"es\",\"potentialAction\":[{\"@type\":\"ReadAction\",\"target\":[\"https:\/\/www.euroresidentes.com\/hogar\/noticias-vivienda\/5-aspectos-tener-en-cuenta-para-la\/\"]}]},{\"@type\":\"ImageObject\",\"inLanguage\":\"es\",\"@id\":\"https:\/\/www.euroresidentes.com\/hogar\/noticias-vivienda\/5-aspectos-tener-en-cuenta-para-la\/#primaryimage\",\"url\":\"https:\/\/www.euroresidentes.com\/hogar\/noticias-vivienda\/wp-content\/uploads\/sites\/9\/2014\/06\/201406-Camaras-de-vigilancia.gif\",\"contentUrl\":\"https:\/\/www.euroresidentes.com\/hogar\/noticias-vivienda\/wp-content\/uploads\/sites\/9\/2014\/06\/201406-Camaras-de-vigilancia.gif\",\"width\":400,\"height\":540},{\"@type\":\"BreadcrumbList\",\"@id\":\"https:\/\/www.euroresidentes.com\/hogar\/noticias-vivienda\/5-aspectos-tener-en-cuenta-para-la\/#breadcrumb\",\"itemListElement\":[{\"@type\":\"ListItem\",\"position\":1,\"name\":\"Portada\",\"item\":\"https:\/\/www.euroresidentes.com\/hogar\/noticias-vivienda\/\"},{\"@type\":\"ListItem\",\"position\":2,\"name\":\"5 aspectos a tener en cuenta para la instalaci\u00f3n de c\u00e1maras en zonas comunes\"}]},{\"@type\":\"WebSite\",\"@id\":\"https:\/\/www.euroresidentes.com\/hogar\/noticias-vivienda\/#website\",\"url\":\"https:\/\/www.euroresidentes.com\/hogar\/noticias-vivienda\/\",\"name\":\"Noticias vivienda\",\"description\":\"Euroresidentes\",\"potentialAction\":[{\"@type\":\"SearchAction\",\"target\":{\"@type\":\"EntryPoint\",\"urlTemplate\":\"https:\/\/www.euroresidentes.com\/hogar\/noticias-vivienda\/?s={search_term_string}\"},\"query-input\":{\"@type\":\"PropertyValueSpecification\",\"valueRequired\":true,\"valueName\":\"search_term_string\"}}],\"inLanguage\":\"es\"},{\"@type\":\"Person\",\"@id\":\"https:\/\/www.euroresidentes.com\/hogar\/noticias-vivienda\/#\/schema\/person\/072d6dc5ad9406b70bb3499e911bb321\",\"name\":\"Euroresidentes\",\"image\":{\"@type\":\"ImageObject\",\"inLanguage\":\"es\",\"@id\":\"https:\/\/www.euroresidentes.com\/hogar\/noticias-vivienda\/#\/schema\/person\/image\/\",\"url\":\"https:\/\/www.euroresidentes.com\/hogar\/noticias-vivienda\/wp-content\/uploads\/sites\/9\/2016\/08\/logo-euroresidentes-150x150.jpg\",\"contentUrl\":\"https:\/\/www.euroresidentes.com\/hogar\/noticias-vivienda\/wp-content\/uploads\/sites\/9\/2016\/08\/logo-euroresidentes-150x150.jpg\",\"caption\":\"Euroresidentes\"},\"description\":\"EuroresidentesContenidos \u00fatiles para resolver las necesidades grandes y peque\u00f1as de la vida cotidiana.\",\"sameAs\":[\"https:\/\/www.euroresidentes.com\/info.htm\"],\"url\":\"https:\/\/www.euroresidentes.com\/hogar\/noticias-vivienda\/author\/euroresidentes\/\"}]}<\/script>\n<!-- \/ Yoast SEO plugin. -->","yoast_head_json":{"title":"5 aspectos a tener en cuenta para la instalaci\u00f3n de c\u00e1maras en zonas comunes - Noticias vivienda","robots":{"index":"index","follow":"follow","max-snippet":"max-snippet:-1","max-image-preview":"max-image-preview:large","max-video-preview":"max-video-preview:-1"},"canonical":"https:\/\/www.euroresidentes.com\/hogar\/noticias-vivienda\/5-aspectos-tener-en-cuenta-para-la\/","og_locale":"es_ES","og_type":"article","og_title":"5 aspectos a tener en cuenta para la instalaci\u00f3n de c\u00e1maras en zonas comunes - Noticias vivienda","og_description":"La grabaci\u00f3n de v\u00eddeos en entornos dom\u00e9sticos, por ejemplo, para controlar a nuestro beb\u00e9 por la noche o para proteger nuestra casa del acceso de terceros prolifera cada vez m\u00e1s.&nbsp; Estas grabaciones dentro del \u00e1mbito familiar no son susceptibles de un control legal que deba preocuparnos. Sin embargo, si las c\u00e1maras se instalan para controlar espacios comunes de un edificio o de una urbanizaci\u00f3n, ha de prestarse especial atenci\u00f3n a las recomendaciones de la Agencia Espa\u00f1ola de Protecci\u00f3n de Datos. El responsable de las im\u00e1genes, en este caso la Comunidad, debe tener en cuenta los siguientes 5 aspectos: 1. Debe","og_url":"https:\/\/www.euroresidentes.com\/hogar\/noticias-vivienda\/5-aspectos-tener-en-cuenta-para-la\/","og_site_name":"Noticias vivienda","article_publisher":"https:\/\/www.facebook.com\/euroresidentes\/","article_published_time":"2014-06-11T07:55:00+00:00","article_modified_time":"2017-01-10T11:11:56+00:00","og_image":[{"width":400,"height":540,"url":"https:\/\/www.euroresidentes.com\/hogar\/noticias-vivienda\/wp-content\/uploads\/sites\/9\/2014\/06\/201406-Camaras-de-vigilancia.gif","type":"image\/gif"}],"author":"Euroresidentes","twitter_card":"summary_large_image","twitter_misc":{"Written by":"Euroresidentes","Est. reading time":"1 minuto"},"schema":{"@context":"https:\/\/schema.org","@graph":[{"@type":"WebPage","@id":"https:\/\/www.euroresidentes.com\/hogar\/noticias-vivienda\/5-aspectos-tener-en-cuenta-para-la\/","url":"https:\/\/www.euroresidentes.com\/hogar\/noticias-vivienda\/5-aspectos-tener-en-cuenta-para-la\/","name":"5 aspectos a tener en cuenta para la instalaci\u00f3n de c\u00e1maras en zonas comunes - Noticias vivienda","isPartOf":{"@id":"https:\/\/www.euroresidentes.com\/hogar\/noticias-vivienda\/#website"},"primaryImageOfPage":{"@id":"https:\/\/www.euroresidentes.com\/hogar\/noticias-vivienda\/5-aspectos-tener-en-cuenta-para-la\/#primaryimage"},"image":{"@id":"https:\/\/www.euroresidentes.com\/hogar\/noticias-vivienda\/5-aspectos-tener-en-cuenta-para-la\/#primaryimage"},"thumbnailUrl":"https:\/\/www.euroresidentes.com\/hogar\/noticias-vivienda\/wp-content\/uploads\/sites\/9\/2014\/06\/201406-Camaras-de-vigilancia.gif","datePublished":"2014-06-11T07:55:00+00:00","dateModified":"2017-01-10T11:11:56+00:00","author":{"@id":"https:\/\/www.euroresidentes.com\/hogar\/noticias-vivienda\/#\/schema\/person\/072d6dc5ad9406b70bb3499e911bb321"},"breadcrumb":{"@id":"https:\/\/www.euroresidentes.com\/hogar\/noticias-vivienda\/5-aspectos-tener-en-cuenta-para-la\/#breadcrumb"},"inLanguage":"es","potentialAction":[{"@type":"ReadAction","target":["https:\/\/www.euroresidentes.com\/hogar\/noticias-vivienda\/5-aspectos-tener-en-cuenta-para-la\/"]}]},{"@type":"ImageObject","inLanguage":"es","@id":"https:\/\/www.euroresidentes.com\/hogar\/noticias-vivienda\/5-aspectos-tener-en-cuenta-para-la\/#primaryimage","url":"https:\/\/www.euroresidentes.com\/hogar\/noticias-vivienda\/wp-content\/uploads\/sites\/9\/2014\/06\/201406-Camaras-de-vigilancia.gif","contentUrl":"https:\/\/www.euroresidentes.com\/hogar\/noticias-vivienda\/wp-content\/uploads\/sites\/9\/2014\/06\/201406-Camaras-de-vigilancia.gif","width":400,"height":540},{"@type":"BreadcrumbList","@id":"https:\/\/www.euroresidentes.com\/hogar\/noticias-vivienda\/5-aspectos-tener-en-cuenta-para-la\/#breadcrumb","itemListElement":[{"@type":"ListItem","position":1,"name":"Portada","item":"https:\/\/www.euroresidentes.com\/hogar\/noticias-vivienda\/"},{"@type":"ListItem","position":2,"name":"5 aspectos a tener en cuenta para la instalaci\u00f3n de c\u00e1maras en zonas comunes"}]},{"@type":"WebSite","@id":"https:\/\/www.euroresidentes.com\/hogar\/noticias-vivienda\/#website","url":"https:\/\/www.euroresidentes.com\/hogar\/noticias-vivienda\/","name":"Noticias vivienda","description":"Euroresidentes","potentialAction":[{"@type":"SearchAction","target":{"@type":"EntryPoint","urlTemplate":"https:\/\/www.euroresidentes.com\/hogar\/noticias-vivienda\/?s={search_term_string}"},"query-input":{"@type":"PropertyValueSpecification","valueRequired":true,"valueName":"search_term_string"}}],"inLanguage":"es"},{"@type":"Person","@id":"https:\/\/www.euroresidentes.com\/hogar\/noticias-vivienda\/#\/schema\/person\/072d6dc5ad9406b70bb3499e911bb321","name":"Euroresidentes","image":{"@type":"ImageObject","inLanguage":"es","@id":"https:\/\/www.euroresidentes.com\/hogar\/noticias-vivienda\/#\/schema\/person\/image\/","url":"https:\/\/www.euroresidentes.com\/hogar\/noticias-vivienda\/wp-content\/uploads\/sites\/9\/2016\/08\/logo-euroresidentes-150x150.jpg","contentUrl":"https:\/\/www.euroresidentes.com\/hogar\/noticias-vivienda\/wp-content\/uploads\/sites\/9\/2016\/08\/logo-euroresidentes-150x150.jpg","caption":"Euroresidentes"},"description":"EuroresidentesContenidos \u00fatiles para resolver las necesidades grandes y peque\u00f1as de la vida cotidiana.","sameAs":["https:\/\/www.euroresidentes.com\/info.htm"],"url":"https:\/\/www.euroresidentes.com\/hogar\/noticias-vivienda\/author\/euroresidentes\/"}]}},"_links":{"self":[{"href":"https:\/\/www.euroresidentes.com\/hogar\/noticias-vivienda\/wp-json\/wp\/v2\/posts\/219","targetHints":{"allow":["GET"]}}],"collection":[{"href":"https:\/\/www.euroresidentes.com\/hogar\/noticias-vivienda\/wp-json\/wp\/v2\/posts"}],"about":[{"href":"https:\/\/www.euroresidentes.com\/hogar\/noticias-vivienda\/wp-json\/wp\/v2\/types\/post"}],"author":[{"embeddable":true,"href":"https:\/\/www.euroresidentes.com\/hogar\/noticias-vivienda\/wp-json\/wp\/v2\/users\/1"}],"replies":[{"embeddable":true,"href":"https:\/\/www.euroresidentes.com\/hogar\/noticias-vivienda\/wp-json\/wp\/v2\/comments?post=219"}],"version-history":[{"count":1,"href":"https:\/\/www.euroresidentes.com\/hogar\/noticias-vivienda\/wp-json\/wp\/v2\/posts\/219\/revisions"}],"predecessor-version":[{"id":1685,"href":"https:\/\/www.euroresidentes.com\/hogar\/noticias-vivienda\/wp-json\/wp\/v2\/posts\/219\/revisions\/1685"}],"wp:featuredmedia":[{"embeddable":true,"href":"https:\/\/www.euroresidentes.com\/hogar\/noticias-vivienda\/wp-json\/wp\/v2\/media\/1684"}],"wp:attachment":[{"href":"https:\/\/www.euroresidentes.com\/hogar\/noticias-vivienda\/wp-json\/wp\/v2\/media?parent=219"}],"wp:term":[{"taxonomy":"category","embeddable":true,"href":"https:\/\/www.euroresidentes.com\/hogar\/noticias-vivienda\/wp-json\/wp\/v2\/categories?post=219"},{"taxonomy":"post_tag","embeddable":true,"href":"https:\/\/www.euroresidentes.com\/hogar\/noticias-vivienda\/wp-json\/wp\/v2\/tags?post=219"}],"curies":[{"name":"wp","href":"https:\/\/api.w.org\/{rel}","templated":true}]}}