{"id":659,"date":"2018-05-28T12:15:00","date_gmt":"2018-05-28T10:15:00","guid":{"rendered":"http:\/\/www.euroresidentes.com\/hogar\/mascotas\/28-de-mayo-dia-del-perro-sin-raza"},"modified":"2018-05-28T14:21:43","modified_gmt":"2018-05-28T12:21:43","slug":"28-de-mayo-dia-del-perro-sin-raza","status":"publish","type":"post","link":"https:\/\/www.euroresidentes.com\/hogar\/mascotas\/28-de-mayo-dia-del-perro-sin-raza\/","title":{"rendered":"28 de Mayo: D\u00eda del Perro Sin Raza"},"content":{"rendered":"<p><strong>Porque no importa de qu\u00e9 raza sean o si no son de raza<\/strong>, los perros son nuestros amigos, nuestra familia y nuestros fieles compa\u00f1eros. En este d\u00eda, <strong>28 de Mayo, se celebra el d\u00eda del perro sin raza, \u00a1\u00a1porque todos ellos son especiales!!<\/strong><\/p>\n<p>&nbsp;<\/p>\n<div>\n<div class=\"separator\" style=\"clear: both;text-align: center\"><img loading=\"lazy\" decoding=\"async\" class=\"aligncenter\" src=\"http:\/\/www.euroresidentes.com\/hogar\/mascotas\/wp-content\/uploads\/sites\/5\/2015\/05\/perro-sin-raza.jpg\" alt=\"d\u00eda perro sin raza\" width=\"700\" height=\"525\" border=\"0\" \/><\/div>\n<\/div>\n<div>\n<h3 style=\"text-align: left\">Los perros y las razas<\/h3>\n<\/div>\n<div style=\"text-align: left\"><b>Un perro se clasifica en un tipo de raza a trav\u00e9s de pruebas de ascendencia<\/b>, mediante el an\u00e1lisis gen\u00e9tico o registros escritos de su ascendencia\u00a0<b>(pedigree)<\/b>. Estos registros, pueden estar en manos de particulares, clubes u otras organizaciones.\u00a0<!-- inserta publi --><b>La FCI<\/b>\u00a0<b>(Federaci\u00f3n Cinol\u00f3gica Internacional)\u00a0reconoce 337 razas y cada una es propiedad de un pa\u00eds en particular.<\/b>\u00a0Los pa\u00edses propietarios de dichas razas establecen el est\u00e1ndar de raza.\u00a0Estos est\u00e1ndares son la referencia en la cual se basan todos los jueces al examinar los perros durante las exposiciones.\u00a0<b>Los perros sin raza son todos los dem\u00e1s y son mayor\u00eda.\u00a0Los perros sin raza ya estaban antes que las razas.\u00a0<\/b> <b> <\/b><\/div>\n<div style=\"text-align: center\">\u00a0<\/div>\n<div>\n<div class=\"separator\" style=\"clear: both;text-align: center\"><img loading=\"lazy\" decoding=\"async\" class=\"aligncenter\" src=\"http:\/\/www.euroresidentes.com\/hogar\/mascotas\/wp-content\/uploads\/sites\/5\/2015\/05\/golfo-perro-sin-raza.jpg\" alt=\"golfo d\u00eda perro sin raza\" width=\"700\" height=\"467\" border=\"0\" \/>\u00a0<\/div>\n<\/div>\n<div class=\"separator\" style=\"clear: both;text-align: left\"><i><b>\u00bbGolfo\u00bb es un perro sin raza, <\/b>protagonista en la pel\u00edcula <b>\u00bbLa Dama y el Vagabundo\u00bb (1955)<\/b><\/i><\/div>\n<div class=\"separator\" style=\"clear: both;text-align: center\"><b><i>\u00a0<\/i><\/b><\/div>\n<div class=\"separator\" style=\"clear: both;text-align: center\"><img loading=\"lazy\" decoding=\"async\" class=\"aligncenter\" src=\"http:\/\/www.euroresidentes.com\/hogar\/mascotas\/wp-content\/uploads\/sites\/5\/2015\/05\/perrito-sinraza.jpg\" alt=\"d\u00eda perro sin raza 28 mayo\" width=\"700\" height=\"571\" border=\"0\" \/><\/div>\n<h3 class=\"separator\" style=\"clear: both;text-align: left\"><strong>Un perro sin raza o mestizo es sencillamente tan bueno como cualquier otro<\/strong><\/h3>\n<div class=\"separator\" style=\"clear: both;text-align: left\">Lamentablemente hay muchos adorables en protectoras esperando ser adoptados, por eso en este d\u00eda queremos que todos se acuerden de ellos&#8230; \u00a1Porque <strong>ellos tambi\u00e9n lo valen!<\/strong><\/div>\n<div class=\"separator\" style=\"clear: both;text-align: center\">\u00a0<\/div>\n<div class=\"separator\" style=\"clear: both;text-align: center\"><img loading=\"lazy\" decoding=\"async\" class=\"aligncenter\" src=\"http:\/\/www.euroresidentes.com\/hogar\/mascotas\/wp-content\/uploads\/sites\/5\/2015\/05\/Mascotas_Mestizo.jpg\" alt=\"28 mayo\" width=\"700\" height=\"492\" border=\"0\" \/>\u00a0<\/div>\n<div class=\"separator\" style=\"clear: both\">\u00a0<b>Si est\u00e1s buscando un perrito no lo dudes, adopta uno: Hay muchos <a href=\"http:\/\/mascotas.euroresidentes.com\/2014\/06\/la-importancia-de-adoptar-mascotas.html\" target=\"_blank\" rel=\"nofollow\">motivos por los que adoptar es maravilloso<\/a><\/b><\/div>\n<p><!-- inserta publi 2 --><\/p>\n<div class=\"separator\" style=\"clear: both;text-align: center\">\u00a0\u00a0<\/div>\n<div class=\"separator\" style=\"clear: both;text-align: center\"><img loading=\"lazy\" decoding=\"async\" class=\"aligncenter\" src=\"http:\/\/www.euroresidentes.com\/hogar\/mascotas\/wp-content\/uploads\/sites\/5\/2015\/05\/dog-and-woman.jpg\" alt=\"28 mayo dia perro sin raza\" width=\"700\" height=\"466\" border=\"0\" \/><\/div>\n<div class=\"separator\" style=\"clear: both;text-align: center\">\u00a0<\/div>\n<div class=\"separator\" style=\"clear: both;text-align: left\"><strong>Aqu\u00ed un bello homenaje a ellos con este precioso v\u00eddeo con im\u00e1genes de perros sin raza:<\/strong><\/p>\n<div class=\"flex-video\"><iframe loading=\"lazy\" width=\"1060\" height=\"795\" src=\"https:\/\/www.youtube.com\/embed\/FvKQ9O5jCmo?feature=oembed\" frameborder=\"0\" allowfullscreen><\/iframe><\/div>\n<div style=\"text-align: left\">V\u00eddeo de\u00a0<i><b>alcugasa<\/b><\/i><\/div>\n<div style=\"text-align: left\">\u00a0<\/div>\n<p style=\"text-align: left\"><strong>\u00a1\u00a1\u00a1FELIZ D\u00cdA DE LOS PERROS SIN RAZA!!! <\/strong>Gracias por aceptarlos y quererlos tal y como son \ud83d\ude42<\/p>\n<p style=\"text-align: left\">\u00a0<\/p>\n<p>[Fuentes: Google, 20Minutos]<\/p>\n<\/div>\n","protected":false},"excerpt":{"rendered":"<p>Porque no importa de qu\u00e9 raza sean o si no son de raza, los perros son nuestros amigos, nuestra familia y nuestros fieles compa\u00f1eros. En este d\u00eda, 28 de Mayo, se celebra el d\u00eda del perro sin raza, \u00a1\u00a1porque todos ellos son especiales!! &nbsp; Los perros y las razas Un perro se clasifica en un tipo de raza a trav\u00e9s de pruebas de ascendencia, mediante el an\u00e1lisis gen\u00e9tico o registros escritos de su ascendencia\u00a0(pedigree). Estos registros, pueden estar en manos de particulares, clubes u otras organizaciones.\u00a0La FCI\u00a0(Federaci\u00f3n Cinol\u00f3gica Internacional)\u00a0reconoce 337 razas y cada una es propiedad de un pa\u00eds en <\/p>\n","protected":false},"author":12,"featured_media":1724,"comment_status":"open","ping_status":"open","sticky":false,"template":"","format":"standard","meta":{"footnotes":""},"categories":[15],"tags":[],"class_list":["post-659","post","type-post","status-publish","format-standard","has-post-thumbnail","hentry","category-perros","has_thumb"],"yoast_head":"<!-- This site is optimized with the Yoast SEO plugin v24.1 - https:\/\/yoast.com\/wordpress\/plugins\/seo\/ -->\n<title>Feliz 28 de Mayo, D\u00eda del Perro sin Raza<\/title>\n<meta name=\"description\" content=\"No importa de qu\u00e9 raza sean o si no son de raza, los perros son nuestros amigos, familia y fieles compa\u00f1eros. Hoy 28 de Mayo, es el d\u00eda del perro sin raza\" \/>\n<meta name=\"robots\" content=\"index, follow, max-snippet:-1, max-image-preview:large, max-video-preview:-1\" \/>\n<link rel=\"canonical\" href=\"https:\/\/www.euroresidentes.com\/hogar\/mascotas\/28-de-mayo-dia-del-perro-sin-raza\/\" \/>\n<meta property=\"og:locale\" content=\"es_ES\" \/>\n<meta property=\"og:type\" content=\"article\" \/>\n<meta property=\"og:title\" content=\"Feliz 28 de Mayo, D\u00eda del Perro sin Raza\" \/>\n<meta property=\"og:description\" content=\"No importa de qu\u00e9 raza sean o si no son de raza, los perros son nuestros amigos, familia y fieles compa\u00f1eros. Hoy 28 de Mayo, es el d\u00eda del perro sin raza\" \/>\n<meta property=\"og:url\" content=\"https:\/\/www.euroresidentes.com\/hogar\/mascotas\/28-de-mayo-dia-del-perro-sin-raza\/\" \/>\n<meta property=\"og:site_name\" content=\"Todo mascotas\" \/>\n<meta property=\"article:publisher\" content=\"https:\/\/www.facebook.com\/todo.mascotas.euroresidentes\/\" \/>\n<meta property=\"article:published_time\" content=\"2018-05-28T10:15:00+00:00\" \/>\n<meta property=\"article:modified_time\" content=\"2018-05-28T12:21:43+00:00\" \/>\n<meta property=\"og:image\" content=\"https:\/\/www.euroresidentes.com\/hogar\/mascotas\/wp-content\/uploads\/sites\/5\/2015\/05\/perro-sin-raza.jpg\" \/>\n\t<meta property=\"og:image:width\" content=\"600\" \/>\n\t<meta property=\"og:image:height\" content=\"450\" \/>\n\t<meta property=\"og:image:type\" content=\"image\/jpeg\" \/>\n<meta name=\"author\" content=\"Emma Heath\" \/>\n<meta name=\"twitter:card\" content=\"summary_large_image\" \/>\n<meta name=\"twitter:label1\" content=\"Written by\" \/>\n\t<meta name=\"twitter:data1\" content=\"Emma Heath\" \/>\n\t<meta name=\"twitter:label2\" content=\"Est. reading time\" \/>\n\t<meta name=\"twitter:data2\" content=\"1 minuto\" \/>\n<script type=\"application\/ld+json\" class=\"yoast-schema-graph\">{\"@context\":\"https:\/\/schema.org\",\"@graph\":[{\"@type\":\"WebPage\",\"@id\":\"https:\/\/www.euroresidentes.com\/hogar\/mascotas\/28-de-mayo-dia-del-perro-sin-raza\/\",\"url\":\"https:\/\/www.euroresidentes.com\/hogar\/mascotas\/28-de-mayo-dia-del-perro-sin-raza\/\",\"name\":\"Feliz 28 de Mayo, D\u00eda del Perro sin Raza\",\"isPartOf\":{\"@id\":\"https:\/\/www.euroresidentes.com\/hogar\/mascotas\/#website\"},\"primaryImageOfPage\":{\"@id\":\"https:\/\/www.euroresidentes.com\/hogar\/mascotas\/28-de-mayo-dia-del-perro-sin-raza\/#primaryimage\"},\"image\":{\"@id\":\"https:\/\/www.euroresidentes.com\/hogar\/mascotas\/28-de-mayo-dia-del-perro-sin-raza\/#primaryimage\"},\"thumbnailUrl\":\"https:\/\/www.euroresidentes.com\/hogar\/mascotas\/wp-content\/uploads\/sites\/5\/2015\/05\/perro-sin-raza.jpg\",\"datePublished\":\"2018-05-28T10:15:00+00:00\",\"dateModified\":\"2018-05-28T12:21:43+00:00\",\"author\":{\"@id\":\"https:\/\/www.euroresidentes.com\/hogar\/mascotas\/#\/schema\/person\/cea32592dad5cd0f6b0c23f4627d0a7e\"},\"description\":\"No importa de qu\u00e9 raza sean o si no son de raza, los perros son nuestros amigos, familia y fieles compa\u00f1eros. Hoy 28 de Mayo, es el d\u00eda del perro sin raza\",\"breadcrumb\":{\"@id\":\"https:\/\/www.euroresidentes.com\/hogar\/mascotas\/28-de-mayo-dia-del-perro-sin-raza\/#breadcrumb\"},\"inLanguage\":\"es\",\"potentialAction\":[{\"@type\":\"ReadAction\",\"target\":[\"https:\/\/www.euroresidentes.com\/hogar\/mascotas\/28-de-mayo-dia-del-perro-sin-raza\/\"]}]},{\"@type\":\"ImageObject\",\"inLanguage\":\"es\",\"@id\":\"https:\/\/www.euroresidentes.com\/hogar\/mascotas\/28-de-mayo-dia-del-perro-sin-raza\/#primaryimage\",\"url\":\"https:\/\/www.euroresidentes.com\/hogar\/mascotas\/wp-content\/uploads\/sites\/5\/2015\/05\/perro-sin-raza.jpg\",\"contentUrl\":\"https:\/\/www.euroresidentes.com\/hogar\/mascotas\/wp-content\/uploads\/sites\/5\/2015\/05\/perro-sin-raza.jpg\",\"width\":600,\"height\":450},{\"@type\":\"BreadcrumbList\",\"@id\":\"https:\/\/www.euroresidentes.com\/hogar\/mascotas\/28-de-mayo-dia-del-perro-sin-raza\/#breadcrumb\",\"itemListElement\":[{\"@type\":\"ListItem\",\"position\":1,\"name\":\"Portada\",\"item\":\"https:\/\/www.euroresidentes.com\/hogar\/mascotas\/\"},{\"@type\":\"ListItem\",\"position\":2,\"name\":\"28 de Mayo: D\u00eda del Perro Sin Raza\"}]},{\"@type\":\"WebSite\",\"@id\":\"https:\/\/www.euroresidentes.com\/hogar\/mascotas\/#website\",\"url\":\"https:\/\/www.euroresidentes.com\/hogar\/mascotas\/\",\"name\":\"Todo mascotas\",\"description\":\"Euroresidentes\",\"potentialAction\":[{\"@type\":\"SearchAction\",\"target\":{\"@type\":\"EntryPoint\",\"urlTemplate\":\"https:\/\/www.euroresidentes.com\/hogar\/mascotas\/?s={search_term_string}\"},\"query-input\":{\"@type\":\"PropertyValueSpecification\",\"valueRequired\":true,\"valueName\":\"search_term_string\"}}],\"inLanguage\":\"es\"},{\"@type\":\"Person\",\"@id\":\"https:\/\/www.euroresidentes.com\/hogar\/mascotas\/#\/schema\/person\/cea32592dad5cd0f6b0c23f4627d0a7e\",\"name\":\"Emma Heath\",\"image\":{\"@type\":\"ImageObject\",\"inLanguage\":\"es\",\"@id\":\"https:\/\/www.euroresidentes.com\/hogar\/mascotas\/#\/schema\/person\/image\/\",\"url\":\"https:\/\/www.euroresidentes.com\/hogar\/mascotas\/wp-content\/uploads\/sites\/5\/2016\/02\/EHP-foto-Autora-150x150.png\",\"contentUrl\":\"https:\/\/www.euroresidentes.com\/hogar\/mascotas\/wp-content\/uploads\/sites\/5\/2016\/02\/EHP-foto-Autora-150x150.png\",\"caption\":\"Emma Heath\"},\"description\":\"Emma HeathAmante de los animales, me considero bastante Otaku, porque me encantan las\u00a0series anime\u00a0y casi todo lo relacionado con Jap\u00f3n y su cultura.\u00a0\",\"sameAs\":[\"https:\/\/www.euroresidentes.com\/hogar\/emma-heath.html\"],\"url\":\"https:\/\/www.euroresidentes.com\/hogar\/mascotas\/author\/emma\/\"}]}<\/script>\n<!-- \/ Yoast SEO plugin. -->","yoast_head_json":{"title":"Feliz 28 de Mayo, D\u00eda del Perro sin Raza","description":"No importa de qu\u00e9 raza sean o si no son de raza, los perros son nuestros amigos, familia y fieles compa\u00f1eros. Hoy 28 de Mayo, es el d\u00eda del perro sin raza","robots":{"index":"index","follow":"follow","max-snippet":"max-snippet:-1","max-image-preview":"max-image-preview:large","max-video-preview":"max-video-preview:-1"},"canonical":"https:\/\/www.euroresidentes.com\/hogar\/mascotas\/28-de-mayo-dia-del-perro-sin-raza\/","og_locale":"es_ES","og_type":"article","og_title":"Feliz 28 de Mayo, D\u00eda del Perro sin Raza","og_description":"No importa de qu\u00e9 raza sean o si no son de raza, los perros son nuestros amigos, familia y fieles compa\u00f1eros. Hoy 28 de Mayo, es el d\u00eda del perro sin raza","og_url":"https:\/\/www.euroresidentes.com\/hogar\/mascotas\/28-de-mayo-dia-del-perro-sin-raza\/","og_site_name":"Todo mascotas","article_publisher":"https:\/\/www.facebook.com\/todo.mascotas.euroresidentes\/","article_published_time":"2018-05-28T10:15:00+00:00","article_modified_time":"2018-05-28T12:21:43+00:00","og_image":[{"width":600,"height":450,"url":"https:\/\/www.euroresidentes.com\/hogar\/mascotas\/wp-content\/uploads\/sites\/5\/2015\/05\/perro-sin-raza.jpg","type":"image\/jpeg"}],"author":"Emma Heath","twitter_card":"summary_large_image","twitter_misc":{"Written by":"Emma Heath","Est. reading time":"1 minuto"},"schema":{"@context":"https:\/\/schema.org","@graph":[{"@type":"WebPage","@id":"https:\/\/www.euroresidentes.com\/hogar\/mascotas\/28-de-mayo-dia-del-perro-sin-raza\/","url":"https:\/\/www.euroresidentes.com\/hogar\/mascotas\/28-de-mayo-dia-del-perro-sin-raza\/","name":"Feliz 28 de Mayo, D\u00eda del Perro sin Raza","isPartOf":{"@id":"https:\/\/www.euroresidentes.com\/hogar\/mascotas\/#website"},"primaryImageOfPage":{"@id":"https:\/\/www.euroresidentes.com\/hogar\/mascotas\/28-de-mayo-dia-del-perro-sin-raza\/#primaryimage"},"image":{"@id":"https:\/\/www.euroresidentes.com\/hogar\/mascotas\/28-de-mayo-dia-del-perro-sin-raza\/#primaryimage"},"thumbnailUrl":"https:\/\/www.euroresidentes.com\/hogar\/mascotas\/wp-content\/uploads\/sites\/5\/2015\/05\/perro-sin-raza.jpg","datePublished":"2018-05-28T10:15:00+00:00","dateModified":"2018-05-28T12:21:43+00:00","author":{"@id":"https:\/\/www.euroresidentes.com\/hogar\/mascotas\/#\/schema\/person\/cea32592dad5cd0f6b0c23f4627d0a7e"},"description":"No importa de qu\u00e9 raza sean o si no son de raza, los perros son nuestros amigos, familia y fieles compa\u00f1eros. Hoy 28 de Mayo, es el d\u00eda del perro sin raza","breadcrumb":{"@id":"https:\/\/www.euroresidentes.com\/hogar\/mascotas\/28-de-mayo-dia-del-perro-sin-raza\/#breadcrumb"},"inLanguage":"es","potentialAction":[{"@type":"ReadAction","target":["https:\/\/www.euroresidentes.com\/hogar\/mascotas\/28-de-mayo-dia-del-perro-sin-raza\/"]}]},{"@type":"ImageObject","inLanguage":"es","@id":"https:\/\/www.euroresidentes.com\/hogar\/mascotas\/28-de-mayo-dia-del-perro-sin-raza\/#primaryimage","url":"https:\/\/www.euroresidentes.com\/hogar\/mascotas\/wp-content\/uploads\/sites\/5\/2015\/05\/perro-sin-raza.jpg","contentUrl":"https:\/\/www.euroresidentes.com\/hogar\/mascotas\/wp-content\/uploads\/sites\/5\/2015\/05\/perro-sin-raza.jpg","width":600,"height":450},{"@type":"BreadcrumbList","@id":"https:\/\/www.euroresidentes.com\/hogar\/mascotas\/28-de-mayo-dia-del-perro-sin-raza\/#breadcrumb","itemListElement":[{"@type":"ListItem","position":1,"name":"Portada","item":"https:\/\/www.euroresidentes.com\/hogar\/mascotas\/"},{"@type":"ListItem","position":2,"name":"28 de Mayo: D\u00eda del Perro Sin Raza"}]},{"@type":"WebSite","@id":"https:\/\/www.euroresidentes.com\/hogar\/mascotas\/#website","url":"https:\/\/www.euroresidentes.com\/hogar\/mascotas\/","name":"Todo mascotas","description":"Euroresidentes","potentialAction":[{"@type":"SearchAction","target":{"@type":"EntryPoint","urlTemplate":"https:\/\/www.euroresidentes.com\/hogar\/mascotas\/?s={search_term_string}"},"query-input":{"@type":"PropertyValueSpecification","valueRequired":true,"valueName":"search_term_string"}}],"inLanguage":"es"},{"@type":"Person","@id":"https:\/\/www.euroresidentes.com\/hogar\/mascotas\/#\/schema\/person\/cea32592dad5cd0f6b0c23f4627d0a7e","name":"Emma Heath","image":{"@type":"ImageObject","inLanguage":"es","@id":"https:\/\/www.euroresidentes.com\/hogar\/mascotas\/#\/schema\/person\/image\/","url":"https:\/\/www.euroresidentes.com\/hogar\/mascotas\/wp-content\/uploads\/sites\/5\/2016\/02\/EHP-foto-Autora-150x150.png","contentUrl":"https:\/\/www.euroresidentes.com\/hogar\/mascotas\/wp-content\/uploads\/sites\/5\/2016\/02\/EHP-foto-Autora-150x150.png","caption":"Emma Heath"},"description":"Emma HeathAmante de los animales, me considero bastante Otaku, porque me encantan las\u00a0series anime\u00a0y casi todo lo relacionado con Jap\u00f3n y su cultura.\u00a0","sameAs":["https:\/\/www.euroresidentes.com\/hogar\/emma-heath.html"],"url":"https:\/\/www.euroresidentes.com\/hogar\/mascotas\/author\/emma\/"}]}},"_links":{"self":[{"href":"https:\/\/www.euroresidentes.com\/hogar\/mascotas\/wp-json\/wp\/v2\/posts\/659","targetHints":{"allow":["GET"]}}],"collection":[{"href":"https:\/\/www.euroresidentes.com\/hogar\/mascotas\/wp-json\/wp\/v2\/posts"}],"about":[{"href":"https:\/\/www.euroresidentes.com\/hogar\/mascotas\/wp-json\/wp\/v2\/types\/post"}],"author":[{"embeddable":true,"href":"https:\/\/www.euroresidentes.com\/hogar\/mascotas\/wp-json\/wp\/v2\/users\/12"}],"replies":[{"embeddable":true,"href":"https:\/\/www.euroresidentes.com\/hogar\/mascotas\/wp-json\/wp\/v2\/comments?post=659"}],"version-history":[{"count":18,"href":"https:\/\/www.euroresidentes.com\/hogar\/mascotas\/wp-json\/wp\/v2\/posts\/659\/revisions"}],"predecessor-version":[{"id":13310,"href":"https:\/\/www.euroresidentes.com\/hogar\/mascotas\/wp-json\/wp\/v2\/posts\/659\/revisions\/13310"}],"wp:featuredmedia":[{"embeddable":true,"href":"https:\/\/www.euroresidentes.com\/hogar\/mascotas\/wp-json\/wp\/v2\/media\/1724"}],"wp:attachment":[{"href":"https:\/\/www.euroresidentes.com\/hogar\/mascotas\/wp-json\/wp\/v2\/media?parent=659"}],"wp:term":[{"taxonomy":"category","embeddable":true,"href":"https:\/\/www.euroresidentes.com\/hogar\/mascotas\/wp-json\/wp\/v2\/categories?post=659"},{"taxonomy":"post_tag","embeddable":true,"href":"https:\/\/www.euroresidentes.com\/hogar\/mascotas\/wp-json\/wp\/v2\/tags?post=659"}],"curies":[{"name":"wp","href":"https:\/\/api.w.org\/{rel}","templated":true}]}}