{"id":641,"date":"2015-08-14T14:13:00","date_gmt":"2015-08-14T14:13:00","guid":{"rendered":"http:\/\/www.euroresidentes.com\/hogar\/mascotas\/no-al-abandono-estas-imagenes-nos"},"modified":"2017-03-28T14:20:02","modified_gmt":"2017-03-28T12:20:02","slug":"no-al-abandono-estas-imagenes-nos","status":"publish","type":"post","link":"https:\/\/www.euroresidentes.com\/hogar\/mascotas\/no-al-abandono-estas-imagenes-nos\/","title":{"rendered":"No al abandono: Estas im\u00e1genes nos muestran su pena"},"content":{"rendered":"<p><b>El abandono de perros<\/b> parece que sea algo que ocurre en contadas ocasiones, pero&#8230;<b> \u00bfSab\u00edas que la mayor\u00eda de abandonos de animales, en su mayor\u00eda perros, ocurren en verano y en estas fechas se duplica?\u00a0<\/b>Es muy triste saber que esto pueda llegar a suceder, y hace que muchos nos preguntemos&#8230; <b>\u00bfPero por qu\u00e9? \u00bfQui\u00e9n es capaz de hacer algo as\u00ed?<\/b><\/p>\n<div class=\"separator\" style=\"clear: both;text-align: center\"><a style=\"margin-left: 1em;margin-right: 1em\" href=\"http:\/\/www.euroresidentes.com\/hogar\/mascotas\/wp-content\/uploads\/sites\/5\/2015\/08\/No-al-abandono.jpg\"><img loading=\"lazy\" decoding=\"async\" class=\"\" src=\"http:\/\/www.euroresidentes.com\/hogar\/mascotas\/wp-content\/uploads\/sites\/5\/2015\/08\/No-al-abandono.jpg\" alt=\"\" width=\"700\" height=\"525\" border=\"0\" \/><\/a><\/div>\n<div style=\"text-align: left\">Mucha gente toma esta <strong>horrible decisi\u00f3n<\/strong> al llegar las vacaciones, o por la responsabilidad que conlleva, o cuando el perro se ha hecho grande&#8230; otros al cambiarse de domicilio, otros porque tienen alergia&#8230;<\/div>\n<p><!-- inserta publi --><\/p>\n<div style=\"text-align: center\">\u00a0<a style=\"margin-left: 1em;margin-right: 1em\" href=\"http:\/\/www.euroresidentes.com\/hogar\/mascotas\/wp-content\/uploads\/sites\/5\/2015\/08\/perro-abandonado1.jpg\"><img loading=\"lazy\" decoding=\"async\" class=\"\" src=\"http:\/\/www.euroresidentes.com\/hogar\/mascotas\/wp-content\/uploads\/sites\/5\/2015\/08\/perro-abandonado1.jpg\" alt=\"\" width=\"700\" height=\"525\" border=\"0\" \/><\/a>\u00a0<\/div>\n<div><b>\u00bfDe verdad la mejor soluci\u00f3n era abandonarlo a su suerte?<\/b><\/div>\n<div>\u00a0<\/div>\n<div class=\"separator\" style=\"clear: both\"><a style=\"margin-left: 1em;margin-right: 1em\" href=\"http:\/\/www.euroresidentes.com\/hogar\/mascotas\/wp-content\/uploads\/sites\/5\/2015\/08\/perro-abandonado2.jpg\"><img loading=\"lazy\" decoding=\"async\" class=\"aligncenter\" src=\"http:\/\/www.euroresidentes.com\/hogar\/mascotas\/wp-content\/uploads\/sites\/5\/2015\/08\/perro-abandonado2.jpg\" alt=\"\" width=\"700\" height=\"525\" border=\"0\" \/><\/a><\/div>\n<div style=\"text-align: center\">\u00a0<\/div>\n<div><b>El problema est\u00e1 en que mucha gente compra o adopta animales sin realmente tener claro que los quieren de verdad<\/b>, solamente por capricho o por regalo, <b>y en realidad se debe tener una total responsabilidad y comprometerse a cuidarlos para siempre. Son seres vivos.<\/b><\/div>\n<div class=\"separator\" style=\"clear: both\"><a style=\"margin-left: 1em;margin-right: 1em\" href=\"http:\/\/www.euroresidentes.com\/hogar\/mascotas\/wp-content\/uploads\/sites\/5\/2015\/08\/perro-abandonado3.jpg\"><img loading=\"lazy\" decoding=\"async\" class=\"aligncenter\" src=\"http:\/\/www.euroresidentes.com\/hogar\/mascotas\/wp-content\/uploads\/sites\/5\/2015\/08\/perro-abandonado3.jpg\" alt=\"\" width=\"700\" height=\"525\" border=\"0\" \/><\/a><\/div>\n<div style=\"text-align: center\">\u00a0<\/div>\n<div><b>En caso de que realmente no puedan hacerse cargo del perro o por tener una enfermedad, siempre se ha de buscar la mejor alternativa y jam\u00e1s recurrir al abandono.<\/b><\/div>\n<div>\u00a0<\/div>\n<div class=\"separator\" style=\"clear: both;text-align: center\"><a style=\"margin-left: 1em;margin-right: 1em\" href=\"http:\/\/www.euroresidentes.com\/hogar\/mascotas\/wp-content\/uploads\/sites\/5\/2015\/08\/perro-abandonado4.jpg\"><img loading=\"lazy\" decoding=\"async\" class=\"\" src=\"http:\/\/www.euroresidentes.com\/hogar\/mascotas\/wp-content\/uploads\/sites\/5\/2015\/08\/perro-abandonado4.jpg\" alt=\"\" width=\"700\" height=\"525\" border=\"0\" \/><\/a>\u00a0\u00a0<\/div>\n<div><b>\u00bfQui\u00e9n dice que no sienten pena? <\/b>Que los abandonen les parte el alma&#8230;<\/div>\n<p><!-- inserta publi 2 --><\/p>\n<div>\u00a0\u00a0\u00a0<\/div>\n<div class=\"separator\" style=\"clear: both;text-align: center\"><a style=\"margin-left: 1em;margin-right: 1em\" href=\"http:\/\/www.euroresidentes.com\/hogar\/mascotas\/wp-content\/uploads\/sites\/5\/2015\/08\/perro-abandonado6.jpg\"><img loading=\"lazy\" decoding=\"async\" class=\"\" src=\"http:\/\/www.euroresidentes.com\/hogar\/mascotas\/wp-content\/uploads\/sites\/5\/2015\/08\/perro-abandonado6.jpg\" alt=\"\" width=\"700\" height=\"525\" border=\"0\" \/><\/a><\/div>\n<div style=\"text-align: center\">\u00a0\u00a0<\/div>\n<div>Adem\u00e1s, <b>al abandonarles corren miles de peligros,<\/b>\u00a0como ser atropellados, maltratados, pasar hambre y padecer enfermedades&#8230; <b>y es muy probable que tengan una terrible muerte.<\/b><\/div>\n<div style=\"text-align: center\">\u00a0<\/div>\n<div class=\"separator\" style=\"clear: both;text-align: center\"><a style=\"margin-left: 1em;margin-right: 1em\" href=\"http:\/\/www.euroresidentes.com\/hogar\/mascotas\/wp-content\/uploads\/sites\/5\/2015\/08\/perro-abandonado7.jpg\"><img loading=\"lazy\" decoding=\"async\" class=\"\" src=\"http:\/\/www.euroresidentes.com\/hogar\/mascotas\/wp-content\/uploads\/sites\/5\/2015\/08\/perro-abandonado7.jpg\" alt=\"\" width=\"700\" height=\"525\" border=\"0\" \/><\/a>\u00a0<\/div>\n<ul>\n<li><b>Lo que se debe hacer en caso de que no podamos hacernos cargo de ellos es intentar buscarles un hogar o llevarlos a alguna protectora de animales como \u00faltimo recurso, pero nunca abandonarles.<\/b><\/li>\n<\/ul>\n<div class=\"separator\" style=\"clear: both;text-align: center\"><a style=\"margin-left: 1em;margin-right: 1em\" href=\"http:\/\/www.euroresidentes.com\/hogar\/mascotas\/wp-content\/uploads\/sites\/5\/2015\/08\/perro-abandonado5.jpg\"><img loading=\"lazy\" decoding=\"async\" class=\"\" src=\"http:\/\/www.euroresidentes.com\/hogar\/mascotas\/wp-content\/uploads\/sites\/5\/2015\/08\/perro-abandonado5.jpg\" alt=\"\" width=\"700\" height=\"525\" border=\"0\" \/><\/a>\u00a0<\/div>\n<div><b>Denunciar los abandonos y los malos tratos da sus frutos:<\/b>\u00a0Debemos concienciar y poner todos de nuestra parte para conseguir erradicar estas horribles y crueles costumbres.<\/div>\n<div class=\"separator\" style=\"clear: both;text-align: center\"><a style=\"margin-left: 1em;margin-right: 1em\" href=\"http:\/\/www.euroresidentes.com\/hogar\/mascotas\/wp-content\/uploads\/sites\/5\/2015\/08\/perro-abandonado8.jpg\"><img loading=\"lazy\" decoding=\"async\" class=\"\" src=\"http:\/\/www.euroresidentes.com\/hogar\/mascotas\/wp-content\/uploads\/sites\/5\/2015\/08\/perro-abandonado8.jpg\" alt=\"\" width=\"700\" height=\"525\" border=\"0\" \/><\/a>\u00a0<\/div>\n<p><strong>Sus miradas lo dicen todo.\u00a0No le abandones, \u00e9l jam\u00e1s lo har\u00eda.<\/strong><\/p>\n<p>&nbsp;<\/p>\n<p><strong>Sigue leyendo:<\/strong><\/p>\n<ul>\n<li><a href=\"https:\/\/www.euroresidentes.com\/hogar\/mascotas\/antes-de-regalar-una-mascota-ten-en\">Antes de regalar una mascota ten en cuenta esto<\/a><\/li>\n<li><a href=\"https:\/\/www.euroresidentes.com\/hogar\/mascotas\/las-mejores-mascotas-para-ninos-cuando\">Las mejores mascotas para ni\u00f1os: \u00bfCu\u00e1ndo est\u00e1n preparados para tener una?<\/a><\/li>\n<li><a href=\"https:\/\/www.euroresidentes.com\/hogar\/mascotas\/la-importancia-de-adoptar-mascotas\">La importancia de adoptar mascotas (y no comprarlas)<\/a><\/li>\n<\/ul>\n","protected":false},"excerpt":{"rendered":"<p>El abandono de perros parece que sea algo que ocurre en contadas ocasiones, pero&#8230; \u00bfSab\u00edas que la mayor\u00eda de abandonos de animales, en su mayor\u00eda perros, ocurren en verano y en estas fechas se duplica?\u00a0Es muy triste saber que esto pueda llegar a suceder, y hace que muchos nos preguntemos&#8230; \u00bfPero por qu\u00e9? \u00bfQui\u00e9n es capaz de hacer algo as\u00ed? Mucha gente toma esta horrible decisi\u00f3n al llegar las vacaciones, o por la responsabilidad que conlleva, o cuando el perro se ha hecho grande&#8230; otros al cambiarse de domicilio, otros porque tienen alergia&#8230; \u00a0\u00a0 \u00bfDe verdad la mejor soluci\u00f3n era <\/p>\n","protected":false},"author":12,"featured_media":1553,"comment_status":"open","ping_status":"open","sticky":false,"template":"","format":"standard","meta":{"footnotes":""},"categories":[15],"tags":[],"class_list":["post-641","post","type-post","status-publish","format-standard","has-post-thumbnail","hentry","category-perros","has_thumb"],"yoast_head":"<!-- This site is optimized with the Yoast SEO plugin v24.1 - https:\/\/yoast.com\/wordpress\/plugins\/seo\/ -->\n<title>No al abandono: Estas im\u00e1genes nos muestran su pena<\/title>\n<meta name=\"description\" content=\"\u00bfSab\u00edas que la mayor\u00eda de abandonos de animales, en su mayor\u00eda perros, ocurren en verano? Es muy triste saber que esto suceda. Pero... \u00bfQui\u00e9n es tan cruel?\" \/>\n<meta name=\"robots\" content=\"index, follow, max-snippet:-1, max-image-preview:large, max-video-preview:-1\" \/>\n<link rel=\"canonical\" href=\"https:\/\/www.euroresidentes.com\/hogar\/mascotas\/no-al-abandono-estas-imagenes-nos\/\" \/>\n<meta property=\"og:locale\" content=\"es_ES\" \/>\n<meta property=\"og:type\" content=\"article\" \/>\n<meta property=\"og:title\" content=\"No al abandono: Estas im\u00e1genes nos muestran su pena\" \/>\n<meta property=\"og:description\" content=\"\u00bfSab\u00edas que la mayor\u00eda de abandonos de animales, en su mayor\u00eda perros, ocurren en verano? Es muy triste saber que esto suceda. Pero... \u00bfQui\u00e9n es tan cruel?\" \/>\n<meta property=\"og:url\" content=\"https:\/\/www.euroresidentes.com\/hogar\/mascotas\/no-al-abandono-estas-imagenes-nos\/\" \/>\n<meta property=\"og:site_name\" content=\"Todo mascotas\" \/>\n<meta property=\"article:publisher\" content=\"https:\/\/www.facebook.com\/todo.mascotas.euroresidentes\/\" \/>\n<meta property=\"article:published_time\" content=\"2015-08-14T14:13:00+00:00\" \/>\n<meta property=\"article:modified_time\" content=\"2017-03-28T12:20:02+00:00\" \/>\n<meta property=\"og:image\" content=\"https:\/\/www.euroresidentes.com\/hogar\/mascotas\/wp-content\/uploads\/sites\/5\/2015\/08\/No-al-abandono.jpg\" \/>\n\t<meta property=\"og:image:width\" content=\"600\" \/>\n\t<meta property=\"og:image:height\" content=\"450\" \/>\n\t<meta property=\"og:image:type\" content=\"image\/jpeg\" \/>\n<meta name=\"author\" content=\"Emma Heath\" \/>\n<meta name=\"twitter:card\" content=\"summary_large_image\" \/>\n<meta name=\"twitter:label1\" content=\"Written by\" \/>\n\t<meta name=\"twitter:data1\" content=\"Emma Heath\" \/>\n\t<meta name=\"twitter:label2\" content=\"Est. reading time\" \/>\n\t<meta name=\"twitter:data2\" content=\"2 minutos\" \/>\n<script type=\"application\/ld+json\" class=\"yoast-schema-graph\">{\"@context\":\"https:\/\/schema.org\",\"@graph\":[{\"@type\":\"WebPage\",\"@id\":\"https:\/\/www.euroresidentes.com\/hogar\/mascotas\/no-al-abandono-estas-imagenes-nos\/\",\"url\":\"https:\/\/www.euroresidentes.com\/hogar\/mascotas\/no-al-abandono-estas-imagenes-nos\/\",\"name\":\"No al abandono: Estas im\u00e1genes nos muestran su pena\",\"isPartOf\":{\"@id\":\"https:\/\/www.euroresidentes.com\/hogar\/mascotas\/#website\"},\"primaryImageOfPage\":{\"@id\":\"https:\/\/www.euroresidentes.com\/hogar\/mascotas\/no-al-abandono-estas-imagenes-nos\/#primaryimage\"},\"image\":{\"@id\":\"https:\/\/www.euroresidentes.com\/hogar\/mascotas\/no-al-abandono-estas-imagenes-nos\/#primaryimage\"},\"thumbnailUrl\":\"https:\/\/www.euroresidentes.com\/hogar\/mascotas\/wp-content\/uploads\/sites\/5\/2015\/08\/No-al-abandono.jpg\",\"datePublished\":\"2015-08-14T14:13:00+00:00\",\"dateModified\":\"2017-03-28T12:20:02+00:00\",\"author\":{\"@id\":\"https:\/\/www.euroresidentes.com\/hogar\/mascotas\/#\/schema\/person\/cea32592dad5cd0f6b0c23f4627d0a7e\"},\"description\":\"\u00bfSab\u00edas que la mayor\u00eda de abandonos de animales, en su mayor\u00eda perros, ocurren en verano? Es muy triste saber que esto suceda. Pero... \u00bfQui\u00e9n es tan cruel?\",\"breadcrumb\":{\"@id\":\"https:\/\/www.euroresidentes.com\/hogar\/mascotas\/no-al-abandono-estas-imagenes-nos\/#breadcrumb\"},\"inLanguage\":\"es\",\"potentialAction\":[{\"@type\":\"ReadAction\",\"target\":[\"https:\/\/www.euroresidentes.com\/hogar\/mascotas\/no-al-abandono-estas-imagenes-nos\/\"]}]},{\"@type\":\"ImageObject\",\"inLanguage\":\"es\",\"@id\":\"https:\/\/www.euroresidentes.com\/hogar\/mascotas\/no-al-abandono-estas-imagenes-nos\/#primaryimage\",\"url\":\"https:\/\/www.euroresidentes.com\/hogar\/mascotas\/wp-content\/uploads\/sites\/5\/2015\/08\/No-al-abandono.jpg\",\"contentUrl\":\"https:\/\/www.euroresidentes.com\/hogar\/mascotas\/wp-content\/uploads\/sites\/5\/2015\/08\/No-al-abandono.jpg\",\"width\":600,\"height\":450},{\"@type\":\"BreadcrumbList\",\"@id\":\"https:\/\/www.euroresidentes.com\/hogar\/mascotas\/no-al-abandono-estas-imagenes-nos\/#breadcrumb\",\"itemListElement\":[{\"@type\":\"ListItem\",\"position\":1,\"name\":\"Portada\",\"item\":\"https:\/\/www.euroresidentes.com\/hogar\/mascotas\/\"},{\"@type\":\"ListItem\",\"position\":2,\"name\":\"No al abandono: Estas im\u00e1genes nos muestran su pena\"}]},{\"@type\":\"WebSite\",\"@id\":\"https:\/\/www.euroresidentes.com\/hogar\/mascotas\/#website\",\"url\":\"https:\/\/www.euroresidentes.com\/hogar\/mascotas\/\",\"name\":\"Todo mascotas\",\"description\":\"Euroresidentes\",\"potentialAction\":[{\"@type\":\"SearchAction\",\"target\":{\"@type\":\"EntryPoint\",\"urlTemplate\":\"https:\/\/www.euroresidentes.com\/hogar\/mascotas\/?s={search_term_string}\"},\"query-input\":{\"@type\":\"PropertyValueSpecification\",\"valueRequired\":true,\"valueName\":\"search_term_string\"}}],\"inLanguage\":\"es\"},{\"@type\":\"Person\",\"@id\":\"https:\/\/www.euroresidentes.com\/hogar\/mascotas\/#\/schema\/person\/cea32592dad5cd0f6b0c23f4627d0a7e\",\"name\":\"Emma Heath\",\"image\":{\"@type\":\"ImageObject\",\"inLanguage\":\"es\",\"@id\":\"https:\/\/www.euroresidentes.com\/hogar\/mascotas\/#\/schema\/person\/image\/\",\"url\":\"https:\/\/www.euroresidentes.com\/hogar\/mascotas\/wp-content\/uploads\/sites\/5\/2016\/02\/EHP-foto-Autora-150x150.png\",\"contentUrl\":\"https:\/\/www.euroresidentes.com\/hogar\/mascotas\/wp-content\/uploads\/sites\/5\/2016\/02\/EHP-foto-Autora-150x150.png\",\"caption\":\"Emma Heath\"},\"description\":\"Emma HeathAmante de los animales, me considero bastante Otaku, porque me encantan las\u00a0series anime\u00a0y casi todo lo relacionado con Jap\u00f3n y su cultura.\u00a0\",\"sameAs\":[\"https:\/\/www.euroresidentes.com\/hogar\/emma-heath.html\"],\"url\":\"https:\/\/www.euroresidentes.com\/hogar\/mascotas\/author\/emma\/\"}]}<\/script>\n<!-- \/ Yoast SEO plugin. -->","yoast_head_json":{"title":"No al abandono: Estas im\u00e1genes nos muestran su pena","description":"\u00bfSab\u00edas que la mayor\u00eda de abandonos de animales, en su mayor\u00eda perros, ocurren en verano? Es muy triste saber que esto suceda. Pero... \u00bfQui\u00e9n es tan cruel?","robots":{"index":"index","follow":"follow","max-snippet":"max-snippet:-1","max-image-preview":"max-image-preview:large","max-video-preview":"max-video-preview:-1"},"canonical":"https:\/\/www.euroresidentes.com\/hogar\/mascotas\/no-al-abandono-estas-imagenes-nos\/","og_locale":"es_ES","og_type":"article","og_title":"No al abandono: Estas im\u00e1genes nos muestran su pena","og_description":"\u00bfSab\u00edas que la mayor\u00eda de abandonos de animales, en su mayor\u00eda perros, ocurren en verano? Es muy triste saber que esto suceda. Pero... \u00bfQui\u00e9n es tan cruel?","og_url":"https:\/\/www.euroresidentes.com\/hogar\/mascotas\/no-al-abandono-estas-imagenes-nos\/","og_site_name":"Todo mascotas","article_publisher":"https:\/\/www.facebook.com\/todo.mascotas.euroresidentes\/","article_published_time":"2015-08-14T14:13:00+00:00","article_modified_time":"2017-03-28T12:20:02+00:00","og_image":[{"width":600,"height":450,"url":"https:\/\/www.euroresidentes.com\/hogar\/mascotas\/wp-content\/uploads\/sites\/5\/2015\/08\/No-al-abandono.jpg","type":"image\/jpeg"}],"author":"Emma Heath","twitter_card":"summary_large_image","twitter_misc":{"Written by":"Emma Heath","Est. reading time":"2 minutos"},"schema":{"@context":"https:\/\/schema.org","@graph":[{"@type":"WebPage","@id":"https:\/\/www.euroresidentes.com\/hogar\/mascotas\/no-al-abandono-estas-imagenes-nos\/","url":"https:\/\/www.euroresidentes.com\/hogar\/mascotas\/no-al-abandono-estas-imagenes-nos\/","name":"No al abandono: Estas im\u00e1genes nos muestran su pena","isPartOf":{"@id":"https:\/\/www.euroresidentes.com\/hogar\/mascotas\/#website"},"primaryImageOfPage":{"@id":"https:\/\/www.euroresidentes.com\/hogar\/mascotas\/no-al-abandono-estas-imagenes-nos\/#primaryimage"},"image":{"@id":"https:\/\/www.euroresidentes.com\/hogar\/mascotas\/no-al-abandono-estas-imagenes-nos\/#primaryimage"},"thumbnailUrl":"https:\/\/www.euroresidentes.com\/hogar\/mascotas\/wp-content\/uploads\/sites\/5\/2015\/08\/No-al-abandono.jpg","datePublished":"2015-08-14T14:13:00+00:00","dateModified":"2017-03-28T12:20:02+00:00","author":{"@id":"https:\/\/www.euroresidentes.com\/hogar\/mascotas\/#\/schema\/person\/cea32592dad5cd0f6b0c23f4627d0a7e"},"description":"\u00bfSab\u00edas que la mayor\u00eda de abandonos de animales, en su mayor\u00eda perros, ocurren en verano? Es muy triste saber que esto suceda. Pero... \u00bfQui\u00e9n es tan cruel?","breadcrumb":{"@id":"https:\/\/www.euroresidentes.com\/hogar\/mascotas\/no-al-abandono-estas-imagenes-nos\/#breadcrumb"},"inLanguage":"es","potentialAction":[{"@type":"ReadAction","target":["https:\/\/www.euroresidentes.com\/hogar\/mascotas\/no-al-abandono-estas-imagenes-nos\/"]}]},{"@type":"ImageObject","inLanguage":"es","@id":"https:\/\/www.euroresidentes.com\/hogar\/mascotas\/no-al-abandono-estas-imagenes-nos\/#primaryimage","url":"https:\/\/www.euroresidentes.com\/hogar\/mascotas\/wp-content\/uploads\/sites\/5\/2015\/08\/No-al-abandono.jpg","contentUrl":"https:\/\/www.euroresidentes.com\/hogar\/mascotas\/wp-content\/uploads\/sites\/5\/2015\/08\/No-al-abandono.jpg","width":600,"height":450},{"@type":"BreadcrumbList","@id":"https:\/\/www.euroresidentes.com\/hogar\/mascotas\/no-al-abandono-estas-imagenes-nos\/#breadcrumb","itemListElement":[{"@type":"ListItem","position":1,"name":"Portada","item":"https:\/\/www.euroresidentes.com\/hogar\/mascotas\/"},{"@type":"ListItem","position":2,"name":"No al abandono: Estas im\u00e1genes nos muestran su pena"}]},{"@type":"WebSite","@id":"https:\/\/www.euroresidentes.com\/hogar\/mascotas\/#website","url":"https:\/\/www.euroresidentes.com\/hogar\/mascotas\/","name":"Todo mascotas","description":"Euroresidentes","potentialAction":[{"@type":"SearchAction","target":{"@type":"EntryPoint","urlTemplate":"https:\/\/www.euroresidentes.com\/hogar\/mascotas\/?s={search_term_string}"},"query-input":{"@type":"PropertyValueSpecification","valueRequired":true,"valueName":"search_term_string"}}],"inLanguage":"es"},{"@type":"Person","@id":"https:\/\/www.euroresidentes.com\/hogar\/mascotas\/#\/schema\/person\/cea32592dad5cd0f6b0c23f4627d0a7e","name":"Emma Heath","image":{"@type":"ImageObject","inLanguage":"es","@id":"https:\/\/www.euroresidentes.com\/hogar\/mascotas\/#\/schema\/person\/image\/","url":"https:\/\/www.euroresidentes.com\/hogar\/mascotas\/wp-content\/uploads\/sites\/5\/2016\/02\/EHP-foto-Autora-150x150.png","contentUrl":"https:\/\/www.euroresidentes.com\/hogar\/mascotas\/wp-content\/uploads\/sites\/5\/2016\/02\/EHP-foto-Autora-150x150.png","caption":"Emma Heath"},"description":"Emma HeathAmante de los animales, me considero bastante Otaku, porque me encantan las\u00a0series anime\u00a0y casi todo lo relacionado con Jap\u00f3n y su cultura.\u00a0","sameAs":["https:\/\/www.euroresidentes.com\/hogar\/emma-heath.html"],"url":"https:\/\/www.euroresidentes.com\/hogar\/mascotas\/author\/emma\/"}]}},"_links":{"self":[{"href":"https:\/\/www.euroresidentes.com\/hogar\/mascotas\/wp-json\/wp\/v2\/posts\/641","targetHints":{"allow":["GET"]}}],"collection":[{"href":"https:\/\/www.euroresidentes.com\/hogar\/mascotas\/wp-json\/wp\/v2\/posts"}],"about":[{"href":"https:\/\/www.euroresidentes.com\/hogar\/mascotas\/wp-json\/wp\/v2\/types\/post"}],"author":[{"embeddable":true,"href":"https:\/\/www.euroresidentes.com\/hogar\/mascotas\/wp-json\/wp\/v2\/users\/12"}],"replies":[{"embeddable":true,"href":"https:\/\/www.euroresidentes.com\/hogar\/mascotas\/wp-json\/wp\/v2\/comments?post=641"}],"version-history":[{"count":14,"href":"https:\/\/www.euroresidentes.com\/hogar\/mascotas\/wp-json\/wp\/v2\/posts\/641\/revisions"}],"predecessor-version":[{"id":12895,"href":"https:\/\/www.euroresidentes.com\/hogar\/mascotas\/wp-json\/wp\/v2\/posts\/641\/revisions\/12895"}],"wp:featuredmedia":[{"embeddable":true,"href":"https:\/\/www.euroresidentes.com\/hogar\/mascotas\/wp-json\/wp\/v2\/media\/1553"}],"wp:attachment":[{"href":"https:\/\/www.euroresidentes.com\/hogar\/mascotas\/wp-json\/wp\/v2\/media?parent=641"}],"wp:term":[{"taxonomy":"category","embeddable":true,"href":"https:\/\/www.euroresidentes.com\/hogar\/mascotas\/wp-json\/wp\/v2\/categories?post=641"},{"taxonomy":"post_tag","embeddable":true,"href":"https:\/\/www.euroresidentes.com\/hogar\/mascotas\/wp-json\/wp\/v2\/tags?post=641"}],"curies":[{"name":"wp","href":"https:\/\/api.w.org\/{rel}","templated":true}]}}