{"id":626,"date":"2015-09-29T11:46:00","date_gmt":"2015-09-29T11:46:00","guid":{"rendered":"http:\/\/www.euroresidentes.com\/hogar\/mascotas\/luhu-el-gato-con-la-cara-mas-triste-que"},"modified":"2016-10-14T12:57:51","modified_gmt":"2016-10-14T10:57:51","slug":"luhu-el-gato-con-la-cara-mas-triste-que","status":"publish","type":"post","link":"https:\/\/www.euroresidentes.com\/hogar\/mascotas\/luhu-el-gato-con-la-cara-mas-triste-que\/","title":{"rendered":"Luhu, el gato con la cara m\u00e1s triste que has visto"},"content":{"rendered":"<p>Esta gata llamada <b>Luhu, es conocida como \u00bbel gato m\u00e1s triste del mundo\u00bb<\/b>\u00a0o <b>\u00bbel gato m\u00e1s triste de internet\u00bb<\/b> ya que tiene una caracter\u00edstica muy original y peculiar: <b>es<\/b> <b>el gato con m\u00e1s cara de pena<\/b> que seguramente hayas visto. Su permanente cara de tristeza nos apena y conmueve&#8230; <b>\u00a1\u00a1\u00a1Te dar\u00e9 todo lo que quieras, pero no me mires m\u00e1s as\u00ed que me partes el coraz\u00f3n!!!<\/b><\/p>\n<p>&nbsp;<\/p>\n<div class=\"separator\" style=\"clear: both;text-align: center\"><a style=\"margin-left: 1em;margin-right: 1em\" href=\"http:\/\/www.euroresidentes.com\/hogar\/mascotas\/wp-content\/uploads\/sites\/5\/2015\/09\/luhu-triste-gato.jpg\"><img loading=\"lazy\" decoding=\"async\" class=\"\" src=\"http:\/\/www.euroresidentes.com\/hogar\/mascotas\/wp-content\/uploads\/sites\/5\/2015\/09\/luhu-triste-gato.jpg\" alt=\"\" width=\"700\" height=\"525\" border=\"0\" \/><\/a><\/div>\n<div class=\"separator\" style=\"clear: both;text-align: center\">\u00a0<\/div>\n<div style=\"text-align: left\"><strong>-Ya desde peque\u00f1ita, derret\u00eda a cualquiera que le mirase con esos ojitos&#8230;<\/strong><\/div>\n<div style=\"text-align: left\">\u00a0<\/div>\n<div style=\"text-align: center\"><a href=\"http:\/\/www.euroresidentes.com\/hogar\/mascotas\/wp-content\/uploads\/sites\/5\/2015\/09\/gato-con-la-cara-mas-triste-1.jpg\"><img loading=\"lazy\" decoding=\"async\" class=\"aligncenter  wp-image-2701\" src=\"http:\/\/www.euroresidentes.com\/hogar\/mascotas\/wp-content\/uploads\/sites\/5\/2015\/09\/gato-con-la-cara-mas-triste-1.jpg\" alt=\"gato-con-la-cara-mas-triste-1\" width=\"700\" height=\"700\" srcset=\"https:\/\/www.euroresidentes.com\/hogar\/mascotas\/wp-content\/uploads\/sites\/5\/2015\/09\/gato-con-la-cara-mas-triste-1.jpg 550w, https:\/\/www.euroresidentes.com\/hogar\/mascotas\/wp-content\/uploads\/sites\/5\/2015\/09\/gato-con-la-cara-mas-triste-1-150x150.jpg 150w, https:\/\/www.euroresidentes.com\/hogar\/mascotas\/wp-content\/uploads\/sites\/5\/2015\/09\/gato-con-la-cara-mas-triste-1-300x300.jpg 300w, https:\/\/www.euroresidentes.com\/hogar\/mascotas\/wp-content\/uploads\/sites\/5\/2015\/09\/gato-con-la-cara-mas-triste-1-75x75.jpg 75w\" sizes=\"auto, (max-width: 700px) 100vw, 700px\" \/><\/a><\/div>\n<div style=\"text-align: left\">\u00a0<\/div>\n<div style=\"text-align: left\"><strong>-Luhu<\/strong> nos recuerda a la famosa carita que pone el <b>Gato con Botas de Shrek:<\/b> <b> <\/b><\/div>\n<div style=\"text-align: left\">\u00a0<\/div>\n<div class=\"separator\" style=\"clear: both;text-align: center\"><a href=\"http:\/\/www.euroresidentes.com\/hogar\/mascotas\/wp-content\/uploads\/sites\/5\/2015\/09\/gato-con-la-cara-mas-triste-8.jpg\"><img loading=\"lazy\" decoding=\"async\" class=\"aligncenter  wp-image-2702\" src=\"http:\/\/www.euroresidentes.com\/hogar\/mascotas\/wp-content\/uploads\/sites\/5\/2015\/09\/gato-con-la-cara-mas-triste-8.jpg\" alt=\"gato-con-la-cara-mas-triste-8\" width=\"700\" height=\"700\" srcset=\"https:\/\/www.euroresidentes.com\/hogar\/mascotas\/wp-content\/uploads\/sites\/5\/2015\/09\/gato-con-la-cara-mas-triste-8.jpg 550w, https:\/\/www.euroresidentes.com\/hogar\/mascotas\/wp-content\/uploads\/sites\/5\/2015\/09\/gato-con-la-cara-mas-triste-8-150x150.jpg 150w, https:\/\/www.euroresidentes.com\/hogar\/mascotas\/wp-content\/uploads\/sites\/5\/2015\/09\/gato-con-la-cara-mas-triste-8-300x300.jpg 300w, https:\/\/www.euroresidentes.com\/hogar\/mascotas\/wp-content\/uploads\/sites\/5\/2015\/09\/gato-con-la-cara-mas-triste-8-75x75.jpg 75w\" sizes=\"auto, (max-width: 700px) 100vw, 700px\" \/><\/a><\/div>\n<div class=\"separator\" style=\"clear: both;text-align: center\"><a style=\"margin-left: 1em;margin-right: 1em\" href=\"http:\/\/www.euroresidentes.com\/hogar\/mascotas\/wp-content\/uploads\/sites\/5\/2015\/09\/gato-shrek-luhu.jpg\"><img loading=\"lazy\" decoding=\"async\" class=\"\" src=\"http:\/\/www.euroresidentes.com\/hogar\/mascotas\/wp-content\/uploads\/sites\/5\/2015\/09\/gato-shrek-luhu.jpg\" alt=\"\" width=\"700\" height=\"526\" border=\"0\" \/><\/a><\/div>\n<div class=\"separator\" style=\"clear: both;text-align: left\"><a href=\"http:\/\/www.euroresidentes.com\/hogar\/mascotas\/wp-content\/uploads\/sites\/5\/2015\/09\/gato-con-la-cara-mas-triste-2.jpg\"><img loading=\"lazy\" decoding=\"async\" class=\"aligncenter  wp-image-2703\" src=\"http:\/\/www.euroresidentes.com\/hogar\/mascotas\/wp-content\/uploads\/sites\/5\/2015\/09\/gato-con-la-cara-mas-triste-2.jpg\" alt=\"gato-con-la-cara-mas-triste-2\" width=\"700\" height=\"700\" srcset=\"https:\/\/www.euroresidentes.com\/hogar\/mascotas\/wp-content\/uploads\/sites\/5\/2015\/09\/gato-con-la-cara-mas-triste-2.jpg 550w, https:\/\/www.euroresidentes.com\/hogar\/mascotas\/wp-content\/uploads\/sites\/5\/2015\/09\/gato-con-la-cara-mas-triste-2-150x150.jpg 150w, https:\/\/www.euroresidentes.com\/hogar\/mascotas\/wp-content\/uploads\/sites\/5\/2015\/09\/gato-con-la-cara-mas-triste-2-300x300.jpg 300w, https:\/\/www.euroresidentes.com\/hogar\/mascotas\/wp-content\/uploads\/sites\/5\/2015\/09\/gato-con-la-cara-mas-triste-2-75x75.jpg 75w\" sizes=\"auto, (max-width: 700px) 100vw, 700px\" \/><\/a><b><\/b><\/div>\n<div class=\"separator\" style=\"clear: both;text-align: left\">\u00a0<\/div>\n<div class=\"separator\" style=\"clear: both;text-align: left\"><b>-Ella vive en Pek\u00edn<\/b> (China) <b>junto con otros dos gatos llamados Bardie y Barher (sus hermanos) <\/b>aunque ellos son perfectamente normales y <b>la \u00fanica que naci\u00f3 con esa cara de pena fue Luhu.<\/b><\/div>\n<div class=\"separator\" style=\"clear: both;text-align: left\">\u00a0<\/div>\n<div class=\"separator\" style=\"clear: both;text-align: center\"><a style=\"margin-left: 1em;margin-right: 1em\" href=\"http:\/\/www.euroresidentes.com\/hogar\/mascotas\/wp-content\/uploads\/sites\/5\/2015\/09\/hermanos-y-luhu.jpg\"><img loading=\"lazy\" decoding=\"async\" class=\"\" src=\"http:\/\/www.euroresidentes.com\/hogar\/mascotas\/wp-content\/uploads\/sites\/5\/2015\/09\/hermanos-y-luhu.jpg\" alt=\"\" width=\"700\" height=\"638\" border=\"0\" \/><\/a><\/div>\n<div class=\"separator\" style=\"clear: both;text-align: center\"><a style=\"margin-left: 1em;margin-right: 1em\" href=\"http:\/\/www.euroresidentes.com\/hogar\/mascotas\/wp-content\/uploads\/sites\/5\/2015\/09\/17.jpg\"><img loading=\"lazy\" decoding=\"async\" class=\"\" src=\"http:\/\/www.euroresidentes.com\/hogar\/mascotas\/wp-content\/uploads\/sites\/5\/2015\/09\/17.jpg\" alt=\"\" width=\"701\" height=\"619\" border=\"0\" \/><\/a><\/div>\n<div class=\"separator\" style=\"clear: both;text-align: center\"><a href=\"http:\/\/www.euroresidentes.com\/hogar\/mascotas\/wp-content\/uploads\/sites\/5\/2015\/09\/gato-con-la-cara-mas-triste-13.jpg\"><img loading=\"lazy\" decoding=\"async\" class=\"aligncenter  wp-image-2704\" src=\"http:\/\/www.euroresidentes.com\/hogar\/mascotas\/wp-content\/uploads\/sites\/5\/2015\/09\/gato-con-la-cara-mas-triste-13.jpg\" alt=\"gato-con-la-cara-mas-triste-13\" width=\"700\" height=\"597\" srcset=\"https:\/\/www.euroresidentes.com\/hogar\/mascotas\/wp-content\/uploads\/sites\/5\/2015\/09\/gato-con-la-cara-mas-triste-13.jpg 550w, https:\/\/www.euroresidentes.com\/hogar\/mascotas\/wp-content\/uploads\/sites\/5\/2015\/09\/gato-con-la-cara-mas-triste-13-300x256.jpg 300w\" sizes=\"auto, (max-width: 700px) 100vw, 700px\" \/><\/a><\/div>\n<div style=\"text-align: left\">\u00a0<\/div>\n<div style=\"text-align: left\"><b>-A su mam\u00e1 humana (Maggie Liu) le encanta compartir fotos de ella<\/b> y de sus hermanos en Instagram: <b>actualmente ya le siguen m\u00e1s de 93.000 personas<\/b> en esta red social!<\/div>\n<div style=\"text-align: left\">\u00a0<\/div>\n<div class=\"separator\" style=\"clear: both;text-align: center\"><a style=\"margin-left: 1em;margin-right: 1em\" href=\"http:\/\/www.euroresidentes.com\/hogar\/mascotas\/wp-content\/uploads\/sites\/5\/2015\/09\/luhu.jpg\"><img loading=\"lazy\" decoding=\"async\" class=\"\" src=\"http:\/\/www.euroresidentes.com\/hogar\/mascotas\/wp-content\/uploads\/sites\/5\/2015\/09\/luhu.jpg\" alt=\"\" width=\"700\" height=\"644\" border=\"0\" \/><\/a><\/div>\n<div class=\"separator\" style=\"clear: both;text-align: center\"><a href=\"http:\/\/www.euroresidentes.com\/hogar\/mascotas\/wp-content\/uploads\/sites\/5\/2015\/09\/gato-con-la-cara-mas-triste-12.jpg\"><img loading=\"lazy\" decoding=\"async\" class=\"aligncenter  wp-image-2705\" src=\"http:\/\/www.euroresidentes.com\/hogar\/mascotas\/wp-content\/uploads\/sites\/5\/2015\/09\/gato-con-la-cara-mas-triste-12.jpg\" alt=\"gato-con-la-cara-mas-triste-12\" width=\"700\" height=\"700\" srcset=\"https:\/\/www.euroresidentes.com\/hogar\/mascotas\/wp-content\/uploads\/sites\/5\/2015\/09\/gato-con-la-cara-mas-triste-12.jpg 550w, https:\/\/www.euroresidentes.com\/hogar\/mascotas\/wp-content\/uploads\/sites\/5\/2015\/09\/gato-con-la-cara-mas-triste-12-150x150.jpg 150w, https:\/\/www.euroresidentes.com\/hogar\/mascotas\/wp-content\/uploads\/sites\/5\/2015\/09\/gato-con-la-cara-mas-triste-12-300x300.jpg 300w, https:\/\/www.euroresidentes.com\/hogar\/mascotas\/wp-content\/uploads\/sites\/5\/2015\/09\/gato-con-la-cara-mas-triste-12-75x75.jpg 75w\" sizes=\"auto, (max-width: 700px) 100vw, 700px\" \/><\/a><\/div>\n<p><!-- inserta publi --><\/p>\n<div class=\"separator\" style=\"clear: both;text-align: center\"><a href=\"http:\/\/www.euroresidentes.com\/hogar\/mascotas\/wp-content\/uploads\/sites\/5\/2015\/09\/gato-con-la-cara-mas-triste-7.jpg\"><img loading=\"lazy\" decoding=\"async\" class=\"aligncenter  wp-image-2706\" src=\"http:\/\/www.euroresidentes.com\/hogar\/mascotas\/wp-content\/uploads\/sites\/5\/2015\/09\/gato-con-la-cara-mas-triste-7.jpg\" alt=\"gato-con-la-cara-mas-triste-7\" width=\"700\" height=\"700\" srcset=\"https:\/\/www.euroresidentes.com\/hogar\/mascotas\/wp-content\/uploads\/sites\/5\/2015\/09\/gato-con-la-cara-mas-triste-7.jpg 550w, https:\/\/www.euroresidentes.com\/hogar\/mascotas\/wp-content\/uploads\/sites\/5\/2015\/09\/gato-con-la-cara-mas-triste-7-150x150.jpg 150w, https:\/\/www.euroresidentes.com\/hogar\/mascotas\/wp-content\/uploads\/sites\/5\/2015\/09\/gato-con-la-cara-mas-triste-7-300x300.jpg 300w, https:\/\/www.euroresidentes.com\/hogar\/mascotas\/wp-content\/uploads\/sites\/5\/2015\/09\/gato-con-la-cara-mas-triste-7-75x75.jpg 75w\" sizes=\"auto, (max-width: 700px) 100vw, 700px\" \/><\/a><a href=\"http:\/\/www.euroresidentes.com\/hogar\/mascotas\/wp-content\/uploads\/sites\/5\/2015\/09\/gato-con-la-cara-mas-triste-6.jpg\"><img loading=\"lazy\" decoding=\"async\" class=\"aligncenter  wp-image-2707\" src=\"http:\/\/www.euroresidentes.com\/hogar\/mascotas\/wp-content\/uploads\/sites\/5\/2015\/09\/gato-con-la-cara-mas-triste-6.jpg\" alt=\"gato-con-la-cara-mas-triste-6\" width=\"700\" height=\"700\" srcset=\"https:\/\/www.euroresidentes.com\/hogar\/mascotas\/wp-content\/uploads\/sites\/5\/2015\/09\/gato-con-la-cara-mas-triste-6.jpg 550w, https:\/\/www.euroresidentes.com\/hogar\/mascotas\/wp-content\/uploads\/sites\/5\/2015\/09\/gato-con-la-cara-mas-triste-6-150x150.jpg 150w, https:\/\/www.euroresidentes.com\/hogar\/mascotas\/wp-content\/uploads\/sites\/5\/2015\/09\/gato-con-la-cara-mas-triste-6-300x300.jpg 300w, https:\/\/www.euroresidentes.com\/hogar\/mascotas\/wp-content\/uploads\/sites\/5\/2015\/09\/gato-con-la-cara-mas-triste-6-75x75.jpg 75w\" sizes=\"auto, (max-width: 700px) 100vw, 700px\" \/><\/a><\/div>\n<div class=\"separator\" style=\"clear: both;text-align: center\">\u00a0<\/div>\n<p><b>-Si quieres morir de amor, visita su Instagram:<\/b>\u00a0<b><a href=\"https:\/\/instagram.com\/lanlan731\/\" target=\"_blank\" rel=\"nofollow\">https:\/\/instagram.com\/lanlan731\/<\/a><\/b><\/p>\n<div style=\"text-align: left\">\n<h3><span style=\"color: #ff00ff\">\u00bfVerdad que Luhu es adorable?\u00a0\ud83d\ude00<\/span><\/h3>\n<h3><span style=\"color: #993366\">\u00a1\u00a1\u00a1SALUDOS AMIGOS DE LAS MASCOTAS!!!<\/span><\/h3>\n<\/div>\n<div style=\"text-align: left\">\u00a0<\/div>\n<div style=\"text-align: left\">[Fuentes: Notasdemascotas.com, Google Im\u00e1genes] <b> <\/b><\/div>\n<\/div>\n","protected":false},"excerpt":{"rendered":"<p>Esta gata llamada Luhu, es conocida como \u00bbel gato m\u00e1s triste del mundo\u00bb\u00a0o \u00bbel gato m\u00e1s triste de internet\u00bb ya que tiene una caracter\u00edstica muy original y peculiar: es el gato con m\u00e1s cara de pena que seguramente hayas visto. Su permanente cara de tristeza nos apena y conmueve&#8230; \u00a1\u00a1\u00a1Te dar\u00e9 todo lo que quieras, pero no me mires m\u00e1s as\u00ed que me partes el coraz\u00f3n!!! &nbsp; \u00a0 -Ya desde peque\u00f1ita, derret\u00eda a cualquiera que le mirase con esos ojitos&#8230; \u00a0 \u00a0 -Luhu nos recuerda a la famosa carita que pone el Gato con Botas de Shrek: \u00a0 \u00a0 -Ella <\/p>\n","protected":false},"author":12,"featured_media":1282,"comment_status":"open","ping_status":"open","sticky":false,"template":"","format":"standard","meta":{"footnotes":""},"categories":[9,16,51],"tags":[],"class_list":["post-626","post","type-post","status-publish","format-standard","has-post-thumbnail","hentry","category-curiosidades","category-gatos","category-mininos","has_thumb"],"yoast_head":"<!-- This site is optimized with the Yoast SEO plugin v24.1 - https:\/\/yoast.com\/wordpress\/plugins\/seo\/ -->\n<title>Luhu, el gato con la cara m\u00e1s triste que has visto - Todo mascotas<\/title>\n<meta name=\"robots\" content=\"index, follow, max-snippet:-1, max-image-preview:large, max-video-preview:-1\" \/>\n<link rel=\"canonical\" href=\"https:\/\/www.euroresidentes.com\/hogar\/mascotas\/luhu-el-gato-con-la-cara-mas-triste-que\/\" \/>\n<meta property=\"og:locale\" content=\"es_ES\" \/>\n<meta property=\"og:type\" content=\"article\" \/>\n<meta property=\"og:title\" content=\"Luhu, el gato con la cara m\u00e1s triste que has visto - Todo mascotas\" \/>\n<meta property=\"og:description\" content=\"Esta gata llamada Luhu, es conocida como \u00bbel gato m\u00e1s triste del mundo\u00bb\u00a0o \u00bbel gato m\u00e1s triste de internet\u00bb ya que tiene una caracter\u00edstica muy original y peculiar: es el gato con m\u00e1s cara de pena que seguramente hayas visto. Su permanente cara de tristeza nos apena y conmueve&#8230; \u00a1\u00a1\u00a1Te dar\u00e9 todo lo que quieras, pero no me mires m\u00e1s as\u00ed que me partes el coraz\u00f3n!!! &nbsp; \u00a0 -Ya desde peque\u00f1ita, derret\u00eda a cualquiera que le mirase con esos ojitos&#8230; \u00a0 \u00a0 -Luhu nos recuerda a la famosa carita que pone el Gato con Botas de Shrek: \u00a0 \u00a0 -Ella\" \/>\n<meta property=\"og:url\" content=\"https:\/\/www.euroresidentes.com\/hogar\/mascotas\/luhu-el-gato-con-la-cara-mas-triste-que\/\" \/>\n<meta property=\"og:site_name\" content=\"Todo mascotas\" \/>\n<meta property=\"article:publisher\" content=\"https:\/\/www.facebook.com\/todo.mascotas.euroresidentes\/\" \/>\n<meta property=\"article:published_time\" content=\"2015-09-29T11:46:00+00:00\" \/>\n<meta property=\"article:modified_time\" content=\"2016-10-14T10:57:51+00:00\" \/>\n<meta property=\"og:image\" content=\"https:\/\/www.euroresidentes.com\/hogar\/mascotas\/wp-content\/uploads\/sites\/5\/2015\/09\/luhu-triste-gato.jpg\" \/>\n\t<meta property=\"og:image:width\" content=\"600\" \/>\n\t<meta property=\"og:image:height\" content=\"450\" \/>\n\t<meta property=\"og:image:type\" content=\"image\/jpeg\" \/>\n<meta name=\"author\" content=\"Emma Heath\" \/>\n<meta name=\"twitter:card\" content=\"summary_large_image\" \/>\n<meta name=\"twitter:label1\" content=\"Written by\" \/>\n\t<meta name=\"twitter:data1\" content=\"Emma Heath\" \/>\n\t<meta name=\"twitter:label2\" content=\"Est. reading time\" \/>\n\t<meta name=\"twitter:data2\" content=\"1 minuto\" \/>\n<script type=\"application\/ld+json\" class=\"yoast-schema-graph\">{\"@context\":\"https:\/\/schema.org\",\"@graph\":[{\"@type\":\"WebPage\",\"@id\":\"https:\/\/www.euroresidentes.com\/hogar\/mascotas\/luhu-el-gato-con-la-cara-mas-triste-que\/\",\"url\":\"https:\/\/www.euroresidentes.com\/hogar\/mascotas\/luhu-el-gato-con-la-cara-mas-triste-que\/\",\"name\":\"Luhu, el gato con la cara m\u00e1s triste que has visto - Todo mascotas\",\"isPartOf\":{\"@id\":\"https:\/\/www.euroresidentes.com\/hogar\/mascotas\/#website\"},\"primaryImageOfPage\":{\"@id\":\"https:\/\/www.euroresidentes.com\/hogar\/mascotas\/luhu-el-gato-con-la-cara-mas-triste-que\/#primaryimage\"},\"image\":{\"@id\":\"https:\/\/www.euroresidentes.com\/hogar\/mascotas\/luhu-el-gato-con-la-cara-mas-triste-que\/#primaryimage\"},\"thumbnailUrl\":\"https:\/\/www.euroresidentes.com\/hogar\/mascotas\/wp-content\/uploads\/sites\/5\/2015\/09\/luhu-triste-gato.jpg\",\"datePublished\":\"2015-09-29T11:46:00+00:00\",\"dateModified\":\"2016-10-14T10:57:51+00:00\",\"author\":{\"@id\":\"https:\/\/www.euroresidentes.com\/hogar\/mascotas\/#\/schema\/person\/cea32592dad5cd0f6b0c23f4627d0a7e\"},\"breadcrumb\":{\"@id\":\"https:\/\/www.euroresidentes.com\/hogar\/mascotas\/luhu-el-gato-con-la-cara-mas-triste-que\/#breadcrumb\"},\"inLanguage\":\"es\",\"potentialAction\":[{\"@type\":\"ReadAction\",\"target\":[\"https:\/\/www.euroresidentes.com\/hogar\/mascotas\/luhu-el-gato-con-la-cara-mas-triste-que\/\"]}]},{\"@type\":\"ImageObject\",\"inLanguage\":\"es\",\"@id\":\"https:\/\/www.euroresidentes.com\/hogar\/mascotas\/luhu-el-gato-con-la-cara-mas-triste-que\/#primaryimage\",\"url\":\"https:\/\/www.euroresidentes.com\/hogar\/mascotas\/wp-content\/uploads\/sites\/5\/2015\/09\/luhu-triste-gato.jpg\",\"contentUrl\":\"https:\/\/www.euroresidentes.com\/hogar\/mascotas\/wp-content\/uploads\/sites\/5\/2015\/09\/luhu-triste-gato.jpg\",\"width\":600,\"height\":450},{\"@type\":\"BreadcrumbList\",\"@id\":\"https:\/\/www.euroresidentes.com\/hogar\/mascotas\/luhu-el-gato-con-la-cara-mas-triste-que\/#breadcrumb\",\"itemListElement\":[{\"@type\":\"ListItem\",\"position\":1,\"name\":\"Portada\",\"item\":\"https:\/\/www.euroresidentes.com\/hogar\/mascotas\/\"},{\"@type\":\"ListItem\",\"position\":2,\"name\":\"Luhu, el gato con la cara m\u00e1s triste que has visto\"}]},{\"@type\":\"WebSite\",\"@id\":\"https:\/\/www.euroresidentes.com\/hogar\/mascotas\/#website\",\"url\":\"https:\/\/www.euroresidentes.com\/hogar\/mascotas\/\",\"name\":\"Todo mascotas\",\"description\":\"Euroresidentes\",\"potentialAction\":[{\"@type\":\"SearchAction\",\"target\":{\"@type\":\"EntryPoint\",\"urlTemplate\":\"https:\/\/www.euroresidentes.com\/hogar\/mascotas\/?s={search_term_string}\"},\"query-input\":{\"@type\":\"PropertyValueSpecification\",\"valueRequired\":true,\"valueName\":\"search_term_string\"}}],\"inLanguage\":\"es\"},{\"@type\":\"Person\",\"@id\":\"https:\/\/www.euroresidentes.com\/hogar\/mascotas\/#\/schema\/person\/cea32592dad5cd0f6b0c23f4627d0a7e\",\"name\":\"Emma Heath\",\"image\":{\"@type\":\"ImageObject\",\"inLanguage\":\"es\",\"@id\":\"https:\/\/www.euroresidentes.com\/hogar\/mascotas\/#\/schema\/person\/image\/\",\"url\":\"https:\/\/www.euroresidentes.com\/hogar\/mascotas\/wp-content\/uploads\/sites\/5\/2016\/02\/EHP-foto-Autora-150x150.png\",\"contentUrl\":\"https:\/\/www.euroresidentes.com\/hogar\/mascotas\/wp-content\/uploads\/sites\/5\/2016\/02\/EHP-foto-Autora-150x150.png\",\"caption\":\"Emma Heath\"},\"description\":\"Emma HeathAmante de los animales, me considero bastante Otaku, porque me encantan las\u00a0series anime\u00a0y casi todo lo relacionado con Jap\u00f3n y su cultura.\u00a0\",\"sameAs\":[\"https:\/\/www.euroresidentes.com\/hogar\/emma-heath.html\"],\"url\":\"https:\/\/www.euroresidentes.com\/hogar\/mascotas\/author\/emma\/\"}]}<\/script>\n<!-- \/ Yoast SEO plugin. -->","yoast_head_json":{"title":"Luhu, el gato con la cara m\u00e1s triste que has visto - Todo mascotas","robots":{"index":"index","follow":"follow","max-snippet":"max-snippet:-1","max-image-preview":"max-image-preview:large","max-video-preview":"max-video-preview:-1"},"canonical":"https:\/\/www.euroresidentes.com\/hogar\/mascotas\/luhu-el-gato-con-la-cara-mas-triste-que\/","og_locale":"es_ES","og_type":"article","og_title":"Luhu, el gato con la cara m\u00e1s triste que has visto - Todo mascotas","og_description":"Esta gata llamada Luhu, es conocida como \u00bbel gato m\u00e1s triste del mundo\u00bb\u00a0o \u00bbel gato m\u00e1s triste de internet\u00bb ya que tiene una caracter\u00edstica muy original y peculiar: es el gato con m\u00e1s cara de pena que seguramente hayas visto. Su permanente cara de tristeza nos apena y conmueve&#8230; \u00a1\u00a1\u00a1Te dar\u00e9 todo lo que quieras, pero no me mires m\u00e1s as\u00ed que me partes el coraz\u00f3n!!! &nbsp; \u00a0 -Ya desde peque\u00f1ita, derret\u00eda a cualquiera que le mirase con esos ojitos&#8230; \u00a0 \u00a0 -Luhu nos recuerda a la famosa carita que pone el Gato con Botas de Shrek: \u00a0 \u00a0 -Ella","og_url":"https:\/\/www.euroresidentes.com\/hogar\/mascotas\/luhu-el-gato-con-la-cara-mas-triste-que\/","og_site_name":"Todo mascotas","article_publisher":"https:\/\/www.facebook.com\/todo.mascotas.euroresidentes\/","article_published_time":"2015-09-29T11:46:00+00:00","article_modified_time":"2016-10-14T10:57:51+00:00","og_image":[{"width":600,"height":450,"url":"https:\/\/www.euroresidentes.com\/hogar\/mascotas\/wp-content\/uploads\/sites\/5\/2015\/09\/luhu-triste-gato.jpg","type":"image\/jpeg"}],"author":"Emma Heath","twitter_card":"summary_large_image","twitter_misc":{"Written by":"Emma Heath","Est. reading time":"1 minuto"},"schema":{"@context":"https:\/\/schema.org","@graph":[{"@type":"WebPage","@id":"https:\/\/www.euroresidentes.com\/hogar\/mascotas\/luhu-el-gato-con-la-cara-mas-triste-que\/","url":"https:\/\/www.euroresidentes.com\/hogar\/mascotas\/luhu-el-gato-con-la-cara-mas-triste-que\/","name":"Luhu, el gato con la cara m\u00e1s triste que has visto - Todo mascotas","isPartOf":{"@id":"https:\/\/www.euroresidentes.com\/hogar\/mascotas\/#website"},"primaryImageOfPage":{"@id":"https:\/\/www.euroresidentes.com\/hogar\/mascotas\/luhu-el-gato-con-la-cara-mas-triste-que\/#primaryimage"},"image":{"@id":"https:\/\/www.euroresidentes.com\/hogar\/mascotas\/luhu-el-gato-con-la-cara-mas-triste-que\/#primaryimage"},"thumbnailUrl":"https:\/\/www.euroresidentes.com\/hogar\/mascotas\/wp-content\/uploads\/sites\/5\/2015\/09\/luhu-triste-gato.jpg","datePublished":"2015-09-29T11:46:00+00:00","dateModified":"2016-10-14T10:57:51+00:00","author":{"@id":"https:\/\/www.euroresidentes.com\/hogar\/mascotas\/#\/schema\/person\/cea32592dad5cd0f6b0c23f4627d0a7e"},"breadcrumb":{"@id":"https:\/\/www.euroresidentes.com\/hogar\/mascotas\/luhu-el-gato-con-la-cara-mas-triste-que\/#breadcrumb"},"inLanguage":"es","potentialAction":[{"@type":"ReadAction","target":["https:\/\/www.euroresidentes.com\/hogar\/mascotas\/luhu-el-gato-con-la-cara-mas-triste-que\/"]}]},{"@type":"ImageObject","inLanguage":"es","@id":"https:\/\/www.euroresidentes.com\/hogar\/mascotas\/luhu-el-gato-con-la-cara-mas-triste-que\/#primaryimage","url":"https:\/\/www.euroresidentes.com\/hogar\/mascotas\/wp-content\/uploads\/sites\/5\/2015\/09\/luhu-triste-gato.jpg","contentUrl":"https:\/\/www.euroresidentes.com\/hogar\/mascotas\/wp-content\/uploads\/sites\/5\/2015\/09\/luhu-triste-gato.jpg","width":600,"height":450},{"@type":"BreadcrumbList","@id":"https:\/\/www.euroresidentes.com\/hogar\/mascotas\/luhu-el-gato-con-la-cara-mas-triste-que\/#breadcrumb","itemListElement":[{"@type":"ListItem","position":1,"name":"Portada","item":"https:\/\/www.euroresidentes.com\/hogar\/mascotas\/"},{"@type":"ListItem","position":2,"name":"Luhu, el gato con la cara m\u00e1s triste que has visto"}]},{"@type":"WebSite","@id":"https:\/\/www.euroresidentes.com\/hogar\/mascotas\/#website","url":"https:\/\/www.euroresidentes.com\/hogar\/mascotas\/","name":"Todo mascotas","description":"Euroresidentes","potentialAction":[{"@type":"SearchAction","target":{"@type":"EntryPoint","urlTemplate":"https:\/\/www.euroresidentes.com\/hogar\/mascotas\/?s={search_term_string}"},"query-input":{"@type":"PropertyValueSpecification","valueRequired":true,"valueName":"search_term_string"}}],"inLanguage":"es"},{"@type":"Person","@id":"https:\/\/www.euroresidentes.com\/hogar\/mascotas\/#\/schema\/person\/cea32592dad5cd0f6b0c23f4627d0a7e","name":"Emma Heath","image":{"@type":"ImageObject","inLanguage":"es","@id":"https:\/\/www.euroresidentes.com\/hogar\/mascotas\/#\/schema\/person\/image\/","url":"https:\/\/www.euroresidentes.com\/hogar\/mascotas\/wp-content\/uploads\/sites\/5\/2016\/02\/EHP-foto-Autora-150x150.png","contentUrl":"https:\/\/www.euroresidentes.com\/hogar\/mascotas\/wp-content\/uploads\/sites\/5\/2016\/02\/EHP-foto-Autora-150x150.png","caption":"Emma Heath"},"description":"Emma HeathAmante de los animales, me considero bastante Otaku, porque me encantan las\u00a0series anime\u00a0y casi todo lo relacionado con Jap\u00f3n y su cultura.\u00a0","sameAs":["https:\/\/www.euroresidentes.com\/hogar\/emma-heath.html"],"url":"https:\/\/www.euroresidentes.com\/hogar\/mascotas\/author\/emma\/"}]}},"_links":{"self":[{"href":"https:\/\/www.euroresidentes.com\/hogar\/mascotas\/wp-json\/wp\/v2\/posts\/626","targetHints":{"allow":["GET"]}}],"collection":[{"href":"https:\/\/www.euroresidentes.com\/hogar\/mascotas\/wp-json\/wp\/v2\/posts"}],"about":[{"href":"https:\/\/www.euroresidentes.com\/hogar\/mascotas\/wp-json\/wp\/v2\/types\/post"}],"author":[{"embeddable":true,"href":"https:\/\/www.euroresidentes.com\/hogar\/mascotas\/wp-json\/wp\/v2\/users\/12"}],"replies":[{"embeddable":true,"href":"https:\/\/www.euroresidentes.com\/hogar\/mascotas\/wp-json\/wp\/v2\/comments?post=626"}],"version-history":[{"count":15,"href":"https:\/\/www.euroresidentes.com\/hogar\/mascotas\/wp-json\/wp\/v2\/posts\/626\/revisions"}],"predecessor-version":[{"id":11014,"href":"https:\/\/www.euroresidentes.com\/hogar\/mascotas\/wp-json\/wp\/v2\/posts\/626\/revisions\/11014"}],"wp:featuredmedia":[{"embeddable":true,"href":"https:\/\/www.euroresidentes.com\/hogar\/mascotas\/wp-json\/wp\/v2\/media\/1282"}],"wp:attachment":[{"href":"https:\/\/www.euroresidentes.com\/hogar\/mascotas\/wp-json\/wp\/v2\/media?parent=626"}],"wp:term":[{"taxonomy":"category","embeddable":true,"href":"https:\/\/www.euroresidentes.com\/hogar\/mascotas\/wp-json\/wp\/v2\/categories?post=626"},{"taxonomy":"post_tag","embeddable":true,"href":"https:\/\/www.euroresidentes.com\/hogar\/mascotas\/wp-json\/wp\/v2\/tags?post=626"}],"curies":[{"name":"wp","href":"https:\/\/api.w.org\/{rel}","templated":true}]}}