{"id":594,"date":"2017-02-02T12:00:00","date_gmt":"2017-02-02T11:00:00","guid":{"rendered":"http:\/\/www.euroresidentes.com\/hogar\/mascotas\/2-de-febrero-dia-de-la-marmota-quien-es"},"modified":"2017-02-02T15:48:53","modified_gmt":"2017-02-02T14:48:53","slug":"2-de-febrero-dia-de-la-marmota-quien-es","status":"publish","type":"post","link":"https:\/\/www.euroresidentes.com\/hogar\/mascotas\/2-de-febrero-dia-de-la-marmota-quien-es\/","title":{"rendered":"2 de Febrero, d\u00eda de la Marmota: \u00bfQui\u00e9n es la marmota Phil?"},"content":{"rendered":"<h3>\u00a1Feliz d\u00eda de la Marmota!<\/h3>\n<p>Cada dos de febrero <b>se celebra <\/b>el d\u00eda de la marmota,<b> desde hace casi 130 a\u00f1os. <\/b>Pronto sabremos<strong> cu\u00e1l es el pron\u00f3stico de la marmota Phil<\/strong> y si la primavera de 2017 llegar\u00e1 de forma anticipada. \u00bfQue todav\u00eda no sabes qui\u00e9n es Phil y c\u00f3mo predice? <strong>\u00a1Descubre todos los detalles!<\/strong><\/p>\n<p>&nbsp;<\/p>\n<div id=\"attachment_12219\" style=\"width: 710px\" class=\"wp-caption aligncenter\"><img loading=\"lazy\" decoding=\"async\" aria-describedby=\"caption-attachment-12219\" class=\"size-full wp-image-12219\" src=\"http:\/\/www.euroresidentes.com\/hogar\/mascotas\/wp-content\/uploads\/sites\/5\/2017\/02\/marmota-dia-2017.jpg\" alt=\"D\u00eda de la marmota 2017\" width=\"700\" height=\"525\" srcset=\"https:\/\/www.euroresidentes.com\/hogar\/mascotas\/wp-content\/uploads\/sites\/5\/2017\/02\/marmota-dia-2017.jpg 700w, https:\/\/www.euroresidentes.com\/hogar\/mascotas\/wp-content\/uploads\/sites\/5\/2017\/02\/marmota-dia-2017-300x225.jpg 300w\" sizes=\"auto, (max-width: 700px) 100vw, 700px\" \/><p id=\"caption-attachment-12219\" class=\"wp-caption-text\">D\u00eda de la marmota 2017 &#8211; Imagen: dailybulletin.com \/ Gene J. Puskar<\/p><\/div>\n<p>&nbsp;<\/p>\n<p>Esta tradici\u00f3n <strong>se celebra a lo largo de muchas poblaciones estadounidenses.<\/strong> Tambi\u00e9n en Canad\u00e1 (ah\u00ed la marmota m\u00e1s famosa se llama Wiarton Willie). Pero la m\u00e1s famosa, sin duda, es <strong>la marmota Phil de Punxsutawney, en el Estado de Pensilvania, EEUU.<\/strong>\u00a0<\/p>\n<p><!-- inserta publi --><\/p>\n<h3 style=\"text-align: left\">\u00bfC\u00f3mo se supone que sabe si llega o no la primavera?\u00a0<\/h3>\n<p><b>Cada 2 de febrero, Phil la marmota se asoma desde su madriguera tras despertar de la hibernaci\u00f3n.<\/b><\/p>\n<p><b>Si el cielo est\u00e1 cubierto<\/b> (nublado) Phil se quedar\u00e1 a disfrutar al aire libre y <b>la primavera llegar\u00e1 pronto.<\/b> <b>Pero si por el contrario Phil se topa con su propia sombra<\/b> (lo que ocurrir\u00eda en un d\u00eda soleado) <b>se volver\u00eda a su madriguera<\/b> para continuar con su siesta <b>y el invierno durar\u00e1 seis semanas m\u00e1s.<\/b>\u00a0<\/p>\n<div class=\"separator\" style=\"clear: both;text-align: center\">\u00a0<\/div>\n<div class=\"separator\" style=\"clear: both;text-align: center\"><a style=\"margin-left: 1em;margin-right: 1em\" href=\"http:\/\/www.euroresidentes.com\/hogar\/mascotas\/wp-content\/uploads\/sites\/5\/2016\/02\/Phil-marmota-2012.jpg\"><img loading=\"lazy\" decoding=\"async\" class=\"aligncenter\" src=\"http:\/\/www.euroresidentes.com\/hogar\/mascotas\/wp-content\/uploads\/sites\/5\/2016\/02\/Phil-marmota-2012.jpg\" alt=\"\" width=\"700\" height=\"525\" border=\"0\" \/><\/a><\/div>\n<div class=\"separator\" style=\"clear: both;text-align: center\">\u00a0<\/div>\n<h3 style=\"text-align: left\">Todos pendientes de Phil&#8230;\u00a0\u00bfPero qui\u00e9n es la marmota Phil?\u00a0<\/h3>\n<p><b>Phil es el roedor m\u00e1s famoso de Norteam\u00e9rica. \u00bfCu\u00e1ntos a\u00f1os tiene Phil? A saber.<\/b>\u00a0Lo que s\u00ed se sabe es que\u00a0<b>tienen una esperanza de vida de unos 6 a\u00f1os y que a lo largo de la tradici\u00f3n han habido muchos Phils<\/b>, aunque para los seguidores de esta festividad siempre ha habido y habr\u00e1 un \u00fanico Phil, el capaz de predecir cu\u00e1ndo terminar\u00e1 el invierno y llegar\u00e1 la primavera.\u00a0<\/p>\n<div style=\"text-align: center\">\u00a0<\/div>\n<div class=\"separator\" style=\"clear: both;text-align: center\"><a style=\"margin-left: 1em;margin-right: 1em\" href=\"http:\/\/www.euroresidentes.com\/hogar\/mascotas\/wp-content\/uploads\/sites\/5\/2016\/02\/phil-marmota.jpg\"><img loading=\"lazy\" decoding=\"async\" class=\"aligncenter\" src=\"http:\/\/www.euroresidentes.com\/hogar\/mascotas\/wp-content\/uploads\/sites\/5\/2016\/02\/phil-marmota.jpg\" alt=\"\" width=\"700\" height=\"525\" border=\"0\" \/><\/a><\/div>\n<div style=\"text-align: center\">\u00a0\u00a0<\/div>\n<div style=\"text-align: center\">\n<h3 style=\"text-align: left\">\u00bfY cu\u00e1ndo comenz\u00f3 todo?<\/h3>\n<\/div>\n<p><b>Comenz\u00f3 en el d\u00eda de la Candelaria, una antigua tradici\u00f3n cristiana de Europa<\/b> que se hac\u00eda desde <b>hace cientos de a\u00f1os<\/b>. En esta festividad, los participantes declaraban que <b>si el cielo estaba despejado, el invierno ser\u00eda largo.<\/b><\/p>\n<p>Despu\u00e9s, <b>los romanos llevaron la tradici\u00f3n a los alemanes<\/b> y concluyeron<b> que si ese d\u00eda aparec\u00eda el sol\u00a0un erizo podr\u00eda ver su sombra y estar\u00eda indicando que habr\u00eda 6 semanas m\u00e1s de fr\u00edo<\/b>, o un segundo invierno.\u00a0M\u00e1s adelante,\u00a0<b>aquellos alemanes que inmigraron a Pensilvania llevaron su tradici\u00f3n con ellos,<\/b> y all\u00ed las marmotas habitan en varias partes. As\u00ed fue cuando<b> la marmota reemplaz\u00f3 al erizo como pronosticadora<\/b> meteorol\u00f3gica.<\/p>\n<div style=\"text-align: left\">\u00a0<\/div>\n<div class=\"separator\" style=\"clear: both;text-align: center\"><a style=\"margin-left: 1em;margin-right: 1em\" href=\"http:\/\/www.euroresidentes.com\/hogar\/mascotas\/wp-content\/uploads\/sites\/5\/2016\/02\/marmota-phil-america.jpg\"><img loading=\"lazy\" decoding=\"async\" class=\"aligncenter\" src=\"http:\/\/www.euroresidentes.com\/hogar\/mascotas\/wp-content\/uploads\/sites\/5\/2016\/02\/marmota-phil-america.jpg\" alt=\"\" width=\"700\" height=\"525\" border=\"0\" \/><\/a><\/div>\n<div style=\"text-align: center\">\u00a0<\/div>\n<h3 style=\"text-align: left\">Su festividad y gran expectaci\u00f3n\u00a0<\/h3>\n<p><b>Esta celebraci\u00f3n re\u00fane anualmente en Punxsutawney cerca de 40.000 personas.<\/b> Muchas de ellas viajan desde otros pa\u00edses para poder asistir al evento. <b>Es televisado y cuenta con millones de d\u00f3lares de beneficios.<\/b>\u00a0<\/p>\n<div style=\"text-align: center\">\u00a0<\/div>\n<div class=\"separator\" style=\"clear: both;text-align: center\"><a style=\"margin-left: 1em;margin-right: 1em\" href=\"http:\/\/www.euroresidentes.com\/hogar\/mascotas\/wp-content\/uploads\/sites\/5\/2016\/02\/marmotaphil.jpg\"><img loading=\"lazy\" decoding=\"async\" class=\"aligncenter\" src=\"http:\/\/www.euroresidentes.com\/hogar\/mascotas\/wp-content\/uploads\/sites\/5\/2016\/02\/marmotaphil.jpg\" alt=\"\" width=\"700\" height=\"525\" border=\"0\" \/><\/a>\u00a0\u00a0<\/div>\n<h3 style=\"text-align: left\">Incluso ha sido llevado a la gran pantalla<\/h3>\n<p><b>En la pel\u00edcula <i>\u00bbAtrapado en el tiempo\u00bb<\/i>,\u00a0Phil, un hombre del tiempo<\/b> de una cadena de televisi\u00f3n, <b>se dirige un a\u00f1o m\u00e1s a Punxstawnwey a cubrir la noticia del festival del D\u00eda de la Marmota<\/b>.<\/p>\n<ul><!-- inserta publi 2 --><\/ul>\n<p><b>En el viaje de regreso<\/b>, Phil y su equipo <b>se ven sorprendidos por una tormenta que les obliga a regresar a la peque\u00f1a ciudad. <\/b>A la ma\u00f1ana siguiente <strong>cuando se despierta,<\/strong> <b>se queda de piedra al ver que comienza otra vez el D\u00eda de la Marmota.<\/b><\/p>\n<p>&nbsp;<\/p>\n<div style=\"width: 710px\" class=\"wp-caption aligncenter\"><img loading=\"lazy\" decoding=\"async\" src=\"http:\/\/www.euroresidentes.com\/hogar\/mascotas\/wp-content\/uploads\/sites\/5\/2016\/02\/atrapado-en-el-tiempo.jpg\" alt=\"\" width=\"700\" height=\"525\" border=\"0\" \/><p class=\"wp-caption-text\">Pel\u00edcula \u00bbAtrapado en el tiempo\u00bb (1993)<\/p><\/div>\n<h3 style=\"text-align: left\">\u00bfPero la marmota Phil acierta en sus predicciones o no?\u00a0\u00a0<\/h3>\n<p><b>Seg\u00fan<\/b> dice la revista de <b>\u00bbNational Geographic\u00bb<\/b>, la marmota <b>Phil s\u00f3lo ha acertado sus pron\u00f3sticos meteorol\u00f3gicos en 16 ocasiones en los \u00faltimos 60 a\u00f1os. <\/b><\/p>\n<p>As\u00ed que, realmente <b>no es que acierte demasiado, que digamos&#8230;<\/b><\/p>\n<p>&nbsp;<\/p>\n<div class=\"separator\" style=\"clear: both;text-align: left\"><a style=\"margin-left: 1em;margin-right: 1em\" href=\"http:\/\/www.euroresidentes.com\/hogar\/mascotas\/wp-content\/uploads\/sites\/5\/2016\/02\/phil.png\"><img loading=\"lazy\" decoding=\"async\" class=\"aligncenter\" src=\"http:\/\/www.euroresidentes.com\/hogar\/mascotas\/wp-content\/uploads\/sites\/5\/2016\/02\/phil.png\" alt=\"\" width=\"701\" height=\"467\" border=\"0\" \/><\/a><\/div>\n<div style=\"text-align: left\">\u00a0<\/div>\n<div style=\"text-align: left\"><b>Pero&#8230;\u00a0\u00bfY lo graciosa y bonita que es? jajaja<\/b><\/div>\n<div style=\"text-align: left\">\u00a0<\/div>\n<div style=\"text-align: left\"><img loading=\"lazy\" decoding=\"async\" class=\"aligncenter\" src=\"http:\/\/www.euroresidentes.com\/hogar\/mascotas\/wp-content\/uploads\/sites\/5\/2016\/02\/marmota-phil.jpg\" alt=\"\" width=\"700\" height=\"525\" border=\"0\" \/><\/div>\n<div style=\"text-align: left\">\u00a0<\/div>\n<h3 style=\"text-align: left\">Y la predicci\u00f3n de este a\u00f1o 2017 de la marmota Phil es:<\/h3>\n<div style=\"text-align: left\">Que <strong>habr\u00e1 un invierno largo y que durar\u00e1 6 semanas m\u00e1s<\/strong> (al menos en el pueblo de Punxsutawney, Pensilvania, EEUU).<\/div>\n<div style=\"text-align: left\">\u00a0<\/div>\n<div style=\"text-align: left\"><strong>Sigue leyendo:<\/strong><\/div>\n<ul style=\"text-align: left\">\n<li><a href=\"https:\/\/www.euroresidentes.com\/hogar\/mascotas\/dia-internacional-del-gato-20-de-febrero\">D\u00eda Internacional del Gato: 20 de Febrero<\/a><\/li>\n<li><a href=\"https:\/\/www.euroresidentes.com\/hogar\/mascotas\/28-de-mayo-dia-del-perro-sin-raza\">28 de Mayo: D\u00eda del Perro Sin Raza<\/a><\/li>\n<li><a href=\"https:\/\/www.euroresidentes.com\/hogar\/mascotas\/17-enero-dia-de-los-animales-san-anton\">17 Enero, d\u00eda de los Animales: \u00a1San Ant\u00f3n, bendice a mi mascota!<\/a><\/li>\n<\/ul>\n<p style=\"text-align: left\">\u00a0<\/p>\n<p style=\"text-align: left\">Fuentes: Google, Elespanol, Elpais, Eltiempohoy, Filmaffinity, Lainformacion, Muyinteresante<\/p>\n","protected":false},"excerpt":{"rendered":"<p>\u00a1Feliz d\u00eda de la Marmota! Cada dos de febrero se celebra el d\u00eda de la marmota, desde hace casi 130 a\u00f1os. Pronto sabremos cu\u00e1l es el pron\u00f3stico de la marmota Phil y si la primavera de 2017 llegar\u00e1 de forma anticipada. \u00bfQue todav\u00eda no sabes qui\u00e9n es Phil y c\u00f3mo predice? \u00a1Descubre todos los detalles! &nbsp; &nbsp; Esta tradici\u00f3n se celebra a lo largo de muchas poblaciones estadounidenses. Tambi\u00e9n en Canad\u00e1 (ah\u00ed la marmota m\u00e1s famosa se llama Wiarton Willie). Pero la m\u00e1s famosa, sin duda, es la marmota Phil de Punxsutawney, en el Estado de Pensilvania, EEUU.\u00a0 \u00bfC\u00f3mo se <\/p>\n","protected":false},"author":12,"featured_media":12219,"comment_status":"open","ping_status":"open","sticky":false,"template":"","format":"standard","meta":{"footnotes":""},"categories":[76],"tags":[],"class_list":["post-594","post","type-post","status-publish","format-standard","has-post-thumbnail","hentry","category-otros","has_thumb"],"yoast_head":"<!-- This site is optimized with the Yoast SEO plugin v24.1 - https:\/\/yoast.com\/wordpress\/plugins\/seo\/ -->\n<title>2 de febrero: \u00a1Feliz d\u00eda de la marmota!<\/title>\n<meta name=\"description\" content=\"Cada dos de febrero se celebra el d\u00eda de la marmota, desde hace unos 130 a\u00f1os. La marmota Phil pronosticar\u00e1 si la primavera llegar\u00e1 de forma anticipada\" \/>\n<meta name=\"robots\" content=\"index, follow, max-snippet:-1, max-image-preview:large, max-video-preview:-1\" \/>\n<link rel=\"canonical\" href=\"https:\/\/www.euroresidentes.com\/hogar\/mascotas\/2-de-febrero-dia-de-la-marmota-quien-es\/\" \/>\n<meta property=\"og:locale\" content=\"es_ES\" \/>\n<meta property=\"og:type\" content=\"article\" \/>\n<meta property=\"og:title\" content=\"2 de febrero: \u00a1Feliz d\u00eda de la marmota!\" \/>\n<meta property=\"og:description\" content=\"Cada dos de febrero se celebra el d\u00eda de la marmota, desde hace unos 130 a\u00f1os. La marmota Phil pronosticar\u00e1 si la primavera llegar\u00e1 de forma anticipada\" \/>\n<meta property=\"og:url\" content=\"https:\/\/www.euroresidentes.com\/hogar\/mascotas\/2-de-febrero-dia-de-la-marmota-quien-es\/\" \/>\n<meta property=\"og:site_name\" content=\"Todo mascotas\" \/>\n<meta property=\"article:publisher\" content=\"https:\/\/www.facebook.com\/todo.mascotas.euroresidentes\/\" \/>\n<meta property=\"article:published_time\" content=\"2017-02-02T11:00:00+00:00\" \/>\n<meta property=\"article:modified_time\" content=\"2017-02-02T14:48:53+00:00\" \/>\n<meta property=\"og:image\" content=\"https:\/\/www.euroresidentes.com\/hogar\/mascotas\/wp-content\/uploads\/sites\/5\/2017\/02\/marmota-dia-2017.jpg\" \/>\n\t<meta property=\"og:image:width\" content=\"700\" \/>\n\t<meta property=\"og:image:height\" content=\"525\" \/>\n\t<meta property=\"og:image:type\" content=\"image\/jpeg\" \/>\n<meta name=\"author\" content=\"Emma Heath\" \/>\n<meta name=\"twitter:card\" content=\"summary_large_image\" \/>\n<meta name=\"twitter:label1\" content=\"Written by\" \/>\n\t<meta name=\"twitter:data1\" content=\"Emma Heath\" \/>\n\t<meta name=\"twitter:label2\" content=\"Est. reading time\" \/>\n\t<meta name=\"twitter:data2\" content=\"4 minutos\" \/>\n<script type=\"application\/ld+json\" class=\"yoast-schema-graph\">{\"@context\":\"https:\/\/schema.org\",\"@graph\":[{\"@type\":\"WebPage\",\"@id\":\"https:\/\/www.euroresidentes.com\/hogar\/mascotas\/2-de-febrero-dia-de-la-marmota-quien-es\/\",\"url\":\"https:\/\/www.euroresidentes.com\/hogar\/mascotas\/2-de-febrero-dia-de-la-marmota-quien-es\/\",\"name\":\"2 de febrero: \u00a1Feliz d\u00eda de la marmota!\",\"isPartOf\":{\"@id\":\"https:\/\/www.euroresidentes.com\/hogar\/mascotas\/#website\"},\"primaryImageOfPage\":{\"@id\":\"https:\/\/www.euroresidentes.com\/hogar\/mascotas\/2-de-febrero-dia-de-la-marmota-quien-es\/#primaryimage\"},\"image\":{\"@id\":\"https:\/\/www.euroresidentes.com\/hogar\/mascotas\/2-de-febrero-dia-de-la-marmota-quien-es\/#primaryimage\"},\"thumbnailUrl\":\"https:\/\/www.euroresidentes.com\/hogar\/mascotas\/wp-content\/uploads\/sites\/5\/2017\/02\/marmota-dia-2017.jpg\",\"datePublished\":\"2017-02-02T11:00:00+00:00\",\"dateModified\":\"2017-02-02T14:48:53+00:00\",\"author\":{\"@id\":\"https:\/\/www.euroresidentes.com\/hogar\/mascotas\/#\/schema\/person\/cea32592dad5cd0f6b0c23f4627d0a7e\"},\"description\":\"Cada dos de febrero se celebra el d\u00eda de la marmota, desde hace unos 130 a\u00f1os. La marmota Phil pronosticar\u00e1 si la primavera llegar\u00e1 de forma anticipada\",\"breadcrumb\":{\"@id\":\"https:\/\/www.euroresidentes.com\/hogar\/mascotas\/2-de-febrero-dia-de-la-marmota-quien-es\/#breadcrumb\"},\"inLanguage\":\"es\",\"potentialAction\":[{\"@type\":\"ReadAction\",\"target\":[\"https:\/\/www.euroresidentes.com\/hogar\/mascotas\/2-de-febrero-dia-de-la-marmota-quien-es\/\"]}]},{\"@type\":\"ImageObject\",\"inLanguage\":\"es\",\"@id\":\"https:\/\/www.euroresidentes.com\/hogar\/mascotas\/2-de-febrero-dia-de-la-marmota-quien-es\/#primaryimage\",\"url\":\"https:\/\/www.euroresidentes.com\/hogar\/mascotas\/wp-content\/uploads\/sites\/5\/2017\/02\/marmota-dia-2017.jpg\",\"contentUrl\":\"https:\/\/www.euroresidentes.com\/hogar\/mascotas\/wp-content\/uploads\/sites\/5\/2017\/02\/marmota-dia-2017.jpg\",\"width\":700,\"height\":525,\"caption\":\"D\u00eda de la marmota 2017 - Imagen: dailybulletin.com \/ Gene J. Puskar\"},{\"@type\":\"BreadcrumbList\",\"@id\":\"https:\/\/www.euroresidentes.com\/hogar\/mascotas\/2-de-febrero-dia-de-la-marmota-quien-es\/#breadcrumb\",\"itemListElement\":[{\"@type\":\"ListItem\",\"position\":1,\"name\":\"Portada\",\"item\":\"https:\/\/www.euroresidentes.com\/hogar\/mascotas\/\"},{\"@type\":\"ListItem\",\"position\":2,\"name\":\"2 de Febrero, d\u00eda de la Marmota: \u00bfQui\u00e9n es la marmota Phil?\"}]},{\"@type\":\"WebSite\",\"@id\":\"https:\/\/www.euroresidentes.com\/hogar\/mascotas\/#website\",\"url\":\"https:\/\/www.euroresidentes.com\/hogar\/mascotas\/\",\"name\":\"Todo mascotas\",\"description\":\"Euroresidentes\",\"potentialAction\":[{\"@type\":\"SearchAction\",\"target\":{\"@type\":\"EntryPoint\",\"urlTemplate\":\"https:\/\/www.euroresidentes.com\/hogar\/mascotas\/?s={search_term_string}\"},\"query-input\":{\"@type\":\"PropertyValueSpecification\",\"valueRequired\":true,\"valueName\":\"search_term_string\"}}],\"inLanguage\":\"es\"},{\"@type\":\"Person\",\"@id\":\"https:\/\/www.euroresidentes.com\/hogar\/mascotas\/#\/schema\/person\/cea32592dad5cd0f6b0c23f4627d0a7e\",\"name\":\"Emma Heath\",\"image\":{\"@type\":\"ImageObject\",\"inLanguage\":\"es\",\"@id\":\"https:\/\/www.euroresidentes.com\/hogar\/mascotas\/#\/schema\/person\/image\/\",\"url\":\"https:\/\/www.euroresidentes.com\/hogar\/mascotas\/wp-content\/uploads\/sites\/5\/2016\/02\/EHP-foto-Autora-150x150.png\",\"contentUrl\":\"https:\/\/www.euroresidentes.com\/hogar\/mascotas\/wp-content\/uploads\/sites\/5\/2016\/02\/EHP-foto-Autora-150x150.png\",\"caption\":\"Emma Heath\"},\"description\":\"Emma HeathAmante de los animales, me considero bastante Otaku, porque me encantan las\u00a0series anime\u00a0y casi todo lo relacionado con Jap\u00f3n y su cultura.\u00a0\",\"sameAs\":[\"https:\/\/www.euroresidentes.com\/hogar\/emma-heath.html\"],\"url\":\"https:\/\/www.euroresidentes.com\/hogar\/mascotas\/author\/emma\/\"}]}<\/script>\n<!-- \/ Yoast SEO plugin. -->","yoast_head_json":{"title":"2 de febrero: \u00a1Feliz d\u00eda de la marmota!","description":"Cada dos de febrero se celebra el d\u00eda de la marmota, desde hace unos 130 a\u00f1os. La marmota Phil pronosticar\u00e1 si la primavera llegar\u00e1 de forma anticipada","robots":{"index":"index","follow":"follow","max-snippet":"max-snippet:-1","max-image-preview":"max-image-preview:large","max-video-preview":"max-video-preview:-1"},"canonical":"https:\/\/www.euroresidentes.com\/hogar\/mascotas\/2-de-febrero-dia-de-la-marmota-quien-es\/","og_locale":"es_ES","og_type":"article","og_title":"2 de febrero: \u00a1Feliz d\u00eda de la marmota!","og_description":"Cada dos de febrero se celebra el d\u00eda de la marmota, desde hace unos 130 a\u00f1os. La marmota Phil pronosticar\u00e1 si la primavera llegar\u00e1 de forma anticipada","og_url":"https:\/\/www.euroresidentes.com\/hogar\/mascotas\/2-de-febrero-dia-de-la-marmota-quien-es\/","og_site_name":"Todo mascotas","article_publisher":"https:\/\/www.facebook.com\/todo.mascotas.euroresidentes\/","article_published_time":"2017-02-02T11:00:00+00:00","article_modified_time":"2017-02-02T14:48:53+00:00","og_image":[{"width":700,"height":525,"url":"https:\/\/www.euroresidentes.com\/hogar\/mascotas\/wp-content\/uploads\/sites\/5\/2017\/02\/marmota-dia-2017.jpg","type":"image\/jpeg"}],"author":"Emma Heath","twitter_card":"summary_large_image","twitter_misc":{"Written by":"Emma Heath","Est. reading time":"4 minutos"},"schema":{"@context":"https:\/\/schema.org","@graph":[{"@type":"WebPage","@id":"https:\/\/www.euroresidentes.com\/hogar\/mascotas\/2-de-febrero-dia-de-la-marmota-quien-es\/","url":"https:\/\/www.euroresidentes.com\/hogar\/mascotas\/2-de-febrero-dia-de-la-marmota-quien-es\/","name":"2 de febrero: \u00a1Feliz d\u00eda de la marmota!","isPartOf":{"@id":"https:\/\/www.euroresidentes.com\/hogar\/mascotas\/#website"},"primaryImageOfPage":{"@id":"https:\/\/www.euroresidentes.com\/hogar\/mascotas\/2-de-febrero-dia-de-la-marmota-quien-es\/#primaryimage"},"image":{"@id":"https:\/\/www.euroresidentes.com\/hogar\/mascotas\/2-de-febrero-dia-de-la-marmota-quien-es\/#primaryimage"},"thumbnailUrl":"https:\/\/www.euroresidentes.com\/hogar\/mascotas\/wp-content\/uploads\/sites\/5\/2017\/02\/marmota-dia-2017.jpg","datePublished":"2017-02-02T11:00:00+00:00","dateModified":"2017-02-02T14:48:53+00:00","author":{"@id":"https:\/\/www.euroresidentes.com\/hogar\/mascotas\/#\/schema\/person\/cea32592dad5cd0f6b0c23f4627d0a7e"},"description":"Cada dos de febrero se celebra el d\u00eda de la marmota, desde hace unos 130 a\u00f1os. La marmota Phil pronosticar\u00e1 si la primavera llegar\u00e1 de forma anticipada","breadcrumb":{"@id":"https:\/\/www.euroresidentes.com\/hogar\/mascotas\/2-de-febrero-dia-de-la-marmota-quien-es\/#breadcrumb"},"inLanguage":"es","potentialAction":[{"@type":"ReadAction","target":["https:\/\/www.euroresidentes.com\/hogar\/mascotas\/2-de-febrero-dia-de-la-marmota-quien-es\/"]}]},{"@type":"ImageObject","inLanguage":"es","@id":"https:\/\/www.euroresidentes.com\/hogar\/mascotas\/2-de-febrero-dia-de-la-marmota-quien-es\/#primaryimage","url":"https:\/\/www.euroresidentes.com\/hogar\/mascotas\/wp-content\/uploads\/sites\/5\/2017\/02\/marmota-dia-2017.jpg","contentUrl":"https:\/\/www.euroresidentes.com\/hogar\/mascotas\/wp-content\/uploads\/sites\/5\/2017\/02\/marmota-dia-2017.jpg","width":700,"height":525,"caption":"D\u00eda de la marmota 2017 - Imagen: dailybulletin.com \/ Gene J. Puskar"},{"@type":"BreadcrumbList","@id":"https:\/\/www.euroresidentes.com\/hogar\/mascotas\/2-de-febrero-dia-de-la-marmota-quien-es\/#breadcrumb","itemListElement":[{"@type":"ListItem","position":1,"name":"Portada","item":"https:\/\/www.euroresidentes.com\/hogar\/mascotas\/"},{"@type":"ListItem","position":2,"name":"2 de Febrero, d\u00eda de la Marmota: \u00bfQui\u00e9n es la marmota Phil?"}]},{"@type":"WebSite","@id":"https:\/\/www.euroresidentes.com\/hogar\/mascotas\/#website","url":"https:\/\/www.euroresidentes.com\/hogar\/mascotas\/","name":"Todo mascotas","description":"Euroresidentes","potentialAction":[{"@type":"SearchAction","target":{"@type":"EntryPoint","urlTemplate":"https:\/\/www.euroresidentes.com\/hogar\/mascotas\/?s={search_term_string}"},"query-input":{"@type":"PropertyValueSpecification","valueRequired":true,"valueName":"search_term_string"}}],"inLanguage":"es"},{"@type":"Person","@id":"https:\/\/www.euroresidentes.com\/hogar\/mascotas\/#\/schema\/person\/cea32592dad5cd0f6b0c23f4627d0a7e","name":"Emma Heath","image":{"@type":"ImageObject","inLanguage":"es","@id":"https:\/\/www.euroresidentes.com\/hogar\/mascotas\/#\/schema\/person\/image\/","url":"https:\/\/www.euroresidentes.com\/hogar\/mascotas\/wp-content\/uploads\/sites\/5\/2016\/02\/EHP-foto-Autora-150x150.png","contentUrl":"https:\/\/www.euroresidentes.com\/hogar\/mascotas\/wp-content\/uploads\/sites\/5\/2016\/02\/EHP-foto-Autora-150x150.png","caption":"Emma Heath"},"description":"Emma HeathAmante de los animales, me considero bastante Otaku, porque me encantan las\u00a0series anime\u00a0y casi todo lo relacionado con Jap\u00f3n y su cultura.\u00a0","sameAs":["https:\/\/www.euroresidentes.com\/hogar\/emma-heath.html"],"url":"https:\/\/www.euroresidentes.com\/hogar\/mascotas\/author\/emma\/"}]}},"_links":{"self":[{"href":"https:\/\/www.euroresidentes.com\/hogar\/mascotas\/wp-json\/wp\/v2\/posts\/594","targetHints":{"allow":["GET"]}}],"collection":[{"href":"https:\/\/www.euroresidentes.com\/hogar\/mascotas\/wp-json\/wp\/v2\/posts"}],"about":[{"href":"https:\/\/www.euroresidentes.com\/hogar\/mascotas\/wp-json\/wp\/v2\/types\/post"}],"author":[{"embeddable":true,"href":"https:\/\/www.euroresidentes.com\/hogar\/mascotas\/wp-json\/wp\/v2\/users\/12"}],"replies":[{"embeddable":true,"href":"https:\/\/www.euroresidentes.com\/hogar\/mascotas\/wp-json\/wp\/v2\/comments?post=594"}],"version-history":[{"count":52,"href":"https:\/\/www.euroresidentes.com\/hogar\/mascotas\/wp-json\/wp\/v2\/posts\/594\/revisions"}],"predecessor-version":[{"id":12224,"href":"https:\/\/www.euroresidentes.com\/hogar\/mascotas\/wp-json\/wp\/v2\/posts\/594\/revisions\/12224"}],"wp:featuredmedia":[{"embeddable":true,"href":"https:\/\/www.euroresidentes.com\/hogar\/mascotas\/wp-json\/wp\/v2\/media\/12219"}],"wp:attachment":[{"href":"https:\/\/www.euroresidentes.com\/hogar\/mascotas\/wp-json\/wp\/v2\/media?parent=594"}],"wp:term":[{"taxonomy":"category","embeddable":true,"href":"https:\/\/www.euroresidentes.com\/hogar\/mascotas\/wp-json\/wp\/v2\/categories?post=594"},{"taxonomy":"post_tag","embeddable":true,"href":"https:\/\/www.euroresidentes.com\/hogar\/mascotas\/wp-json\/wp\/v2\/tags?post=594"}],"curies":[{"name":"wp","href":"https:\/\/api.w.org\/{rel}","templated":true}]}}