{"id":13792,"date":"2017-11-09T16:45:58","date_gmt":"2017-11-09T15:45:58","guid":{"rendered":"http:\/\/www.euroresidentes.com\/hogar\/mascotas\/?p=13792"},"modified":"2021-03-29T12:22:02","modified_gmt":"2021-03-29T10:22:02","slug":"caida-pelo-perros-alopecia-perros","status":"publish","type":"post","link":"https:\/\/www.euroresidentes.com\/hogar\/mascotas\/caida-pelo-perros-alopecia-perros\/","title":{"rendered":"\u00bfPor qu\u00e9 se le cae el pelo a mi perro?"},"content":{"rendered":"<h3><strong>Las causas de la\u00a0ca\u00edda del pelo en los perros<\/strong><\/h3>\n<p><strong>A mi perro se le cae el pelo mucho&#8230; \u00bfEs normal?\u00a0<\/strong>Esta es una pregunta que muchos que tenemos perro nos hemos podido hacer. <strong>Existen muchos motivos distintos por los que se le puede caer el pelo a\u00a0un perro.<\/strong> Te explicamos cu\u00e1les y qu\u00e9 hacer.<\/p>\n<p><img loading=\"lazy\" decoding=\"async\" class=\"aligncenter size-full wp-image-13798\" src=\"http:\/\/www.euroresidentes.com\/hogar\/mascotas\/wp-content\/uploads\/sites\/5\/2017\/11\/caida-pelo-perro-euroresidentes.jpg\" alt=\"Calvas pelaje de perro\" width=\"700\" height=\"525\" srcset=\"https:\/\/www.euroresidentes.com\/hogar\/mascotas\/wp-content\/uploads\/sites\/5\/2017\/11\/caida-pelo-perro-euroresidentes.jpg 700w, https:\/\/www.euroresidentes.com\/hogar\/mascotas\/wp-content\/uploads\/sites\/5\/2017\/11\/caida-pelo-perro-euroresidentes-300x225.jpg 300w\" sizes=\"auto, (max-width: 700px) 100vw, 700px\" \/><\/p>\n<p>&nbsp;<\/p>\n<p>Hay motivos\u00a0no tan preocupantes\u00a0y otros que tomar m\u00e1s en serio. <strong>Veamos los menos preocupantes y los m\u00e1s preocupantes.<\/strong><\/p>\n<p><!-- inserta publi --><\/p>\n<h3><strong>Por predisposici\u00f3n gen\u00e9tica a perder m\u00e1s pelo<\/strong><\/h3>\n<p>Hay perros que <strong>por gen\u00e9tica tienden a perder m\u00e1s pelo<\/strong> que otros <strong>en zonas concretas<\/strong> <strong>(pero no aparece en forma de calvas)<\/strong>. Algunas razas de perro que tienden a esto son: <strong>Chihuahuas, Galgos, Carlinos, Bulldogs, Sharpei, Schnauzer.<\/strong><\/p>\n<h3><strong>Por ca\u00edda de pelo estacional<\/strong><\/h3>\n<p>Al igual que las personas, <strong>los\u00a0perros suelen perder m\u00e1s pelo en determinadas \u00e9pocas del a\u00f1o, para mudarlo<\/strong>. Por lo general suele ser en <strong>primavera y en oto\u00f1o<\/strong>. Veremos que tiran mucho pelo m\u00e1s de lo normal, y en perros grandes podremos observar la gran cantidad de pelo que sueltan y se les ve hasta m\u00e1s delgados despu\u00e9s.<\/p>\n<div id=\"attachment_13821\" style=\"width: 710px\" class=\"wp-caption aligncenter\"><img loading=\"lazy\" decoding=\"async\" aria-describedby=\"caption-attachment-13821\" class=\"wp-image-13821 size-full\" src=\"http:\/\/www.euroresidentes.com\/hogar\/mascotas\/wp-content\/uploads\/sites\/5\/2017\/11\/perdida-pelo-perros-euroresidentes.jpg\" alt=\"ca\u00edda de pelo perros\" width=\"700\" height=\"525\" srcset=\"https:\/\/www.euroresidentes.com\/hogar\/mascotas\/wp-content\/uploads\/sites\/5\/2017\/11\/perdida-pelo-perros-euroresidentes.jpg 700w, https:\/\/www.euroresidentes.com\/hogar\/mascotas\/wp-content\/uploads\/sites\/5\/2017\/11\/perdida-pelo-perros-euroresidentes-300x225.jpg 300w\" sizes=\"auto, (max-width: 700px) 100vw, 700px\" \/><p id=\"caption-attachment-13821\" class=\"wp-caption-text\">Ca\u00edda de pelo por muda (estacional)<\/p><\/div>\n<h3><strong>Por fricci\u00f3n o rozamiento del collar, correa o ropa<\/strong><\/h3>\n<p><strong>Es malo apretar mucho un collar, esto puede producir p\u00e9rdida de pelo debido a la fricci\u00f3n, adem\u00e1s de\u00a0malestar o agobio<\/strong>. Puedes comprar un collar que tenga el interior suave o aflojarlo un poco m\u00e1s. <strong>Si le ha producido rozaduras, intenta no comprarlo del mismo material.\u00a0<\/strong><\/p>\n<h3><strong>Por\u00a0una alimentaci\u00f3n deficiente o pobre<\/strong><\/h3>\n<p><strong>Si el alimento<\/strong> que le proporcionamos a nuestro perro <strong>no es balanceado\u00a0o equilibrado, puede tener falta de vitaminas, minerales y amino\u00e1cidos<\/strong>, y esto puede ser un <strong>motivo\u00a0de p\u00e9rdida de pelo. <\/strong>Debemos <strong>comprar un pienso de calidad.<\/strong><\/p>\n<h3><strong>Por problemas hormonales<\/strong><\/h3>\n<p>Puede ser por varios motivos. <strong>Los problemas de tiroides (hipotiroidismo)<\/strong> pueden hacer que se les caiga el pelo. En caso de hipotiroidismo, pierden pelo y adem\u00e1s ofrecen otros s\u00edntomas como: piel seca, cabello quebradizo, cansancio o aumento de peso. Tambi\u00e9n <strong>perros j\u00f3venes que est\u00e1n madurando sexualmente<\/strong>\u00a0pueden sufrir p\u00e9rdida de pelo temporal <strong>o perras embarazadas.<\/strong><\/p>\n<p><a href=\"http:\/\/www.euroresidentes.com\/hogar\/mascotas\/wp-content\/uploads\/sites\/5\/2017\/11\/pelo-perro-caida-euroresidentes.jpg\"><img loading=\"lazy\" decoding=\"async\" class=\"aligncenter size-full wp-image-13797\" src=\"http:\/\/www.euroresidentes.com\/hogar\/mascotas\/wp-content\/uploads\/sites\/5\/2017\/11\/pelo-perro-caida-euroresidentes.jpg\" alt=\"caida de pelo perros\" width=\"700\" height=\"525\" srcset=\"https:\/\/www.euroresidentes.com\/hogar\/mascotas\/wp-content\/uploads\/sites\/5\/2017\/11\/pelo-perro-caida-euroresidentes.jpg 700w, https:\/\/www.euroresidentes.com\/hogar\/mascotas\/wp-content\/uploads\/sites\/5\/2017\/11\/pelo-perro-caida-euroresidentes-300x225.jpg 300w\" sizes=\"auto, (max-width: 700px) 100vw, 700px\" \/><\/a><\/p>\n<h3><strong>Por inyectarle alguna vacuna<\/strong><\/h3>\n<p>En razas de perro peque\u00f1as se sabe que <strong>algunas vacunas pueden infectar la zona donde se aplica la inyecci\u00f3n,\u00a0lo que provoca despu\u00e9s ca\u00edda de pelo (alopecias postvacunales)<\/strong>. Por ello, en algunos casos, se evitan determinadas vacunas en los canes con estos s\u00edntomas<\/p>\n<h3><strong>Por reacci\u00f3n a las pulgas y por el rascado del perro<\/strong><\/h3>\n<p><strong>Hay perros con la piel muy sensible y las picaduras de las pulgas les provoca una fuerte irritaci\u00f3n o dermatitis al\u00e9rgica.<\/strong> Se puede ver falta de pelo en algunas zonas y si adem\u00e1s se rascan, solo lo empeoran m\u00e1s.<\/p>\n<p><!-- inserta publi 2 --><\/p>\n<h3><strong>Por infecciones de par\u00e1sitos u hongos<\/strong><\/h3>\n<p><strong>La principal infecci\u00f3n por par\u00e1sito que causa la p\u00e9rdida de pelo en un perro es<\/strong> <strong>la <a href=\"https:\/\/www.euroresidentes.com\/hogar\/mascotas\/como-curar-la-sarna-en-perros-consejos-practicos-y-remedios-caseros\">Sarna<\/a><\/strong>. En estados avanzados pueden perder por completo todo el pelo. Se trata de un \u00e1caro parasitario que se anida en la piel del perro donde va aliment\u00e1ndose. <strong>Pero tambi\u00e9n puede tratarse de hongos, por eso debemos llevar el perro al veterinario para que nos diga exactamente qu\u00e9 es.<\/strong><\/p>\n<div id=\"attachment_13823\" style=\"width: 710px\" class=\"wp-caption aligncenter\"><img loading=\"lazy\" decoding=\"async\" aria-describedby=\"caption-attachment-13823\" class=\"size-full wp-image-13823\" src=\"http:\/\/www.euroresidentes.com\/hogar\/mascotas\/wp-content\/uploads\/sites\/5\/2017\/11\/alopecia-perdida-pelo-perros-euroresidentes.jpg\" alt=\"Perros p\u00e9rdida de pelo\" width=\"700\" height=\"525\" srcset=\"https:\/\/www.euroresidentes.com\/hogar\/mascotas\/wp-content\/uploads\/sites\/5\/2017\/11\/alopecia-perdida-pelo-perros-euroresidentes.jpg 700w, https:\/\/www.euroresidentes.com\/hogar\/mascotas\/wp-content\/uploads\/sites\/5\/2017\/11\/alopecia-perdida-pelo-perros-euroresidentes-300x225.jpg 300w\" sizes=\"auto, (max-width: 700px) 100vw, 700px\" \/><p id=\"caption-attachment-13823\" class=\"wp-caption-text\">Cachorro con Sarna (no muy avanzada)<\/p><\/div>\n<h3><strong>Por estr\u00e9s y\/o ansiedad<\/strong><\/h3>\n<p>Al igual que en las personas, <strong>el estr\u00e9s y la ansiedad van de la mano con la p\u00e9rdida de pelo<\/strong>. Es f\u00e1cil que un perro muy estresado o sometido a presi\u00f3n\u00a0tenga ansiedad y pueda perder m\u00e1s pelo de lo normal. <strong>Los perros maltratados, perros abandonados, mudanzas, p\u00e9rdidas de un ser querido&#8230; son cosas que les afectan<\/strong> y puede ser el desencadenante.<\/p>\n<h3><strong>Por diversas alergias<\/strong><\/h3>\n<p>Pueden ser alergias por alg\u00fan <strong>componente del pienso o al alimento<\/strong>, puede ser alergia <strong>a alg\u00fan medicamento<\/strong> que le estemos dando, <strong>a alg\u00fan material de su cama (sint\u00e9tico) o puede ser por alguna planta con la que tenga contacto.<\/strong> El perro se rasca constantemente y puede producirse lesiones incluso con el rascado.<\/p>\n<h3><strong>Por efecto secundario de alguna enfermedad<\/strong><\/h3>\n<p><strong>Se conoce que los perros con diabetes pueden sufrir p\u00e9rdida de pelo, normalmente en su lomo.<\/strong> Por eso conviene hacerles an\u00e1lisis rutinarios a nuestro perro para observar que todo ande bien.<\/p>\n<p><!-- inserta publi 3 --><\/p>\n<p>Por ello, <strong>te recomendamos que si ves a tu perro sufrir p\u00e9rdida de pelo preocupante<\/strong> (sobre todo si es en ronchas o calvas y no es p\u00e9rdida de pelo estacional y no es por fricci\u00f3n, rascado o alimentaci\u00f3n pobre y dem\u00e1s)\u00a0<strong>lo lleves cuanto antes al veterinario para que lo examine y vea qu\u00e9 puede ser la causa y tratarla correctamente.<\/strong><\/p>\n<p><strong>\u00a1Mucha suerte con vuestros perros!\u00a0<\/strong><\/p>\n<p>&nbsp;<\/p>\n<p>Sigue leyendo:<\/p>\n<ul>\n<li><strong><a href=\"https:\/\/www.euroresidentes.com\/hogar\/mascotas\/como-curar-la-sarna-en-perros-consejos-practicos-y-remedios-caseros\">\u00bfC\u00f3mo curar la sarna en perros? Consejos pr\u00e1cticos y remedios caseros<\/a><\/strong><\/li>\n<li><strong><a href=\"https:\/\/www.euroresidentes.com\/hogar\/mascotas\/como-eliminar-las-garrapatas-y-pulgas-en-perros-rapidamente\">C\u00f3mo eliminar las garrapatas y pulgas en perros r\u00e1pidamente<\/a><\/strong><\/li>\n<li><strong><a href=\"https:\/\/www.euroresidentes.com\/hogar\/mascotas\/como-eliminar-las-pulgas-en-casa\">C\u00f3mo eliminar las pulgas en casa y evitar que vuelvan<\/a><\/strong><\/li>\n<li><strong><a href=\"https:\/\/www.euroresidentes.com\/hogar\/mascotas\/alimentos-perjudiciales-para-los-perros\">Alimentos perjudiciales para los perros<\/a><\/strong><\/li>\n<\/ul>\n","protected":false},"excerpt":{"rendered":"<p>Las causas de la\u00a0ca\u00edda del pelo en los perros A mi perro se le cae el pelo mucho&#8230; \u00bfEs normal?\u00a0Esta es una pregunta que muchos que tenemos perro nos hemos podido hacer. Existen muchos motivos distintos por los que se le puede caer el pelo a\u00a0un perro. Te explicamos cu\u00e1les y qu\u00e9 hacer. &nbsp; Hay motivos\u00a0no tan preocupantes\u00a0y otros que tomar m\u00e1s en serio. Veamos los menos preocupantes y los m\u00e1s preocupantes. Por predisposici\u00f3n gen\u00e9tica a perder m\u00e1s pelo Hay perros que por gen\u00e9tica tienden a perder m\u00e1s pelo que otros en zonas concretas (pero no aparece en forma de <\/p>\n","protected":false},"author":12,"featured_media":13797,"comment_status":"open","ping_status":"open","sticky":false,"template":"","format":"standard","meta":{"footnotes":""},"categories":[15],"tags":[],"class_list":["post-13792","post","type-post","status-publish","format-standard","has-post-thumbnail","hentry","category-perros","has_thumb"],"yoast_head":"<!-- This site is optimized with the Yoast SEO plugin v24.1 - https:\/\/yoast.com\/wordpress\/plugins\/seo\/ -->\n<title>Las causas de la ca\u00edda del pelo en los perros<\/title>\n<meta name=\"description\" content=\"\u00bfPor qu\u00e9 se le cae el pelo a mi perro? Existen muchos motivos distintos por los que se le puede caer el pelo a un perro. Te explicamos cu\u00e1les y qu\u00e9 hacer.\" \/>\n<meta name=\"robots\" content=\"index, follow, max-snippet:-1, max-image-preview:large, max-video-preview:-1\" \/>\n<link rel=\"canonical\" href=\"https:\/\/www.euroresidentes.com\/hogar\/mascotas\/caida-pelo-perros-alopecia-perros\/\" \/>\n<meta property=\"og:locale\" content=\"es_ES\" \/>\n<meta property=\"og:type\" content=\"article\" \/>\n<meta property=\"og:title\" content=\"Las causas de la ca\u00edda del pelo en los perros\" \/>\n<meta property=\"og:description\" content=\"\u00bfPor qu\u00e9 se le cae el pelo a mi perro? Existen muchos motivos distintos por los que se le puede caer el pelo a un perro. Te explicamos cu\u00e1les y qu\u00e9 hacer.\" \/>\n<meta property=\"og:url\" content=\"https:\/\/www.euroresidentes.com\/hogar\/mascotas\/caida-pelo-perros-alopecia-perros\/\" \/>\n<meta property=\"og:site_name\" content=\"Todo mascotas\" \/>\n<meta property=\"article:publisher\" content=\"https:\/\/www.facebook.com\/todo.mascotas.euroresidentes\/\" \/>\n<meta property=\"article:published_time\" content=\"2017-11-09T15:45:58+00:00\" \/>\n<meta property=\"article:modified_time\" content=\"2021-03-29T10:22:02+00:00\" \/>\n<meta property=\"og:image\" content=\"https:\/\/www.euroresidentes.com\/hogar\/mascotas\/wp-content\/uploads\/sites\/5\/2017\/11\/pelo-perro-caida-euroresidentes.jpg\" \/>\n\t<meta property=\"og:image:width\" content=\"700\" \/>\n\t<meta property=\"og:image:height\" content=\"525\" \/>\n\t<meta property=\"og:image:type\" content=\"image\/jpeg\" \/>\n<meta name=\"author\" content=\"Emma Heath\" \/>\n<meta name=\"twitter:card\" content=\"summary_large_image\" \/>\n<meta name=\"twitter:label1\" content=\"Written by\" \/>\n\t<meta name=\"twitter:data1\" content=\"Emma Heath\" \/>\n\t<meta name=\"twitter:label2\" content=\"Est. reading time\" \/>\n\t<meta name=\"twitter:data2\" content=\"4 minutos\" \/>\n<script type=\"application\/ld+json\" class=\"yoast-schema-graph\">{\"@context\":\"https:\/\/schema.org\",\"@graph\":[{\"@type\":\"WebPage\",\"@id\":\"https:\/\/www.euroresidentes.com\/hogar\/mascotas\/caida-pelo-perros-alopecia-perros\/\",\"url\":\"https:\/\/www.euroresidentes.com\/hogar\/mascotas\/caida-pelo-perros-alopecia-perros\/\",\"name\":\"Las causas de la ca\u00edda del pelo en los perros\",\"isPartOf\":{\"@id\":\"https:\/\/www.euroresidentes.com\/hogar\/mascotas\/#website\"},\"primaryImageOfPage\":{\"@id\":\"https:\/\/www.euroresidentes.com\/hogar\/mascotas\/caida-pelo-perros-alopecia-perros\/#primaryimage\"},\"image\":{\"@id\":\"https:\/\/www.euroresidentes.com\/hogar\/mascotas\/caida-pelo-perros-alopecia-perros\/#primaryimage\"},\"thumbnailUrl\":\"https:\/\/www.euroresidentes.com\/hogar\/mascotas\/wp-content\/uploads\/sites\/5\/2017\/11\/pelo-perro-caida-euroresidentes.jpg\",\"datePublished\":\"2017-11-09T15:45:58+00:00\",\"dateModified\":\"2021-03-29T10:22:02+00:00\",\"author\":{\"@id\":\"https:\/\/www.euroresidentes.com\/hogar\/mascotas\/#\/schema\/person\/cea32592dad5cd0f6b0c23f4627d0a7e\"},\"description\":\"\u00bfPor qu\u00e9 se le cae el pelo a mi perro? Existen muchos motivos distintos por los que se le puede caer el pelo a un perro. Te explicamos cu\u00e1les y qu\u00e9 hacer.\",\"breadcrumb\":{\"@id\":\"https:\/\/www.euroresidentes.com\/hogar\/mascotas\/caida-pelo-perros-alopecia-perros\/#breadcrumb\"},\"inLanguage\":\"es\",\"potentialAction\":[{\"@type\":\"ReadAction\",\"target\":[\"https:\/\/www.euroresidentes.com\/hogar\/mascotas\/caida-pelo-perros-alopecia-perros\/\"]}]},{\"@type\":\"ImageObject\",\"inLanguage\":\"es\",\"@id\":\"https:\/\/www.euroresidentes.com\/hogar\/mascotas\/caida-pelo-perros-alopecia-perros\/#primaryimage\",\"url\":\"https:\/\/www.euroresidentes.com\/hogar\/mascotas\/wp-content\/uploads\/sites\/5\/2017\/11\/pelo-perro-caida-euroresidentes.jpg\",\"contentUrl\":\"https:\/\/www.euroresidentes.com\/hogar\/mascotas\/wp-content\/uploads\/sites\/5\/2017\/11\/pelo-perro-caida-euroresidentes.jpg\",\"width\":700,\"height\":525,\"caption\":\"caida de pelo perros\"},{\"@type\":\"BreadcrumbList\",\"@id\":\"https:\/\/www.euroresidentes.com\/hogar\/mascotas\/caida-pelo-perros-alopecia-perros\/#breadcrumb\",\"itemListElement\":[{\"@type\":\"ListItem\",\"position\":1,\"name\":\"Portada\",\"item\":\"https:\/\/www.euroresidentes.com\/hogar\/mascotas\/\"},{\"@type\":\"ListItem\",\"position\":2,\"name\":\"\u00bfPor qu\u00e9 se le cae el pelo a mi perro?\"}]},{\"@type\":\"WebSite\",\"@id\":\"https:\/\/www.euroresidentes.com\/hogar\/mascotas\/#website\",\"url\":\"https:\/\/www.euroresidentes.com\/hogar\/mascotas\/\",\"name\":\"Todo mascotas\",\"description\":\"Euroresidentes\",\"potentialAction\":[{\"@type\":\"SearchAction\",\"target\":{\"@type\":\"EntryPoint\",\"urlTemplate\":\"https:\/\/www.euroresidentes.com\/hogar\/mascotas\/?s={search_term_string}\"},\"query-input\":{\"@type\":\"PropertyValueSpecification\",\"valueRequired\":true,\"valueName\":\"search_term_string\"}}],\"inLanguage\":\"es\"},{\"@type\":\"Person\",\"@id\":\"https:\/\/www.euroresidentes.com\/hogar\/mascotas\/#\/schema\/person\/cea32592dad5cd0f6b0c23f4627d0a7e\",\"name\":\"Emma Heath\",\"image\":{\"@type\":\"ImageObject\",\"inLanguage\":\"es\",\"@id\":\"https:\/\/www.euroresidentes.com\/hogar\/mascotas\/#\/schema\/person\/image\/\",\"url\":\"https:\/\/www.euroresidentes.com\/hogar\/mascotas\/wp-content\/uploads\/sites\/5\/2016\/02\/EHP-foto-Autora-150x150.png\",\"contentUrl\":\"https:\/\/www.euroresidentes.com\/hogar\/mascotas\/wp-content\/uploads\/sites\/5\/2016\/02\/EHP-foto-Autora-150x150.png\",\"caption\":\"Emma Heath\"},\"description\":\"Emma HeathAmante de los animales, me considero bastante Otaku, porque me encantan las\u00a0series anime\u00a0y casi todo lo relacionado con Jap\u00f3n y su cultura.\u00a0\",\"sameAs\":[\"https:\/\/www.euroresidentes.com\/hogar\/emma-heath.html\"],\"url\":\"https:\/\/www.euroresidentes.com\/hogar\/mascotas\/author\/emma\/\"}]}<\/script>\n<!-- \/ Yoast SEO plugin. -->","yoast_head_json":{"title":"Las causas de la ca\u00edda del pelo en los perros","description":"\u00bfPor qu\u00e9 se le cae el pelo a mi perro? Existen muchos motivos distintos por los que se le puede caer el pelo a un perro. Te explicamos cu\u00e1les y qu\u00e9 hacer.","robots":{"index":"index","follow":"follow","max-snippet":"max-snippet:-1","max-image-preview":"max-image-preview:large","max-video-preview":"max-video-preview:-1"},"canonical":"https:\/\/www.euroresidentes.com\/hogar\/mascotas\/caida-pelo-perros-alopecia-perros\/","og_locale":"es_ES","og_type":"article","og_title":"Las causas de la ca\u00edda del pelo en los perros","og_description":"\u00bfPor qu\u00e9 se le cae el pelo a mi perro? Existen muchos motivos distintos por los que se le puede caer el pelo a un perro. Te explicamos cu\u00e1les y qu\u00e9 hacer.","og_url":"https:\/\/www.euroresidentes.com\/hogar\/mascotas\/caida-pelo-perros-alopecia-perros\/","og_site_name":"Todo mascotas","article_publisher":"https:\/\/www.facebook.com\/todo.mascotas.euroresidentes\/","article_published_time":"2017-11-09T15:45:58+00:00","article_modified_time":"2021-03-29T10:22:02+00:00","og_image":[{"width":700,"height":525,"url":"https:\/\/www.euroresidentes.com\/hogar\/mascotas\/wp-content\/uploads\/sites\/5\/2017\/11\/pelo-perro-caida-euroresidentes.jpg","type":"image\/jpeg"}],"author":"Emma Heath","twitter_card":"summary_large_image","twitter_misc":{"Written by":"Emma Heath","Est. reading time":"4 minutos"},"schema":{"@context":"https:\/\/schema.org","@graph":[{"@type":"WebPage","@id":"https:\/\/www.euroresidentes.com\/hogar\/mascotas\/caida-pelo-perros-alopecia-perros\/","url":"https:\/\/www.euroresidentes.com\/hogar\/mascotas\/caida-pelo-perros-alopecia-perros\/","name":"Las causas de la ca\u00edda del pelo en los perros","isPartOf":{"@id":"https:\/\/www.euroresidentes.com\/hogar\/mascotas\/#website"},"primaryImageOfPage":{"@id":"https:\/\/www.euroresidentes.com\/hogar\/mascotas\/caida-pelo-perros-alopecia-perros\/#primaryimage"},"image":{"@id":"https:\/\/www.euroresidentes.com\/hogar\/mascotas\/caida-pelo-perros-alopecia-perros\/#primaryimage"},"thumbnailUrl":"https:\/\/www.euroresidentes.com\/hogar\/mascotas\/wp-content\/uploads\/sites\/5\/2017\/11\/pelo-perro-caida-euroresidentes.jpg","datePublished":"2017-11-09T15:45:58+00:00","dateModified":"2021-03-29T10:22:02+00:00","author":{"@id":"https:\/\/www.euroresidentes.com\/hogar\/mascotas\/#\/schema\/person\/cea32592dad5cd0f6b0c23f4627d0a7e"},"description":"\u00bfPor qu\u00e9 se le cae el pelo a mi perro? Existen muchos motivos distintos por los que se le puede caer el pelo a un perro. Te explicamos cu\u00e1les y qu\u00e9 hacer.","breadcrumb":{"@id":"https:\/\/www.euroresidentes.com\/hogar\/mascotas\/caida-pelo-perros-alopecia-perros\/#breadcrumb"},"inLanguage":"es","potentialAction":[{"@type":"ReadAction","target":["https:\/\/www.euroresidentes.com\/hogar\/mascotas\/caida-pelo-perros-alopecia-perros\/"]}]},{"@type":"ImageObject","inLanguage":"es","@id":"https:\/\/www.euroresidentes.com\/hogar\/mascotas\/caida-pelo-perros-alopecia-perros\/#primaryimage","url":"https:\/\/www.euroresidentes.com\/hogar\/mascotas\/wp-content\/uploads\/sites\/5\/2017\/11\/pelo-perro-caida-euroresidentes.jpg","contentUrl":"https:\/\/www.euroresidentes.com\/hogar\/mascotas\/wp-content\/uploads\/sites\/5\/2017\/11\/pelo-perro-caida-euroresidentes.jpg","width":700,"height":525,"caption":"caida de pelo perros"},{"@type":"BreadcrumbList","@id":"https:\/\/www.euroresidentes.com\/hogar\/mascotas\/caida-pelo-perros-alopecia-perros\/#breadcrumb","itemListElement":[{"@type":"ListItem","position":1,"name":"Portada","item":"https:\/\/www.euroresidentes.com\/hogar\/mascotas\/"},{"@type":"ListItem","position":2,"name":"\u00bfPor qu\u00e9 se le cae el pelo a mi perro?"}]},{"@type":"WebSite","@id":"https:\/\/www.euroresidentes.com\/hogar\/mascotas\/#website","url":"https:\/\/www.euroresidentes.com\/hogar\/mascotas\/","name":"Todo mascotas","description":"Euroresidentes","potentialAction":[{"@type":"SearchAction","target":{"@type":"EntryPoint","urlTemplate":"https:\/\/www.euroresidentes.com\/hogar\/mascotas\/?s={search_term_string}"},"query-input":{"@type":"PropertyValueSpecification","valueRequired":true,"valueName":"search_term_string"}}],"inLanguage":"es"},{"@type":"Person","@id":"https:\/\/www.euroresidentes.com\/hogar\/mascotas\/#\/schema\/person\/cea32592dad5cd0f6b0c23f4627d0a7e","name":"Emma Heath","image":{"@type":"ImageObject","inLanguage":"es","@id":"https:\/\/www.euroresidentes.com\/hogar\/mascotas\/#\/schema\/person\/image\/","url":"https:\/\/www.euroresidentes.com\/hogar\/mascotas\/wp-content\/uploads\/sites\/5\/2016\/02\/EHP-foto-Autora-150x150.png","contentUrl":"https:\/\/www.euroresidentes.com\/hogar\/mascotas\/wp-content\/uploads\/sites\/5\/2016\/02\/EHP-foto-Autora-150x150.png","caption":"Emma Heath"},"description":"Emma HeathAmante de los animales, me considero bastante Otaku, porque me encantan las\u00a0series anime\u00a0y casi todo lo relacionado con Jap\u00f3n y su cultura.\u00a0","sameAs":["https:\/\/www.euroresidentes.com\/hogar\/emma-heath.html"],"url":"https:\/\/www.euroresidentes.com\/hogar\/mascotas\/author\/emma\/"}]}},"_links":{"self":[{"href":"https:\/\/www.euroresidentes.com\/hogar\/mascotas\/wp-json\/wp\/v2\/posts\/13792","targetHints":{"allow":["GET"]}}],"collection":[{"href":"https:\/\/www.euroresidentes.com\/hogar\/mascotas\/wp-json\/wp\/v2\/posts"}],"about":[{"href":"https:\/\/www.euroresidentes.com\/hogar\/mascotas\/wp-json\/wp\/v2\/types\/post"}],"author":[{"embeddable":true,"href":"https:\/\/www.euroresidentes.com\/hogar\/mascotas\/wp-json\/wp\/v2\/users\/12"}],"replies":[{"embeddable":true,"href":"https:\/\/www.euroresidentes.com\/hogar\/mascotas\/wp-json\/wp\/v2\/comments?post=13792"}],"version-history":[{"count":38,"href":"https:\/\/www.euroresidentes.com\/hogar\/mascotas\/wp-json\/wp\/v2\/posts\/13792\/revisions"}],"predecessor-version":[{"id":14945,"href":"https:\/\/www.euroresidentes.com\/hogar\/mascotas\/wp-json\/wp\/v2\/posts\/13792\/revisions\/14945"}],"wp:featuredmedia":[{"embeddable":true,"href":"https:\/\/www.euroresidentes.com\/hogar\/mascotas\/wp-json\/wp\/v2\/media\/13797"}],"wp:attachment":[{"href":"https:\/\/www.euroresidentes.com\/hogar\/mascotas\/wp-json\/wp\/v2\/media?parent=13792"}],"wp:term":[{"taxonomy":"category","embeddable":true,"href":"https:\/\/www.euroresidentes.com\/hogar\/mascotas\/wp-json\/wp\/v2\/categories?post=13792"},{"taxonomy":"post_tag","embeddable":true,"href":"https:\/\/www.euroresidentes.com\/hogar\/mascotas\/wp-json\/wp\/v2\/tags?post=13792"}],"curies":[{"name":"wp","href":"https:\/\/api.w.org\/{rel}","templated":true}]}}