{"id":328,"date":"2014-06-24T10:56:00","date_gmt":"2014-06-24T10:56:00","guid":{"rendered":"http:\/\/www.euroresidentes.com\/hogar\/interiorismo-caleidoscopico\/moodboard"},"modified":"2016-03-18T14:42:36","modified_gmt":"2016-03-18T14:42:36","slug":"moodboard","status":"publish","type":"post","link":"https:\/\/www.euroresidentes.com\/hogar\/interiorismo-caleidoscopico\/moodboard\/","title":{"rendered":"Moodboard"},"content":{"rendered":"<p>\u00a1\u00a1Buenos d\u00edas!! Hoy ha amanecido con lluvia en Alicante&#8230;y sienti\u00e9ndolo mucho por las fechas (<i>estamos en Festes de Sant Joan<\/i>) ha sido todo un placer dormir con el sonido de la lluvia que taaantos meses hac\u00eda que no escuchaba \ud83d\ude42<\/p>\n<div class=\"separator\" style=\"clear: both; text-align: center;\"><a style=\"margin-left: 1em; margin-right: 1em;\" href=\"http:\/\/www.euroresidentes.com\/hogar\/interiorismo-caleidoscopico\/wp-content\/uploads\/sites\/3\/2014\/06\/moodboard06.jpg\"><img loading=\"lazy\" decoding=\"async\" src=\"http:\/\/www.euroresidentes.com\/hogar\/interiorismo-caleidoscopico\/wp-content\/uploads\/sites\/3\/2014\/06\/moodboard06.jpg\" alt=\"\" width=\"448\" height=\"640\" border=\"0\" \/><\/a><\/div>\n<div class=\"separator\" style=\"clear: both; text-align: center;\"><\/div>\n<p>Y como el d\u00eda est\u00e1 m\u00e1s de sof\u00e1 y\u00a0peli, que de terraza y jardines, os traigo una <b>decoraci\u00f3n r\u00e1pida, sencilla y resultona<\/b> que podemos poner en pr\u00e1ctica hoy mismo, se trata del <i>moodboard<\/i>, aunque tambi\u00e9n podr\u00edamos decir collage o muro de inspiraci\u00f3n ;). Es muy sencillo, se trata b\u00e1sicamente de <i><b>poner en la pared todo aquello que nos guste<\/b><\/i>.<\/p>\n<p>Os cuento un poco, <i>el moodboard nace en el mundo del dise\u00f1o<\/i>, los dise\u00f1adores, a la hora de crear (ya sea moda, mobiliario, logos, edificios&#8230;) buscamos referencias, im\u00e1genes, ideas, que vamos colocando juntas (de forma\u00a0digital o manual), y que terminar\u00e1n siendo de una forma u otra parte de ese dise\u00f1o, es una <b>herramienta de trabajo muy pr\u00e1ctica y eficaz<\/b>. En cuanto a decoraci\u00f3n, ya os he comentado&#8230;<i><b>\u00a1\u00a1infinitas posibilidades de crear!!<\/b><\/i> y eso a m\u00ed me encanta.<\/p>\n<p>Pasos a seguir:<\/p>\n<ul>\n<li>Recopilar <b>cuadros, fotos, recortes, postales, pa\u00f1uelos<\/b>, etc. que podamos colgar en nuestras paredes.<\/li>\n<li>Si utilizamos <b><i>cuadros<\/i><\/b>, yo har\u00eda <i>todo el moodboard<\/i> con ese elemento, cuadros de diferentes tamos e incluso formas, <i>con elementos que tengan \u00abmarco\u00bb<\/i>, este caso es perfecto para el <b>sal\u00f3n<\/b> y el <b>dormitorio<\/b>.<\/li>\n<li>Otra <i>opci\u00f3n m\u00e1s divertida<\/i> es utilizar <b><i>washi-tape<\/i> <\/b>para colgar nuestras im\u00e1genes\u00a0y papeles estampados, esta opci\u00f3n es una de mis favoritas para <b>zonas de trabajo<\/b>.<\/li>\n<li>Tambi\u00e9n podemos utilizar <b><i>carpetas de pinzas o \u00abClipboard\u00bb\u00a0<\/i><\/b>y en ellas colocar nuestras im\u00e1genes, esta opci\u00f3n junto con la anterior son las <i>menos \u00abinvasivas\u00bb<\/i> ya que podemos variarlas o quitarlas cuando nos apetezca, y si como en mi caso, sois <i>dise\u00f1adores<\/i>, esta <i>opci\u00f3n es la m\u00e1s \u00fatil<\/i>, ya que podemos ir variando con cada dise\u00f1o, lo que resulta muy c\u00f3modo a la hora de trabajar.<\/li>\n<li>Por \u00faltimo&#8230;<i><b>\u00a1\u00a1IMAGINACI\u00d3N AL PODER!!! <\/b><\/i>Mezclar dibujos, fotos y cuadros, colocar las im\u00e1genes directamente sobre estanter\u00edas, vigas de madera&#8230;Os dejo algunas ideas m\u00e1s en nuestra Deco-Inspiraci\u00f3n de hoy.<\/li>\n<\/ul>\n<p>&nbsp;<\/p>\n<div class=\"separator\" style=\"clear: both;\"><a href=\"http:\/\/www.euroresidentes.com\/hogar\/interiorismo-caleidoscopico\/wp-content\/uploads\/sites\/3\/2014\/06\/Post07-458x1024.png\"><img decoding=\"async\" class=\"aligncenter\" src=\"http:\/\/www.euroresidentes.com\/hogar\/interiorismo-caleidoscopico\/wp-content\/uploads\/sites\/3\/2014\/06\/Post07-458x1024.png\" alt=\"\" border=\"0\" \/><\/a><i><\/i><\/div>\n<div class=\"separator\" style=\"clear: both;\"><\/div>\n<div class=\"separator\" style=\"clear: both;\"><i>Pues ya sab\u00e9is, a recortar y buscar im\u00e1genes<b>\u00a0\u00a1\u00a1que vuestras paredes os sirvan de inspiraci\u00f3n cada d\u00eda!!<\/b><\/i><\/p>\n<p>\u00a1Que teng\u00e1is una buena semana!<\/p>\n<p><i>Muaaaaka!<\/i><\/p>\n<p>PD: Estoy preparando un post sobre CasaDecor 2014 con las tendencias que m\u00e1s me gustaron, as\u00ed que si quer\u00e9is seguir a la \u00faltima no os lo perd\u00e1is!<\/p><\/div>\n","protected":false},"excerpt":{"rendered":"<p>\u00a1\u00a1Buenos d\u00edas!! Hoy ha amanecido con lluvia en Alicante&#8230;y sienti\u00e9ndolo mucho por las fechas (estamos en Festes de Sant Joan) ha sido todo un placer dormir con el sonido de la lluvia que taaantos meses hac\u00eda que no escuchaba \ud83d\ude42 Y como el d\u00eda est\u00e1 m\u00e1s de sof\u00e1 y\u00a0peli, que de terraza y jardines, os traigo una decoraci\u00f3n r\u00e1pida, sencilla y resultona que podemos poner en pr\u00e1ctica hoy mismo, se trata del moodboard, aunque tambi\u00e9n podr\u00edamos decir collage o muro de inspiraci\u00f3n ;). Es muy sencillo, se trata b\u00e1sicamente de poner en la pared todo aquello que nos guste. Os <\/p>\n","protected":false},"author":11,"featured_media":621,"comment_status":"open","ping_status":"open","sticky":false,"template":"","format":"standard","meta":{"footnotes":""},"categories":[8],"tags":[],"class_list":["post-328","post","type-post","status-publish","format-standard","has-post-thumbnail","hentry","category-ideas","has_thumb"],"yoast_head":"<!-- This site is optimized with the Yoast SEO plugin v24.1 - https:\/\/yoast.com\/wordpress\/plugins\/seo\/ -->\n<title>Moodboard - Interiorismo<\/title>\n<meta name=\"robots\" content=\"index, follow, max-snippet:-1, max-image-preview:large, max-video-preview:-1\" \/>\n<link rel=\"canonical\" href=\"https:\/\/www.euroresidentes.com\/hogar\/interiorismo-caleidoscopico\/moodboard\/\" \/>\n<meta property=\"og:locale\" content=\"es_ES\" \/>\n<meta property=\"og:type\" content=\"article\" \/>\n<meta property=\"og:title\" content=\"Moodboard - Interiorismo\" \/>\n<meta property=\"og:description\" content=\"\u00a1\u00a1Buenos d\u00edas!! Hoy ha amanecido con lluvia en Alicante&#8230;y sienti\u00e9ndolo mucho por las fechas (estamos en Festes de Sant Joan) ha sido todo un placer dormir con el sonido de la lluvia que taaantos meses hac\u00eda que no escuchaba \ud83d\ude42 Y como el d\u00eda est\u00e1 m\u00e1s de sof\u00e1 y\u00a0peli, que de terraza y jardines, os traigo una decoraci\u00f3n r\u00e1pida, sencilla y resultona que podemos poner en pr\u00e1ctica hoy mismo, se trata del moodboard, aunque tambi\u00e9n podr\u00edamos decir collage o muro de inspiraci\u00f3n ;). Es muy sencillo, se trata b\u00e1sicamente de poner en la pared todo aquello que nos guste. Os\" \/>\n<meta property=\"og:url\" content=\"https:\/\/www.euroresidentes.com\/hogar\/interiorismo-caleidoscopico\/moodboard\/\" \/>\n<meta property=\"og:site_name\" content=\"Interiorismo\" \/>\n<meta property=\"article:publisher\" content=\"https:\/\/www.facebook.com\/euroresidentes\/\" \/>\n<meta property=\"article:published_time\" content=\"2014-06-24T10:56:00+00:00\" \/>\n<meta property=\"article:modified_time\" content=\"2016-03-18T14:42:36+00:00\" \/>\n<meta property=\"og:image\" content=\"https:\/\/www.euroresidentes.com\/hogar\/interiorismo-caleidoscopico\/wp-content\/uploads\/sites\/3\/2014\/06\/moodboard06.jpg\" \/>\n\t<meta property=\"og:image:width\" content=\"500\" \/>\n\t<meta property=\"og:image:height\" content=\"714\" \/>\n\t<meta property=\"og:image:type\" content=\"image\/jpeg\" \/>\n<meta name=\"author\" content=\"Isabel Jim\u00e9nez\" \/>\n<meta name=\"twitter:card\" content=\"summary_large_image\" \/>\n<meta name=\"twitter:label1\" content=\"Written by\" \/>\n\t<meta name=\"twitter:data1\" content=\"Isabel Jim\u00e9nez\" \/>\n\t<meta name=\"twitter:label2\" content=\"Est. reading time\" \/>\n\t<meta name=\"twitter:data2\" content=\"2 minutos\" \/>\n<script type=\"application\/ld+json\" class=\"yoast-schema-graph\">{\"@context\":\"https:\/\/schema.org\",\"@graph\":[{\"@type\":\"WebPage\",\"@id\":\"https:\/\/www.euroresidentes.com\/hogar\/interiorismo-caleidoscopico\/moodboard\/\",\"url\":\"https:\/\/www.euroresidentes.com\/hogar\/interiorismo-caleidoscopico\/moodboard\/\",\"name\":\"Moodboard - Interiorismo\",\"isPartOf\":{\"@id\":\"https:\/\/www.euroresidentes.com\/hogar\/interiorismo-caleidoscopico\/#website\"},\"primaryImageOfPage\":{\"@id\":\"https:\/\/www.euroresidentes.com\/hogar\/interiorismo-caleidoscopico\/moodboard\/#primaryimage\"},\"image\":{\"@id\":\"https:\/\/www.euroresidentes.com\/hogar\/interiorismo-caleidoscopico\/moodboard\/#primaryimage\"},\"thumbnailUrl\":\"https:\/\/www.euroresidentes.com\/hogar\/interiorismo-caleidoscopico\/wp-content\/uploads\/sites\/3\/2014\/06\/moodboard06.jpg\",\"datePublished\":\"2014-06-24T10:56:00+00:00\",\"dateModified\":\"2016-03-18T14:42:36+00:00\",\"author\":{\"@id\":\"https:\/\/www.euroresidentes.com\/hogar\/interiorismo-caleidoscopico\/#\/schema\/person\/d99dff20f6a5a8e66c2ba54e7ab5034e\"},\"breadcrumb\":{\"@id\":\"https:\/\/www.euroresidentes.com\/hogar\/interiorismo-caleidoscopico\/moodboard\/#breadcrumb\"},\"inLanguage\":\"es\",\"potentialAction\":[{\"@type\":\"ReadAction\",\"target\":[\"https:\/\/www.euroresidentes.com\/hogar\/interiorismo-caleidoscopico\/moodboard\/\"]}]},{\"@type\":\"ImageObject\",\"inLanguage\":\"es\",\"@id\":\"https:\/\/www.euroresidentes.com\/hogar\/interiorismo-caleidoscopico\/moodboard\/#primaryimage\",\"url\":\"https:\/\/www.euroresidentes.com\/hogar\/interiorismo-caleidoscopico\/wp-content\/uploads\/sites\/3\/2014\/06\/moodboard06.jpg\",\"contentUrl\":\"https:\/\/www.euroresidentes.com\/hogar\/interiorismo-caleidoscopico\/wp-content\/uploads\/sites\/3\/2014\/06\/moodboard06.jpg\",\"width\":500,\"height\":714},{\"@type\":\"BreadcrumbList\",\"@id\":\"https:\/\/www.euroresidentes.com\/hogar\/interiorismo-caleidoscopico\/moodboard\/#breadcrumb\",\"itemListElement\":[{\"@type\":\"ListItem\",\"position\":1,\"name\":\"Portada\",\"item\":\"https:\/\/www.euroresidentes.com\/hogar\/interiorismo-caleidoscopico\/\"},{\"@type\":\"ListItem\",\"position\":2,\"name\":\"Moodboard\"}]},{\"@type\":\"WebSite\",\"@id\":\"https:\/\/www.euroresidentes.com\/hogar\/interiorismo-caleidoscopico\/#website\",\"url\":\"https:\/\/www.euroresidentes.com\/hogar\/interiorismo-caleidoscopico\/\",\"name\":\"Interiorismo\",\"description\":\"Euroresidentes\",\"potentialAction\":[{\"@type\":\"SearchAction\",\"target\":{\"@type\":\"EntryPoint\",\"urlTemplate\":\"https:\/\/www.euroresidentes.com\/hogar\/interiorismo-caleidoscopico\/?s={search_term_string}\"},\"query-input\":{\"@type\":\"PropertyValueSpecification\",\"valueRequired\":true,\"valueName\":\"search_term_string\"}}],\"inLanguage\":\"es\"},{\"@type\":\"Person\",\"@id\":\"https:\/\/www.euroresidentes.com\/hogar\/interiorismo-caleidoscopico\/#\/schema\/person\/d99dff20f6a5a8e66c2ba54e7ab5034e\",\"name\":\"Isabel Jim\u00e9nez\",\"image\":{\"@type\":\"ImageObject\",\"inLanguage\":\"es\",\"@id\":\"https:\/\/www.euroresidentes.com\/hogar\/interiorismo-caleidoscopico\/#\/schema\/person\/image\/\",\"url\":\"https:\/\/www.euroresidentes.com\/hogar\/interiorismo-caleidoscopico\/wp-content\/uploads\/sites\/3\/2016\/02\/autora-isabel-150x150.jpg\",\"contentUrl\":\"https:\/\/www.euroresidentes.com\/hogar\/interiorismo-caleidoscopico\/wp-content\/uploads\/sites\/3\/2016\/02\/autora-isabel-150x150.jpg\",\"caption\":\"Isabel Jim\u00e9nez\"},\"description\":\"Isabel JimenezSoy Arquitecta, Interiorista y dise\u00f1adora gr\u00e1fica, actualmente vivo en Alicante pero soy de Navaluenga, un pueblito de \u00c1vila en medio de un valle.\",\"sameAs\":[\"https:\/\/www.euroresidentes.com\/hogar\/isabel-jimenez.html\"],\"url\":\"https:\/\/www.euroresidentes.com\/hogar\/interiorismo-caleidoscopico\/author\/isabeljimenez\/\"}]}<\/script>\n<!-- \/ Yoast SEO plugin. -->","yoast_head_json":{"title":"Moodboard - Interiorismo","robots":{"index":"index","follow":"follow","max-snippet":"max-snippet:-1","max-image-preview":"max-image-preview:large","max-video-preview":"max-video-preview:-1"},"canonical":"https:\/\/www.euroresidentes.com\/hogar\/interiorismo-caleidoscopico\/moodboard\/","og_locale":"es_ES","og_type":"article","og_title":"Moodboard - Interiorismo","og_description":"\u00a1\u00a1Buenos d\u00edas!! Hoy ha amanecido con lluvia en Alicante&#8230;y sienti\u00e9ndolo mucho por las fechas (estamos en Festes de Sant Joan) ha sido todo un placer dormir con el sonido de la lluvia que taaantos meses hac\u00eda que no escuchaba \ud83d\ude42 Y como el d\u00eda est\u00e1 m\u00e1s de sof\u00e1 y\u00a0peli, que de terraza y jardines, os traigo una decoraci\u00f3n r\u00e1pida, sencilla y resultona que podemos poner en pr\u00e1ctica hoy mismo, se trata del moodboard, aunque tambi\u00e9n podr\u00edamos decir collage o muro de inspiraci\u00f3n ;). Es muy sencillo, se trata b\u00e1sicamente de poner en la pared todo aquello que nos guste. Os","og_url":"https:\/\/www.euroresidentes.com\/hogar\/interiorismo-caleidoscopico\/moodboard\/","og_site_name":"Interiorismo","article_publisher":"https:\/\/www.facebook.com\/euroresidentes\/","article_published_time":"2014-06-24T10:56:00+00:00","article_modified_time":"2016-03-18T14:42:36+00:00","og_image":[{"width":500,"height":714,"url":"https:\/\/www.euroresidentes.com\/hogar\/interiorismo-caleidoscopico\/wp-content\/uploads\/sites\/3\/2014\/06\/moodboard06.jpg","type":"image\/jpeg"}],"author":"Isabel Jim\u00e9nez","twitter_card":"summary_large_image","twitter_misc":{"Written by":"Isabel Jim\u00e9nez","Est. reading time":"2 minutos"},"schema":{"@context":"https:\/\/schema.org","@graph":[{"@type":"WebPage","@id":"https:\/\/www.euroresidentes.com\/hogar\/interiorismo-caleidoscopico\/moodboard\/","url":"https:\/\/www.euroresidentes.com\/hogar\/interiorismo-caleidoscopico\/moodboard\/","name":"Moodboard - Interiorismo","isPartOf":{"@id":"https:\/\/www.euroresidentes.com\/hogar\/interiorismo-caleidoscopico\/#website"},"primaryImageOfPage":{"@id":"https:\/\/www.euroresidentes.com\/hogar\/interiorismo-caleidoscopico\/moodboard\/#primaryimage"},"image":{"@id":"https:\/\/www.euroresidentes.com\/hogar\/interiorismo-caleidoscopico\/moodboard\/#primaryimage"},"thumbnailUrl":"https:\/\/www.euroresidentes.com\/hogar\/interiorismo-caleidoscopico\/wp-content\/uploads\/sites\/3\/2014\/06\/moodboard06.jpg","datePublished":"2014-06-24T10:56:00+00:00","dateModified":"2016-03-18T14:42:36+00:00","author":{"@id":"https:\/\/www.euroresidentes.com\/hogar\/interiorismo-caleidoscopico\/#\/schema\/person\/d99dff20f6a5a8e66c2ba54e7ab5034e"},"breadcrumb":{"@id":"https:\/\/www.euroresidentes.com\/hogar\/interiorismo-caleidoscopico\/moodboard\/#breadcrumb"},"inLanguage":"es","potentialAction":[{"@type":"ReadAction","target":["https:\/\/www.euroresidentes.com\/hogar\/interiorismo-caleidoscopico\/moodboard\/"]}]},{"@type":"ImageObject","inLanguage":"es","@id":"https:\/\/www.euroresidentes.com\/hogar\/interiorismo-caleidoscopico\/moodboard\/#primaryimage","url":"https:\/\/www.euroresidentes.com\/hogar\/interiorismo-caleidoscopico\/wp-content\/uploads\/sites\/3\/2014\/06\/moodboard06.jpg","contentUrl":"https:\/\/www.euroresidentes.com\/hogar\/interiorismo-caleidoscopico\/wp-content\/uploads\/sites\/3\/2014\/06\/moodboard06.jpg","width":500,"height":714},{"@type":"BreadcrumbList","@id":"https:\/\/www.euroresidentes.com\/hogar\/interiorismo-caleidoscopico\/moodboard\/#breadcrumb","itemListElement":[{"@type":"ListItem","position":1,"name":"Portada","item":"https:\/\/www.euroresidentes.com\/hogar\/interiorismo-caleidoscopico\/"},{"@type":"ListItem","position":2,"name":"Moodboard"}]},{"@type":"WebSite","@id":"https:\/\/www.euroresidentes.com\/hogar\/interiorismo-caleidoscopico\/#website","url":"https:\/\/www.euroresidentes.com\/hogar\/interiorismo-caleidoscopico\/","name":"Interiorismo","description":"Euroresidentes","potentialAction":[{"@type":"SearchAction","target":{"@type":"EntryPoint","urlTemplate":"https:\/\/www.euroresidentes.com\/hogar\/interiorismo-caleidoscopico\/?s={search_term_string}"},"query-input":{"@type":"PropertyValueSpecification","valueRequired":true,"valueName":"search_term_string"}}],"inLanguage":"es"},{"@type":"Person","@id":"https:\/\/www.euroresidentes.com\/hogar\/interiorismo-caleidoscopico\/#\/schema\/person\/d99dff20f6a5a8e66c2ba54e7ab5034e","name":"Isabel Jim\u00e9nez","image":{"@type":"ImageObject","inLanguage":"es","@id":"https:\/\/www.euroresidentes.com\/hogar\/interiorismo-caleidoscopico\/#\/schema\/person\/image\/","url":"https:\/\/www.euroresidentes.com\/hogar\/interiorismo-caleidoscopico\/wp-content\/uploads\/sites\/3\/2016\/02\/autora-isabel-150x150.jpg","contentUrl":"https:\/\/www.euroresidentes.com\/hogar\/interiorismo-caleidoscopico\/wp-content\/uploads\/sites\/3\/2016\/02\/autora-isabel-150x150.jpg","caption":"Isabel Jim\u00e9nez"},"description":"Isabel JimenezSoy Arquitecta, Interiorista y dise\u00f1adora gr\u00e1fica, actualmente vivo en Alicante pero soy de Navaluenga, un pueblito de \u00c1vila en medio de un valle.","sameAs":["https:\/\/www.euroresidentes.com\/hogar\/isabel-jimenez.html"],"url":"https:\/\/www.euroresidentes.com\/hogar\/interiorismo-caleidoscopico\/author\/isabeljimenez\/"}]}},"_links":{"self":[{"href":"https:\/\/www.euroresidentes.com\/hogar\/interiorismo-caleidoscopico\/wp-json\/wp\/v2\/posts\/328","targetHints":{"allow":["GET"]}}],"collection":[{"href":"https:\/\/www.euroresidentes.com\/hogar\/interiorismo-caleidoscopico\/wp-json\/wp\/v2\/posts"}],"about":[{"href":"https:\/\/www.euroresidentes.com\/hogar\/interiorismo-caleidoscopico\/wp-json\/wp\/v2\/types\/post"}],"author":[{"embeddable":true,"href":"https:\/\/www.euroresidentes.com\/hogar\/interiorismo-caleidoscopico\/wp-json\/wp\/v2\/users\/11"}],"replies":[{"embeddable":true,"href":"https:\/\/www.euroresidentes.com\/hogar\/interiorismo-caleidoscopico\/wp-json\/wp\/v2\/comments?post=328"}],"version-history":[{"count":3,"href":"https:\/\/www.euroresidentes.com\/hogar\/interiorismo-caleidoscopico\/wp-json\/wp\/v2\/posts\/328\/revisions"}],"predecessor-version":[{"id":724,"href":"https:\/\/www.euroresidentes.com\/hogar\/interiorismo-caleidoscopico\/wp-json\/wp\/v2\/posts\/328\/revisions\/724"}],"wp:featuredmedia":[{"embeddable":true,"href":"https:\/\/www.euroresidentes.com\/hogar\/interiorismo-caleidoscopico\/wp-json\/wp\/v2\/media\/621"}],"wp:attachment":[{"href":"https:\/\/www.euroresidentes.com\/hogar\/interiorismo-caleidoscopico\/wp-json\/wp\/v2\/media?parent=328"}],"wp:term":[{"taxonomy":"category","embeddable":true,"href":"https:\/\/www.euroresidentes.com\/hogar\/interiorismo-caleidoscopico\/wp-json\/wp\/v2\/categories?post=328"},{"taxonomy":"post_tag","embeddable":true,"href":"https:\/\/www.euroresidentes.com\/hogar\/interiorismo-caleidoscopico\/wp-json\/wp\/v2\/tags?post=328"}],"curies":[{"name":"wp","href":"https:\/\/api.w.org\/{rel}","templated":true}]}}