{"id":319,"date":"2014-08-04T12:00:00","date_gmt":"2014-08-04T12:00:00","guid":{"rendered":"http:\/\/www.euroresidentes.com\/hogar\/interiorismo-caleidoscopico\/hoteles-bonitisimos-01-antidoto-rooms"},"modified":"2016-02-23T15:43:51","modified_gmt":"2016-02-23T15:43:51","slug":"hoteles-bonitisimos-01-antidoto-rooms","status":"publish","type":"post","link":"https:\/\/www.euroresidentes.com\/hogar\/interiorismo-caleidoscopico\/hoteles-bonitisimos-01-antidoto-rooms\/","title":{"rendered":"Hoteles de Dise\u00f1o 01: Ant\u00eddoto Rooms"},"content":{"rendered":"<div class=\"separator\" style=\"clear: both; text-align: center;\">\n<a href=\"http:\/\/www.euroresidentes.com\/hogar\/interiorismo-caleidoscopico\/wp-content\/uploads\/sites\/3\/2014\/08\/Escaleras-1024x732.jpg\" imageanchor=\"1\" style=\"clear: left; float: left; margin-bottom: 1em; margin-right: 1em;\"><img loading=\"lazy\" decoding=\"async\" border=\"0\" src=\"http:\/\/www.euroresidentes.com\/hogar\/interiorismo-caleidoscopico\/wp-content\/uploads\/sites\/3\/2014\/08\/Escaleras-1024x732.jpg\" height=\"456\" width=\"640\" \/><\/a><\/div>\n<div class=\"separator\" style=\"clear: both; text-align: center;\">\n<\/div>\n<p>C\u00f3mo agosto es el mes de las vacaciones por excelencia, se me ha ocurrido hablaros de nuestros <i>\u00abmini\u00bb hogares durante las vacaciones ;), <b>los hoteles<\/b><\/i>. Si sois un poco apasionados del dise\u00f1o, o si os gustan los sitios cuidados y con identidad, estos pueden ser vuestros pr\u00f3ximos destinos, ir\u00e9 comentando hoteles en los que he estado, para poder dar una opini\u00f3n fiable, ya que he tenido alguna experiencia no muy agradable, en la que las fotos no se corresponden con la realidad (una pena).<\/p>\n<p>En esta ocasi\u00f3n no os pasar\u00e1, os hablo de&nbsp;<a href=\"http:\/\/antidotorooms.com\/\" rel=\"nofollow\" target=\"_blank\">Ant\u00eddoto Rooms<\/a>&nbsp;en Toledo, comentaros que ya hab\u00eda estado anteriormente y fue un chasco el hotel en el que estuvimos, asique en esta ocasi\u00f3n <i>busque algo &nbsp;<b>BBB<\/b> (bueno, bonito y barato)<\/i>,<b><i> y todo lo cumpl\u00eda este coqueto hotel<\/i><\/b>.<\/p>\n<p>El hotel est\u00e1 situado en el centro de Toledo, y es una <i><b>intervenci\u00f3n muy interesante y cuidada en una casa antigua del s.XVI,<\/b><\/i> una pasada, con un patio central que invade de luz la escalera de acceso a las habitaciones, una <b><i>escalera con balaustrada de madera y pasarelas de vidrio, que deja pasar la luz y crea diferentes filtros<\/i><\/b> <i>y te hace transportarte a medio camino entre la modernidad y lo tradicional.<\/i><\/p>\n<p>Nada m\u00e1s pasar el gran port\u00f3n de madera, se percibe que es un sitio especial, muy cuidado, en el que <i>han sabido conservar restos de muros antiguos<\/i>, desde mamposter\u00eda romana, pasando por muros isl\u00e1micos del s.VIII y respetando la estructura del edificio del s.XVI, <b><i>una maravilla de historia que enlazan a la perfecci\u00f3n con obras y dise\u00f1o contempor\u00e1neo<\/i><\/b>.&nbsp;<\/p>\n<p><\/p>\n<div class=\"separator\" style=\"clear: both; text-align: center;\">\n<a href=\"http:\/\/www.euroresidentes.com\/hogar\/interiorismo-caleidoscopico\/wp-content\/uploads\/sites\/3\/2014\/08\/Antidoto-rooms01-399x1024.png\" imageanchor=\"1\" style=\"clear: left; float: left; margin-bottom: 1em; margin-right: 1em;\"><img decoding=\"async\" border=\"0\" src=\"http:\/\/www.euroresidentes.com\/hogar\/interiorismo-caleidoscopico\/wp-content\/uploads\/sites\/3\/2014\/08\/Antidoto-rooms01-399x1024.png\" \/><\/a><\/div>\n<p>\nEn cuanto a <b><i>las habitaciones<\/i><\/b>, he de decir que son espacios muy acogedores,&nbsp;aunque sean <i>minimalistas<\/i>, habitaciones <i>pintadas en blanco, lo que genera una sensaci\u00f3n de amplitud y con una ventana o dos, la luz inunda el espacio<\/i>, s\u00e1banas blanco nieve en las que apetece tirarse nada m\u00e1s llegar, <b><i>el lavabo y la ducha est\u00e1n integrados de una forma perfecta en la habitaci\u00f3n<\/i><\/b>, en nuestro caso la N\u00ba07, est\u00e1n <i>situados bajo unas vigas y pilares de madera restaurados que lo encuadraban<\/i>, la ducha ten\u00eda un dise\u00f1o natural muy conseguido, con piedras blancas pulidas con un tacto suave y una integraci\u00f3n de 10, por supuesto, el inodoro a parte y con una puerta de vidrio con texto en un vinilo al \u00e1cido para dar intimidad.&nbsp;<\/p>\n<p>En <b><i>el mobiliario<\/i><\/b> predomina el <b><i>blanco<\/i><\/b>, con <i>peque\u00f1os contrastes en color caoba<\/i>, en el cabecero y en la mesa auxiliar, donde se encuentra una cafetera nespresso con c\u00e1psulas, crema y agua, todo gratis y muy de agradecer. La mayor\u00eda es de dise\u00f1o, <b><i>sillas de los eames, l\u00e1mparas de <a href=\"http:\/\/www.lzf-lamps.com\/products\/link-p\/\" rel=\"nofollow\" target=\"_blank\">Lzf-lamps<\/a>&nbsp;(que aportaban el toque de color -naranja-), y c\u00f3mo complemento mi \u00a1\u00a1adorada mecedora de los eames!!<\/i><\/b> S\u00f3lo con eso a mi ya me ganaron ;P. La decoraci\u00f3n se compone del mobiliario y la rehabilitaci\u00f3n, en los espacios comunes hay alguna obra colgada, pero en las habitaciones (por lo menos cuando yo estuve) no, y en mi opini\u00f3n no les hac\u00eda falta ya que el espacio y el mobiliario era suficiente.<\/p>\n<div class=\"separator\" style=\"clear: both; text-align: center;\">\n<\/div>\n<div class=\"separator\" style=\"clear: both; text-align: center;\">\n<a href=\"http:\/\/www.euroresidentes.com\/hogar\/interiorismo-caleidoscopico\/wp-content\/uploads\/sites\/3\/2014\/08\/Antidoto-roomsHab01-591x1024.png\" imageanchor=\"1\" style=\"clear: left; float: left; margin-bottom: 1em; margin-right: 1em;\"><img decoding=\"async\" border=\"0\" src=\"http:\/\/www.euroresidentes.com\/hogar\/interiorismo-caleidoscopico\/wp-content\/uploads\/sites\/3\/2014\/08\/Antidoto-roomsHab01-591x1024.png\" \/><\/a><\/div>\n<p>\nEl resto de habitaciones siguen la misma l\u00ednea de dise\u00f1o, pero <b><i>aportan contraste con colores vibrantes en las vigas, techos y en las zonas de ducha<\/i><\/b>, igualmente me parecen preciosas y no me importar\u00eda conocerlas una a una!! jajajajaja. <i>Me encanta cuando cada habitaci\u00f3n tiene algo diferente o \u00abespecial\u00bb, porque demuestra que <b>se pretenden generar sensaciones acorde a los espacios<\/b> y eso para m\u00ed es lo m\u00e1s importante del dise\u00f1o interior.<\/i><\/p>\n<p><\/p>\n<div class=\"separator\" style=\"clear: both; text-align: center;\">\n<\/div>\n<div class=\"separator\" style=\"clear: both; text-align: center;\">\n<a href=\"http:\/\/www.euroresidentes.com\/hogar\/interiorismo-caleidoscopico\/wp-content\/uploads\/sites\/3\/2014\/08\/Antidoto-roomsHab02-452x1024.png\" imageanchor=\"1\" style=\"clear: left; float: left; margin-bottom: 1em; margin-right: 1em;\"><img decoding=\"async\" border=\"0\" src=\"http:\/\/www.euroresidentes.com\/hogar\/interiorismo-caleidoscopico\/wp-content\/uploads\/sites\/3\/2014\/08\/Antidoto-roomsHab02-452x1024.png\" \/><\/a><\/div>\n<p>\nPor \u00faltimo comentaros que el trato fue genial, y eso tambi\u00e9n te hace encontrarte agusto en un espacio. <i>No dej\u00e9is de visitar Toledo, tiene una gran cantidad de cosas que ver, una deliciosa gastronom\u00eda y con hoteles c\u00f3mo \u00e9ste estar\u00e9is encantados de hacer unas minivacaciones all\u00ed, os lo aseguro!!<\/i><\/p>\n<p><i style=\"background-color: white;\">PD: Acaban de abrir junto al hotel, un mercado precioso, al que, en cuanto tenga ocasi\u00f3n ir\u00e9 sin falta!! Prometo hablados de \u00e9l!!<\/i><\/p>\n<p>\u00a1\u00a1Que disfrut\u00e9is de las vacaciones!! y sino&#8230;siempre podemos \u00abso\u00f1ar\u00bb con ellas durante un ratito, que tampoco est\u00e1 mal ;).<\/p>\n<p>Muaaaaka!!<\/p>\n","protected":false},"excerpt":{"rendered":"<p>C\u00f3mo agosto es el mes de las vacaciones por excelencia, se me ha ocurrido hablaros de nuestros \u00abmini\u00bb hogares durante las vacaciones ;), los hoteles. Si sois un poco apasionados del dise\u00f1o, o si os gustan los sitios cuidados y con identidad, estos pueden ser vuestros pr\u00f3ximos destinos, ir\u00e9 comentando hoteles en los que he estado, para poder dar una opini\u00f3n fiable, ya que he tenido alguna experiencia no muy agradable, en la que las fotos no se corresponden con la realidad (una pena). En esta ocasi\u00f3n no os pasar\u00e1, os hablo de&nbsp;Ant\u00eddoto Rooms&nbsp;en Toledo, comentaros que ya hab\u00eda estado <\/p>\n","protected":false},"author":11,"featured_media":591,"comment_status":"open","ping_status":"open","sticky":false,"template":"","format":"standard","meta":{"footnotes":""},"categories":[6],"tags":[10],"class_list":["post-319","post","type-post","status-publish","format-standard","has-post-thumbnail","hentry","category-tendencias","tag-hoteles","has_thumb"],"yoast_head":"<!-- This site is optimized with the Yoast SEO plugin v24.1 - https:\/\/yoast.com\/wordpress\/plugins\/seo\/ -->\n<title>Hoteles de Dise\u00f1o 01: Ant\u00eddoto Rooms - Interiorismo<\/title>\n<meta name=\"robots\" content=\"index, follow, max-snippet:-1, max-image-preview:large, max-video-preview:-1\" \/>\n<link rel=\"canonical\" href=\"https:\/\/www.euroresidentes.com\/hogar\/interiorismo-caleidoscopico\/hoteles-bonitisimos-01-antidoto-rooms\/\" \/>\n<meta property=\"og:locale\" content=\"es_ES\" \/>\n<meta property=\"og:type\" content=\"article\" \/>\n<meta property=\"og:title\" content=\"Hoteles de Dise\u00f1o 01: Ant\u00eddoto Rooms - Interiorismo\" \/>\n<meta property=\"og:description\" content=\"C\u00f3mo agosto es el mes de las vacaciones por excelencia, se me ha ocurrido hablaros de nuestros \u00abmini\u00bb hogares durante las vacaciones ;), los hoteles. Si sois un poco apasionados del dise\u00f1o, o si os gustan los sitios cuidados y con identidad, estos pueden ser vuestros pr\u00f3ximos destinos, ir\u00e9 comentando hoteles en los que he estado, para poder dar una opini\u00f3n fiable, ya que he tenido alguna experiencia no muy agradable, en la que las fotos no se corresponden con la realidad (una pena). En esta ocasi\u00f3n no os pasar\u00e1, os hablo de&nbsp;Ant\u00eddoto Rooms&nbsp;en Toledo, comentaros que ya hab\u00eda estado\" \/>\n<meta property=\"og:url\" content=\"https:\/\/www.euroresidentes.com\/hogar\/interiorismo-caleidoscopico\/hoteles-bonitisimos-01-antidoto-rooms\/\" \/>\n<meta property=\"og:site_name\" content=\"Interiorismo\" \/>\n<meta property=\"article:publisher\" content=\"https:\/\/www.facebook.com\/euroresidentes\/\" \/>\n<meta property=\"article:published_time\" content=\"2014-08-04T12:00:00+00:00\" \/>\n<meta property=\"article:modified_time\" content=\"2016-02-23T15:43:51+00:00\" \/>\n<meta property=\"og:image\" content=\"https:\/\/www.euroresidentes.com\/hogar\/interiorismo-caleidoscopico\/wp-content\/uploads\/sites\/3\/2014\/08\/Escaleras.jpg\" \/>\n\t<meta property=\"og:image:width\" content=\"1399\" \/>\n\t<meta property=\"og:image:height\" content=\"1000\" \/>\n\t<meta property=\"og:image:type\" content=\"image\/jpeg\" \/>\n<meta name=\"author\" content=\"Isabel Jim\u00e9nez\" \/>\n<meta name=\"twitter:card\" content=\"summary_large_image\" \/>\n<meta name=\"twitter:label1\" content=\"Written by\" \/>\n\t<meta name=\"twitter:data1\" content=\"Isabel Jim\u00e9nez\" \/>\n\t<meta name=\"twitter:label2\" content=\"Est. reading time\" \/>\n\t<meta name=\"twitter:data2\" content=\"4 minutos\" \/>\n<script type=\"application\/ld+json\" class=\"yoast-schema-graph\">{\"@context\":\"https:\/\/schema.org\",\"@graph\":[{\"@type\":\"WebPage\",\"@id\":\"https:\/\/www.euroresidentes.com\/hogar\/interiorismo-caleidoscopico\/hoteles-bonitisimos-01-antidoto-rooms\/\",\"url\":\"https:\/\/www.euroresidentes.com\/hogar\/interiorismo-caleidoscopico\/hoteles-bonitisimos-01-antidoto-rooms\/\",\"name\":\"Hoteles de Dise\u00f1o 01: Ant\u00eddoto Rooms - Interiorismo\",\"isPartOf\":{\"@id\":\"https:\/\/www.euroresidentes.com\/hogar\/interiorismo-caleidoscopico\/#website\"},\"primaryImageOfPage\":{\"@id\":\"https:\/\/www.euroresidentes.com\/hogar\/interiorismo-caleidoscopico\/hoteles-bonitisimos-01-antidoto-rooms\/#primaryimage\"},\"image\":{\"@id\":\"https:\/\/www.euroresidentes.com\/hogar\/interiorismo-caleidoscopico\/hoteles-bonitisimos-01-antidoto-rooms\/#primaryimage\"},\"thumbnailUrl\":\"https:\/\/www.euroresidentes.com\/hogar\/interiorismo-caleidoscopico\/wp-content\/uploads\/sites\/3\/2014\/08\/Escaleras.jpg\",\"datePublished\":\"2014-08-04T12:00:00+00:00\",\"dateModified\":\"2016-02-23T15:43:51+00:00\",\"author\":{\"@id\":\"https:\/\/www.euroresidentes.com\/hogar\/interiorismo-caleidoscopico\/#\/schema\/person\/d99dff20f6a5a8e66c2ba54e7ab5034e\"},\"breadcrumb\":{\"@id\":\"https:\/\/www.euroresidentes.com\/hogar\/interiorismo-caleidoscopico\/hoteles-bonitisimos-01-antidoto-rooms\/#breadcrumb\"},\"inLanguage\":\"es\",\"potentialAction\":[{\"@type\":\"ReadAction\",\"target\":[\"https:\/\/www.euroresidentes.com\/hogar\/interiorismo-caleidoscopico\/hoteles-bonitisimos-01-antidoto-rooms\/\"]}]},{\"@type\":\"ImageObject\",\"inLanguage\":\"es\",\"@id\":\"https:\/\/www.euroresidentes.com\/hogar\/interiorismo-caleidoscopico\/hoteles-bonitisimos-01-antidoto-rooms\/#primaryimage\",\"url\":\"https:\/\/www.euroresidentes.com\/hogar\/interiorismo-caleidoscopico\/wp-content\/uploads\/sites\/3\/2014\/08\/Escaleras.jpg\",\"contentUrl\":\"https:\/\/www.euroresidentes.com\/hogar\/interiorismo-caleidoscopico\/wp-content\/uploads\/sites\/3\/2014\/08\/Escaleras.jpg\",\"width\":1399,\"height\":1000},{\"@type\":\"BreadcrumbList\",\"@id\":\"https:\/\/www.euroresidentes.com\/hogar\/interiorismo-caleidoscopico\/hoteles-bonitisimos-01-antidoto-rooms\/#breadcrumb\",\"itemListElement\":[{\"@type\":\"ListItem\",\"position\":1,\"name\":\"Portada\",\"item\":\"https:\/\/www.euroresidentes.com\/hogar\/interiorismo-caleidoscopico\/\"},{\"@type\":\"ListItem\",\"position\":2,\"name\":\"Hoteles de Dise\u00f1o 01: Ant\u00eddoto Rooms\"}]},{\"@type\":\"WebSite\",\"@id\":\"https:\/\/www.euroresidentes.com\/hogar\/interiorismo-caleidoscopico\/#website\",\"url\":\"https:\/\/www.euroresidentes.com\/hogar\/interiorismo-caleidoscopico\/\",\"name\":\"Interiorismo\",\"description\":\"Euroresidentes\",\"potentialAction\":[{\"@type\":\"SearchAction\",\"target\":{\"@type\":\"EntryPoint\",\"urlTemplate\":\"https:\/\/www.euroresidentes.com\/hogar\/interiorismo-caleidoscopico\/?s={search_term_string}\"},\"query-input\":{\"@type\":\"PropertyValueSpecification\",\"valueRequired\":true,\"valueName\":\"search_term_string\"}}],\"inLanguage\":\"es\"},{\"@type\":\"Person\",\"@id\":\"https:\/\/www.euroresidentes.com\/hogar\/interiorismo-caleidoscopico\/#\/schema\/person\/d99dff20f6a5a8e66c2ba54e7ab5034e\",\"name\":\"Isabel Jim\u00e9nez\",\"image\":{\"@type\":\"ImageObject\",\"inLanguage\":\"es\",\"@id\":\"https:\/\/www.euroresidentes.com\/hogar\/interiorismo-caleidoscopico\/#\/schema\/person\/image\/\",\"url\":\"https:\/\/www.euroresidentes.com\/hogar\/interiorismo-caleidoscopico\/wp-content\/uploads\/sites\/3\/2016\/02\/autora-isabel-150x150.jpg\",\"contentUrl\":\"https:\/\/www.euroresidentes.com\/hogar\/interiorismo-caleidoscopico\/wp-content\/uploads\/sites\/3\/2016\/02\/autora-isabel-150x150.jpg\",\"caption\":\"Isabel Jim\u00e9nez\"},\"description\":\"Isabel JimenezSoy Arquitecta, Interiorista y dise\u00f1adora gr\u00e1fica, actualmente vivo en Alicante pero soy de Navaluenga, un pueblito de \u00c1vila en medio de un valle.\",\"sameAs\":[\"https:\/\/www.euroresidentes.com\/hogar\/isabel-jimenez.html\"],\"url\":\"https:\/\/www.euroresidentes.com\/hogar\/interiorismo-caleidoscopico\/author\/isabeljimenez\/\"}]}<\/script>\n<!-- \/ Yoast SEO plugin. -->","yoast_head_json":{"title":"Hoteles de Dise\u00f1o 01: Ant\u00eddoto Rooms - Interiorismo","robots":{"index":"index","follow":"follow","max-snippet":"max-snippet:-1","max-image-preview":"max-image-preview:large","max-video-preview":"max-video-preview:-1"},"canonical":"https:\/\/www.euroresidentes.com\/hogar\/interiorismo-caleidoscopico\/hoteles-bonitisimos-01-antidoto-rooms\/","og_locale":"es_ES","og_type":"article","og_title":"Hoteles de Dise\u00f1o 01: Ant\u00eddoto Rooms - Interiorismo","og_description":"C\u00f3mo agosto es el mes de las vacaciones por excelencia, se me ha ocurrido hablaros de nuestros \u00abmini\u00bb hogares durante las vacaciones ;), los hoteles. Si sois un poco apasionados del dise\u00f1o, o si os gustan los sitios cuidados y con identidad, estos pueden ser vuestros pr\u00f3ximos destinos, ir\u00e9 comentando hoteles en los que he estado, para poder dar una opini\u00f3n fiable, ya que he tenido alguna experiencia no muy agradable, en la que las fotos no se corresponden con la realidad (una pena). En esta ocasi\u00f3n no os pasar\u00e1, os hablo de&nbsp;Ant\u00eddoto Rooms&nbsp;en Toledo, comentaros que ya hab\u00eda estado","og_url":"https:\/\/www.euroresidentes.com\/hogar\/interiorismo-caleidoscopico\/hoteles-bonitisimos-01-antidoto-rooms\/","og_site_name":"Interiorismo","article_publisher":"https:\/\/www.facebook.com\/euroresidentes\/","article_published_time":"2014-08-04T12:00:00+00:00","article_modified_time":"2016-02-23T15:43:51+00:00","og_image":[{"width":1399,"height":1000,"url":"https:\/\/www.euroresidentes.com\/hogar\/interiorismo-caleidoscopico\/wp-content\/uploads\/sites\/3\/2014\/08\/Escaleras.jpg","type":"image\/jpeg"}],"author":"Isabel Jim\u00e9nez","twitter_card":"summary_large_image","twitter_misc":{"Written by":"Isabel Jim\u00e9nez","Est. reading time":"4 minutos"},"schema":{"@context":"https:\/\/schema.org","@graph":[{"@type":"WebPage","@id":"https:\/\/www.euroresidentes.com\/hogar\/interiorismo-caleidoscopico\/hoteles-bonitisimos-01-antidoto-rooms\/","url":"https:\/\/www.euroresidentes.com\/hogar\/interiorismo-caleidoscopico\/hoteles-bonitisimos-01-antidoto-rooms\/","name":"Hoteles de Dise\u00f1o 01: Ant\u00eddoto Rooms - Interiorismo","isPartOf":{"@id":"https:\/\/www.euroresidentes.com\/hogar\/interiorismo-caleidoscopico\/#website"},"primaryImageOfPage":{"@id":"https:\/\/www.euroresidentes.com\/hogar\/interiorismo-caleidoscopico\/hoteles-bonitisimos-01-antidoto-rooms\/#primaryimage"},"image":{"@id":"https:\/\/www.euroresidentes.com\/hogar\/interiorismo-caleidoscopico\/hoteles-bonitisimos-01-antidoto-rooms\/#primaryimage"},"thumbnailUrl":"https:\/\/www.euroresidentes.com\/hogar\/interiorismo-caleidoscopico\/wp-content\/uploads\/sites\/3\/2014\/08\/Escaleras.jpg","datePublished":"2014-08-04T12:00:00+00:00","dateModified":"2016-02-23T15:43:51+00:00","author":{"@id":"https:\/\/www.euroresidentes.com\/hogar\/interiorismo-caleidoscopico\/#\/schema\/person\/d99dff20f6a5a8e66c2ba54e7ab5034e"},"breadcrumb":{"@id":"https:\/\/www.euroresidentes.com\/hogar\/interiorismo-caleidoscopico\/hoteles-bonitisimos-01-antidoto-rooms\/#breadcrumb"},"inLanguage":"es","potentialAction":[{"@type":"ReadAction","target":["https:\/\/www.euroresidentes.com\/hogar\/interiorismo-caleidoscopico\/hoteles-bonitisimos-01-antidoto-rooms\/"]}]},{"@type":"ImageObject","inLanguage":"es","@id":"https:\/\/www.euroresidentes.com\/hogar\/interiorismo-caleidoscopico\/hoteles-bonitisimos-01-antidoto-rooms\/#primaryimage","url":"https:\/\/www.euroresidentes.com\/hogar\/interiorismo-caleidoscopico\/wp-content\/uploads\/sites\/3\/2014\/08\/Escaleras.jpg","contentUrl":"https:\/\/www.euroresidentes.com\/hogar\/interiorismo-caleidoscopico\/wp-content\/uploads\/sites\/3\/2014\/08\/Escaleras.jpg","width":1399,"height":1000},{"@type":"BreadcrumbList","@id":"https:\/\/www.euroresidentes.com\/hogar\/interiorismo-caleidoscopico\/hoteles-bonitisimos-01-antidoto-rooms\/#breadcrumb","itemListElement":[{"@type":"ListItem","position":1,"name":"Portada","item":"https:\/\/www.euroresidentes.com\/hogar\/interiorismo-caleidoscopico\/"},{"@type":"ListItem","position":2,"name":"Hoteles de Dise\u00f1o 01: Ant\u00eddoto Rooms"}]},{"@type":"WebSite","@id":"https:\/\/www.euroresidentes.com\/hogar\/interiorismo-caleidoscopico\/#website","url":"https:\/\/www.euroresidentes.com\/hogar\/interiorismo-caleidoscopico\/","name":"Interiorismo","description":"Euroresidentes","potentialAction":[{"@type":"SearchAction","target":{"@type":"EntryPoint","urlTemplate":"https:\/\/www.euroresidentes.com\/hogar\/interiorismo-caleidoscopico\/?s={search_term_string}"},"query-input":{"@type":"PropertyValueSpecification","valueRequired":true,"valueName":"search_term_string"}}],"inLanguage":"es"},{"@type":"Person","@id":"https:\/\/www.euroresidentes.com\/hogar\/interiorismo-caleidoscopico\/#\/schema\/person\/d99dff20f6a5a8e66c2ba54e7ab5034e","name":"Isabel Jim\u00e9nez","image":{"@type":"ImageObject","inLanguage":"es","@id":"https:\/\/www.euroresidentes.com\/hogar\/interiorismo-caleidoscopico\/#\/schema\/person\/image\/","url":"https:\/\/www.euroresidentes.com\/hogar\/interiorismo-caleidoscopico\/wp-content\/uploads\/sites\/3\/2016\/02\/autora-isabel-150x150.jpg","contentUrl":"https:\/\/www.euroresidentes.com\/hogar\/interiorismo-caleidoscopico\/wp-content\/uploads\/sites\/3\/2016\/02\/autora-isabel-150x150.jpg","caption":"Isabel Jim\u00e9nez"},"description":"Isabel JimenezSoy Arquitecta, Interiorista y dise\u00f1adora gr\u00e1fica, actualmente vivo en Alicante pero soy de Navaluenga, un pueblito de \u00c1vila en medio de un valle.","sameAs":["https:\/\/www.euroresidentes.com\/hogar\/isabel-jimenez.html"],"url":"https:\/\/www.euroresidentes.com\/hogar\/interiorismo-caleidoscopico\/author\/isabeljimenez\/"}]}},"_links":{"self":[{"href":"https:\/\/www.euroresidentes.com\/hogar\/interiorismo-caleidoscopico\/wp-json\/wp\/v2\/posts\/319","targetHints":{"allow":["GET"]}}],"collection":[{"href":"https:\/\/www.euroresidentes.com\/hogar\/interiorismo-caleidoscopico\/wp-json\/wp\/v2\/posts"}],"about":[{"href":"https:\/\/www.euroresidentes.com\/hogar\/interiorismo-caleidoscopico\/wp-json\/wp\/v2\/types\/post"}],"author":[{"embeddable":true,"href":"https:\/\/www.euroresidentes.com\/hogar\/interiorismo-caleidoscopico\/wp-json\/wp\/v2\/users\/11"}],"replies":[{"embeddable":true,"href":"https:\/\/www.euroresidentes.com\/hogar\/interiorismo-caleidoscopico\/wp-json\/wp\/v2\/comments?post=319"}],"version-history":[{"count":1,"href":"https:\/\/www.euroresidentes.com\/hogar\/interiorismo-caleidoscopico\/wp-json\/wp\/v2\/posts\/319\/revisions"}],"predecessor-version":[{"id":595,"href":"https:\/\/www.euroresidentes.com\/hogar\/interiorismo-caleidoscopico\/wp-json\/wp\/v2\/posts\/319\/revisions\/595"}],"wp:featuredmedia":[{"embeddable":true,"href":"https:\/\/www.euroresidentes.com\/hogar\/interiorismo-caleidoscopico\/wp-json\/wp\/v2\/media\/591"}],"wp:attachment":[{"href":"https:\/\/www.euroresidentes.com\/hogar\/interiorismo-caleidoscopico\/wp-json\/wp\/v2\/media?parent=319"}],"wp:term":[{"taxonomy":"category","embeddable":true,"href":"https:\/\/www.euroresidentes.com\/hogar\/interiorismo-caleidoscopico\/wp-json\/wp\/v2\/categories?post=319"},{"taxonomy":"post_tag","embeddable":true,"href":"https:\/\/www.euroresidentes.com\/hogar\/interiorismo-caleidoscopico\/wp-json\/wp\/v2\/tags?post=319"}],"curies":[{"name":"wp","href":"https:\/\/api.w.org\/{rel}","templated":true}]}}