{"id":315,"date":"2014-08-27T09:16:00","date_gmt":"2014-08-27T09:16:00","guid":{"rendered":"http:\/\/www.euroresidentes.com\/hogar\/interiorismo-caleidoscopico\/tendencia-color-block"},"modified":"2016-03-18T14:48:09","modified_gmt":"2016-03-18T14:48:09","slug":"tendencia-color-block","status":"publish","type":"post","link":"https:\/\/www.euroresidentes.com\/hogar\/interiorismo-caleidoscopico\/tendencia-color-block\/","title":{"rendered":"Tendencia \u00a1Color Block!"},"content":{"rendered":"<div><a href=\"http:\/\/www.euroresidentes.com\/hogar\/interiorismo-caleidoscopico\/wp-content\/uploads\/sites\/3\/2014\/08\/color-block-00-1024x683.jpg\"><img loading=\"lazy\" decoding=\"async\" class=\"aligncenter\" src=\"http:\/\/www.euroresidentes.com\/hogar\/interiorismo-caleidoscopico\/wp-content\/uploads\/sites\/3\/2014\/08\/color-block-00-1024x683.jpg\" alt=\"\" width=\"640\" height=\"426\" border=\"0\" \/><\/a><\/div>\n<p>&nbsp;<\/p>\n<div class=\"separator\" style=\"clear: both; text-align: left;\"><i>\u00a1Buenos d\u00edas!<\/i> Hoy me he levantado con mucha energ\u00eda, he venido unos d\u00edas a visitar a la familia y eso, siempre carga las pilas :), y como para mi la energ\u00eda es igual a color&#8230;pues he decidido hacer un post sobre <b><i>\u00abColor Blocking\u00bb.<\/i><\/b>\u00a0Supongo que esta tendencia os sonar\u00e1 m\u00e1s del mundo de la moda, pero es una<b><i> tendencia que est\u00e1 pegando fuerte<\/i><\/b> desde finales de 2012 en el mundo del dise\u00f1o interior, y que va a continuar <b><i>esta nueva temporada<\/i><\/b>.<\/div>\n<div class=\"separator\" style=\"clear: both; text-align: left;\"><\/div>\n<div class=\"separator\" style=\"clear: both; text-align: left;\">Voy a daros unas <b><i>claves para realizar una intervenci\u00f3n en casa<\/i><\/b>,<i> no es una ley para seguirla al \u00abpie de la letra\u00bb, pero nos ayudar\u00e1 si estamos un poco perdidos<\/i>:<\/div>\n<div class=\"separator\" style=\"clear: both; text-align: left;\"><\/div>\n<ol>\n<li>Lo primero y m\u00e1s importante,<b> usar colores s\u00f3lidos<\/b>.<\/li>\n<li>Elegir<b> un color principal<\/b>, y luego, dependiendo de la mezcla o lo atrevidos que seamos ir <b>combin\u00e1ndolo<\/b> con <b>1, 2 o m\u00e1s colores<\/b>.<\/li>\n<li>Una vez elegido el color principal, ir <b>probando<\/b> con los <b>colores complementarios<\/b>.<\/li>\n<li>Se pueden <b>incluir<\/b> los diferentes colores <b>de dos formas<\/b>, en las <b><i>paredes y objetos grandes<\/i><\/b>, que tengan una superficie importante (sof\u00e1s, alfombras&#8230;) o ir <b><i>a\u00f1adiendo peque\u00f1os toques<\/i><\/b> en peque\u00f1os objetos (lo veremos un poco m\u00e1s abajo).<\/li>\n<li>Por \u00faltimo, intentar crear un <b>equilibrio de color<\/b>, por ejemplo darle al<b> color principal<\/b> un <b>60-70% <\/b>de importancia, al <b>segundo un 40%<\/b> y un <b>20% al tercero<\/b>. As\u00ed lograremos un <b><i>equilibrio visual m\u00e1s controlado y armonioso<\/i><\/b>.<\/li>\n<\/ol>\n<p>&nbsp;<\/p>\n<div class=\"separator\" style=\"clear: both; text-align: center;\"><\/div>\n<div class=\"separator\" style=\"clear: both; text-align: center;\"><a style=\"margin-left: 1em; margin-right: 1em; text-align: center;\" href=\"http:\/\/www.euroresidentes.com\/hogar\/interiorismo-caleidoscopico\/wp-content\/uploads\/sites\/3\/2014\/08\/Color-B-392x1024.png\"><img loading=\"lazy\" decoding=\"async\" class=\"\" src=\"http:\/\/www.euroresidentes.com\/hogar\/interiorismo-caleidoscopico\/wp-content\/uploads\/sites\/3\/2014\/08\/Color-B-392x1024.png\" alt=\"\" width=\"519\" height=\"1160\" border=\"0\" \/><\/a><\/div>\n<div class=\"separator\" style=\"clear: both; text-align: center;\"><\/div>\n<div class=\"separator\" style=\"clear: both; text-align: left;\">Por otro lado, <i>para los que os guste esta tendencia y no quer\u00e1is pintar toda la casa o cambiar vuestros muebles<\/i>, existe la opci\u00f3n de <b><i>incluir esta tendencia a trav\u00e9s de objetos y complementos de decoraci\u00f3n<\/i><\/b>:<\/div>\n<div class=\"separator\" style=\"clear: both; text-align: left;\"><\/div>\n<ul>\n<li>Aqu\u00ed podemos <b>seguir con la regla del color principal<\/b>, por ejemplo <b>el que ya predomine<\/b> en nuestra sal\u00f3n, dormitorio..<b>.y elegir objetos, textiles, de 1, 2 o m\u00e1s colores<\/b>.<\/li>\n<li>Los textiles aqu\u00ed forman una parte importante,<b> fundas de coj\u00edn, cortinas<\/b>&#8230;son <b>elementos f\u00e1ciles de cambiar<\/b> y con una gran variedad de colores, incluso algunos ya est\u00e1n dise\u00f1ados con \u00abcolor block\u00bb, lo que nos ahorrar\u00eda el decidir qu\u00e9 colores elegir, los objetos ya nos dan las pistas, as\u00ed ser\u00eda elegir objetos en los mismos tonos que los textiles.<\/li>\n<li>Por \u00faltimo, podemos <b>escoger un s\u00f3lo tono que acompa\u00f1e a nuestro color principal<\/b>, e ir aumentando su porcentaje en el espacio con varios objetos de ese color, adem\u00e1s podemos<b> \u00abcustomizar\u00bb algunas piezas y adaptarlas a los colores que hayamos elegido<\/b>, taburetes, mesas auxiliares, camareras&#8230;todo vale, siempre que respetemos el color principal \ud83d\ude42<\/li>\n<\/ul>\n<div><a href=\"http:\/\/www.euroresidentes.com\/hogar\/interiorismo-caleidoscopico\/wp-content\/uploads\/sites\/3\/2014\/08\/Color-B2-426x1024.png\"><img loading=\"lazy\" decoding=\"async\" class=\"aligncenter\" src=\"http:\/\/www.euroresidentes.com\/hogar\/interiorismo-caleidoscopico\/wp-content\/uploads\/sites\/3\/2014\/08\/Color-B2-426x1024.png\" alt=\"\" width=\"561\" height=\"1174\" border=\"0\" \/><\/a><\/div>\n<p><b><i>S\u00ed ten\u00e9is cualquier duda, plantearla y os ayudar\u00e9 en todo lo que est\u00e9 en mi mano<\/i><\/b>, <i>se que a veces cambiar de \u00abcolores\u00bb asusta un poco, porque no sabemos si nos cansar\u00e1n m\u00e1s que los que tenemos, pero en mi opini\u00f3n los cambios son buenos ;).<\/i><\/p>\n<p><i>Muaaaaka!!<\/i><\/p>\n","protected":false},"excerpt":{"rendered":"<p>&nbsp; \u00a1Buenos d\u00edas! Hoy me he levantado con mucha energ\u00eda, he venido unos d\u00edas a visitar a la familia y eso, siempre carga las pilas :), y como para mi la energ\u00eda es igual a color&#8230;pues he decidido hacer un post sobre \u00abColor Blocking\u00bb.\u00a0Supongo que esta tendencia os sonar\u00e1 m\u00e1s del mundo de la moda, pero es una tendencia que est\u00e1 pegando fuerte desde finales de 2012 en el mundo del dise\u00f1o interior, y que va a continuar esta nueva temporada. Voy a daros unas claves para realizar una intervenci\u00f3n en casa, no es una ley para seguirla al \u00abpie <\/p>\n","protected":false},"author":11,"featured_media":577,"comment_status":"open","ping_status":"open","sticky":false,"template":"","format":"standard","meta":{"footnotes":""},"categories":[8],"tags":[],"class_list":["post-315","post","type-post","status-publish","format-standard","has-post-thumbnail","hentry","category-ideas","has_thumb"],"yoast_head":"<!-- This site is optimized with the Yoast SEO plugin v24.1 - https:\/\/yoast.com\/wordpress\/plugins\/seo\/ -->\n<title>Tendencia \u00a1Color Block! - Interiorismo<\/title>\n<meta name=\"robots\" content=\"index, follow, max-snippet:-1, max-image-preview:large, max-video-preview:-1\" \/>\n<link rel=\"canonical\" href=\"https:\/\/www.euroresidentes.com\/hogar\/interiorismo-caleidoscopico\/tendencia-color-block\/\" \/>\n<meta property=\"og:locale\" content=\"es_ES\" \/>\n<meta property=\"og:type\" content=\"article\" \/>\n<meta property=\"og:title\" content=\"Tendencia \u00a1Color Block! - Interiorismo\" \/>\n<meta property=\"og:description\" content=\"&nbsp; \u00a1Buenos d\u00edas! Hoy me he levantado con mucha energ\u00eda, he venido unos d\u00edas a visitar a la familia y eso, siempre carga las pilas :), y como para mi la energ\u00eda es igual a color&#8230;pues he decidido hacer un post sobre \u00abColor Blocking\u00bb.\u00a0Supongo que esta tendencia os sonar\u00e1 m\u00e1s del mundo de la moda, pero es una tendencia que est\u00e1 pegando fuerte desde finales de 2012 en el mundo del dise\u00f1o interior, y que va a continuar esta nueva temporada. Voy a daros unas claves para realizar una intervenci\u00f3n en casa, no es una ley para seguirla al \u00abpie\" \/>\n<meta property=\"og:url\" content=\"https:\/\/www.euroresidentes.com\/hogar\/interiorismo-caleidoscopico\/tendencia-color-block\/\" \/>\n<meta property=\"og:site_name\" content=\"Interiorismo\" \/>\n<meta property=\"article:publisher\" content=\"https:\/\/www.facebook.com\/euroresidentes\/\" \/>\n<meta property=\"article:published_time\" content=\"2014-08-27T09:16:00+00:00\" \/>\n<meta property=\"article:modified_time\" content=\"2016-03-18T14:48:09+00:00\" \/>\n<meta property=\"og:image\" content=\"https:\/\/www.euroresidentes.com\/hogar\/interiorismo-caleidoscopico\/wp-content\/uploads\/sites\/3\/2014\/08\/color-block-00.jpg\" \/>\n\t<meta property=\"og:image:width\" content=\"1350\" \/>\n\t<meta property=\"og:image:height\" content=\"900\" \/>\n\t<meta property=\"og:image:type\" content=\"image\/jpeg\" \/>\n<meta name=\"author\" content=\"Isabel Jim\u00e9nez\" \/>\n<meta name=\"twitter:card\" content=\"summary_large_image\" \/>\n<meta name=\"twitter:label1\" content=\"Written by\" \/>\n\t<meta name=\"twitter:data1\" content=\"Isabel Jim\u00e9nez\" \/>\n\t<meta name=\"twitter:label2\" content=\"Est. reading time\" \/>\n\t<meta name=\"twitter:data2\" content=\"2 minutos\" \/>\n<script type=\"application\/ld+json\" class=\"yoast-schema-graph\">{\"@context\":\"https:\/\/schema.org\",\"@graph\":[{\"@type\":\"WebPage\",\"@id\":\"https:\/\/www.euroresidentes.com\/hogar\/interiorismo-caleidoscopico\/tendencia-color-block\/\",\"url\":\"https:\/\/www.euroresidentes.com\/hogar\/interiorismo-caleidoscopico\/tendencia-color-block\/\",\"name\":\"Tendencia \u00a1Color Block! - Interiorismo\",\"isPartOf\":{\"@id\":\"https:\/\/www.euroresidentes.com\/hogar\/interiorismo-caleidoscopico\/#website\"},\"primaryImageOfPage\":{\"@id\":\"https:\/\/www.euroresidentes.com\/hogar\/interiorismo-caleidoscopico\/tendencia-color-block\/#primaryimage\"},\"image\":{\"@id\":\"https:\/\/www.euroresidentes.com\/hogar\/interiorismo-caleidoscopico\/tendencia-color-block\/#primaryimage\"},\"thumbnailUrl\":\"https:\/\/www.euroresidentes.com\/hogar\/interiorismo-caleidoscopico\/wp-content\/uploads\/sites\/3\/2014\/08\/color-block-00.jpg\",\"datePublished\":\"2014-08-27T09:16:00+00:00\",\"dateModified\":\"2016-03-18T14:48:09+00:00\",\"author\":{\"@id\":\"https:\/\/www.euroresidentes.com\/hogar\/interiorismo-caleidoscopico\/#\/schema\/person\/d99dff20f6a5a8e66c2ba54e7ab5034e\"},\"breadcrumb\":{\"@id\":\"https:\/\/www.euroresidentes.com\/hogar\/interiorismo-caleidoscopico\/tendencia-color-block\/#breadcrumb\"},\"inLanguage\":\"es\",\"potentialAction\":[{\"@type\":\"ReadAction\",\"target\":[\"https:\/\/www.euroresidentes.com\/hogar\/interiorismo-caleidoscopico\/tendencia-color-block\/\"]}]},{\"@type\":\"ImageObject\",\"inLanguage\":\"es\",\"@id\":\"https:\/\/www.euroresidentes.com\/hogar\/interiorismo-caleidoscopico\/tendencia-color-block\/#primaryimage\",\"url\":\"https:\/\/www.euroresidentes.com\/hogar\/interiorismo-caleidoscopico\/wp-content\/uploads\/sites\/3\/2014\/08\/color-block-00.jpg\",\"contentUrl\":\"https:\/\/www.euroresidentes.com\/hogar\/interiorismo-caleidoscopico\/wp-content\/uploads\/sites\/3\/2014\/08\/color-block-00.jpg\",\"width\":1350,\"height\":900},{\"@type\":\"BreadcrumbList\",\"@id\":\"https:\/\/www.euroresidentes.com\/hogar\/interiorismo-caleidoscopico\/tendencia-color-block\/#breadcrumb\",\"itemListElement\":[{\"@type\":\"ListItem\",\"position\":1,\"name\":\"Portada\",\"item\":\"https:\/\/www.euroresidentes.com\/hogar\/interiorismo-caleidoscopico\/\"},{\"@type\":\"ListItem\",\"position\":2,\"name\":\"Tendencia \u00a1Color Block!\"}]},{\"@type\":\"WebSite\",\"@id\":\"https:\/\/www.euroresidentes.com\/hogar\/interiorismo-caleidoscopico\/#website\",\"url\":\"https:\/\/www.euroresidentes.com\/hogar\/interiorismo-caleidoscopico\/\",\"name\":\"Interiorismo\",\"description\":\"Euroresidentes\",\"potentialAction\":[{\"@type\":\"SearchAction\",\"target\":{\"@type\":\"EntryPoint\",\"urlTemplate\":\"https:\/\/www.euroresidentes.com\/hogar\/interiorismo-caleidoscopico\/?s={search_term_string}\"},\"query-input\":{\"@type\":\"PropertyValueSpecification\",\"valueRequired\":true,\"valueName\":\"search_term_string\"}}],\"inLanguage\":\"es\"},{\"@type\":\"Person\",\"@id\":\"https:\/\/www.euroresidentes.com\/hogar\/interiorismo-caleidoscopico\/#\/schema\/person\/d99dff20f6a5a8e66c2ba54e7ab5034e\",\"name\":\"Isabel Jim\u00e9nez\",\"image\":{\"@type\":\"ImageObject\",\"inLanguage\":\"es\",\"@id\":\"https:\/\/www.euroresidentes.com\/hogar\/interiorismo-caleidoscopico\/#\/schema\/person\/image\/\",\"url\":\"https:\/\/www.euroresidentes.com\/hogar\/interiorismo-caleidoscopico\/wp-content\/uploads\/sites\/3\/2016\/02\/autora-isabel-150x150.jpg\",\"contentUrl\":\"https:\/\/www.euroresidentes.com\/hogar\/interiorismo-caleidoscopico\/wp-content\/uploads\/sites\/3\/2016\/02\/autora-isabel-150x150.jpg\",\"caption\":\"Isabel Jim\u00e9nez\"},\"description\":\"Isabel JimenezSoy Arquitecta, Interiorista y dise\u00f1adora gr\u00e1fica, actualmente vivo en Alicante pero soy de Navaluenga, un pueblito de \u00c1vila en medio de un valle.\",\"sameAs\":[\"https:\/\/www.euroresidentes.com\/hogar\/isabel-jimenez.html\"],\"url\":\"https:\/\/www.euroresidentes.com\/hogar\/interiorismo-caleidoscopico\/author\/isabeljimenez\/\"}]}<\/script>\n<!-- \/ Yoast SEO plugin. -->","yoast_head_json":{"title":"Tendencia \u00a1Color Block! - Interiorismo","robots":{"index":"index","follow":"follow","max-snippet":"max-snippet:-1","max-image-preview":"max-image-preview:large","max-video-preview":"max-video-preview:-1"},"canonical":"https:\/\/www.euroresidentes.com\/hogar\/interiorismo-caleidoscopico\/tendencia-color-block\/","og_locale":"es_ES","og_type":"article","og_title":"Tendencia \u00a1Color Block! - Interiorismo","og_description":"&nbsp; \u00a1Buenos d\u00edas! Hoy me he levantado con mucha energ\u00eda, he venido unos d\u00edas a visitar a la familia y eso, siempre carga las pilas :), y como para mi la energ\u00eda es igual a color&#8230;pues he decidido hacer un post sobre \u00abColor Blocking\u00bb.\u00a0Supongo que esta tendencia os sonar\u00e1 m\u00e1s del mundo de la moda, pero es una tendencia que est\u00e1 pegando fuerte desde finales de 2012 en el mundo del dise\u00f1o interior, y que va a continuar esta nueva temporada. Voy a daros unas claves para realizar una intervenci\u00f3n en casa, no es una ley para seguirla al \u00abpie","og_url":"https:\/\/www.euroresidentes.com\/hogar\/interiorismo-caleidoscopico\/tendencia-color-block\/","og_site_name":"Interiorismo","article_publisher":"https:\/\/www.facebook.com\/euroresidentes\/","article_published_time":"2014-08-27T09:16:00+00:00","article_modified_time":"2016-03-18T14:48:09+00:00","og_image":[{"width":1350,"height":900,"url":"https:\/\/www.euroresidentes.com\/hogar\/interiorismo-caleidoscopico\/wp-content\/uploads\/sites\/3\/2014\/08\/color-block-00.jpg","type":"image\/jpeg"}],"author":"Isabel Jim\u00e9nez","twitter_card":"summary_large_image","twitter_misc":{"Written by":"Isabel Jim\u00e9nez","Est. reading time":"2 minutos"},"schema":{"@context":"https:\/\/schema.org","@graph":[{"@type":"WebPage","@id":"https:\/\/www.euroresidentes.com\/hogar\/interiorismo-caleidoscopico\/tendencia-color-block\/","url":"https:\/\/www.euroresidentes.com\/hogar\/interiorismo-caleidoscopico\/tendencia-color-block\/","name":"Tendencia \u00a1Color Block! - Interiorismo","isPartOf":{"@id":"https:\/\/www.euroresidentes.com\/hogar\/interiorismo-caleidoscopico\/#website"},"primaryImageOfPage":{"@id":"https:\/\/www.euroresidentes.com\/hogar\/interiorismo-caleidoscopico\/tendencia-color-block\/#primaryimage"},"image":{"@id":"https:\/\/www.euroresidentes.com\/hogar\/interiorismo-caleidoscopico\/tendencia-color-block\/#primaryimage"},"thumbnailUrl":"https:\/\/www.euroresidentes.com\/hogar\/interiorismo-caleidoscopico\/wp-content\/uploads\/sites\/3\/2014\/08\/color-block-00.jpg","datePublished":"2014-08-27T09:16:00+00:00","dateModified":"2016-03-18T14:48:09+00:00","author":{"@id":"https:\/\/www.euroresidentes.com\/hogar\/interiorismo-caleidoscopico\/#\/schema\/person\/d99dff20f6a5a8e66c2ba54e7ab5034e"},"breadcrumb":{"@id":"https:\/\/www.euroresidentes.com\/hogar\/interiorismo-caleidoscopico\/tendencia-color-block\/#breadcrumb"},"inLanguage":"es","potentialAction":[{"@type":"ReadAction","target":["https:\/\/www.euroresidentes.com\/hogar\/interiorismo-caleidoscopico\/tendencia-color-block\/"]}]},{"@type":"ImageObject","inLanguage":"es","@id":"https:\/\/www.euroresidentes.com\/hogar\/interiorismo-caleidoscopico\/tendencia-color-block\/#primaryimage","url":"https:\/\/www.euroresidentes.com\/hogar\/interiorismo-caleidoscopico\/wp-content\/uploads\/sites\/3\/2014\/08\/color-block-00.jpg","contentUrl":"https:\/\/www.euroresidentes.com\/hogar\/interiorismo-caleidoscopico\/wp-content\/uploads\/sites\/3\/2014\/08\/color-block-00.jpg","width":1350,"height":900},{"@type":"BreadcrumbList","@id":"https:\/\/www.euroresidentes.com\/hogar\/interiorismo-caleidoscopico\/tendencia-color-block\/#breadcrumb","itemListElement":[{"@type":"ListItem","position":1,"name":"Portada","item":"https:\/\/www.euroresidentes.com\/hogar\/interiorismo-caleidoscopico\/"},{"@type":"ListItem","position":2,"name":"Tendencia \u00a1Color Block!"}]},{"@type":"WebSite","@id":"https:\/\/www.euroresidentes.com\/hogar\/interiorismo-caleidoscopico\/#website","url":"https:\/\/www.euroresidentes.com\/hogar\/interiorismo-caleidoscopico\/","name":"Interiorismo","description":"Euroresidentes","potentialAction":[{"@type":"SearchAction","target":{"@type":"EntryPoint","urlTemplate":"https:\/\/www.euroresidentes.com\/hogar\/interiorismo-caleidoscopico\/?s={search_term_string}"},"query-input":{"@type":"PropertyValueSpecification","valueRequired":true,"valueName":"search_term_string"}}],"inLanguage":"es"},{"@type":"Person","@id":"https:\/\/www.euroresidentes.com\/hogar\/interiorismo-caleidoscopico\/#\/schema\/person\/d99dff20f6a5a8e66c2ba54e7ab5034e","name":"Isabel Jim\u00e9nez","image":{"@type":"ImageObject","inLanguage":"es","@id":"https:\/\/www.euroresidentes.com\/hogar\/interiorismo-caleidoscopico\/#\/schema\/person\/image\/","url":"https:\/\/www.euroresidentes.com\/hogar\/interiorismo-caleidoscopico\/wp-content\/uploads\/sites\/3\/2016\/02\/autora-isabel-150x150.jpg","contentUrl":"https:\/\/www.euroresidentes.com\/hogar\/interiorismo-caleidoscopico\/wp-content\/uploads\/sites\/3\/2016\/02\/autora-isabel-150x150.jpg","caption":"Isabel Jim\u00e9nez"},"description":"Isabel JimenezSoy Arquitecta, Interiorista y dise\u00f1adora gr\u00e1fica, actualmente vivo en Alicante pero soy de Navaluenga, un pueblito de \u00c1vila en medio de un valle.","sameAs":["https:\/\/www.euroresidentes.com\/hogar\/isabel-jimenez.html"],"url":"https:\/\/www.euroresidentes.com\/hogar\/interiorismo-caleidoscopico\/author\/isabeljimenez\/"}]}},"_links":{"self":[{"href":"https:\/\/www.euroresidentes.com\/hogar\/interiorismo-caleidoscopico\/wp-json\/wp\/v2\/posts\/315","targetHints":{"allow":["GET"]}}],"collection":[{"href":"https:\/\/www.euroresidentes.com\/hogar\/interiorismo-caleidoscopico\/wp-json\/wp\/v2\/posts"}],"about":[{"href":"https:\/\/www.euroresidentes.com\/hogar\/interiorismo-caleidoscopico\/wp-json\/wp\/v2\/types\/post"}],"author":[{"embeddable":true,"href":"https:\/\/www.euroresidentes.com\/hogar\/interiorismo-caleidoscopico\/wp-json\/wp\/v2\/users\/11"}],"replies":[{"embeddable":true,"href":"https:\/\/www.euroresidentes.com\/hogar\/interiorismo-caleidoscopico\/wp-json\/wp\/v2\/comments?post=315"}],"version-history":[{"count":2,"href":"https:\/\/www.euroresidentes.com\/hogar\/interiorismo-caleidoscopico\/wp-json\/wp\/v2\/posts\/315\/revisions"}],"predecessor-version":[{"id":730,"href":"https:\/\/www.euroresidentes.com\/hogar\/interiorismo-caleidoscopico\/wp-json\/wp\/v2\/posts\/315\/revisions\/730"}],"wp:featuredmedia":[{"embeddable":true,"href":"https:\/\/www.euroresidentes.com\/hogar\/interiorismo-caleidoscopico\/wp-json\/wp\/v2\/media\/577"}],"wp:attachment":[{"href":"https:\/\/www.euroresidentes.com\/hogar\/interiorismo-caleidoscopico\/wp-json\/wp\/v2\/media?parent=315"}],"wp:term":[{"taxonomy":"category","embeddable":true,"href":"https:\/\/www.euroresidentes.com\/hogar\/interiorismo-caleidoscopico\/wp-json\/wp\/v2\/categories?post=315"},{"taxonomy":"post_tag","embeddable":true,"href":"https:\/\/www.euroresidentes.com\/hogar\/interiorismo-caleidoscopico\/wp-json\/wp\/v2\/tags?post=315"}],"curies":[{"name":"wp","href":"https:\/\/api.w.org\/{rel}","templated":true}]}}