{"id":311,"date":"2014-09-11T07:33:00","date_gmt":"2014-09-11T07:33:00","guid":{"rendered":"http:\/\/www.euroresidentes.com\/hogar\/interiorismo-caleidoscopico\/rincones-de-lecturao-espacios-de"},"modified":"2016-05-04T11:58:47","modified_gmt":"2016-05-04T09:58:47","slug":"rincones-de-lecturao-espacios-de","status":"publish","type":"post","link":"https:\/\/www.euroresidentes.com\/hogar\/interiorismo-caleidoscopico\/rincones-de-lecturao-espacios-de\/","title":{"rendered":"Rincones de lectura&#8230;\u00bfo espacios de imaginaci\u00f3n?"},"content":{"rendered":"<div class=\"separator\" style=\"clear: both; text-align: center;\"><a href=\"http:\/\/www.euroresidentes.com\/hogar\/interiorismo-caleidoscopico\/wp-content\/uploads\/sites\/3\/2014\/09\/portada00.png\"><img decoding=\"async\" src=\"http:\/\/www.euroresidentes.com\/hogar\/interiorismo-caleidoscopico\/wp-content\/uploads\/sites\/3\/2014\/09\/portada00.png\" alt=\"\" border=\"0\" \/><\/a><\/div>\n<p><a style=\"clear: left; float: left; margin-bottom: 1em; margin-right: 1em;\" href=\"http:\/\/1.bp.blogspot.com\/-W77EExyYqxg\/VA__l0wLFpI\/AAAAAAAAAdY\/frp1aZuqFGE\/s1600\/portada00.jpg\"><br \/> <\/a><\/p>\n<p>\u00a1Hola! Hoy estoy muy contenta de poder participar en #diariodeco7, asique lo primero, gracias por dejarme acompa\u00f1aros en otra aventura \u00abdeco\u00bb.<br \/> El tema propuesto para este mes (repetiremos cada lunes de cada mes :D) son los <b><i>\u00abrincones de lectura\u00bb o como a mi me gusta denominarlos&#8230;espacios de imaginaci\u00f3n<\/i><\/b>, porque <i>\u00bfque hay mejor que coger un libro y cambiar de lugar, de \u00e9poca, adentrarte en una aventura o en el m\u00e1s sentido drama?<\/i> Eso s\u00f3lo lo consiguen los libros, algunos dir\u00e9is \u00abel cine tambi\u00e9n\u00bb, y tendr\u00e9is vuestra parte de raz\u00f3n, pero en el cine ya nos est\u00e1n \u00abllevando\u00bb donde ellos quieren y con un libro, el que lo pone todo eres t\u00fa, caras, rincones, espacios&#8230;<\/p>\n<p> As\u00ed que despu\u00e9s de esta \u00abparrafada\u00bb os doy mis claves para un buen \u00abrinc\u00f3n de lectura\u00bb<\/p>\n<h3>Claves para crear el rinc\u00f3n de lectura perfecto<\/h3>\n<ul>\n<li>Para mi lo <b><i>primero y primordial<\/i><\/b> es <b><i>que sea c\u00f3modo<\/i><\/b>, s\u00ed, se que muchos dir\u00e9is que lo m\u00e1s importante es tener una buena luz (pero eso viene despu\u00e9s para mi ;P). <i>Un lugar acogedor y confortable en el que sentirse a gusto<\/i>. Lo m\u00e1s acogedor son <b><i>los espacios acotados<\/i><\/b>, como los marcos de ventanas ampliados, sino, un <b><i>sof\u00e1 chaiselounge individual<\/i><\/b> y por \u00faltimo <b><i>las geniales y divertidas \u00abhang chair\u00bb<\/i><\/b>, unos sillones colgados, que ya crean por s\u00ed solos un espacio recogido y acotado.<\/li>\n<li>Ahora le toca a <b><i>la luz<\/i><\/b>, lo mejor es la <i>iluminaci\u00f3n natural<\/i>, no tiene porque ser directa, incluso en determinadas horas podr\u00eda molestarnos, asique lo mejor es un <b><i>espacio con claridad<\/i><\/b> y una entrada de luz natural. En el caso de que no tengamos un espacio bien iluminado de forma natural para leer, es tan sencillo como colocar una <i>l\u00e1mpara de pie <\/i>junto a nuestro rinc\u00f3n con una <i>bombilla similar a la luz natural y que no irradie luz directa<\/i>.<\/li>\n<li>Lo siguiente ser\u00eda tener cerca una <b><i>peque\u00f1a estanter\u00eda y una mesita para el caf\u00e9 o t\u00e9<\/i><\/b>, piensa que es tu momento, y ser\u00e1 mejor cuanto m\u00e1s placentero lo hagamos.<\/li>\n<li>Por \u00faltimo, <b><i>detalles<\/i><\/b> (un poco menos comunes) <b><i>para mi rinc\u00f3n de lectura perfecto <\/i><\/b>o lo que yo llamo <b><i>\u00abkit de lectura\u00bb<\/i><\/b>: <i>millones de cojines<\/i> (varios tama\u00f1os),<i> manta en invierno, una cortina que nos delimite algo m\u00e1s el espacio para hacerlo m\u00e1s intimo, una bandejita<\/i> (porque con el t\u00e9 o el caf\u00e9 me gusta comer algo ;P) <i>y una buena tormenta<\/i> (s\u00ed, s\u00e9 que eso no depende de mi, pero por pedir&#8230;jajajaja).<\/li>\n<li>En esto de los rincones de lectura, <b><i>no os olvid\u00e9is de los m\u00e1s peques<\/i><\/b>, hay que motivarles a la lectura y s\u00ed es desde peque\u00f1itos, mucho mejor, <i>\u00a1\u00a1hay soluciones muy f\u00e1ciles y precios\u00edsimas para ellos!!<\/i> os dejo alguna idea :).<\/li>\n<\/ul>\n<div class=\"separator\" style=\"clear: both; text-align: center;\"><a href=\"http:\/\/www.euroresidentes.com\/hogar\/interiorismo-caleidoscopico\/wp-content\/uploads\/sites\/3\/2014\/09\/Rincon-de-lectura001-483x1024.png\"><img decoding=\"async\" src=\"http:\/\/www.euroresidentes.com\/hogar\/interiorismo-caleidoscopico\/wp-content\/uploads\/sites\/3\/2014\/09\/Rincon-de-lectura001-483x1024.png\" alt=\"\" border=\"0\" \/>\u00a0<\/a><\/div>\n<div class=\"separator\" style=\"clear: both; text-align: center;\"><a href=\"http:\/\/www.euroresidentes.com\/hogar\/interiorismo-caleidoscopico\/wp-content\/uploads\/sites\/3\/2014\/09\/Rincon-de-lectura-516x1024.png\"><img decoding=\"async\" src=\"http:\/\/www.euroresidentes.com\/hogar\/interiorismo-caleidoscopico\/wp-content\/uploads\/sites\/3\/2014\/09\/Rincon-de-lectura-516x1024.png\" alt=\"\" border=\"0\" \/><\/a><\/div>\n<div class=\"separator\" style=\"clear: both; text-align: left;\">S\u00ed quer\u00e9is saber m\u00e1s sobre este tema, no os olvid\u00e9is de visitar los blogs del resto de compis de #diariodeco\u00a0<a href=\"http:\/\/www.thedecosoul.com\/2014\/09\/diariodeco7-rincones-de-lectura.html\" target=\"_blank\" rel=\"nofollow\">aqu\u00ed<\/a>.<\/div>\n<div class=\"separator\" style=\"clear: both; text-align: left;\">\u00a0<\/div>\n<div class=\"separator\" style=\"clear: both; text-align: left;\">Yo participo con este post en esta edici\u00f3n de #diariodeco7<\/div>\n<div class=\"separator\" style=\"clear: both; text-align: left;\">\u00a0<\/div>\n<div class=\"separator\" style=\"clear: both; text-align: left;\"><i>\u00a1Que sea\u00eds muy felices! y sabe\u00eds, si os ha gustado, compartir el post \ud83d\ude42<\/i><\/div>\n<div class=\"separator\" style=\"clear: both; text-align: left;\"><i>Muaaaka!<\/i><\/div>\n","protected":false},"excerpt":{"rendered":"<p>\u00a1Hola! Hoy estoy muy contenta de poder participar en #diariodeco7, asique lo primero, gracias por dejarme acompa\u00f1aros en otra aventura \u00abdeco\u00bb. El tema propuesto para este mes (repetiremos cada lunes de cada mes :D) son los \u00abrincones de lectura\u00bb o como a mi me gusta denominarlos&#8230;espacios de imaginaci\u00f3n, porque \u00bfque hay mejor que coger un libro y cambiar de lugar, de \u00e9poca, adentrarte en una aventura o en el m\u00e1s sentido drama? Eso s\u00f3lo lo consiguen los libros, algunos dir\u00e9is \u00abel cine tambi\u00e9n\u00bb, y tendr\u00e9is vuestra parte de raz\u00f3n, pero en el cine ya nos est\u00e1n \u00abllevando\u00bb donde ellos quieren <\/p>\n","protected":false},"author":11,"featured_media":561,"comment_status":"open","ping_status":"open","sticky":false,"template":"","format":"standard","meta":{"footnotes":""},"categories":[8],"tags":[],"class_list":["post-311","post","type-post","status-publish","format-standard","has-post-thumbnail","hentry","category-ideas","has_thumb"],"yoast_head":"<!-- This site is optimized with the Yoast SEO plugin v24.1 - https:\/\/yoast.com\/wordpress\/plugins\/seo\/ -->\n<title>Rincones de lectura...\u00bfo espacios de imaginaci\u00f3n? - Interiorismo<\/title>\n<meta name=\"robots\" content=\"index, follow, max-snippet:-1, max-image-preview:large, max-video-preview:-1\" \/>\n<link rel=\"canonical\" href=\"https:\/\/www.euroresidentes.com\/hogar\/interiorismo-caleidoscopico\/rincones-de-lecturao-espacios-de\/\" \/>\n<meta property=\"og:locale\" content=\"es_ES\" \/>\n<meta property=\"og:type\" content=\"article\" \/>\n<meta property=\"og:title\" content=\"Rincones de lectura...\u00bfo espacios de imaginaci\u00f3n? - Interiorismo\" \/>\n<meta property=\"og:description\" content=\"\u00a1Hola! Hoy estoy muy contenta de poder participar en #diariodeco7, asique lo primero, gracias por dejarme acompa\u00f1aros en otra aventura \u00abdeco\u00bb. El tema propuesto para este mes (repetiremos cada lunes de cada mes :D) son los \u00abrincones de lectura\u00bb o como a mi me gusta denominarlos&#8230;espacios de imaginaci\u00f3n, porque \u00bfque hay mejor que coger un libro y cambiar de lugar, de \u00e9poca, adentrarte en una aventura o en el m\u00e1s sentido drama? Eso s\u00f3lo lo consiguen los libros, algunos dir\u00e9is \u00abel cine tambi\u00e9n\u00bb, y tendr\u00e9is vuestra parte de raz\u00f3n, pero en el cine ya nos est\u00e1n \u00abllevando\u00bb donde ellos quieren\" \/>\n<meta property=\"og:url\" content=\"https:\/\/www.euroresidentes.com\/hogar\/interiorismo-caleidoscopico\/rincones-de-lecturao-espacios-de\/\" \/>\n<meta property=\"og:site_name\" content=\"Interiorismo\" \/>\n<meta property=\"article:publisher\" content=\"https:\/\/www.facebook.com\/euroresidentes\/\" \/>\n<meta property=\"article:published_time\" content=\"2014-09-11T07:33:00+00:00\" \/>\n<meta property=\"article:modified_time\" content=\"2016-05-04T09:58:47+00:00\" \/>\n<meta property=\"og:image\" content=\"https:\/\/www.euroresidentes.com\/hogar\/interiorismo-caleidoscopico\/wp-content\/uploads\/sites\/3\/2014\/09\/portada00.png\" \/>\n\t<meta property=\"og:image:width\" content=\"600\" \/>\n\t<meta property=\"og:image:height\" content=\"450\" \/>\n\t<meta property=\"og:image:type\" content=\"image\/png\" \/>\n<meta name=\"author\" content=\"Isabel Jim\u00e9nez\" \/>\n<meta name=\"twitter:card\" content=\"summary_large_image\" \/>\n<meta name=\"twitter:label1\" content=\"Written by\" \/>\n\t<meta name=\"twitter:data1\" content=\"Isabel Jim\u00e9nez\" \/>\n\t<meta name=\"twitter:label2\" content=\"Est. reading time\" \/>\n\t<meta name=\"twitter:data2\" content=\"3 minutos\" \/>\n<script type=\"application\/ld+json\" class=\"yoast-schema-graph\">{\"@context\":\"https:\/\/schema.org\",\"@graph\":[{\"@type\":\"WebPage\",\"@id\":\"https:\/\/www.euroresidentes.com\/hogar\/interiorismo-caleidoscopico\/rincones-de-lecturao-espacios-de\/\",\"url\":\"https:\/\/www.euroresidentes.com\/hogar\/interiorismo-caleidoscopico\/rincones-de-lecturao-espacios-de\/\",\"name\":\"Rincones de lectura...\u00bfo espacios de imaginaci\u00f3n? - Interiorismo\",\"isPartOf\":{\"@id\":\"https:\/\/www.euroresidentes.com\/hogar\/interiorismo-caleidoscopico\/#website\"},\"primaryImageOfPage\":{\"@id\":\"https:\/\/www.euroresidentes.com\/hogar\/interiorismo-caleidoscopico\/rincones-de-lecturao-espacios-de\/#primaryimage\"},\"image\":{\"@id\":\"https:\/\/www.euroresidentes.com\/hogar\/interiorismo-caleidoscopico\/rincones-de-lecturao-espacios-de\/#primaryimage\"},\"thumbnailUrl\":\"https:\/\/www.euroresidentes.com\/hogar\/interiorismo-caleidoscopico\/wp-content\/uploads\/sites\/3\/2014\/09\/portada00.png\",\"datePublished\":\"2014-09-11T07:33:00+00:00\",\"dateModified\":\"2016-05-04T09:58:47+00:00\",\"author\":{\"@id\":\"https:\/\/www.euroresidentes.com\/hogar\/interiorismo-caleidoscopico\/#\/schema\/person\/d99dff20f6a5a8e66c2ba54e7ab5034e\"},\"breadcrumb\":{\"@id\":\"https:\/\/www.euroresidentes.com\/hogar\/interiorismo-caleidoscopico\/rincones-de-lecturao-espacios-de\/#breadcrumb\"},\"inLanguage\":\"es\",\"potentialAction\":[{\"@type\":\"ReadAction\",\"target\":[\"https:\/\/www.euroresidentes.com\/hogar\/interiorismo-caleidoscopico\/rincones-de-lecturao-espacios-de\/\"]}]},{\"@type\":\"ImageObject\",\"inLanguage\":\"es\",\"@id\":\"https:\/\/www.euroresidentes.com\/hogar\/interiorismo-caleidoscopico\/rincones-de-lecturao-espacios-de\/#primaryimage\",\"url\":\"https:\/\/www.euroresidentes.com\/hogar\/interiorismo-caleidoscopico\/wp-content\/uploads\/sites\/3\/2014\/09\/portada00.png\",\"contentUrl\":\"https:\/\/www.euroresidentes.com\/hogar\/interiorismo-caleidoscopico\/wp-content\/uploads\/sites\/3\/2014\/09\/portada00.png\",\"width\":600,\"height\":450},{\"@type\":\"BreadcrumbList\",\"@id\":\"https:\/\/www.euroresidentes.com\/hogar\/interiorismo-caleidoscopico\/rincones-de-lecturao-espacios-de\/#breadcrumb\",\"itemListElement\":[{\"@type\":\"ListItem\",\"position\":1,\"name\":\"Portada\",\"item\":\"https:\/\/www.euroresidentes.com\/hogar\/interiorismo-caleidoscopico\/\"},{\"@type\":\"ListItem\",\"position\":2,\"name\":\"Rincones de lectura&#8230;\u00bfo espacios de imaginaci\u00f3n?\"}]},{\"@type\":\"WebSite\",\"@id\":\"https:\/\/www.euroresidentes.com\/hogar\/interiorismo-caleidoscopico\/#website\",\"url\":\"https:\/\/www.euroresidentes.com\/hogar\/interiorismo-caleidoscopico\/\",\"name\":\"Interiorismo\",\"description\":\"Euroresidentes\",\"potentialAction\":[{\"@type\":\"SearchAction\",\"target\":{\"@type\":\"EntryPoint\",\"urlTemplate\":\"https:\/\/www.euroresidentes.com\/hogar\/interiorismo-caleidoscopico\/?s={search_term_string}\"},\"query-input\":{\"@type\":\"PropertyValueSpecification\",\"valueRequired\":true,\"valueName\":\"search_term_string\"}}],\"inLanguage\":\"es\"},{\"@type\":\"Person\",\"@id\":\"https:\/\/www.euroresidentes.com\/hogar\/interiorismo-caleidoscopico\/#\/schema\/person\/d99dff20f6a5a8e66c2ba54e7ab5034e\",\"name\":\"Isabel Jim\u00e9nez\",\"image\":{\"@type\":\"ImageObject\",\"inLanguage\":\"es\",\"@id\":\"https:\/\/www.euroresidentes.com\/hogar\/interiorismo-caleidoscopico\/#\/schema\/person\/image\/\",\"url\":\"https:\/\/www.euroresidentes.com\/hogar\/interiorismo-caleidoscopico\/wp-content\/uploads\/sites\/3\/2016\/02\/autora-isabel-150x150.jpg\",\"contentUrl\":\"https:\/\/www.euroresidentes.com\/hogar\/interiorismo-caleidoscopico\/wp-content\/uploads\/sites\/3\/2016\/02\/autora-isabel-150x150.jpg\",\"caption\":\"Isabel Jim\u00e9nez\"},\"description\":\"Isabel JimenezSoy Arquitecta, Interiorista y dise\u00f1adora gr\u00e1fica, actualmente vivo en Alicante pero soy de Navaluenga, un pueblito de \u00c1vila en medio de un valle.\",\"sameAs\":[\"https:\/\/www.euroresidentes.com\/hogar\/isabel-jimenez.html\"],\"url\":\"https:\/\/www.euroresidentes.com\/hogar\/interiorismo-caleidoscopico\/author\/isabeljimenez\/\"}]}<\/script>\n<!-- \/ Yoast SEO plugin. -->","yoast_head_json":{"title":"Rincones de lectura...\u00bfo espacios de imaginaci\u00f3n? - Interiorismo","robots":{"index":"index","follow":"follow","max-snippet":"max-snippet:-1","max-image-preview":"max-image-preview:large","max-video-preview":"max-video-preview:-1"},"canonical":"https:\/\/www.euroresidentes.com\/hogar\/interiorismo-caleidoscopico\/rincones-de-lecturao-espacios-de\/","og_locale":"es_ES","og_type":"article","og_title":"Rincones de lectura...\u00bfo espacios de imaginaci\u00f3n? - Interiorismo","og_description":"\u00a1Hola! Hoy estoy muy contenta de poder participar en #diariodeco7, asique lo primero, gracias por dejarme acompa\u00f1aros en otra aventura \u00abdeco\u00bb. El tema propuesto para este mes (repetiremos cada lunes de cada mes :D) son los \u00abrincones de lectura\u00bb o como a mi me gusta denominarlos&#8230;espacios de imaginaci\u00f3n, porque \u00bfque hay mejor que coger un libro y cambiar de lugar, de \u00e9poca, adentrarte en una aventura o en el m\u00e1s sentido drama? Eso s\u00f3lo lo consiguen los libros, algunos dir\u00e9is \u00abel cine tambi\u00e9n\u00bb, y tendr\u00e9is vuestra parte de raz\u00f3n, pero en el cine ya nos est\u00e1n \u00abllevando\u00bb donde ellos quieren","og_url":"https:\/\/www.euroresidentes.com\/hogar\/interiorismo-caleidoscopico\/rincones-de-lecturao-espacios-de\/","og_site_name":"Interiorismo","article_publisher":"https:\/\/www.facebook.com\/euroresidentes\/","article_published_time":"2014-09-11T07:33:00+00:00","article_modified_time":"2016-05-04T09:58:47+00:00","og_image":[{"width":600,"height":450,"url":"https:\/\/www.euroresidentes.com\/hogar\/interiorismo-caleidoscopico\/wp-content\/uploads\/sites\/3\/2014\/09\/portada00.png","type":"image\/png"}],"author":"Isabel Jim\u00e9nez","twitter_card":"summary_large_image","twitter_misc":{"Written by":"Isabel Jim\u00e9nez","Est. reading time":"3 minutos"},"schema":{"@context":"https:\/\/schema.org","@graph":[{"@type":"WebPage","@id":"https:\/\/www.euroresidentes.com\/hogar\/interiorismo-caleidoscopico\/rincones-de-lecturao-espacios-de\/","url":"https:\/\/www.euroresidentes.com\/hogar\/interiorismo-caleidoscopico\/rincones-de-lecturao-espacios-de\/","name":"Rincones de lectura...\u00bfo espacios de imaginaci\u00f3n? - Interiorismo","isPartOf":{"@id":"https:\/\/www.euroresidentes.com\/hogar\/interiorismo-caleidoscopico\/#website"},"primaryImageOfPage":{"@id":"https:\/\/www.euroresidentes.com\/hogar\/interiorismo-caleidoscopico\/rincones-de-lecturao-espacios-de\/#primaryimage"},"image":{"@id":"https:\/\/www.euroresidentes.com\/hogar\/interiorismo-caleidoscopico\/rincones-de-lecturao-espacios-de\/#primaryimage"},"thumbnailUrl":"https:\/\/www.euroresidentes.com\/hogar\/interiorismo-caleidoscopico\/wp-content\/uploads\/sites\/3\/2014\/09\/portada00.png","datePublished":"2014-09-11T07:33:00+00:00","dateModified":"2016-05-04T09:58:47+00:00","author":{"@id":"https:\/\/www.euroresidentes.com\/hogar\/interiorismo-caleidoscopico\/#\/schema\/person\/d99dff20f6a5a8e66c2ba54e7ab5034e"},"breadcrumb":{"@id":"https:\/\/www.euroresidentes.com\/hogar\/interiorismo-caleidoscopico\/rincones-de-lecturao-espacios-de\/#breadcrumb"},"inLanguage":"es","potentialAction":[{"@type":"ReadAction","target":["https:\/\/www.euroresidentes.com\/hogar\/interiorismo-caleidoscopico\/rincones-de-lecturao-espacios-de\/"]}]},{"@type":"ImageObject","inLanguage":"es","@id":"https:\/\/www.euroresidentes.com\/hogar\/interiorismo-caleidoscopico\/rincones-de-lecturao-espacios-de\/#primaryimage","url":"https:\/\/www.euroresidentes.com\/hogar\/interiorismo-caleidoscopico\/wp-content\/uploads\/sites\/3\/2014\/09\/portada00.png","contentUrl":"https:\/\/www.euroresidentes.com\/hogar\/interiorismo-caleidoscopico\/wp-content\/uploads\/sites\/3\/2014\/09\/portada00.png","width":600,"height":450},{"@type":"BreadcrumbList","@id":"https:\/\/www.euroresidentes.com\/hogar\/interiorismo-caleidoscopico\/rincones-de-lecturao-espacios-de\/#breadcrumb","itemListElement":[{"@type":"ListItem","position":1,"name":"Portada","item":"https:\/\/www.euroresidentes.com\/hogar\/interiorismo-caleidoscopico\/"},{"@type":"ListItem","position":2,"name":"Rincones de lectura&#8230;\u00bfo espacios de imaginaci\u00f3n?"}]},{"@type":"WebSite","@id":"https:\/\/www.euroresidentes.com\/hogar\/interiorismo-caleidoscopico\/#website","url":"https:\/\/www.euroresidentes.com\/hogar\/interiorismo-caleidoscopico\/","name":"Interiorismo","description":"Euroresidentes","potentialAction":[{"@type":"SearchAction","target":{"@type":"EntryPoint","urlTemplate":"https:\/\/www.euroresidentes.com\/hogar\/interiorismo-caleidoscopico\/?s={search_term_string}"},"query-input":{"@type":"PropertyValueSpecification","valueRequired":true,"valueName":"search_term_string"}}],"inLanguage":"es"},{"@type":"Person","@id":"https:\/\/www.euroresidentes.com\/hogar\/interiorismo-caleidoscopico\/#\/schema\/person\/d99dff20f6a5a8e66c2ba54e7ab5034e","name":"Isabel Jim\u00e9nez","image":{"@type":"ImageObject","inLanguage":"es","@id":"https:\/\/www.euroresidentes.com\/hogar\/interiorismo-caleidoscopico\/#\/schema\/person\/image\/","url":"https:\/\/www.euroresidentes.com\/hogar\/interiorismo-caleidoscopico\/wp-content\/uploads\/sites\/3\/2016\/02\/autora-isabel-150x150.jpg","contentUrl":"https:\/\/www.euroresidentes.com\/hogar\/interiorismo-caleidoscopico\/wp-content\/uploads\/sites\/3\/2016\/02\/autora-isabel-150x150.jpg","caption":"Isabel Jim\u00e9nez"},"description":"Isabel JimenezSoy Arquitecta, Interiorista y dise\u00f1adora gr\u00e1fica, actualmente vivo en Alicante pero soy de Navaluenga, un pueblito de \u00c1vila en medio de un valle.","sameAs":["https:\/\/www.euroresidentes.com\/hogar\/isabel-jimenez.html"],"url":"https:\/\/www.euroresidentes.com\/hogar\/interiorismo-caleidoscopico\/author\/isabeljimenez\/"}]}},"_links":{"self":[{"href":"https:\/\/www.euroresidentes.com\/hogar\/interiorismo-caleidoscopico\/wp-json\/wp\/v2\/posts\/311","targetHints":{"allow":["GET"]}}],"collection":[{"href":"https:\/\/www.euroresidentes.com\/hogar\/interiorismo-caleidoscopico\/wp-json\/wp\/v2\/posts"}],"about":[{"href":"https:\/\/www.euroresidentes.com\/hogar\/interiorismo-caleidoscopico\/wp-json\/wp\/v2\/types\/post"}],"author":[{"embeddable":true,"href":"https:\/\/www.euroresidentes.com\/hogar\/interiorismo-caleidoscopico\/wp-json\/wp\/v2\/users\/11"}],"replies":[{"embeddable":true,"href":"https:\/\/www.euroresidentes.com\/hogar\/interiorismo-caleidoscopico\/wp-json\/wp\/v2\/comments?post=311"}],"version-history":[{"count":4,"href":"https:\/\/www.euroresidentes.com\/hogar\/interiorismo-caleidoscopico\/wp-json\/wp\/v2\/posts\/311\/revisions"}],"predecessor-version":[{"id":769,"href":"https:\/\/www.euroresidentes.com\/hogar\/interiorismo-caleidoscopico\/wp-json\/wp\/v2\/posts\/311\/revisions\/769"}],"wp:featuredmedia":[{"embeddable":true,"href":"https:\/\/www.euroresidentes.com\/hogar\/interiorismo-caleidoscopico\/wp-json\/wp\/v2\/media\/561"}],"wp:attachment":[{"href":"https:\/\/www.euroresidentes.com\/hogar\/interiorismo-caleidoscopico\/wp-json\/wp\/v2\/media?parent=311"}],"wp:term":[{"taxonomy":"category","embeddable":true,"href":"https:\/\/www.euroresidentes.com\/hogar\/interiorismo-caleidoscopico\/wp-json\/wp\/v2\/categories?post=311"},{"taxonomy":"post_tag","embeddable":true,"href":"https:\/\/www.euroresidentes.com\/hogar\/interiorismo-caleidoscopico\/wp-json\/wp\/v2\/tags?post=311"}],"curies":[{"name":"wp","href":"https:\/\/api.w.org\/{rel}","templated":true}]}}