{"id":308,"date":"2014-09-26T07:04:00","date_gmt":"2014-09-26T07:04:00","guid":{"rendered":"http:\/\/www.euroresidentes.com\/hogar\/interiorismo-caleidoscopico\/guia-de-color-5"},"modified":"2016-03-18T14:43:22","modified_gmt":"2016-03-18T14:43:22","slug":"guia-de-color-5","status":"publish","type":"post","link":"https:\/\/www.euroresidentes.com\/hogar\/interiorismo-caleidoscopico\/guia-de-color-5\/","title":{"rendered":"\u00a1Gu\u00eda de color! (5)"},"content":{"rendered":"<div class=\"separator\" style=\"clear: both; text-align: center;\"><\/div>\n<div class=\"separator\" style=\"clear: both; text-align: center;\"><a href=\"http:\/\/www.euroresidentes.com\/hogar\/interiorismo-caleidoscopico\/wp-content\/uploads\/sites\/3\/2014\/09\/PaletaColorOtonal1.png\"><img loading=\"lazy\" decoding=\"async\" class=\"aligncenter size-full wp-image-685\" src=\"http:\/\/www.euroresidentes.com\/hogar\/interiorismo-caleidoscopico\/wp-content\/uploads\/sites\/3\/2014\/09\/PaletaColorOtonal1.png\" alt=\"Paleta Color Oto\u00f1al\" width=\"680\" height=\"638\" srcset=\"https:\/\/www.euroresidentes.com\/hogar\/interiorismo-caleidoscopico\/wp-content\/uploads\/sites\/3\/2014\/09\/PaletaColorOtonal1.png 680w, https:\/\/www.euroresidentes.com\/hogar\/interiorismo-caleidoscopico\/wp-content\/uploads\/sites\/3\/2014\/09\/PaletaColorOtonal1-300x281.png 300w\" sizes=\"auto, (max-width: 680px) 100vw, 680px\" \/><\/a><\/div>\n<div class=\"separator\" style=\"clear: both; text-align: center;\"><\/div>\n<p><b><i>\u00a1Y por fin lleg\u00f3 el oto\u00f1o!<\/i><\/b> He de reconocer que es <i>mi \u00e9poca favorita del a\u00f1o<\/i>, algunos pensar\u00e9is que estoy loca, que la mejor \u00e9poca es el verano, pero no para m\u00ed, <i>me encantan esos d\u00edas grises y lluviosos,<\/i> \u00a0en los que si te fijas bien, <b><i>tambi\u00e9n tienen energ\u00eda y color<\/i><\/b>, s\u00f3lo que en vez de ser evidente, <i>hay que encontrarlo en peque\u00f1os detalles, y lo he encontrado en <b>estas alfombras<\/b><\/i>, <i><b>perfectas para el oto\u00f1o<\/b><\/i> por sus colores <b><i>y perfectas para nuestras casas<\/i><\/b>, ya que es el momento de <i>\u00abvestir nuestros suelos\u00bb<\/i> ;).<\/p>\n<p>Es una <b><i>mezcla de color muy oto\u00f1al<\/i><\/b>, con los <b><i>colores propios de la naturaleza<\/i><\/b>, a<b><i>compa\u00f1ados de alg\u00fan malva y tono crema<\/i><\/b> que equilibran la potencia del resto:<\/p>\n<ul>\n<li><b>Naranja:<\/b> es un color que<i><b> transmite energ\u00eda<\/b><\/i>, ahora la necesitamos porque se sabe que tras las vacaciones y el verano, tenemos m\u00e1s pereza, asique \u00bfqu\u00e9 mejor que a\u00f1adir a nuestros hogares un color que estimule? Adem\u00e1s <b><i>se relaciona con la alegr\u00eda y la felicidad<\/i><\/b>, no se le puede pedir m\u00e1s a un color ;P.<\/li>\n<li><b><i>Marrones y Ocres:<\/i><\/b> nos transmite<b><i> estabilidad, calma y serenidad<\/i><\/b>, por lo que <i>compensa un poco la energ\u00eda de los tonos anaranjados<\/i>, y a la vez <b><i>nos recuerda a la naturaleza<\/i><\/b>, a la madera y su calidez.<\/li>\n<li><b><i>Malva:<\/i><\/b> un morado apagado, cuya caracter\u00edstica principal est\u00e1 ligada a nuestro interior, un color que <b><i>calma, que aporta sensibilidad y belleza<\/i><\/b>, lo que nos puede aportar <i>bienestar cuando lo incluimos en nuestros hogares<\/i>.<\/li>\n<li><b><i>Crema<\/i><\/b>: muy ligado al blanco por lo que es <b><i>perfecto para aportar luminosidad al espacio<\/i><\/b> en esos d\u00edas grises de los que habl\u00e1bamos al principio del post ;).<\/li>\n<\/ul>\n<p>\u00c9sta es <b><i>una de\u00a0mis propuestas para el oto\u00f1o<\/i><\/b>, una pieza en\u00e9rgica, capaz de combinar en cualquier habitaci\u00f3n de nuestras casas, con un\u00a0<b><i>toque \u00e9tnico y ex\u00f3tico que aporta una clara personalidad<\/i><\/b>.<\/p>\n<div style=\"text-align: center;\"><\/div>\n<div style=\"text-align: center;\">Cas\u00ed se me olvida, ya est\u00e1n los <b>resultados del sorteo #diariodeco7<\/b>,<\/div>\n<div style=\"text-align: center;\"><i><b>\u00a0<\/b><\/i><\/div>\n<div style=\"text-align: center;\"><i><b>\u00a1Enhorabuena a las ganadoras! y \u00a1\u00a1Much\u00edsimas Gracias por participar!!<\/b><\/i><\/div>\n<div><a href=\"http:\/\/www.euroresidentes.com\/hogar\/interiorismo-caleidoscopico\/wp-content\/uploads\/sites\/3\/2014\/09\/ganadoresdiariodeco.png\"><img decoding=\"async\" src=\"http:\/\/www.euroresidentes.com\/hogar\/interiorismo-caleidoscopico\/wp-content\/uploads\/sites\/3\/2014\/09\/ganadoresdiariodeco.png\" alt=\"\" border=\"0\" \/><\/a><\/div>\n<p><i>\u00a1\u00a1Que teng\u00e1is un estupendo fin de semana!!<\/i><br \/>\n<i><br \/>\n<\/i><br \/>\n<i>Muaaaaka!!<\/i><\/p>\n","protected":false},"excerpt":{"rendered":"<p>\u00a1Y por fin lleg\u00f3 el oto\u00f1o! He de reconocer que es mi \u00e9poca favorita del a\u00f1o, algunos pensar\u00e9is que estoy loca, que la mejor \u00e9poca es el verano, pero no para m\u00ed, me encantan esos d\u00edas grises y lluviosos, \u00a0en los que si te fijas bien, tambi\u00e9n tienen energ\u00eda y color, s\u00f3lo que en vez de ser evidente, hay que encontrarlo en peque\u00f1os detalles, y lo he encontrado en estas alfombras, perfectas para el oto\u00f1o por sus colores y perfectas para nuestras casas, ya que es el momento de \u00abvestir nuestros suelos\u00bb ;). Es una mezcla de color muy oto\u00f1al, <\/p>\n","protected":false},"author":11,"featured_media":685,"comment_status":"open","ping_status":"open","sticky":false,"template":"","format":"standard","meta":{"footnotes":""},"categories":[8],"tags":[12],"class_list":["post-308","post","type-post","status-publish","format-standard","has-post-thumbnail","hentry","category-ideas","tag-guia-de-color","has_thumb"],"yoast_head":"<!-- This site is optimized with the Yoast SEO plugin v24.1 - https:\/\/yoast.com\/wordpress\/plugins\/seo\/ -->\n<title>\u00a1Gu\u00eda de color! (5) - Interiorismo<\/title>\n<meta name=\"robots\" content=\"index, follow, max-snippet:-1, max-image-preview:large, max-video-preview:-1\" \/>\n<link rel=\"canonical\" href=\"https:\/\/www.euroresidentes.com\/hogar\/interiorismo-caleidoscopico\/guia-de-color-5\/\" \/>\n<meta property=\"og:locale\" content=\"es_ES\" \/>\n<meta property=\"og:type\" content=\"article\" \/>\n<meta property=\"og:title\" content=\"\u00a1Gu\u00eda de color! (5) - Interiorismo\" \/>\n<meta property=\"og:description\" content=\"\u00a1Y por fin lleg\u00f3 el oto\u00f1o! He de reconocer que es mi \u00e9poca favorita del a\u00f1o, algunos pensar\u00e9is que estoy loca, que la mejor \u00e9poca es el verano, pero no para m\u00ed, me encantan esos d\u00edas grises y lluviosos, \u00a0en los que si te fijas bien, tambi\u00e9n tienen energ\u00eda y color, s\u00f3lo que en vez de ser evidente, hay que encontrarlo en peque\u00f1os detalles, y lo he encontrado en estas alfombras, perfectas para el oto\u00f1o por sus colores y perfectas para nuestras casas, ya que es el momento de \u00abvestir nuestros suelos\u00bb ;). Es una mezcla de color muy oto\u00f1al,\" \/>\n<meta property=\"og:url\" content=\"https:\/\/www.euroresidentes.com\/hogar\/interiorismo-caleidoscopico\/guia-de-color-5\/\" \/>\n<meta property=\"og:site_name\" content=\"Interiorismo\" \/>\n<meta property=\"article:publisher\" content=\"https:\/\/www.facebook.com\/euroresidentes\/\" \/>\n<meta property=\"article:published_time\" content=\"2014-09-26T07:04:00+00:00\" \/>\n<meta property=\"article:modified_time\" content=\"2016-03-18T14:43:22+00:00\" \/>\n<meta property=\"og:image\" content=\"https:\/\/www.euroresidentes.com\/hogar\/interiorismo-caleidoscopico\/wp-content\/uploads\/sites\/3\/2014\/09\/PaletaColorOtonal1.png\" \/>\n\t<meta property=\"og:image:width\" content=\"680\" \/>\n\t<meta property=\"og:image:height\" content=\"638\" \/>\n\t<meta property=\"og:image:type\" content=\"image\/png\" \/>\n<meta name=\"author\" content=\"Isabel Jim\u00e9nez\" \/>\n<meta name=\"twitter:card\" content=\"summary_large_image\" \/>\n<meta name=\"twitter:label1\" content=\"Written by\" \/>\n\t<meta name=\"twitter:data1\" content=\"Isabel Jim\u00e9nez\" \/>\n\t<meta name=\"twitter:label2\" content=\"Est. reading time\" \/>\n\t<meta name=\"twitter:data2\" content=\"2 minutos\" \/>\n<script type=\"application\/ld+json\" class=\"yoast-schema-graph\">{\"@context\":\"https:\/\/schema.org\",\"@graph\":[{\"@type\":\"WebPage\",\"@id\":\"https:\/\/www.euroresidentes.com\/hogar\/interiorismo-caleidoscopico\/guia-de-color-5\/\",\"url\":\"https:\/\/www.euroresidentes.com\/hogar\/interiorismo-caleidoscopico\/guia-de-color-5\/\",\"name\":\"\u00a1Gu\u00eda de color! (5) - Interiorismo\",\"isPartOf\":{\"@id\":\"https:\/\/www.euroresidentes.com\/hogar\/interiorismo-caleidoscopico\/#website\"},\"primaryImageOfPage\":{\"@id\":\"https:\/\/www.euroresidentes.com\/hogar\/interiorismo-caleidoscopico\/guia-de-color-5\/#primaryimage\"},\"image\":{\"@id\":\"https:\/\/www.euroresidentes.com\/hogar\/interiorismo-caleidoscopico\/guia-de-color-5\/#primaryimage\"},\"thumbnailUrl\":\"https:\/\/www.euroresidentes.com\/hogar\/interiorismo-caleidoscopico\/wp-content\/uploads\/sites\/3\/2014\/09\/PaletaColorOtonal1.png\",\"datePublished\":\"2014-09-26T07:04:00+00:00\",\"dateModified\":\"2016-03-18T14:43:22+00:00\",\"author\":{\"@id\":\"https:\/\/www.euroresidentes.com\/hogar\/interiorismo-caleidoscopico\/#\/schema\/person\/d99dff20f6a5a8e66c2ba54e7ab5034e\"},\"breadcrumb\":{\"@id\":\"https:\/\/www.euroresidentes.com\/hogar\/interiorismo-caleidoscopico\/guia-de-color-5\/#breadcrumb\"},\"inLanguage\":\"es\",\"potentialAction\":[{\"@type\":\"ReadAction\",\"target\":[\"https:\/\/www.euroresidentes.com\/hogar\/interiorismo-caleidoscopico\/guia-de-color-5\/\"]}]},{\"@type\":\"ImageObject\",\"inLanguage\":\"es\",\"@id\":\"https:\/\/www.euroresidentes.com\/hogar\/interiorismo-caleidoscopico\/guia-de-color-5\/#primaryimage\",\"url\":\"https:\/\/www.euroresidentes.com\/hogar\/interiorismo-caleidoscopico\/wp-content\/uploads\/sites\/3\/2014\/09\/PaletaColorOtonal1.png\",\"contentUrl\":\"https:\/\/www.euroresidentes.com\/hogar\/interiorismo-caleidoscopico\/wp-content\/uploads\/sites\/3\/2014\/09\/PaletaColorOtonal1.png\",\"width\":680,\"height\":638,\"caption\":\"Paleta Color Oto\u00f1al\"},{\"@type\":\"BreadcrumbList\",\"@id\":\"https:\/\/www.euroresidentes.com\/hogar\/interiorismo-caleidoscopico\/guia-de-color-5\/#breadcrumb\",\"itemListElement\":[{\"@type\":\"ListItem\",\"position\":1,\"name\":\"Portada\",\"item\":\"https:\/\/www.euroresidentes.com\/hogar\/interiorismo-caleidoscopico\/\"},{\"@type\":\"ListItem\",\"position\":2,\"name\":\"\u00a1Gu\u00eda de color! (5)\"}]},{\"@type\":\"WebSite\",\"@id\":\"https:\/\/www.euroresidentes.com\/hogar\/interiorismo-caleidoscopico\/#website\",\"url\":\"https:\/\/www.euroresidentes.com\/hogar\/interiorismo-caleidoscopico\/\",\"name\":\"Interiorismo\",\"description\":\"Euroresidentes\",\"potentialAction\":[{\"@type\":\"SearchAction\",\"target\":{\"@type\":\"EntryPoint\",\"urlTemplate\":\"https:\/\/www.euroresidentes.com\/hogar\/interiorismo-caleidoscopico\/?s={search_term_string}\"},\"query-input\":{\"@type\":\"PropertyValueSpecification\",\"valueRequired\":true,\"valueName\":\"search_term_string\"}}],\"inLanguage\":\"es\"},{\"@type\":\"Person\",\"@id\":\"https:\/\/www.euroresidentes.com\/hogar\/interiorismo-caleidoscopico\/#\/schema\/person\/d99dff20f6a5a8e66c2ba54e7ab5034e\",\"name\":\"Isabel Jim\u00e9nez\",\"image\":{\"@type\":\"ImageObject\",\"inLanguage\":\"es\",\"@id\":\"https:\/\/www.euroresidentes.com\/hogar\/interiorismo-caleidoscopico\/#\/schema\/person\/image\/\",\"url\":\"https:\/\/www.euroresidentes.com\/hogar\/interiorismo-caleidoscopico\/wp-content\/uploads\/sites\/3\/2016\/02\/autora-isabel-150x150.jpg\",\"contentUrl\":\"https:\/\/www.euroresidentes.com\/hogar\/interiorismo-caleidoscopico\/wp-content\/uploads\/sites\/3\/2016\/02\/autora-isabel-150x150.jpg\",\"caption\":\"Isabel Jim\u00e9nez\"},\"description\":\"Isabel JimenezSoy Arquitecta, Interiorista y dise\u00f1adora gr\u00e1fica, actualmente vivo en Alicante pero soy de Navaluenga, un pueblito de \u00c1vila en medio de un valle.\",\"sameAs\":[\"https:\/\/www.euroresidentes.com\/hogar\/isabel-jimenez.html\"],\"url\":\"https:\/\/www.euroresidentes.com\/hogar\/interiorismo-caleidoscopico\/author\/isabeljimenez\/\"}]}<\/script>\n<!-- \/ Yoast SEO plugin. -->","yoast_head_json":{"title":"\u00a1Gu\u00eda de color! (5) - Interiorismo","robots":{"index":"index","follow":"follow","max-snippet":"max-snippet:-1","max-image-preview":"max-image-preview:large","max-video-preview":"max-video-preview:-1"},"canonical":"https:\/\/www.euroresidentes.com\/hogar\/interiorismo-caleidoscopico\/guia-de-color-5\/","og_locale":"es_ES","og_type":"article","og_title":"\u00a1Gu\u00eda de color! (5) - Interiorismo","og_description":"\u00a1Y por fin lleg\u00f3 el oto\u00f1o! He de reconocer que es mi \u00e9poca favorita del a\u00f1o, algunos pensar\u00e9is que estoy loca, que la mejor \u00e9poca es el verano, pero no para m\u00ed, me encantan esos d\u00edas grises y lluviosos, \u00a0en los que si te fijas bien, tambi\u00e9n tienen energ\u00eda y color, s\u00f3lo que en vez de ser evidente, hay que encontrarlo en peque\u00f1os detalles, y lo he encontrado en estas alfombras, perfectas para el oto\u00f1o por sus colores y perfectas para nuestras casas, ya que es el momento de \u00abvestir nuestros suelos\u00bb ;). Es una mezcla de color muy oto\u00f1al,","og_url":"https:\/\/www.euroresidentes.com\/hogar\/interiorismo-caleidoscopico\/guia-de-color-5\/","og_site_name":"Interiorismo","article_publisher":"https:\/\/www.facebook.com\/euroresidentes\/","article_published_time":"2014-09-26T07:04:00+00:00","article_modified_time":"2016-03-18T14:43:22+00:00","og_image":[{"width":680,"height":638,"url":"https:\/\/www.euroresidentes.com\/hogar\/interiorismo-caleidoscopico\/wp-content\/uploads\/sites\/3\/2014\/09\/PaletaColorOtonal1.png","type":"image\/png"}],"author":"Isabel Jim\u00e9nez","twitter_card":"summary_large_image","twitter_misc":{"Written by":"Isabel Jim\u00e9nez","Est. reading time":"2 minutos"},"schema":{"@context":"https:\/\/schema.org","@graph":[{"@type":"WebPage","@id":"https:\/\/www.euroresidentes.com\/hogar\/interiorismo-caleidoscopico\/guia-de-color-5\/","url":"https:\/\/www.euroresidentes.com\/hogar\/interiorismo-caleidoscopico\/guia-de-color-5\/","name":"\u00a1Gu\u00eda de color! (5) - Interiorismo","isPartOf":{"@id":"https:\/\/www.euroresidentes.com\/hogar\/interiorismo-caleidoscopico\/#website"},"primaryImageOfPage":{"@id":"https:\/\/www.euroresidentes.com\/hogar\/interiorismo-caleidoscopico\/guia-de-color-5\/#primaryimage"},"image":{"@id":"https:\/\/www.euroresidentes.com\/hogar\/interiorismo-caleidoscopico\/guia-de-color-5\/#primaryimage"},"thumbnailUrl":"https:\/\/www.euroresidentes.com\/hogar\/interiorismo-caleidoscopico\/wp-content\/uploads\/sites\/3\/2014\/09\/PaletaColorOtonal1.png","datePublished":"2014-09-26T07:04:00+00:00","dateModified":"2016-03-18T14:43:22+00:00","author":{"@id":"https:\/\/www.euroresidentes.com\/hogar\/interiorismo-caleidoscopico\/#\/schema\/person\/d99dff20f6a5a8e66c2ba54e7ab5034e"},"breadcrumb":{"@id":"https:\/\/www.euroresidentes.com\/hogar\/interiorismo-caleidoscopico\/guia-de-color-5\/#breadcrumb"},"inLanguage":"es","potentialAction":[{"@type":"ReadAction","target":["https:\/\/www.euroresidentes.com\/hogar\/interiorismo-caleidoscopico\/guia-de-color-5\/"]}]},{"@type":"ImageObject","inLanguage":"es","@id":"https:\/\/www.euroresidentes.com\/hogar\/interiorismo-caleidoscopico\/guia-de-color-5\/#primaryimage","url":"https:\/\/www.euroresidentes.com\/hogar\/interiorismo-caleidoscopico\/wp-content\/uploads\/sites\/3\/2014\/09\/PaletaColorOtonal1.png","contentUrl":"https:\/\/www.euroresidentes.com\/hogar\/interiorismo-caleidoscopico\/wp-content\/uploads\/sites\/3\/2014\/09\/PaletaColorOtonal1.png","width":680,"height":638,"caption":"Paleta Color Oto\u00f1al"},{"@type":"BreadcrumbList","@id":"https:\/\/www.euroresidentes.com\/hogar\/interiorismo-caleidoscopico\/guia-de-color-5\/#breadcrumb","itemListElement":[{"@type":"ListItem","position":1,"name":"Portada","item":"https:\/\/www.euroresidentes.com\/hogar\/interiorismo-caleidoscopico\/"},{"@type":"ListItem","position":2,"name":"\u00a1Gu\u00eda de color! (5)"}]},{"@type":"WebSite","@id":"https:\/\/www.euroresidentes.com\/hogar\/interiorismo-caleidoscopico\/#website","url":"https:\/\/www.euroresidentes.com\/hogar\/interiorismo-caleidoscopico\/","name":"Interiorismo","description":"Euroresidentes","potentialAction":[{"@type":"SearchAction","target":{"@type":"EntryPoint","urlTemplate":"https:\/\/www.euroresidentes.com\/hogar\/interiorismo-caleidoscopico\/?s={search_term_string}"},"query-input":{"@type":"PropertyValueSpecification","valueRequired":true,"valueName":"search_term_string"}}],"inLanguage":"es"},{"@type":"Person","@id":"https:\/\/www.euroresidentes.com\/hogar\/interiorismo-caleidoscopico\/#\/schema\/person\/d99dff20f6a5a8e66c2ba54e7ab5034e","name":"Isabel Jim\u00e9nez","image":{"@type":"ImageObject","inLanguage":"es","@id":"https:\/\/www.euroresidentes.com\/hogar\/interiorismo-caleidoscopico\/#\/schema\/person\/image\/","url":"https:\/\/www.euroresidentes.com\/hogar\/interiorismo-caleidoscopico\/wp-content\/uploads\/sites\/3\/2016\/02\/autora-isabel-150x150.jpg","contentUrl":"https:\/\/www.euroresidentes.com\/hogar\/interiorismo-caleidoscopico\/wp-content\/uploads\/sites\/3\/2016\/02\/autora-isabel-150x150.jpg","caption":"Isabel Jim\u00e9nez"},"description":"Isabel JimenezSoy Arquitecta, Interiorista y dise\u00f1adora gr\u00e1fica, actualmente vivo en Alicante pero soy de Navaluenga, un pueblito de \u00c1vila en medio de un valle.","sameAs":["https:\/\/www.euroresidentes.com\/hogar\/isabel-jimenez.html"],"url":"https:\/\/www.euroresidentes.com\/hogar\/interiorismo-caleidoscopico\/author\/isabeljimenez\/"}]}},"_links":{"self":[{"href":"https:\/\/www.euroresidentes.com\/hogar\/interiorismo-caleidoscopico\/wp-json\/wp\/v2\/posts\/308","targetHints":{"allow":["GET"]}}],"collection":[{"href":"https:\/\/www.euroresidentes.com\/hogar\/interiorismo-caleidoscopico\/wp-json\/wp\/v2\/posts"}],"about":[{"href":"https:\/\/www.euroresidentes.com\/hogar\/interiorismo-caleidoscopico\/wp-json\/wp\/v2\/types\/post"}],"author":[{"embeddable":true,"href":"https:\/\/www.euroresidentes.com\/hogar\/interiorismo-caleidoscopico\/wp-json\/wp\/v2\/users\/11"}],"replies":[{"embeddable":true,"href":"https:\/\/www.euroresidentes.com\/hogar\/interiorismo-caleidoscopico\/wp-json\/wp\/v2\/comments?post=308"}],"version-history":[{"count":4,"href":"https:\/\/www.euroresidentes.com\/hogar\/interiorismo-caleidoscopico\/wp-json\/wp\/v2\/posts\/308\/revisions"}],"predecessor-version":[{"id":725,"href":"https:\/\/www.euroresidentes.com\/hogar\/interiorismo-caleidoscopico\/wp-json\/wp\/v2\/posts\/308\/revisions\/725"}],"wp:featuredmedia":[{"embeddable":true,"href":"https:\/\/www.euroresidentes.com\/hogar\/interiorismo-caleidoscopico\/wp-json\/wp\/v2\/media\/685"}],"wp:attachment":[{"href":"https:\/\/www.euroresidentes.com\/hogar\/interiorismo-caleidoscopico\/wp-json\/wp\/v2\/media?parent=308"}],"wp:term":[{"taxonomy":"category","embeddable":true,"href":"https:\/\/www.euroresidentes.com\/hogar\/interiorismo-caleidoscopico\/wp-json\/wp\/v2\/categories?post=308"},{"taxonomy":"post_tag","embeddable":true,"href":"https:\/\/www.euroresidentes.com\/hogar\/interiorismo-caleidoscopico\/wp-json\/wp\/v2\/tags?post=308"}],"curies":[{"name":"wp","href":"https:\/\/api.w.org\/{rel}","templated":true}]}}