{"id":307,"date":"2014-10-01T07:30:00","date_gmt":"2014-10-01T07:30:00","guid":{"rendered":"http:\/\/www.euroresidentes.com\/hogar\/interiorismo-caleidoscopico\/destellos-que-iluminan-la-casa"},"modified":"2016-02-23T15:47:38","modified_gmt":"2016-02-23T15:47:38","slug":"destellos-que-iluminan-la-casa","status":"publish","type":"post","link":"https:\/\/www.euroresidentes.com\/hogar\/interiorismo-caleidoscopico\/destellos-que-iluminan-la-casa\/","title":{"rendered":"Destellos que iluminan la casa"},"content":{"rendered":"<div class=\"separator\" style=\"clear: both; text-align: center;\">\n<a href=\"http:\/\/www.euroresidentes.com\/hogar\/interiorismo-caleidoscopico\/wp-content\/uploads\/sites\/3\/2014\/10\/Toquesdeluz00.jpg\" imageanchor=\"1\" style=\"margin-left: 1em; margin-right: 1em;\"><img loading=\"lazy\" decoding=\"async\" border=\"0\" src=\"http:\/\/www.euroresidentes.com\/hogar\/interiorismo-caleidoscopico\/wp-content\/uploads\/sites\/3\/2014\/10\/Toquesdeluz00.jpg\" height=\"300\" width=\"400\" \/><\/a><\/div>\n<div class=\"separator\" style=\"clear: both; text-align: center;\">\n<\/div>\n<p>\u00c9sta semana llego un poco tarde, pero espero compensaros con un bonit\u00edsimo post :). Un post \u00abespecial\u00bb en el que descubriremos cuales son los trucos y los peque\u00f1os detalles que hacen nuestro hogar m\u00e1s luminoso, y en ocasiones, m\u00e1s sofisticado, os hablo de objetos de color blanco o color met\u00e1lico, \u00abpeque\u00f1os destellos\u00bb que inundan de luz el espacio.<\/p>\n<ul>\n<li><b><i>Lo m\u00e1s importante<\/i><\/b> es que <b><i>reflejen la luz<\/i><\/b>, ya sea por su <b><i>tono<\/i><\/b>&nbsp;o por su <b><i>brillo<\/i><\/b>, donde encontramos dorados, platas, bronces y blancos. S\u00ed, el blanco lo tiene todo, ya que podemos encontrar &nbsp;dise\u00f1os en cristal pintados de este tono, lo que nos aporta su luz y su brillo en una misma pieza.<\/li>\n<li>En cuanto al <b><i>tono<\/i><\/b>, <b><i>el rey de la luz es el blanco<\/i><\/b>, est\u00e1 muy claro que cualquier espacio blanco, es mucho m\u00e1s luminoso, pues lo mismo pasa con los objetos, absorben toda la luz y la reflejan, lo que nos genera luminosidad de forma inmediata.<\/li>\n<li>El <b><i>brillo<\/i><\/b> tiene para m\u00ed caracter\u00edsticas m\u00e1s interesantes, aqu\u00ed incluir\u00eda principalmente&nbsp;<b><i>dorados, platas, bronces y blancos<\/i><\/b>. S\u00ed, el blanco lo tiene (casi) todo, ya que podemos encontrar &nbsp;dise\u00f1os en vidrio pintados de este tono, lo que nos aporta su luz y su brillo en una misma pieza. Su <b><i>caracter\u00edstica principal<\/i><\/b> es su <b><i>reflexi\u00f3n<\/i><\/b>, refleja todo lo que le rodea, evidentemente tambi\u00e9n la luz, por lo que <b><i>genera sensaciones espaciales<\/i><\/b> diferentes si hablamos de elementos <i>pulidos<\/i>&nbsp;o&nbsp;<i>mates<\/i>, el pulido genera un efecto espejo, mientras el mate refleja principalmente la luz, el que elijamos depender\u00e1 de nosotros y del efecto que queramos causar.<\/li>\n<li>Los <b><i>dorados y platas<\/i><\/b> se suelen utilizar en&nbsp;<b><i>espacios sofisticados<\/i><\/b>, siguiendo estas dos pautas, acertar\u00e1s seguro: Incluy\u00e9ndolos en espacios de tonalidades m\u00e1s oscuras o Podemos utilizarlos en una mayor proporci\u00f3n, en paredes y muebles de mayor tama\u00f1o. Sin embargo <b><i>el bronce<\/i><\/b>, es un color que en el \u00faltimo a\u00f1o <i>se asocia mucho con el dise\u00f1o n\u00f3rdico<\/i> y ha ganado muchos adeptos, lo cierto es que<i> a mi tambi\u00e9n me ha conquistado<\/i>, <b><i>es perfecto para combinarlo con tonos claros y tonos pastel<\/i><\/b>, aunque por su versatilidad tambi\u00e9n se asocia a la perfecci\u00f3n con tonos oscuros.<\/li>\n<li>Por \u00faltimo hablar de la <b><i>escala<\/i><\/b>, yo soy partidaria de los <b><i>peque\u00f1os detalles<\/i><\/b>, por eso hablo de \u00abdestellos\u00bb, un jarr\u00f3n, una l\u00e1mpara, cojines&#8230;(o varios s\u00ed no son muy grandes). Pero s\u00ed quieres ser un poco m\u00e1s atrevido o s\u00ed tu casa es m\u00e1s bien oscura, puedes utilizarlos <b><i>de forma espacial <\/i><\/b>conr pinturas metalizadas y pintar alguna pared de tu hogar, alg\u00fan mueble o cambiar las cortinas, y as\u00ed generar luz y amplitud.<\/li>\n<\/ul>\n<div class=\"separator\" style=\"clear: both; text-align: center;\">\n<\/div>\n<div class=\"separator\" style=\"clear: both; text-align: center;\">\n<a href=\"http:\/\/www.euroresidentes.com\/hogar\/interiorismo-caleidoscopico\/wp-content\/uploads\/sites\/3\/2014\/10\/LuzyBrillo00-388x1024.png\" imageanchor=\"1\" style=\"margin-left: 1em; margin-right: 1em;\"><img decoding=\"async\" border=\"0\" src=\"http:\/\/www.euroresidentes.com\/hogar\/interiorismo-caleidoscopico\/wp-content\/uploads\/sites\/3\/2014\/10\/LuzyBrillo00-388x1024.png\" \/><\/a><\/div>\n<div class=\"separator\" style=\"clear: both; text-align: center;\">\n<\/div>\n<div class=\"separator\" style=\"clear: both; text-align: center;\">\n<\/div>\n<div>\nPues ya sab\u00e9is, para introducir luz en nuestras casas no s\u00f3lo hay que abrir las ventanas ;), sino que podemos inundar el espacio de luz con bonitos objetos.<\/div>\n<div>\n<\/div>\n<div class=\"separator\" style=\"clear: both; text-align: center;\">\n<a href=\"http:\/\/www.euroresidentes.com\/hogar\/interiorismo-caleidoscopico\/wp-content\/uploads\/sites\/3\/2014\/10\/LuzyBrillo02-413x1024.png\" imageanchor=\"1\" style=\"clear: left; float: left; margin-bottom: 1em; margin-right: 1em;\"><img decoding=\"async\" border=\"0\" src=\"http:\/\/www.euroresidentes.com\/hogar\/interiorismo-caleidoscopico\/wp-content\/uploads\/sites\/3\/2014\/10\/LuzyBrillo02-413x1024.png\" \/><\/a><\/div>\n<div>\n<i>Muaaaaaka!<\/i><\/div>\n<p><\/p>\n","protected":false},"excerpt":{"rendered":"<p>\u00c9sta semana llego un poco tarde, pero espero compensaros con un bonit\u00edsimo post :). Un post \u00abespecial\u00bb en el que descubriremos cuales son los trucos y los peque\u00f1os detalles que hacen nuestro hogar m\u00e1s luminoso, y en ocasiones, m\u00e1s sofisticado, os hablo de objetos de color blanco o color met\u00e1lico, \u00abpeque\u00f1os destellos\u00bb que inundan de luz el espacio. Lo m\u00e1s importante es que reflejen la luz, ya sea por su tono&nbsp;o por su brillo, donde encontramos dorados, platas, bronces y blancos. S\u00ed, el blanco lo tiene todo, ya que podemos encontrar &nbsp;dise\u00f1os en cristal pintados de este tono, lo que <\/p>\n","protected":false},"author":11,"featured_media":541,"comment_status":"open","ping_status":"open","sticky":false,"template":"","format":"standard","meta":{"footnotes":""},"categories":[8],"tags":[],"class_list":["post-307","post","type-post","status-publish","format-standard","has-post-thumbnail","hentry","category-ideas","has_thumb"],"yoast_head":"<!-- This site is optimized with the Yoast SEO plugin v24.1 - https:\/\/yoast.com\/wordpress\/plugins\/seo\/ -->\n<title>Destellos que iluminan la casa - Interiorismo<\/title>\n<meta name=\"robots\" content=\"index, follow, max-snippet:-1, max-image-preview:large, max-video-preview:-1\" \/>\n<link rel=\"canonical\" href=\"https:\/\/www.euroresidentes.com\/hogar\/interiorismo-caleidoscopico\/destellos-que-iluminan-la-casa\/\" \/>\n<meta property=\"og:locale\" content=\"es_ES\" \/>\n<meta property=\"og:type\" content=\"article\" \/>\n<meta property=\"og:title\" content=\"Destellos que iluminan la casa - Interiorismo\" \/>\n<meta property=\"og:description\" content=\"\u00c9sta semana llego un poco tarde, pero espero compensaros con un bonit\u00edsimo post :). Un post \u00abespecial\u00bb en el que descubriremos cuales son los trucos y los peque\u00f1os detalles que hacen nuestro hogar m\u00e1s luminoso, y en ocasiones, m\u00e1s sofisticado, os hablo de objetos de color blanco o color met\u00e1lico, \u00abpeque\u00f1os destellos\u00bb que inundan de luz el espacio. Lo m\u00e1s importante es que reflejen la luz, ya sea por su tono&nbsp;o por su brillo, donde encontramos dorados, platas, bronces y blancos. S\u00ed, el blanco lo tiene todo, ya que podemos encontrar &nbsp;dise\u00f1os en cristal pintados de este tono, lo que\" \/>\n<meta property=\"og:url\" content=\"https:\/\/www.euroresidentes.com\/hogar\/interiorismo-caleidoscopico\/destellos-que-iluminan-la-casa\/\" \/>\n<meta property=\"og:site_name\" content=\"Interiorismo\" \/>\n<meta property=\"article:publisher\" content=\"https:\/\/www.facebook.com\/euroresidentes\/\" \/>\n<meta property=\"article:published_time\" content=\"2014-10-01T07:30:00+00:00\" \/>\n<meta property=\"article:modified_time\" content=\"2016-02-23T15:47:38+00:00\" \/>\n<meta property=\"og:image\" content=\"https:\/\/www.euroresidentes.com\/hogar\/interiorismo-caleidoscopico\/wp-content\/uploads\/sites\/3\/2014\/10\/Toquesdeluz00.jpg\" \/>\n\t<meta property=\"og:image:width\" content=\"600\" \/>\n\t<meta property=\"og:image:height\" content=\"450\" \/>\n\t<meta property=\"og:image:type\" content=\"image\/jpeg\" \/>\n<meta name=\"author\" content=\"Isabel Jim\u00e9nez\" \/>\n<meta name=\"twitter:card\" content=\"summary_large_image\" \/>\n<meta name=\"twitter:label1\" content=\"Written by\" \/>\n\t<meta name=\"twitter:data1\" content=\"Isabel Jim\u00e9nez\" \/>\n\t<meta name=\"twitter:label2\" content=\"Est. reading time\" \/>\n\t<meta name=\"twitter:data2\" content=\"2 minutos\" \/>\n<script type=\"application\/ld+json\" class=\"yoast-schema-graph\">{\"@context\":\"https:\/\/schema.org\",\"@graph\":[{\"@type\":\"WebPage\",\"@id\":\"https:\/\/www.euroresidentes.com\/hogar\/interiorismo-caleidoscopico\/destellos-que-iluminan-la-casa\/\",\"url\":\"https:\/\/www.euroresidentes.com\/hogar\/interiorismo-caleidoscopico\/destellos-que-iluminan-la-casa\/\",\"name\":\"Destellos que iluminan la casa - Interiorismo\",\"isPartOf\":{\"@id\":\"https:\/\/www.euroresidentes.com\/hogar\/interiorismo-caleidoscopico\/#website\"},\"primaryImageOfPage\":{\"@id\":\"https:\/\/www.euroresidentes.com\/hogar\/interiorismo-caleidoscopico\/destellos-que-iluminan-la-casa\/#primaryimage\"},\"image\":{\"@id\":\"https:\/\/www.euroresidentes.com\/hogar\/interiorismo-caleidoscopico\/destellos-que-iluminan-la-casa\/#primaryimage\"},\"thumbnailUrl\":\"https:\/\/www.euroresidentes.com\/hogar\/interiorismo-caleidoscopico\/wp-content\/uploads\/sites\/3\/2014\/10\/Toquesdeluz00.jpg\",\"datePublished\":\"2014-10-01T07:30:00+00:00\",\"dateModified\":\"2016-02-23T15:47:38+00:00\",\"author\":{\"@id\":\"https:\/\/www.euroresidentes.com\/hogar\/interiorismo-caleidoscopico\/#\/schema\/person\/d99dff20f6a5a8e66c2ba54e7ab5034e\"},\"breadcrumb\":{\"@id\":\"https:\/\/www.euroresidentes.com\/hogar\/interiorismo-caleidoscopico\/destellos-que-iluminan-la-casa\/#breadcrumb\"},\"inLanguage\":\"es\",\"potentialAction\":[{\"@type\":\"ReadAction\",\"target\":[\"https:\/\/www.euroresidentes.com\/hogar\/interiorismo-caleidoscopico\/destellos-que-iluminan-la-casa\/\"]}]},{\"@type\":\"ImageObject\",\"inLanguage\":\"es\",\"@id\":\"https:\/\/www.euroresidentes.com\/hogar\/interiorismo-caleidoscopico\/destellos-que-iluminan-la-casa\/#primaryimage\",\"url\":\"https:\/\/www.euroresidentes.com\/hogar\/interiorismo-caleidoscopico\/wp-content\/uploads\/sites\/3\/2014\/10\/Toquesdeluz00.jpg\",\"contentUrl\":\"https:\/\/www.euroresidentes.com\/hogar\/interiorismo-caleidoscopico\/wp-content\/uploads\/sites\/3\/2014\/10\/Toquesdeluz00.jpg\",\"width\":600,\"height\":450},{\"@type\":\"BreadcrumbList\",\"@id\":\"https:\/\/www.euroresidentes.com\/hogar\/interiorismo-caleidoscopico\/destellos-que-iluminan-la-casa\/#breadcrumb\",\"itemListElement\":[{\"@type\":\"ListItem\",\"position\":1,\"name\":\"Portada\",\"item\":\"https:\/\/www.euroresidentes.com\/hogar\/interiorismo-caleidoscopico\/\"},{\"@type\":\"ListItem\",\"position\":2,\"name\":\"Destellos que iluminan la casa\"}]},{\"@type\":\"WebSite\",\"@id\":\"https:\/\/www.euroresidentes.com\/hogar\/interiorismo-caleidoscopico\/#website\",\"url\":\"https:\/\/www.euroresidentes.com\/hogar\/interiorismo-caleidoscopico\/\",\"name\":\"Interiorismo\",\"description\":\"Euroresidentes\",\"potentialAction\":[{\"@type\":\"SearchAction\",\"target\":{\"@type\":\"EntryPoint\",\"urlTemplate\":\"https:\/\/www.euroresidentes.com\/hogar\/interiorismo-caleidoscopico\/?s={search_term_string}\"},\"query-input\":{\"@type\":\"PropertyValueSpecification\",\"valueRequired\":true,\"valueName\":\"search_term_string\"}}],\"inLanguage\":\"es\"},{\"@type\":\"Person\",\"@id\":\"https:\/\/www.euroresidentes.com\/hogar\/interiorismo-caleidoscopico\/#\/schema\/person\/d99dff20f6a5a8e66c2ba54e7ab5034e\",\"name\":\"Isabel Jim\u00e9nez\",\"image\":{\"@type\":\"ImageObject\",\"inLanguage\":\"es\",\"@id\":\"https:\/\/www.euroresidentes.com\/hogar\/interiorismo-caleidoscopico\/#\/schema\/person\/image\/\",\"url\":\"https:\/\/www.euroresidentes.com\/hogar\/interiorismo-caleidoscopico\/wp-content\/uploads\/sites\/3\/2016\/02\/autora-isabel-150x150.jpg\",\"contentUrl\":\"https:\/\/www.euroresidentes.com\/hogar\/interiorismo-caleidoscopico\/wp-content\/uploads\/sites\/3\/2016\/02\/autora-isabel-150x150.jpg\",\"caption\":\"Isabel Jim\u00e9nez\"},\"description\":\"Isabel JimenezSoy Arquitecta, Interiorista y dise\u00f1adora gr\u00e1fica, actualmente vivo en Alicante pero soy de Navaluenga, un pueblito de \u00c1vila en medio de un valle.\",\"sameAs\":[\"https:\/\/www.euroresidentes.com\/hogar\/isabel-jimenez.html\"],\"url\":\"https:\/\/www.euroresidentes.com\/hogar\/interiorismo-caleidoscopico\/author\/isabeljimenez\/\"}]}<\/script>\n<!-- \/ Yoast SEO plugin. -->","yoast_head_json":{"title":"Destellos que iluminan la casa - Interiorismo","robots":{"index":"index","follow":"follow","max-snippet":"max-snippet:-1","max-image-preview":"max-image-preview:large","max-video-preview":"max-video-preview:-1"},"canonical":"https:\/\/www.euroresidentes.com\/hogar\/interiorismo-caleidoscopico\/destellos-que-iluminan-la-casa\/","og_locale":"es_ES","og_type":"article","og_title":"Destellos que iluminan la casa - Interiorismo","og_description":"\u00c9sta semana llego un poco tarde, pero espero compensaros con un bonit\u00edsimo post :). Un post \u00abespecial\u00bb en el que descubriremos cuales son los trucos y los peque\u00f1os detalles que hacen nuestro hogar m\u00e1s luminoso, y en ocasiones, m\u00e1s sofisticado, os hablo de objetos de color blanco o color met\u00e1lico, \u00abpeque\u00f1os destellos\u00bb que inundan de luz el espacio. Lo m\u00e1s importante es que reflejen la luz, ya sea por su tono&nbsp;o por su brillo, donde encontramos dorados, platas, bronces y blancos. S\u00ed, el blanco lo tiene todo, ya que podemos encontrar &nbsp;dise\u00f1os en cristal pintados de este tono, lo que","og_url":"https:\/\/www.euroresidentes.com\/hogar\/interiorismo-caleidoscopico\/destellos-que-iluminan-la-casa\/","og_site_name":"Interiorismo","article_publisher":"https:\/\/www.facebook.com\/euroresidentes\/","article_published_time":"2014-10-01T07:30:00+00:00","article_modified_time":"2016-02-23T15:47:38+00:00","og_image":[{"width":600,"height":450,"url":"https:\/\/www.euroresidentes.com\/hogar\/interiorismo-caleidoscopico\/wp-content\/uploads\/sites\/3\/2014\/10\/Toquesdeluz00.jpg","type":"image\/jpeg"}],"author":"Isabel Jim\u00e9nez","twitter_card":"summary_large_image","twitter_misc":{"Written by":"Isabel Jim\u00e9nez","Est. reading time":"2 minutos"},"schema":{"@context":"https:\/\/schema.org","@graph":[{"@type":"WebPage","@id":"https:\/\/www.euroresidentes.com\/hogar\/interiorismo-caleidoscopico\/destellos-que-iluminan-la-casa\/","url":"https:\/\/www.euroresidentes.com\/hogar\/interiorismo-caleidoscopico\/destellos-que-iluminan-la-casa\/","name":"Destellos que iluminan la casa - Interiorismo","isPartOf":{"@id":"https:\/\/www.euroresidentes.com\/hogar\/interiorismo-caleidoscopico\/#website"},"primaryImageOfPage":{"@id":"https:\/\/www.euroresidentes.com\/hogar\/interiorismo-caleidoscopico\/destellos-que-iluminan-la-casa\/#primaryimage"},"image":{"@id":"https:\/\/www.euroresidentes.com\/hogar\/interiorismo-caleidoscopico\/destellos-que-iluminan-la-casa\/#primaryimage"},"thumbnailUrl":"https:\/\/www.euroresidentes.com\/hogar\/interiorismo-caleidoscopico\/wp-content\/uploads\/sites\/3\/2014\/10\/Toquesdeluz00.jpg","datePublished":"2014-10-01T07:30:00+00:00","dateModified":"2016-02-23T15:47:38+00:00","author":{"@id":"https:\/\/www.euroresidentes.com\/hogar\/interiorismo-caleidoscopico\/#\/schema\/person\/d99dff20f6a5a8e66c2ba54e7ab5034e"},"breadcrumb":{"@id":"https:\/\/www.euroresidentes.com\/hogar\/interiorismo-caleidoscopico\/destellos-que-iluminan-la-casa\/#breadcrumb"},"inLanguage":"es","potentialAction":[{"@type":"ReadAction","target":["https:\/\/www.euroresidentes.com\/hogar\/interiorismo-caleidoscopico\/destellos-que-iluminan-la-casa\/"]}]},{"@type":"ImageObject","inLanguage":"es","@id":"https:\/\/www.euroresidentes.com\/hogar\/interiorismo-caleidoscopico\/destellos-que-iluminan-la-casa\/#primaryimage","url":"https:\/\/www.euroresidentes.com\/hogar\/interiorismo-caleidoscopico\/wp-content\/uploads\/sites\/3\/2014\/10\/Toquesdeluz00.jpg","contentUrl":"https:\/\/www.euroresidentes.com\/hogar\/interiorismo-caleidoscopico\/wp-content\/uploads\/sites\/3\/2014\/10\/Toquesdeluz00.jpg","width":600,"height":450},{"@type":"BreadcrumbList","@id":"https:\/\/www.euroresidentes.com\/hogar\/interiorismo-caleidoscopico\/destellos-que-iluminan-la-casa\/#breadcrumb","itemListElement":[{"@type":"ListItem","position":1,"name":"Portada","item":"https:\/\/www.euroresidentes.com\/hogar\/interiorismo-caleidoscopico\/"},{"@type":"ListItem","position":2,"name":"Destellos que iluminan la casa"}]},{"@type":"WebSite","@id":"https:\/\/www.euroresidentes.com\/hogar\/interiorismo-caleidoscopico\/#website","url":"https:\/\/www.euroresidentes.com\/hogar\/interiorismo-caleidoscopico\/","name":"Interiorismo","description":"Euroresidentes","potentialAction":[{"@type":"SearchAction","target":{"@type":"EntryPoint","urlTemplate":"https:\/\/www.euroresidentes.com\/hogar\/interiorismo-caleidoscopico\/?s={search_term_string}"},"query-input":{"@type":"PropertyValueSpecification","valueRequired":true,"valueName":"search_term_string"}}],"inLanguage":"es"},{"@type":"Person","@id":"https:\/\/www.euroresidentes.com\/hogar\/interiorismo-caleidoscopico\/#\/schema\/person\/d99dff20f6a5a8e66c2ba54e7ab5034e","name":"Isabel Jim\u00e9nez","image":{"@type":"ImageObject","inLanguage":"es","@id":"https:\/\/www.euroresidentes.com\/hogar\/interiorismo-caleidoscopico\/#\/schema\/person\/image\/","url":"https:\/\/www.euroresidentes.com\/hogar\/interiorismo-caleidoscopico\/wp-content\/uploads\/sites\/3\/2016\/02\/autora-isabel-150x150.jpg","contentUrl":"https:\/\/www.euroresidentes.com\/hogar\/interiorismo-caleidoscopico\/wp-content\/uploads\/sites\/3\/2016\/02\/autora-isabel-150x150.jpg","caption":"Isabel Jim\u00e9nez"},"description":"Isabel JimenezSoy Arquitecta, Interiorista y dise\u00f1adora gr\u00e1fica, actualmente vivo en Alicante pero soy de Navaluenga, un pueblito de \u00c1vila en medio de un valle.","sameAs":["https:\/\/www.euroresidentes.com\/hogar\/isabel-jimenez.html"],"url":"https:\/\/www.euroresidentes.com\/hogar\/interiorismo-caleidoscopico\/author\/isabeljimenez\/"}]}},"_links":{"self":[{"href":"https:\/\/www.euroresidentes.com\/hogar\/interiorismo-caleidoscopico\/wp-json\/wp\/v2\/posts\/307","targetHints":{"allow":["GET"]}}],"collection":[{"href":"https:\/\/www.euroresidentes.com\/hogar\/interiorismo-caleidoscopico\/wp-json\/wp\/v2\/posts"}],"about":[{"href":"https:\/\/www.euroresidentes.com\/hogar\/interiorismo-caleidoscopico\/wp-json\/wp\/v2\/types\/post"}],"author":[{"embeddable":true,"href":"https:\/\/www.euroresidentes.com\/hogar\/interiorismo-caleidoscopico\/wp-json\/wp\/v2\/users\/11"}],"replies":[{"embeddable":true,"href":"https:\/\/www.euroresidentes.com\/hogar\/interiorismo-caleidoscopico\/wp-json\/wp\/v2\/comments?post=307"}],"version-history":[{"count":1,"href":"https:\/\/www.euroresidentes.com\/hogar\/interiorismo-caleidoscopico\/wp-json\/wp\/v2\/posts\/307\/revisions"}],"predecessor-version":[{"id":544,"href":"https:\/\/www.euroresidentes.com\/hogar\/interiorismo-caleidoscopico\/wp-json\/wp\/v2\/posts\/307\/revisions\/544"}],"wp:featuredmedia":[{"embeddable":true,"href":"https:\/\/www.euroresidentes.com\/hogar\/interiorismo-caleidoscopico\/wp-json\/wp\/v2\/media\/541"}],"wp:attachment":[{"href":"https:\/\/www.euroresidentes.com\/hogar\/interiorismo-caleidoscopico\/wp-json\/wp\/v2\/media?parent=307"}],"wp:term":[{"taxonomy":"category","embeddable":true,"href":"https:\/\/www.euroresidentes.com\/hogar\/interiorismo-caleidoscopico\/wp-json\/wp\/v2\/categories?post=307"},{"taxonomy":"post_tag","embeddable":true,"href":"https:\/\/www.euroresidentes.com\/hogar\/interiorismo-caleidoscopico\/wp-json\/wp\/v2\/tags?post=307"}],"curies":[{"name":"wp","href":"https:\/\/api.w.org\/{rel}","templated":true}]}}