{"id":304,"date":"2014-10-10T10:45:00","date_gmt":"2014-10-10T08:45:00","guid":{"rendered":"http:\/\/www.euroresidentes.com\/hogar\/interiorismo-caleidoscopico\/rincones05-como-mantener-el-escritorio"},"modified":"2016-05-04T11:51:03","modified_gmt":"2016-05-04T09:51:03","slug":"rincones05-como-mantener-el-escritorio","status":"publish","type":"post","link":"https:\/\/www.euroresidentes.com\/hogar\/interiorismo-caleidoscopico\/rincones05-como-mantener-el-escritorio\/","title":{"rendered":"C\u00f3mo mantener el escritorio ordenado"},"content":{"rendered":"<div><a href=\"http:\/\/www.euroresidentes.com\/hogar\/interiorismo-caleidoscopico\/wp-content\/uploads\/sites\/3\/2014\/10\/Ordenar-el-escritorio.jpg\"><img loading=\"lazy\" decoding=\"async\" class=\"aligncenter\" src=\"http:\/\/www.euroresidentes.com\/hogar\/interiorismo-caleidoscopico\/wp-content\/uploads\/sites\/3\/2014\/10\/Ordenar-el-escritorio.jpg\" alt=\"\" width=\"640\" height=\"499\" border=\"0\" \/><\/a><\/div>\n<p><i>\u00a1Buenos d\u00edas! \u00bfQue tal ha ido la semana?<\/i> Yo he estado suuuuper liada, asique se me ha pasado volando!!\u00a0C\u00f3mo \u00faltimamente paso bastante tiempo en mi <b><i>escritorio<\/i><\/b>, frente al ordenador, <b><i>he pensado en daros algunas opciones para que<\/i><\/b>, si sois tan desastres como yo ;P, <b><i>pod\u00e1is mantenerlo en orden<\/i><\/b>.<\/p>\n<p>Me encanta cuando veo esas fotos con escritorios, y mesas de trabajo perfectas, luego miro la m\u00eda y pienso&#8230;\u00bfc\u00f3mo lo consiguen? Pues supongo que la mayor\u00eda es gente ordenada, otra parte lo ordenar\u00e1 para hacer la foto, y el resto (grupo en el que me incluyo XD) pues no fotografiamos nuestro escritorio!!<\/p>\n<p>Asique bien, <b><i>me he puesto a buscar soluciones chulas para ordenar mi escritorio y las comparto con vosotros en nuestra secci\u00f3n de rincones \ud83d\ude42<\/i><\/b><\/p>\n<ol>\n<li><b><i>Lo primero que tenemos que saber<\/i><\/b>, y aunque parezca obvio, <b><i>es lo que tenemos que ordenar<\/i><\/b>, si s\u00f3lo son l\u00e1pices, bolis, rotuladores, si solemos tener el m\u00f3vil cargando, post-its, reglas, apuntes, libros&#8230; <b><i>y as\u00ed sabremos que utensilios u objetos vamos a necesitar<\/i><\/b>.<\/li>\n<li>Una vez hecho nuestro peque\u00f1o inventario, podemos optar por diferentes opciones, <b><i>podemos comprar un organizador de escritorio <\/i><\/b>(he descubierto que hay much\u00ediiisimos) <b><i>o podemos optar por hacernos nuestro propio organizador<\/i><\/b>, y aqu\u00ed hay un amplio mundo DIY que puede ayudarnos, cajas de cart\u00f3n, botes de cristal, latas, tazas&#8230; Lo bueno es que lo pod\u00e9is dise\u00f1ar a vuestro gusto y customizarlo c\u00f3mo quer\u00e1is.<\/li>\n<li><b><i>Para ordenar apuntes, rollos de papel, libros&#8230;necesitaremos algo m\u00e1s grande<\/i><\/b>, yo aqu\u00ed recomiendo comprar <b><i>archivadores de cart\u00f3n<\/i><\/b> <i>(podr\u00e9is encontrarlos en Tiger o Ikea)<\/i> o <b><i>cajas de almacenaje<\/i><\/b>. Yo he optado por estas dos soluciones por comodidad y dise\u00f1o.<\/li>\n<\/ol>\n<div class=\"separator\" style=\"clear: both; text-align: center;\"><\/div>\n<p>&nbsp;<\/p>\n<div class=\"separator\" style=\"clear: both; text-align: center;\"><a href=\"http:\/\/www.euroresidentes.com\/hogar\/interiorismo-caleidoscopico\/wp-content\/uploads\/sites\/3\/2014\/10\/OrdenDIY-506x1024.png\"><img decoding=\"async\" src=\"http:\/\/www.euroresidentes.com\/hogar\/interiorismo-caleidoscopico\/wp-content\/uploads\/sites\/3\/2014\/10\/OrdenDIY-506x1024.png\" alt=\"\" border=\"0\" \/>\u00a0<\/a><\/div>\n<div class=\"separator\" style=\"clear: both; text-align: center;\"><a href=\"http:\/\/www.euroresidentes.com\/hogar\/interiorismo-caleidoscopico\/wp-content\/uploads\/sites\/3\/2014\/10\/Orden-506x1024.png\"><img decoding=\"async\" src=\"http:\/\/www.euroresidentes.com\/hogar\/interiorismo-caleidoscopico\/wp-content\/uploads\/sites\/3\/2014\/10\/Orden-506x1024.png\" alt=\"\" border=\"0\" \/><\/a><\/div>\n<div><\/div>\n<div>Os dejo algunas direcciones:\u00a0<a href=\"http:\/\/www.containerstore.com\/shop\/elfa\/bestSellingSolutions\/drawerSystems?utm_medium=feed&amp;productId=10014531&amp;utm_source=google_plusbox&amp;gclid=CNf084mr5LMCFcU-Mgod5DYA1Q&amp;sku=10035257\" target=\"_blank\">Container Store<\/a>\u00a0\/ <a href=\"http:\/\/finoak.com\/products\/SKU1074-Bamboo-Desk-Organiser-Stationery-Box\" target=\"_blank\">Finoak<\/a>\u00a0\/ <a href=\"http:\/\/fab.com\/product\/portola-desk-organizer-white-342561\" target=\"_blank\">Fab<\/a>\u00a0\/ <a href=\"http:\/\/www.muji.es\/almacenaje?gclid=Cj0KEQjwh96hBRCnsefbvZrKrpcBEiQAF7oMdPm8IEeUSRRuJkXbpWoymtzSRt_vUkREjgpY3moVjVEaAjTE8P8HAQ\" target=\"_blank\">Muji<\/a><\/div>\n<p><i>\u00a1Pasar un buen Finde!<\/i><br \/>\n<i>Muaaaaka!<\/i><\/p>\n","protected":false},"excerpt":{"rendered":"<p>\u00a1Buenos d\u00edas! \u00bfQue tal ha ido la semana? Yo he estado suuuuper liada, asique se me ha pasado volando!!\u00a0C\u00f3mo \u00faltimamente paso bastante tiempo en mi escritorio, frente al ordenador, he pensado en daros algunas opciones para que, si sois tan desastres como yo ;P, pod\u00e1is mantenerlo en orden. Me encanta cuando veo esas fotos con escritorios, y mesas de trabajo perfectas, luego miro la m\u00eda y pienso&#8230;\u00bfc\u00f3mo lo consiguen? Pues supongo que la mayor\u00eda es gente ordenada, otra parte lo ordenar\u00e1 para hacer la foto, y el resto (grupo en el que me incluyo XD) pues no fotografiamos nuestro escritorio!! <\/p>\n","protected":false},"author":11,"featured_media":529,"comment_status":"open","ping_status":"open","sticky":false,"template":"","format":"standard","meta":{"footnotes":""},"categories":[8],"tags":[],"class_list":["post-304","post","type-post","status-publish","format-standard","has-post-thumbnail","hentry","category-ideas","has_thumb"],"yoast_head":"<!-- This site is optimized with the Yoast SEO plugin v24.1 - https:\/\/yoast.com\/wordpress\/plugins\/seo\/ -->\n<title>C\u00f3mo mantener el escritorio ordenado - Interiorismo<\/title>\n<meta name=\"robots\" content=\"index, follow, max-snippet:-1, max-image-preview:large, max-video-preview:-1\" \/>\n<link rel=\"canonical\" href=\"https:\/\/www.euroresidentes.com\/hogar\/interiorismo-caleidoscopico\/rincones05-como-mantener-el-escritorio\/\" \/>\n<meta property=\"og:locale\" content=\"es_ES\" \/>\n<meta property=\"og:type\" content=\"article\" \/>\n<meta property=\"og:title\" content=\"C\u00f3mo mantener el escritorio ordenado - Interiorismo\" \/>\n<meta property=\"og:description\" content=\"\u00a1Buenos d\u00edas! \u00bfQue tal ha ido la semana? Yo he estado suuuuper liada, asique se me ha pasado volando!!\u00a0C\u00f3mo \u00faltimamente paso bastante tiempo en mi escritorio, frente al ordenador, he pensado en daros algunas opciones para que, si sois tan desastres como yo ;P, pod\u00e1is mantenerlo en orden. Me encanta cuando veo esas fotos con escritorios, y mesas de trabajo perfectas, luego miro la m\u00eda y pienso&#8230;\u00bfc\u00f3mo lo consiguen? Pues supongo que la mayor\u00eda es gente ordenada, otra parte lo ordenar\u00e1 para hacer la foto, y el resto (grupo en el que me incluyo XD) pues no fotografiamos nuestro escritorio!!\" \/>\n<meta property=\"og:url\" content=\"https:\/\/www.euroresidentes.com\/hogar\/interiorismo-caleidoscopico\/rincones05-como-mantener-el-escritorio\/\" \/>\n<meta property=\"og:site_name\" content=\"Interiorismo\" \/>\n<meta property=\"article:publisher\" content=\"https:\/\/www.facebook.com\/euroresidentes\/\" \/>\n<meta property=\"article:published_time\" content=\"2014-10-10T08:45:00+00:00\" \/>\n<meta property=\"article:modified_time\" content=\"2016-05-04T09:51:03+00:00\" \/>\n<meta property=\"og:image\" content=\"https:\/\/www.euroresidentes.com\/hogar\/interiorismo-caleidoscopico\/wp-content\/uploads\/sites\/3\/2014\/10\/Ordenar-el-escritorio.jpg\" \/>\n\t<meta property=\"og:image:width\" content=\"736\" \/>\n\t<meta property=\"og:image:height\" content=\"574\" \/>\n\t<meta property=\"og:image:type\" content=\"image\/jpeg\" \/>\n<meta name=\"author\" content=\"Isabel Jim\u00e9nez\" \/>\n<meta name=\"twitter:card\" content=\"summary_large_image\" \/>\n<meta name=\"twitter:label1\" content=\"Written by\" \/>\n\t<meta name=\"twitter:data1\" content=\"Isabel Jim\u00e9nez\" \/>\n\t<meta name=\"twitter:label2\" content=\"Est. reading time\" \/>\n\t<meta name=\"twitter:data2\" content=\"2 minutos\" \/>\n<script type=\"application\/ld+json\" class=\"yoast-schema-graph\">{\"@context\":\"https:\/\/schema.org\",\"@graph\":[{\"@type\":\"WebPage\",\"@id\":\"https:\/\/www.euroresidentes.com\/hogar\/interiorismo-caleidoscopico\/rincones05-como-mantener-el-escritorio\/\",\"url\":\"https:\/\/www.euroresidentes.com\/hogar\/interiorismo-caleidoscopico\/rincones05-como-mantener-el-escritorio\/\",\"name\":\"C\u00f3mo mantener el escritorio ordenado - Interiorismo\",\"isPartOf\":{\"@id\":\"https:\/\/www.euroresidentes.com\/hogar\/interiorismo-caleidoscopico\/#website\"},\"primaryImageOfPage\":{\"@id\":\"https:\/\/www.euroresidentes.com\/hogar\/interiorismo-caleidoscopico\/rincones05-como-mantener-el-escritorio\/#primaryimage\"},\"image\":{\"@id\":\"https:\/\/www.euroresidentes.com\/hogar\/interiorismo-caleidoscopico\/rincones05-como-mantener-el-escritorio\/#primaryimage\"},\"thumbnailUrl\":\"https:\/\/www.euroresidentes.com\/hogar\/interiorismo-caleidoscopico\/wp-content\/uploads\/sites\/3\/2014\/10\/Ordenar-el-escritorio.jpg\",\"datePublished\":\"2014-10-10T08:45:00+00:00\",\"dateModified\":\"2016-05-04T09:51:03+00:00\",\"author\":{\"@id\":\"https:\/\/www.euroresidentes.com\/hogar\/interiorismo-caleidoscopico\/#\/schema\/person\/d99dff20f6a5a8e66c2ba54e7ab5034e\"},\"breadcrumb\":{\"@id\":\"https:\/\/www.euroresidentes.com\/hogar\/interiorismo-caleidoscopico\/rincones05-como-mantener-el-escritorio\/#breadcrumb\"},\"inLanguage\":\"es\",\"potentialAction\":[{\"@type\":\"ReadAction\",\"target\":[\"https:\/\/www.euroresidentes.com\/hogar\/interiorismo-caleidoscopico\/rincones05-como-mantener-el-escritorio\/\"]}]},{\"@type\":\"ImageObject\",\"inLanguage\":\"es\",\"@id\":\"https:\/\/www.euroresidentes.com\/hogar\/interiorismo-caleidoscopico\/rincones05-como-mantener-el-escritorio\/#primaryimage\",\"url\":\"https:\/\/www.euroresidentes.com\/hogar\/interiorismo-caleidoscopico\/wp-content\/uploads\/sites\/3\/2014\/10\/Ordenar-el-escritorio.jpg\",\"contentUrl\":\"https:\/\/www.euroresidentes.com\/hogar\/interiorismo-caleidoscopico\/wp-content\/uploads\/sites\/3\/2014\/10\/Ordenar-el-escritorio.jpg\",\"width\":736,\"height\":574},{\"@type\":\"BreadcrumbList\",\"@id\":\"https:\/\/www.euroresidentes.com\/hogar\/interiorismo-caleidoscopico\/rincones05-como-mantener-el-escritorio\/#breadcrumb\",\"itemListElement\":[{\"@type\":\"ListItem\",\"position\":1,\"name\":\"Portada\",\"item\":\"https:\/\/www.euroresidentes.com\/hogar\/interiorismo-caleidoscopico\/\"},{\"@type\":\"ListItem\",\"position\":2,\"name\":\"C\u00f3mo mantener el escritorio ordenado\"}]},{\"@type\":\"WebSite\",\"@id\":\"https:\/\/www.euroresidentes.com\/hogar\/interiorismo-caleidoscopico\/#website\",\"url\":\"https:\/\/www.euroresidentes.com\/hogar\/interiorismo-caleidoscopico\/\",\"name\":\"Interiorismo\",\"description\":\"Euroresidentes\",\"potentialAction\":[{\"@type\":\"SearchAction\",\"target\":{\"@type\":\"EntryPoint\",\"urlTemplate\":\"https:\/\/www.euroresidentes.com\/hogar\/interiorismo-caleidoscopico\/?s={search_term_string}\"},\"query-input\":{\"@type\":\"PropertyValueSpecification\",\"valueRequired\":true,\"valueName\":\"search_term_string\"}}],\"inLanguage\":\"es\"},{\"@type\":\"Person\",\"@id\":\"https:\/\/www.euroresidentes.com\/hogar\/interiorismo-caleidoscopico\/#\/schema\/person\/d99dff20f6a5a8e66c2ba54e7ab5034e\",\"name\":\"Isabel Jim\u00e9nez\",\"image\":{\"@type\":\"ImageObject\",\"inLanguage\":\"es\",\"@id\":\"https:\/\/www.euroresidentes.com\/hogar\/interiorismo-caleidoscopico\/#\/schema\/person\/image\/\",\"url\":\"https:\/\/www.euroresidentes.com\/hogar\/interiorismo-caleidoscopico\/wp-content\/uploads\/sites\/3\/2016\/02\/autora-isabel-150x150.jpg\",\"contentUrl\":\"https:\/\/www.euroresidentes.com\/hogar\/interiorismo-caleidoscopico\/wp-content\/uploads\/sites\/3\/2016\/02\/autora-isabel-150x150.jpg\",\"caption\":\"Isabel Jim\u00e9nez\"},\"description\":\"Isabel JimenezSoy Arquitecta, Interiorista y dise\u00f1adora gr\u00e1fica, actualmente vivo en Alicante pero soy de Navaluenga, un pueblito de \u00c1vila en medio de un valle.\",\"sameAs\":[\"https:\/\/www.euroresidentes.com\/hogar\/isabel-jimenez.html\"],\"url\":\"https:\/\/www.euroresidentes.com\/hogar\/interiorismo-caleidoscopico\/author\/isabeljimenez\/\"}]}<\/script>\n<!-- \/ Yoast SEO plugin. -->","yoast_head_json":{"title":"C\u00f3mo mantener el escritorio ordenado - Interiorismo","robots":{"index":"index","follow":"follow","max-snippet":"max-snippet:-1","max-image-preview":"max-image-preview:large","max-video-preview":"max-video-preview:-1"},"canonical":"https:\/\/www.euroresidentes.com\/hogar\/interiorismo-caleidoscopico\/rincones05-como-mantener-el-escritorio\/","og_locale":"es_ES","og_type":"article","og_title":"C\u00f3mo mantener el escritorio ordenado - Interiorismo","og_description":"\u00a1Buenos d\u00edas! \u00bfQue tal ha ido la semana? Yo he estado suuuuper liada, asique se me ha pasado volando!!\u00a0C\u00f3mo \u00faltimamente paso bastante tiempo en mi escritorio, frente al ordenador, he pensado en daros algunas opciones para que, si sois tan desastres como yo ;P, pod\u00e1is mantenerlo en orden. Me encanta cuando veo esas fotos con escritorios, y mesas de trabajo perfectas, luego miro la m\u00eda y pienso&#8230;\u00bfc\u00f3mo lo consiguen? Pues supongo que la mayor\u00eda es gente ordenada, otra parte lo ordenar\u00e1 para hacer la foto, y el resto (grupo en el que me incluyo XD) pues no fotografiamos nuestro escritorio!!","og_url":"https:\/\/www.euroresidentes.com\/hogar\/interiorismo-caleidoscopico\/rincones05-como-mantener-el-escritorio\/","og_site_name":"Interiorismo","article_publisher":"https:\/\/www.facebook.com\/euroresidentes\/","article_published_time":"2014-10-10T08:45:00+00:00","article_modified_time":"2016-05-04T09:51:03+00:00","og_image":[{"width":736,"height":574,"url":"https:\/\/www.euroresidentes.com\/hogar\/interiorismo-caleidoscopico\/wp-content\/uploads\/sites\/3\/2014\/10\/Ordenar-el-escritorio.jpg","type":"image\/jpeg"}],"author":"Isabel Jim\u00e9nez","twitter_card":"summary_large_image","twitter_misc":{"Written by":"Isabel Jim\u00e9nez","Est. reading time":"2 minutos"},"schema":{"@context":"https:\/\/schema.org","@graph":[{"@type":"WebPage","@id":"https:\/\/www.euroresidentes.com\/hogar\/interiorismo-caleidoscopico\/rincones05-como-mantener-el-escritorio\/","url":"https:\/\/www.euroresidentes.com\/hogar\/interiorismo-caleidoscopico\/rincones05-como-mantener-el-escritorio\/","name":"C\u00f3mo mantener el escritorio ordenado - Interiorismo","isPartOf":{"@id":"https:\/\/www.euroresidentes.com\/hogar\/interiorismo-caleidoscopico\/#website"},"primaryImageOfPage":{"@id":"https:\/\/www.euroresidentes.com\/hogar\/interiorismo-caleidoscopico\/rincones05-como-mantener-el-escritorio\/#primaryimage"},"image":{"@id":"https:\/\/www.euroresidentes.com\/hogar\/interiorismo-caleidoscopico\/rincones05-como-mantener-el-escritorio\/#primaryimage"},"thumbnailUrl":"https:\/\/www.euroresidentes.com\/hogar\/interiorismo-caleidoscopico\/wp-content\/uploads\/sites\/3\/2014\/10\/Ordenar-el-escritorio.jpg","datePublished":"2014-10-10T08:45:00+00:00","dateModified":"2016-05-04T09:51:03+00:00","author":{"@id":"https:\/\/www.euroresidentes.com\/hogar\/interiorismo-caleidoscopico\/#\/schema\/person\/d99dff20f6a5a8e66c2ba54e7ab5034e"},"breadcrumb":{"@id":"https:\/\/www.euroresidentes.com\/hogar\/interiorismo-caleidoscopico\/rincones05-como-mantener-el-escritorio\/#breadcrumb"},"inLanguage":"es","potentialAction":[{"@type":"ReadAction","target":["https:\/\/www.euroresidentes.com\/hogar\/interiorismo-caleidoscopico\/rincones05-como-mantener-el-escritorio\/"]}]},{"@type":"ImageObject","inLanguage":"es","@id":"https:\/\/www.euroresidentes.com\/hogar\/interiorismo-caleidoscopico\/rincones05-como-mantener-el-escritorio\/#primaryimage","url":"https:\/\/www.euroresidentes.com\/hogar\/interiorismo-caleidoscopico\/wp-content\/uploads\/sites\/3\/2014\/10\/Ordenar-el-escritorio.jpg","contentUrl":"https:\/\/www.euroresidentes.com\/hogar\/interiorismo-caleidoscopico\/wp-content\/uploads\/sites\/3\/2014\/10\/Ordenar-el-escritorio.jpg","width":736,"height":574},{"@type":"BreadcrumbList","@id":"https:\/\/www.euroresidentes.com\/hogar\/interiorismo-caleidoscopico\/rincones05-como-mantener-el-escritorio\/#breadcrumb","itemListElement":[{"@type":"ListItem","position":1,"name":"Portada","item":"https:\/\/www.euroresidentes.com\/hogar\/interiorismo-caleidoscopico\/"},{"@type":"ListItem","position":2,"name":"C\u00f3mo mantener el escritorio ordenado"}]},{"@type":"WebSite","@id":"https:\/\/www.euroresidentes.com\/hogar\/interiorismo-caleidoscopico\/#website","url":"https:\/\/www.euroresidentes.com\/hogar\/interiorismo-caleidoscopico\/","name":"Interiorismo","description":"Euroresidentes","potentialAction":[{"@type":"SearchAction","target":{"@type":"EntryPoint","urlTemplate":"https:\/\/www.euroresidentes.com\/hogar\/interiorismo-caleidoscopico\/?s={search_term_string}"},"query-input":{"@type":"PropertyValueSpecification","valueRequired":true,"valueName":"search_term_string"}}],"inLanguage":"es"},{"@type":"Person","@id":"https:\/\/www.euroresidentes.com\/hogar\/interiorismo-caleidoscopico\/#\/schema\/person\/d99dff20f6a5a8e66c2ba54e7ab5034e","name":"Isabel Jim\u00e9nez","image":{"@type":"ImageObject","inLanguage":"es","@id":"https:\/\/www.euroresidentes.com\/hogar\/interiorismo-caleidoscopico\/#\/schema\/person\/image\/","url":"https:\/\/www.euroresidentes.com\/hogar\/interiorismo-caleidoscopico\/wp-content\/uploads\/sites\/3\/2016\/02\/autora-isabel-150x150.jpg","contentUrl":"https:\/\/www.euroresidentes.com\/hogar\/interiorismo-caleidoscopico\/wp-content\/uploads\/sites\/3\/2016\/02\/autora-isabel-150x150.jpg","caption":"Isabel Jim\u00e9nez"},"description":"Isabel JimenezSoy Arquitecta, Interiorista y dise\u00f1adora gr\u00e1fica, actualmente vivo en Alicante pero soy de Navaluenga, un pueblito de \u00c1vila en medio de un valle.","sameAs":["https:\/\/www.euroresidentes.com\/hogar\/isabel-jimenez.html"],"url":"https:\/\/www.euroresidentes.com\/hogar\/interiorismo-caleidoscopico\/author\/isabeljimenez\/"}]}},"_links":{"self":[{"href":"https:\/\/www.euroresidentes.com\/hogar\/interiorismo-caleidoscopico\/wp-json\/wp\/v2\/posts\/304","targetHints":{"allow":["GET"]}}],"collection":[{"href":"https:\/\/www.euroresidentes.com\/hogar\/interiorismo-caleidoscopico\/wp-json\/wp\/v2\/posts"}],"about":[{"href":"https:\/\/www.euroresidentes.com\/hogar\/interiorismo-caleidoscopico\/wp-json\/wp\/v2\/types\/post"}],"author":[{"embeddable":true,"href":"https:\/\/www.euroresidentes.com\/hogar\/interiorismo-caleidoscopico\/wp-json\/wp\/v2\/users\/11"}],"replies":[{"embeddable":true,"href":"https:\/\/www.euroresidentes.com\/hogar\/interiorismo-caleidoscopico\/wp-json\/wp\/v2\/comments?post=304"}],"version-history":[{"count":4,"href":"https:\/\/www.euroresidentes.com\/hogar\/interiorismo-caleidoscopico\/wp-json\/wp\/v2\/posts\/304\/revisions"}],"predecessor-version":[{"id":761,"href":"https:\/\/www.euroresidentes.com\/hogar\/interiorismo-caleidoscopico\/wp-json\/wp\/v2\/posts\/304\/revisions\/761"}],"wp:featuredmedia":[{"embeddable":true,"href":"https:\/\/www.euroresidentes.com\/hogar\/interiorismo-caleidoscopico\/wp-json\/wp\/v2\/media\/529"}],"wp:attachment":[{"href":"https:\/\/www.euroresidentes.com\/hogar\/interiorismo-caleidoscopico\/wp-json\/wp\/v2\/media?parent=304"}],"wp:term":[{"taxonomy":"category","embeddable":true,"href":"https:\/\/www.euroresidentes.com\/hogar\/interiorismo-caleidoscopico\/wp-json\/wp\/v2\/categories?post=304"},{"taxonomy":"post_tag","embeddable":true,"href":"https:\/\/www.euroresidentes.com\/hogar\/interiorismo-caleidoscopico\/wp-json\/wp\/v2\/tags?post=304"}],"curies":[{"name":"wp","href":"https:\/\/api.w.org\/{rel}","templated":true}]}}