{"id":303,"date":"2014-10-13T13:05:00","date_gmt":"2014-10-13T13:05:00","guid":{"rendered":"http:\/\/www.euroresidentes.com\/hogar\/interiorismo-caleidoscopico\/hoteles-de-diseno-erick-vockel-madrid"},"modified":"2016-02-23T15:38:28","modified_gmt":"2016-02-23T15:38:28","slug":"hoteles-de-diseno-erick-vockel-madrid","status":"publish","type":"post","link":"https:\/\/www.euroresidentes.com\/hogar\/interiorismo-caleidoscopico\/hoteles-de-diseno-erick-vockel-madrid\/","title":{"rendered":"Hoteles de Dise\u00f1o: Erick V\u00f6ckel Madrid Suites"},"content":{"rendered":"<p><\/p>\n<div class=\"separator\" style=\"clear: both; text-align: center;\">\n<a href=\"http:\/\/www.euroresidentes.com\/hogar\/interiorismo-caleidoscopico\/wp-content\/uploads\/sites\/3\/2014\/10\/09.jpg\" imageanchor=\"1\" style=\"margin-left: 1em; margin-right: 1em;\"><img decoding=\"async\" border=\"0\" src=\"http:\/\/www.euroresidentes.com\/hogar\/interiorismo-caleidoscopico\/wp-content\/uploads\/sites\/3\/2014\/10\/09.jpg\" \/><\/a><\/div>\n<div class=\"separator\" style=\"clear: both; text-align: center;\">\n<\/div>\n<p><i>\u00a1Buenos d\u00edas!<\/i> En noviembre tengo unas peque\u00f1as vacaciones, y sin duda unos de los sitios a los que me gusta escaparme es Madrid. No se si lo habr\u00e9 comentado antes pero <i>\u00a1me encanta pasear por Madrid centro!<\/i> y si os gusta hacerlo tanto c\u00f3mo a mi <b><i>no pod\u00e9is dejar pasar la oportunidad de hacer una visita a Erick Vockel Madrid Suites.<\/i><\/b>&nbsp;En realidad no es un hotel al uso, sino que son unos <b><i>apartamentos de dise\u00f1o<\/i><\/b> con todo lo necesario para vivir en ellos, <i>nada del t\u00edpico apartamento<\/i> \u00abcutre\u00bb (con perd\u00f3n), sino <i style=\"font-weight: bold;\">con una est\u00e9tica muy cuidada, tanto que querr\u00e1s quedarte a vivir en \u00e9l \ud83d\ude42<\/i>.<\/p>\n<p>Hace ya un par de a\u00f1os que estuve all\u00ed, y fue la m\u00e1s pura casualidad, ya que me regalaron una perrita (\u00a1bonitisima!) y al intentar buscar<b><i> sitios \u00abpet friendly\u00bb<\/i><\/b> no hab\u00eda muchos, pero uno (avisando con antelaci\u00f3n) era \u00e9ste, <i>y as\u00ed lo descubr\u00ed \u00a1\u00a1yujuuuu!!<\/i>. Ahora mismo est\u00e1n en plena expansi\u00f3n, y tienen varios en Madrid y Barcelona, asique ten\u00e9is donde elegir ;).<\/p>\n<p>Ahora a lo que vamos, <b><i>el dise\u00f1o<\/i><\/b>. <b><i>Sus puntos clave son tres, minimalismo, dise\u00f1o dan\u00e9s y simplicidad de materiales<\/i><\/b>:<\/p>\n<ul>\n<li>Tienen un <b><i>interiorismo muy cuidado<\/i><\/b>, y cuando digo \u00abmuy\u00bb, es mucho. En \u00e9ste caso han sabido <i>conservar la identidad del edificio a la perfecci\u00f3n<\/i>, hicieron una rehabilitaci\u00f3n muy pensada, conservando materiales del edificio antiguo,<i> como muros de ladrillo, balcones&#8230;lo que le d\u00e1 un aire vintage-chic muy potente<\/i>. El resto de <b><i>materiales<\/i><\/b> se resumen en tres, madera, pladur y hormig\u00f3n pulido, pa\u00f1os lisos, muy lisos y de acabado impecable.<\/li>\n<li>Las <b><i>estancias son amplias, con una decoraci\u00f3n justa<\/i><\/b>, en nuestro caso nos toco un apartamento con una cocina \u00aboculta\u00bb tras una gran puerta corredera, de suelo a techo y con el ancho de la cocina, una peque\u00f1a cocina muy bien equipada y con todo tipo de detalles, menaje, cafetera&#8230; Toda de hormig\u00f3n pulido al igual que los ba\u00f1os.<\/li>\n<li>El<b> <i>mobiliario es de lineas sencillas<\/i><\/b>, sof\u00e1s de gran tama\u00f1o, mesa y sillas de metacrilato transparente, una buena cama con un cabeceo simulando un mosaico hidr\u00e1ulico (un toque original y que se itera a la perfecci\u00f3n con el resto de elementos). <b><i>Generan una sensaci\u00f3n de espacio limpios y cuidados<\/i><\/b>.<\/li>\n<\/ul>\n<div class=\"separator\" style=\"clear: both; text-align: center;\">\n<a href=\"http:\/\/www.euroresidentes.com\/hogar\/interiorismo-caleidoscopico\/wp-content\/uploads\/sites\/3\/2014\/10\/Erickvockel00-527x1024.png\" imageanchor=\"1\" style=\"clear: left; float: left; margin-bottom: 1em; margin-right: 1em;\"><img decoding=\"async\" border=\"0\" src=\"http:\/\/www.euroresidentes.com\/hogar\/interiorismo-caleidoscopico\/wp-content\/uploads\/sites\/3\/2014\/10\/Erickvockel00-527x1024.png\" \/><\/a><\/div>\n<div class=\"separator\" style=\"clear: both; text-align: center;\">\n<a href=\"http:\/\/www.euroresidentes.com\/hogar\/interiorismo-caleidoscopico\/wp-content\/uploads\/sites\/3\/2014\/10\/Erickvockel01-526x1024.png\" imageanchor=\"1\" style=\"clear: left; float: left; margin-bottom: 1em; margin-right: 1em;\"><img decoding=\"async\" border=\"0\" src=\"http:\/\/www.euroresidentes.com\/hogar\/interiorismo-caleidoscopico\/wp-content\/uploads\/sites\/3\/2014\/10\/Erickvockel01-526x1024.png\" \/>&nbsp;<\/a><\/div>\n<div class=\"separator\" style=\"clear: both; text-align: center;\">\n<a href=\"http:\/\/www.euroresidentes.com\/hogar\/interiorismo-caleidoscopico\/wp-content\/uploads\/sites\/3\/2014\/10\/Erickvockel02-526x1024.png\" imageanchor=\"1\" style=\"clear: left; float: left; margin-bottom: 1em; margin-right: 1em;\"><img decoding=\"async\" border=\"0\" src=\"http:\/\/www.euroresidentes.com\/hogar\/interiorismo-caleidoscopico\/wp-content\/uploads\/sites\/3\/2014\/10\/Erickvockel02-526x1024.png\" \/><\/a><\/div>\n<div class=\"separator\" style=\"clear: both; text-align: left;\">\nComo cada detalle de la intervenci\u00f3n, <b><i>el marketing, y la identidad corporativa siguen una l\u00ednea sencilla y limpia<\/i><\/b>. C\u00f3mo <b><i>innovaci\u00f3n<\/i><\/b>, te proporcionan (al igual que los elementos de aseo) <b><i>un kit de limpieza para la cocina<\/i><\/b>, lo que dice mucho del engranaje del proyecto, ya que normalmente cuando vas a un apartamento, te \u00abobligan\u00bb a comprar tus propios productos de limpieza, y aqu\u00ed ese problema lo solventan de una forma muy buena e imaginativa.<\/div>\n<div class=\"separator\" style=\"clear: both; text-align: left;\">\n<\/div>\n<div class=\"separator\" style=\"clear: both; text-align: left;\">\nSi hab\u00e9is visitado alg\u00fan otro \u00abErick V\u00f6ckel\u00bb o ten\u00e9is pensado hacerlo, no os olvides de compartirlo con nosotros! As\u00ed tendremos informaci\u00f3n de primera mano de los sitios que vamos visitando.<\/div>\n<div class=\"separator\" style=\"clear: both; text-align: left;\">\n<\/div>\n<div class=\"separator\" style=\"clear: both; text-align: left;\">\n<i>Qu\u00e9 pas\u00e9is una buen\u00edsima semana!<\/i><\/div>\n<div class=\"separator\" style=\"clear: both; text-align: left;\">\n<i>Muaaaaka!<\/i><\/div>\n<p><a href=\"http:\/\/www.euroresidentes.com\/hogar\/interiorismo-caleidoscopico\/wp-content\/uploads\/sites\/3\/2014\/10\/Erickvockel00-527x1024.png\" imageanchor=\"1\" style=\"clear: left; float: left; margin-bottom: 1em; margin-right: 1em;\"><br \/><\/a><\/p>\n","protected":false},"excerpt":{"rendered":"<p>\u00a1Buenos d\u00edas! En noviembre tengo unas peque\u00f1as vacaciones, y sin duda unos de los sitios a los que me gusta escaparme es Madrid. No se si lo habr\u00e9 comentado antes pero \u00a1me encanta pasear por Madrid centro! y si os gusta hacerlo tanto c\u00f3mo a mi no pod\u00e9is dejar pasar la oportunidad de hacer una visita a Erick Vockel Madrid Suites.&nbsp;En realidad no es un hotel al uso, sino que son unos apartamentos de dise\u00f1o con todo lo necesario para vivir en ellos, nada del t\u00edpico apartamento \u00abcutre\u00bb (con perd\u00f3n), sino con una est\u00e9tica muy cuidada, tanto que querr\u00e1s quedarte <\/p>\n","protected":false},"author":11,"featured_media":524,"comment_status":"open","ping_status":"open","sticky":false,"template":"","format":"standard","meta":{"footnotes":""},"categories":[6],"tags":[10],"class_list":["post-303","post","type-post","status-publish","format-standard","has-post-thumbnail","hentry","category-tendencias","tag-hoteles","has_thumb"],"yoast_head":"<!-- This site is optimized with the Yoast SEO plugin v24.1 - https:\/\/yoast.com\/wordpress\/plugins\/seo\/ -->\n<title>Hoteles de Dise\u00f1o: Erick V\u00f6ckel Madrid Suites - Interiorismo<\/title>\n<meta name=\"robots\" content=\"index, follow, max-snippet:-1, max-image-preview:large, max-video-preview:-1\" \/>\n<link rel=\"canonical\" href=\"https:\/\/www.euroresidentes.com\/hogar\/interiorismo-caleidoscopico\/hoteles-de-diseno-erick-vockel-madrid\/\" \/>\n<meta property=\"og:locale\" content=\"es_ES\" \/>\n<meta property=\"og:type\" content=\"article\" \/>\n<meta property=\"og:title\" content=\"Hoteles de Dise\u00f1o: Erick V\u00f6ckel Madrid Suites - Interiorismo\" \/>\n<meta property=\"og:description\" content=\"\u00a1Buenos d\u00edas! En noviembre tengo unas peque\u00f1as vacaciones, y sin duda unos de los sitios a los que me gusta escaparme es Madrid. No se si lo habr\u00e9 comentado antes pero \u00a1me encanta pasear por Madrid centro! y si os gusta hacerlo tanto c\u00f3mo a mi no pod\u00e9is dejar pasar la oportunidad de hacer una visita a Erick Vockel Madrid Suites.&nbsp;En realidad no es un hotel al uso, sino que son unos apartamentos de dise\u00f1o con todo lo necesario para vivir en ellos, nada del t\u00edpico apartamento \u00abcutre\u00bb (con perd\u00f3n), sino con una est\u00e9tica muy cuidada, tanto que querr\u00e1s quedarte\" \/>\n<meta property=\"og:url\" content=\"https:\/\/www.euroresidentes.com\/hogar\/interiorismo-caleidoscopico\/hoteles-de-diseno-erick-vockel-madrid\/\" \/>\n<meta property=\"og:site_name\" content=\"Interiorismo\" \/>\n<meta property=\"article:publisher\" content=\"https:\/\/www.facebook.com\/euroresidentes\/\" \/>\n<meta property=\"article:published_time\" content=\"2014-10-13T13:05:00+00:00\" \/>\n<meta property=\"article:modified_time\" content=\"2016-02-23T15:38:28+00:00\" \/>\n<meta property=\"og:image\" content=\"https:\/\/www.euroresidentes.com\/hogar\/interiorismo-caleidoscopico\/wp-content\/uploads\/sites\/3\/2014\/10\/09.jpg\" \/>\n\t<meta property=\"og:image:width\" content=\"600\" \/>\n\t<meta property=\"og:image:height\" content=\"450\" \/>\n\t<meta property=\"og:image:type\" content=\"image\/jpeg\" \/>\n<meta name=\"author\" content=\"Isabel Jim\u00e9nez\" \/>\n<meta name=\"twitter:card\" content=\"summary_large_image\" \/>\n<meta name=\"twitter:label1\" content=\"Written by\" \/>\n\t<meta name=\"twitter:data1\" content=\"Isabel Jim\u00e9nez\" \/>\n\t<meta name=\"twitter:label2\" content=\"Est. reading time\" \/>\n\t<meta name=\"twitter:data2\" content=\"3 minutos\" \/>\n<script type=\"application\/ld+json\" class=\"yoast-schema-graph\">{\"@context\":\"https:\/\/schema.org\",\"@graph\":[{\"@type\":\"WebPage\",\"@id\":\"https:\/\/www.euroresidentes.com\/hogar\/interiorismo-caleidoscopico\/hoteles-de-diseno-erick-vockel-madrid\/\",\"url\":\"https:\/\/www.euroresidentes.com\/hogar\/interiorismo-caleidoscopico\/hoteles-de-diseno-erick-vockel-madrid\/\",\"name\":\"Hoteles de Dise\u00f1o: Erick V\u00f6ckel Madrid Suites - Interiorismo\",\"isPartOf\":{\"@id\":\"https:\/\/www.euroresidentes.com\/hogar\/interiorismo-caleidoscopico\/#website\"},\"primaryImageOfPage\":{\"@id\":\"https:\/\/www.euroresidentes.com\/hogar\/interiorismo-caleidoscopico\/hoteles-de-diseno-erick-vockel-madrid\/#primaryimage\"},\"image\":{\"@id\":\"https:\/\/www.euroresidentes.com\/hogar\/interiorismo-caleidoscopico\/hoteles-de-diseno-erick-vockel-madrid\/#primaryimage\"},\"thumbnailUrl\":\"https:\/\/www.euroresidentes.com\/hogar\/interiorismo-caleidoscopico\/wp-content\/uploads\/sites\/3\/2014\/10\/09.jpg\",\"datePublished\":\"2014-10-13T13:05:00+00:00\",\"dateModified\":\"2016-02-23T15:38:28+00:00\",\"author\":{\"@id\":\"https:\/\/www.euroresidentes.com\/hogar\/interiorismo-caleidoscopico\/#\/schema\/person\/d99dff20f6a5a8e66c2ba54e7ab5034e\"},\"breadcrumb\":{\"@id\":\"https:\/\/www.euroresidentes.com\/hogar\/interiorismo-caleidoscopico\/hoteles-de-diseno-erick-vockel-madrid\/#breadcrumb\"},\"inLanguage\":\"es\",\"potentialAction\":[{\"@type\":\"ReadAction\",\"target\":[\"https:\/\/www.euroresidentes.com\/hogar\/interiorismo-caleidoscopico\/hoteles-de-diseno-erick-vockel-madrid\/\"]}]},{\"@type\":\"ImageObject\",\"inLanguage\":\"es\",\"@id\":\"https:\/\/www.euroresidentes.com\/hogar\/interiorismo-caleidoscopico\/hoteles-de-diseno-erick-vockel-madrid\/#primaryimage\",\"url\":\"https:\/\/www.euroresidentes.com\/hogar\/interiorismo-caleidoscopico\/wp-content\/uploads\/sites\/3\/2014\/10\/09.jpg\",\"contentUrl\":\"https:\/\/www.euroresidentes.com\/hogar\/interiorismo-caleidoscopico\/wp-content\/uploads\/sites\/3\/2014\/10\/09.jpg\",\"width\":600,\"height\":450},{\"@type\":\"BreadcrumbList\",\"@id\":\"https:\/\/www.euroresidentes.com\/hogar\/interiorismo-caleidoscopico\/hoteles-de-diseno-erick-vockel-madrid\/#breadcrumb\",\"itemListElement\":[{\"@type\":\"ListItem\",\"position\":1,\"name\":\"Portada\",\"item\":\"https:\/\/www.euroresidentes.com\/hogar\/interiorismo-caleidoscopico\/\"},{\"@type\":\"ListItem\",\"position\":2,\"name\":\"Hoteles de Dise\u00f1o: Erick V\u00f6ckel Madrid Suites\"}]},{\"@type\":\"WebSite\",\"@id\":\"https:\/\/www.euroresidentes.com\/hogar\/interiorismo-caleidoscopico\/#website\",\"url\":\"https:\/\/www.euroresidentes.com\/hogar\/interiorismo-caleidoscopico\/\",\"name\":\"Interiorismo\",\"description\":\"Euroresidentes\",\"potentialAction\":[{\"@type\":\"SearchAction\",\"target\":{\"@type\":\"EntryPoint\",\"urlTemplate\":\"https:\/\/www.euroresidentes.com\/hogar\/interiorismo-caleidoscopico\/?s={search_term_string}\"},\"query-input\":{\"@type\":\"PropertyValueSpecification\",\"valueRequired\":true,\"valueName\":\"search_term_string\"}}],\"inLanguage\":\"es\"},{\"@type\":\"Person\",\"@id\":\"https:\/\/www.euroresidentes.com\/hogar\/interiorismo-caleidoscopico\/#\/schema\/person\/d99dff20f6a5a8e66c2ba54e7ab5034e\",\"name\":\"Isabel Jim\u00e9nez\",\"image\":{\"@type\":\"ImageObject\",\"inLanguage\":\"es\",\"@id\":\"https:\/\/www.euroresidentes.com\/hogar\/interiorismo-caleidoscopico\/#\/schema\/person\/image\/\",\"url\":\"https:\/\/www.euroresidentes.com\/hogar\/interiorismo-caleidoscopico\/wp-content\/uploads\/sites\/3\/2016\/02\/autora-isabel-150x150.jpg\",\"contentUrl\":\"https:\/\/www.euroresidentes.com\/hogar\/interiorismo-caleidoscopico\/wp-content\/uploads\/sites\/3\/2016\/02\/autora-isabel-150x150.jpg\",\"caption\":\"Isabel Jim\u00e9nez\"},\"description\":\"Isabel JimenezSoy Arquitecta, Interiorista y dise\u00f1adora gr\u00e1fica, actualmente vivo en Alicante pero soy de Navaluenga, un pueblito de \u00c1vila en medio de un valle.\",\"sameAs\":[\"https:\/\/www.euroresidentes.com\/hogar\/isabel-jimenez.html\"],\"url\":\"https:\/\/www.euroresidentes.com\/hogar\/interiorismo-caleidoscopico\/author\/isabeljimenez\/\"}]}<\/script>\n<!-- \/ Yoast SEO plugin. -->","yoast_head_json":{"title":"Hoteles de Dise\u00f1o: Erick V\u00f6ckel Madrid Suites - Interiorismo","robots":{"index":"index","follow":"follow","max-snippet":"max-snippet:-1","max-image-preview":"max-image-preview:large","max-video-preview":"max-video-preview:-1"},"canonical":"https:\/\/www.euroresidentes.com\/hogar\/interiorismo-caleidoscopico\/hoteles-de-diseno-erick-vockel-madrid\/","og_locale":"es_ES","og_type":"article","og_title":"Hoteles de Dise\u00f1o: Erick V\u00f6ckel Madrid Suites - Interiorismo","og_description":"\u00a1Buenos d\u00edas! En noviembre tengo unas peque\u00f1as vacaciones, y sin duda unos de los sitios a los que me gusta escaparme es Madrid. No se si lo habr\u00e9 comentado antes pero \u00a1me encanta pasear por Madrid centro! y si os gusta hacerlo tanto c\u00f3mo a mi no pod\u00e9is dejar pasar la oportunidad de hacer una visita a Erick Vockel Madrid Suites.&nbsp;En realidad no es un hotel al uso, sino que son unos apartamentos de dise\u00f1o con todo lo necesario para vivir en ellos, nada del t\u00edpico apartamento \u00abcutre\u00bb (con perd\u00f3n), sino con una est\u00e9tica muy cuidada, tanto que querr\u00e1s quedarte","og_url":"https:\/\/www.euroresidentes.com\/hogar\/interiorismo-caleidoscopico\/hoteles-de-diseno-erick-vockel-madrid\/","og_site_name":"Interiorismo","article_publisher":"https:\/\/www.facebook.com\/euroresidentes\/","article_published_time":"2014-10-13T13:05:00+00:00","article_modified_time":"2016-02-23T15:38:28+00:00","og_image":[{"width":600,"height":450,"url":"https:\/\/www.euroresidentes.com\/hogar\/interiorismo-caleidoscopico\/wp-content\/uploads\/sites\/3\/2014\/10\/09.jpg","type":"image\/jpeg"}],"author":"Isabel Jim\u00e9nez","twitter_card":"summary_large_image","twitter_misc":{"Written by":"Isabel Jim\u00e9nez","Est. reading time":"3 minutos"},"schema":{"@context":"https:\/\/schema.org","@graph":[{"@type":"WebPage","@id":"https:\/\/www.euroresidentes.com\/hogar\/interiorismo-caleidoscopico\/hoteles-de-diseno-erick-vockel-madrid\/","url":"https:\/\/www.euroresidentes.com\/hogar\/interiorismo-caleidoscopico\/hoteles-de-diseno-erick-vockel-madrid\/","name":"Hoteles de Dise\u00f1o: Erick V\u00f6ckel Madrid Suites - Interiorismo","isPartOf":{"@id":"https:\/\/www.euroresidentes.com\/hogar\/interiorismo-caleidoscopico\/#website"},"primaryImageOfPage":{"@id":"https:\/\/www.euroresidentes.com\/hogar\/interiorismo-caleidoscopico\/hoteles-de-diseno-erick-vockel-madrid\/#primaryimage"},"image":{"@id":"https:\/\/www.euroresidentes.com\/hogar\/interiorismo-caleidoscopico\/hoteles-de-diseno-erick-vockel-madrid\/#primaryimage"},"thumbnailUrl":"https:\/\/www.euroresidentes.com\/hogar\/interiorismo-caleidoscopico\/wp-content\/uploads\/sites\/3\/2014\/10\/09.jpg","datePublished":"2014-10-13T13:05:00+00:00","dateModified":"2016-02-23T15:38:28+00:00","author":{"@id":"https:\/\/www.euroresidentes.com\/hogar\/interiorismo-caleidoscopico\/#\/schema\/person\/d99dff20f6a5a8e66c2ba54e7ab5034e"},"breadcrumb":{"@id":"https:\/\/www.euroresidentes.com\/hogar\/interiorismo-caleidoscopico\/hoteles-de-diseno-erick-vockel-madrid\/#breadcrumb"},"inLanguage":"es","potentialAction":[{"@type":"ReadAction","target":["https:\/\/www.euroresidentes.com\/hogar\/interiorismo-caleidoscopico\/hoteles-de-diseno-erick-vockel-madrid\/"]}]},{"@type":"ImageObject","inLanguage":"es","@id":"https:\/\/www.euroresidentes.com\/hogar\/interiorismo-caleidoscopico\/hoteles-de-diseno-erick-vockel-madrid\/#primaryimage","url":"https:\/\/www.euroresidentes.com\/hogar\/interiorismo-caleidoscopico\/wp-content\/uploads\/sites\/3\/2014\/10\/09.jpg","contentUrl":"https:\/\/www.euroresidentes.com\/hogar\/interiorismo-caleidoscopico\/wp-content\/uploads\/sites\/3\/2014\/10\/09.jpg","width":600,"height":450},{"@type":"BreadcrumbList","@id":"https:\/\/www.euroresidentes.com\/hogar\/interiorismo-caleidoscopico\/hoteles-de-diseno-erick-vockel-madrid\/#breadcrumb","itemListElement":[{"@type":"ListItem","position":1,"name":"Portada","item":"https:\/\/www.euroresidentes.com\/hogar\/interiorismo-caleidoscopico\/"},{"@type":"ListItem","position":2,"name":"Hoteles de Dise\u00f1o: Erick V\u00f6ckel Madrid Suites"}]},{"@type":"WebSite","@id":"https:\/\/www.euroresidentes.com\/hogar\/interiorismo-caleidoscopico\/#website","url":"https:\/\/www.euroresidentes.com\/hogar\/interiorismo-caleidoscopico\/","name":"Interiorismo","description":"Euroresidentes","potentialAction":[{"@type":"SearchAction","target":{"@type":"EntryPoint","urlTemplate":"https:\/\/www.euroresidentes.com\/hogar\/interiorismo-caleidoscopico\/?s={search_term_string}"},"query-input":{"@type":"PropertyValueSpecification","valueRequired":true,"valueName":"search_term_string"}}],"inLanguage":"es"},{"@type":"Person","@id":"https:\/\/www.euroresidentes.com\/hogar\/interiorismo-caleidoscopico\/#\/schema\/person\/d99dff20f6a5a8e66c2ba54e7ab5034e","name":"Isabel Jim\u00e9nez","image":{"@type":"ImageObject","inLanguage":"es","@id":"https:\/\/www.euroresidentes.com\/hogar\/interiorismo-caleidoscopico\/#\/schema\/person\/image\/","url":"https:\/\/www.euroresidentes.com\/hogar\/interiorismo-caleidoscopico\/wp-content\/uploads\/sites\/3\/2016\/02\/autora-isabel-150x150.jpg","contentUrl":"https:\/\/www.euroresidentes.com\/hogar\/interiorismo-caleidoscopico\/wp-content\/uploads\/sites\/3\/2016\/02\/autora-isabel-150x150.jpg","caption":"Isabel Jim\u00e9nez"},"description":"Isabel JimenezSoy Arquitecta, Interiorista y dise\u00f1adora gr\u00e1fica, actualmente vivo en Alicante pero soy de Navaluenga, un pueblito de \u00c1vila en medio de un valle.","sameAs":["https:\/\/www.euroresidentes.com\/hogar\/isabel-jimenez.html"],"url":"https:\/\/www.euroresidentes.com\/hogar\/interiorismo-caleidoscopico\/author\/isabeljimenez\/"}]}},"_links":{"self":[{"href":"https:\/\/www.euroresidentes.com\/hogar\/interiorismo-caleidoscopico\/wp-json\/wp\/v2\/posts\/303","targetHints":{"allow":["GET"]}}],"collection":[{"href":"https:\/\/www.euroresidentes.com\/hogar\/interiorismo-caleidoscopico\/wp-json\/wp\/v2\/posts"}],"about":[{"href":"https:\/\/www.euroresidentes.com\/hogar\/interiorismo-caleidoscopico\/wp-json\/wp\/v2\/types\/post"}],"author":[{"embeddable":true,"href":"https:\/\/www.euroresidentes.com\/hogar\/interiorismo-caleidoscopico\/wp-json\/wp\/v2\/users\/11"}],"replies":[{"embeddable":true,"href":"https:\/\/www.euroresidentes.com\/hogar\/interiorismo-caleidoscopico\/wp-json\/wp\/v2\/comments?post=303"}],"version-history":[{"count":1,"href":"https:\/\/www.euroresidentes.com\/hogar\/interiorismo-caleidoscopico\/wp-json\/wp\/v2\/posts\/303\/revisions"}],"predecessor-version":[{"id":528,"href":"https:\/\/www.euroresidentes.com\/hogar\/interiorismo-caleidoscopico\/wp-json\/wp\/v2\/posts\/303\/revisions\/528"}],"wp:featuredmedia":[{"embeddable":true,"href":"https:\/\/www.euroresidentes.com\/hogar\/interiorismo-caleidoscopico\/wp-json\/wp\/v2\/media\/524"}],"wp:attachment":[{"href":"https:\/\/www.euroresidentes.com\/hogar\/interiorismo-caleidoscopico\/wp-json\/wp\/v2\/media?parent=303"}],"wp:term":[{"taxonomy":"category","embeddable":true,"href":"https:\/\/www.euroresidentes.com\/hogar\/interiorismo-caleidoscopico\/wp-json\/wp\/v2\/categories?post=303"},{"taxonomy":"post_tag","embeddable":true,"href":"https:\/\/www.euroresidentes.com\/hogar\/interiorismo-caleidoscopico\/wp-json\/wp\/v2\/tags?post=303"}],"curies":[{"name":"wp","href":"https:\/\/api.w.org\/{rel}","templated":true}]}}