{"id":268,"date":"2017-07-01T17:30:00","date_gmt":"2017-07-01T15:30:00","guid":{"rendered":"http:\/\/www.euroresidentes.com\/hogar\/interiorismo-caleidoscopico\/decoraciones-infalibles-para-una-boda"},"modified":"2018-01-03T13:26:28","modified_gmt":"2018-01-03T12:26:28","slug":"decoraciones-infalibles-para-una-boda","status":"publish","type":"post","link":"https:\/\/www.euroresidentes.com\/hogar\/interiorismo-caleidoscopico\/decoraciones-infalibles-para-una-boda\/","title":{"rendered":"Decoraciones infalibles para una Boda"},"content":{"rendered":"<div class=\"separator\" style=\"clear: both; text-align: center;\"><a style=\"margin-left: 1em; margin-right: 1em;\" href=\"http:\/\/www.euroresidentes.com\/hogar\/interiorismo-caleidoscopico\/wp-content\/uploads\/sites\/3\/2015\/07\/Bodas2015.png\"><img decoding=\"async\" src=\"http:\/\/www.euroresidentes.com\/hogar\/interiorismo-caleidoscopico\/wp-content\/uploads\/sites\/3\/2015\/07\/Bodas2015.png\" alt=\"\" border=\"0\" \/><\/a><\/div>\n<p> Ha llegado la temporada de Bodas, y he pensado que pod\u00eda ser interesante contaros cuales son las tendencias de este a\u00f1o, y aquellas que para mi son las m\u00e1s bonitas. Es un d\u00eda muy importante para los novios y ellos siempre pretenden agradar a sus invitados, est\u00e1 claro que con la decoraci\u00f3n se consigue un buen efecto visual y que el ambiente en el que nos encontramos es el que nos har\u00e1 sentirnos c\u00f3modos en la boda, a parte de la comida y la compa\u00f1\u00eda :D.<\/p>\n<div class=\"separator\" style=\"clear: both; text-align: center;\"><a style=\"margin-left: 1em; margin-right: 1em;\" href=\"http:\/\/www.euroresidentes.com\/hogar\/interiorismo-caleidoscopico\/wp-content\/uploads\/sites\/3\/2015\/07\/Bodas2015-1-429x1024.png\"><img decoding=\"async\" src=\"http:\/\/www.euroresidentes.com\/hogar\/interiorismo-caleidoscopico\/wp-content\/uploads\/sites\/3\/2015\/07\/Bodas2015-1-429x1024.png\" alt=\"\" border=\"0\" \/><\/a><\/div>\n<p>&nbsp;<\/p>\n<div class=\"separator\" style=\"clear: both; text-align: center;\"><a style=\"margin-left: 1em; margin-right: 1em;\" href=\"http:\/\/www.euroresidentes.com\/hogar\/interiorismo-caleidoscopico\/wp-content\/uploads\/sites\/3\/2015\/07\/Bodas2015-2-734x1024.png\"><img decoding=\"async\" src=\"http:\/\/www.euroresidentes.com\/hogar\/interiorismo-caleidoscopico\/wp-content\/uploads\/sites\/3\/2015\/07\/Bodas2015-2-734x1024.png\" alt=\"\" border=\"0\" \/><\/a><\/div>\n<ol>\n<li><b>Los detalles Vintage<\/b>: estos detalles ya lleva un par de temporadas de moda, pero \u00bfquien puede resistirse? Estos detalles nunca fallan y son una forma de personalizar la boda de forma diferente, adem\u00e1s con la cantidad de objetos vintage que nos podemos encontrar hoy&#8230;\u00a1repetir es pr\u00e1cticamente imposible! Bicicletas, m\u00e1quinas de escribir, coches antiguos&#8230; El donde y el que lo dir\u00e1 nuestro estilo y nuestra imaginaci\u00f3n&#8230;<\/li>\n<li><b>La decoraci\u00f3n \u00abTodo al Blanco\u00bb<\/b> (AllWhite): se trata de algo tan f\u00e1cil c\u00f3mo que el blanco sea el total protagonista, la manteler\u00eda, las sillas, e incluso las flores podr\u00edamos elegirlas en este color. Para mi \u00abAllwhite\u00bb ser\u00eda demasiado aunque s\u00ed apuesto por utilizarlo en todos los elementos de importancia, incluyendo detalles en color, como la cuberter\u00eda, los meseros con ilustraciones bonitas, los centros de mesa con alg\u00fan color&#8230; \u00a1Blanco si, \u00a0pero con algo de alegr\u00eda!<\/li>\n<li><b>La tarta nupcial&#8230;\u00a1Al desnudo! o una rica \u00abNaked Cake\u00bb:<\/b> s\u00ed, se acabaron las florituras y los detalles imposibles en fondant, ahora se lleva el tierno bizcocho relleno con una dulce y suave crema, cuya \u00fanica decoraci\u00f3n se situar\u00e1 en la capa superior y estar\u00e1 hecha normalmente con frutas o elementos sencillos. Una rica tarta, de aspecto artesano sin m\u00e1s florituras porque por si misma ya ser\u00e1 una delicia muy bonita.<\/li>\n<li><b>\u00a1Puestos de comida!<\/b>: ya sean mesas dulces, carros de helados o mesas saladas, todo lo que est\u00e9 relacionado con ofrecer algo de picar y a disposici\u00f3n de los invitados&#8230;es tendencia absoluta, las reinas de \u00e9sta tendencia son las mesas dulces, pero ya existen 1001 variantes, con cafe, te y pastas, una caravana que prepara los crepes al momento, una mesa de perritos calientes para la \u00abrecena\u00bb&#8230; Depender\u00e1 sobretodo de nuestro gusto, del de nuestros invitados y de la hora de la boda, si es de ma\u00f1ana, recomiendo mesa dulce con caf\u00e9 para una rica merienda y si es una boda de tarde me inclino m\u00e1s por mesas saladas, eso s\u00ed ambas muy bien decoradas, con detalles como el resto de elementos, recordad que es un complemento m\u00e1s.<\/li>\n<li><b>Las Tipograf\u00edas son muy importantes:<\/b> el mundo de las tipograf\u00edas se cuela en las bodas, invitaciones, carteles, meseros, photocall&#8230; Todos los elementos con una tipolog\u00eda muy cuidada, ya sea digital o lettering, todos los elementos deben responder a las mismas tipograf\u00edas, aqu\u00ed c\u00f3mo si de un trabajo de dise\u00f1o gr\u00e1fico se tratase, deber\u00edamos elegir una tipo principal y una o dos secundarias, y configurar con ellas todos los elementos gr\u00e1ficos de la boda.<\/li>\n<li><b>Los detalles a los Invitados<\/b>: es un cambio de tendencia cada vez m\u00e1s evidente, los novios dedican el dinero de los regalos a causas ben\u00e9ficas -lo cual me parece genial :)- y se ofrecen algunos detalles a la hora de la fiesta, chapas personalizadas, o DIY, sellos, tarjetas&#8230;complementos divertidos, cualquier cosa que haga la boda m\u00e1s divertida.<\/li>\n<\/ol>\n<div class=\"separator\" style=\"clear: both; text-align: center;\"><a style=\"margin-left: 1em; margin-right: 1em;\" href=\"http:\/\/www.euroresidentes.com\/hogar\/interiorismo-caleidoscopico\/wp-content\/uploads\/sites\/3\/2015\/07\/Bodas2015-3-504x1024.png\"><img decoding=\"async\" src=\"http:\/\/www.euroresidentes.com\/hogar\/interiorismo-caleidoscopico\/wp-content\/uploads\/sites\/3\/2015\/07\/Bodas2015-3-504x1024.png\" alt=\"\" border=\"0\" \/><\/a><\/div>\n<div>\u00a0<\/div>\n<div>\u00a0<\/div>\n<div class=\"separator\" style=\"clear: both; text-align: center;\">\u00a0<\/div>\n<div class=\"separator\" style=\"clear: both; text-align: center;\"><a style=\"margin-left: 1em; margin-right: 1em;\" href=\"http:\/\/www.euroresidentes.com\/hogar\/interiorismo-caleidoscopico\/wp-content\/uploads\/sites\/3\/2015\/07\/Bodas2015-4.png\"><img decoding=\"async\" src=\"http:\/\/www.euroresidentes.com\/hogar\/interiorismo-caleidoscopico\/wp-content\/uploads\/sites\/3\/2015\/07\/Bodas2015-4.png\" alt=\"\" border=\"0\" \/><\/a><\/div>\n<div class=\"separator\" style=\"clear: both; text-align: center;\">\u00a0<\/div>\n<div class=\"separator\" style=\"clear: both; text-align: left;\"><i>Espero que os guste y los que est\u00e9is a tiempo lo pong\u00e1is en pr\u00e1ctica. Por mi parte felicitar a las dos parejas a las que he tenido el placer de acompa\u00f1ar en su boda este mes \u00ab\u00c1ngela y Quique\u00bb y \u00abJuan y Yure\u00bb, han sido dos bodas geniales llenas de bonitos recuerdos ahora s\u00f3lo os deseo la mayor felicidad \ud83d\ude00<\/i><\/div>\n<div class=\"separator\" style=\"clear: both; text-align: left;\"><i>\u00a0<\/i><\/div>\n<div class=\"separator\" style=\"clear: both; text-align: left;\"><i>Muaaaaaka!<\/i><\/div>\n<div class=\"separator\" style=\"clear: both; text-align: left;\"><i>\u00a0<\/i><\/div>\n<div class=\"separator\" style=\"clear: both; text-align: left;\"><i>PD: Siento la distancia entre post, pero no saco muchos huecos \u00faltimamente, gracias por seguir ah\u00ed \ud83d\ude42<\/i><\/div>\n<div class=\"separator\" style=\"clear: both; text-align: center;\">\u00a0<\/div>\n<div class=\"separator\" style=\"clear: both; text-align: center;\">\u00a0<\/div>\n","protected":false},"excerpt":{"rendered":"<p>Ha llegado la temporada de Bodas, y he pensado que pod\u00eda ser interesante contaros cuales son las tendencias de este a\u00f1o, y aquellas que para mi son las m\u00e1s bonitas. Es un d\u00eda muy importante para los novios y ellos siempre pretenden agradar a sus invitados, est\u00e1 claro que con la decoraci\u00f3n se consigue un buen efecto visual y que el ambiente en el que nos encontramos es el que nos har\u00e1 sentirnos c\u00f3modos en la boda, a parte de la comida y la compa\u00f1\u00eda :D. &nbsp; Los detalles Vintage: estos detalles ya lleva un par de temporadas de moda, <\/p>\n","protected":false},"author":11,"featured_media":365,"comment_status":"open","ping_status":"open","sticky":false,"template":"","format":"standard","meta":{"footnotes":""},"categories":[8],"tags":[],"class_list":["post-268","post","type-post","status-publish","format-standard","has-post-thumbnail","hentry","category-ideas","has_thumb"],"yoast_head":"<!-- This site is optimized with the Yoast SEO plugin v24.1 - https:\/\/yoast.com\/wordpress\/plugins\/seo\/ -->\n<title>Decoraciones infalibles para una Boda - Interiorismo<\/title>\n<meta name=\"robots\" content=\"index, follow, max-snippet:-1, max-image-preview:large, max-video-preview:-1\" \/>\n<link rel=\"canonical\" href=\"https:\/\/www.euroresidentes.com\/hogar\/interiorismo-caleidoscopico\/decoraciones-infalibles-para-una-boda\/\" \/>\n<meta property=\"og:locale\" content=\"es_ES\" \/>\n<meta property=\"og:type\" content=\"article\" \/>\n<meta property=\"og:title\" content=\"Decoraciones infalibles para una Boda - Interiorismo\" \/>\n<meta property=\"og:description\" content=\"Ha llegado la temporada de Bodas, y he pensado que pod\u00eda ser interesante contaros cuales son las tendencias de este a\u00f1o, y aquellas que para mi son las m\u00e1s bonitas. Es un d\u00eda muy importante para los novios y ellos siempre pretenden agradar a sus invitados, est\u00e1 claro que con la decoraci\u00f3n se consigue un buen efecto visual y que el ambiente en el que nos encontramos es el que nos har\u00e1 sentirnos c\u00f3modos en la boda, a parte de la comida y la compa\u00f1\u00eda :D. &nbsp; Los detalles Vintage: estos detalles ya lleva un par de temporadas de moda,\" \/>\n<meta property=\"og:url\" content=\"https:\/\/www.euroresidentes.com\/hogar\/interiorismo-caleidoscopico\/decoraciones-infalibles-para-una-boda\/\" \/>\n<meta property=\"og:site_name\" content=\"Interiorismo\" \/>\n<meta property=\"article:publisher\" content=\"https:\/\/www.facebook.com\/euroresidentes\/\" \/>\n<meta property=\"article:published_time\" content=\"2017-07-01T15:30:00+00:00\" \/>\n<meta property=\"article:modified_time\" content=\"2018-01-03T12:26:28+00:00\" \/>\n<meta property=\"og:image\" content=\"https:\/\/www.euroresidentes.com\/hogar\/interiorismo-caleidoscopico\/wp-content\/uploads\/sites\/3\/2015\/07\/Bodas2015.png\" \/>\n\t<meta property=\"og:image:width\" content=\"654\" \/>\n\t<meta property=\"og:image:height\" content=\"424\" \/>\n\t<meta property=\"og:image:type\" content=\"image\/png\" \/>\n<meta name=\"author\" content=\"Isabel Jim\u00e9nez\" \/>\n<meta name=\"twitter:card\" content=\"summary_large_image\" \/>\n<meta name=\"twitter:label1\" content=\"Written by\" \/>\n\t<meta name=\"twitter:data1\" content=\"Isabel Jim\u00e9nez\" \/>\n\t<meta name=\"twitter:label2\" content=\"Est. reading time\" \/>\n\t<meta name=\"twitter:data2\" content=\"3 minutos\" \/>\n<script type=\"application\/ld+json\" class=\"yoast-schema-graph\">{\"@context\":\"https:\/\/schema.org\",\"@graph\":[{\"@type\":\"WebPage\",\"@id\":\"https:\/\/www.euroresidentes.com\/hogar\/interiorismo-caleidoscopico\/decoraciones-infalibles-para-una-boda\/\",\"url\":\"https:\/\/www.euroresidentes.com\/hogar\/interiorismo-caleidoscopico\/decoraciones-infalibles-para-una-boda\/\",\"name\":\"Decoraciones infalibles para una Boda - Interiorismo\",\"isPartOf\":{\"@id\":\"https:\/\/www.euroresidentes.com\/hogar\/interiorismo-caleidoscopico\/#website\"},\"primaryImageOfPage\":{\"@id\":\"https:\/\/www.euroresidentes.com\/hogar\/interiorismo-caleidoscopico\/decoraciones-infalibles-para-una-boda\/#primaryimage\"},\"image\":{\"@id\":\"https:\/\/www.euroresidentes.com\/hogar\/interiorismo-caleidoscopico\/decoraciones-infalibles-para-una-boda\/#primaryimage\"},\"thumbnailUrl\":\"https:\/\/www.euroresidentes.com\/hogar\/interiorismo-caleidoscopico\/wp-content\/uploads\/sites\/3\/2015\/07\/Bodas2015.png\",\"datePublished\":\"2017-07-01T15:30:00+00:00\",\"dateModified\":\"2018-01-03T12:26:28+00:00\",\"author\":{\"@id\":\"https:\/\/www.euroresidentes.com\/hogar\/interiorismo-caleidoscopico\/#\/schema\/person\/d99dff20f6a5a8e66c2ba54e7ab5034e\"},\"breadcrumb\":{\"@id\":\"https:\/\/www.euroresidentes.com\/hogar\/interiorismo-caleidoscopico\/decoraciones-infalibles-para-una-boda\/#breadcrumb\"},\"inLanguage\":\"es\",\"potentialAction\":[{\"@type\":\"ReadAction\",\"target\":[\"https:\/\/www.euroresidentes.com\/hogar\/interiorismo-caleidoscopico\/decoraciones-infalibles-para-una-boda\/\"]}]},{\"@type\":\"ImageObject\",\"inLanguage\":\"es\",\"@id\":\"https:\/\/www.euroresidentes.com\/hogar\/interiorismo-caleidoscopico\/decoraciones-infalibles-para-una-boda\/#primaryimage\",\"url\":\"https:\/\/www.euroresidentes.com\/hogar\/interiorismo-caleidoscopico\/wp-content\/uploads\/sites\/3\/2015\/07\/Bodas2015.png\",\"contentUrl\":\"https:\/\/www.euroresidentes.com\/hogar\/interiorismo-caleidoscopico\/wp-content\/uploads\/sites\/3\/2015\/07\/Bodas2015.png\",\"width\":654,\"height\":424},{\"@type\":\"BreadcrumbList\",\"@id\":\"https:\/\/www.euroresidentes.com\/hogar\/interiorismo-caleidoscopico\/decoraciones-infalibles-para-una-boda\/#breadcrumb\",\"itemListElement\":[{\"@type\":\"ListItem\",\"position\":1,\"name\":\"Portada\",\"item\":\"https:\/\/www.euroresidentes.com\/hogar\/interiorismo-caleidoscopico\/\"},{\"@type\":\"ListItem\",\"position\":2,\"name\":\"Decoraciones infalibles para una Boda\"}]},{\"@type\":\"WebSite\",\"@id\":\"https:\/\/www.euroresidentes.com\/hogar\/interiorismo-caleidoscopico\/#website\",\"url\":\"https:\/\/www.euroresidentes.com\/hogar\/interiorismo-caleidoscopico\/\",\"name\":\"Interiorismo\",\"description\":\"Euroresidentes\",\"potentialAction\":[{\"@type\":\"SearchAction\",\"target\":{\"@type\":\"EntryPoint\",\"urlTemplate\":\"https:\/\/www.euroresidentes.com\/hogar\/interiorismo-caleidoscopico\/?s={search_term_string}\"},\"query-input\":{\"@type\":\"PropertyValueSpecification\",\"valueRequired\":true,\"valueName\":\"search_term_string\"}}],\"inLanguage\":\"es\"},{\"@type\":\"Person\",\"@id\":\"https:\/\/www.euroresidentes.com\/hogar\/interiorismo-caleidoscopico\/#\/schema\/person\/d99dff20f6a5a8e66c2ba54e7ab5034e\",\"name\":\"Isabel Jim\u00e9nez\",\"image\":{\"@type\":\"ImageObject\",\"inLanguage\":\"es\",\"@id\":\"https:\/\/www.euroresidentes.com\/hogar\/interiorismo-caleidoscopico\/#\/schema\/person\/image\/\",\"url\":\"https:\/\/www.euroresidentes.com\/hogar\/interiorismo-caleidoscopico\/wp-content\/uploads\/sites\/3\/2016\/02\/autora-isabel-150x150.jpg\",\"contentUrl\":\"https:\/\/www.euroresidentes.com\/hogar\/interiorismo-caleidoscopico\/wp-content\/uploads\/sites\/3\/2016\/02\/autora-isabel-150x150.jpg\",\"caption\":\"Isabel Jim\u00e9nez\"},\"description\":\"Isabel JimenezSoy Arquitecta, Interiorista y dise\u00f1adora gr\u00e1fica, actualmente vivo en Alicante pero soy de Navaluenga, un pueblito de \u00c1vila en medio de un valle.\",\"sameAs\":[\"https:\/\/www.euroresidentes.com\/hogar\/isabel-jimenez.html\"],\"url\":\"https:\/\/www.euroresidentes.com\/hogar\/interiorismo-caleidoscopico\/author\/isabeljimenez\/\"}]}<\/script>\n<!-- \/ Yoast SEO plugin. -->","yoast_head_json":{"title":"Decoraciones infalibles para una Boda - Interiorismo","robots":{"index":"index","follow":"follow","max-snippet":"max-snippet:-1","max-image-preview":"max-image-preview:large","max-video-preview":"max-video-preview:-1"},"canonical":"https:\/\/www.euroresidentes.com\/hogar\/interiorismo-caleidoscopico\/decoraciones-infalibles-para-una-boda\/","og_locale":"es_ES","og_type":"article","og_title":"Decoraciones infalibles para una Boda - Interiorismo","og_description":"Ha llegado la temporada de Bodas, y he pensado que pod\u00eda ser interesante contaros cuales son las tendencias de este a\u00f1o, y aquellas que para mi son las m\u00e1s bonitas. Es un d\u00eda muy importante para los novios y ellos siempre pretenden agradar a sus invitados, est\u00e1 claro que con la decoraci\u00f3n se consigue un buen efecto visual y que el ambiente en el que nos encontramos es el que nos har\u00e1 sentirnos c\u00f3modos en la boda, a parte de la comida y la compa\u00f1\u00eda :D. &nbsp; Los detalles Vintage: estos detalles ya lleva un par de temporadas de moda,","og_url":"https:\/\/www.euroresidentes.com\/hogar\/interiorismo-caleidoscopico\/decoraciones-infalibles-para-una-boda\/","og_site_name":"Interiorismo","article_publisher":"https:\/\/www.facebook.com\/euroresidentes\/","article_published_time":"2017-07-01T15:30:00+00:00","article_modified_time":"2018-01-03T12:26:28+00:00","og_image":[{"width":654,"height":424,"url":"https:\/\/www.euroresidentes.com\/hogar\/interiorismo-caleidoscopico\/wp-content\/uploads\/sites\/3\/2015\/07\/Bodas2015.png","type":"image\/png"}],"author":"Isabel Jim\u00e9nez","twitter_card":"summary_large_image","twitter_misc":{"Written by":"Isabel Jim\u00e9nez","Est. reading time":"3 minutos"},"schema":{"@context":"https:\/\/schema.org","@graph":[{"@type":"WebPage","@id":"https:\/\/www.euroresidentes.com\/hogar\/interiorismo-caleidoscopico\/decoraciones-infalibles-para-una-boda\/","url":"https:\/\/www.euroresidentes.com\/hogar\/interiorismo-caleidoscopico\/decoraciones-infalibles-para-una-boda\/","name":"Decoraciones infalibles para una Boda - Interiorismo","isPartOf":{"@id":"https:\/\/www.euroresidentes.com\/hogar\/interiorismo-caleidoscopico\/#website"},"primaryImageOfPage":{"@id":"https:\/\/www.euroresidentes.com\/hogar\/interiorismo-caleidoscopico\/decoraciones-infalibles-para-una-boda\/#primaryimage"},"image":{"@id":"https:\/\/www.euroresidentes.com\/hogar\/interiorismo-caleidoscopico\/decoraciones-infalibles-para-una-boda\/#primaryimage"},"thumbnailUrl":"https:\/\/www.euroresidentes.com\/hogar\/interiorismo-caleidoscopico\/wp-content\/uploads\/sites\/3\/2015\/07\/Bodas2015.png","datePublished":"2017-07-01T15:30:00+00:00","dateModified":"2018-01-03T12:26:28+00:00","author":{"@id":"https:\/\/www.euroresidentes.com\/hogar\/interiorismo-caleidoscopico\/#\/schema\/person\/d99dff20f6a5a8e66c2ba54e7ab5034e"},"breadcrumb":{"@id":"https:\/\/www.euroresidentes.com\/hogar\/interiorismo-caleidoscopico\/decoraciones-infalibles-para-una-boda\/#breadcrumb"},"inLanguage":"es","potentialAction":[{"@type":"ReadAction","target":["https:\/\/www.euroresidentes.com\/hogar\/interiorismo-caleidoscopico\/decoraciones-infalibles-para-una-boda\/"]}]},{"@type":"ImageObject","inLanguage":"es","@id":"https:\/\/www.euroresidentes.com\/hogar\/interiorismo-caleidoscopico\/decoraciones-infalibles-para-una-boda\/#primaryimage","url":"https:\/\/www.euroresidentes.com\/hogar\/interiorismo-caleidoscopico\/wp-content\/uploads\/sites\/3\/2015\/07\/Bodas2015.png","contentUrl":"https:\/\/www.euroresidentes.com\/hogar\/interiorismo-caleidoscopico\/wp-content\/uploads\/sites\/3\/2015\/07\/Bodas2015.png","width":654,"height":424},{"@type":"BreadcrumbList","@id":"https:\/\/www.euroresidentes.com\/hogar\/interiorismo-caleidoscopico\/decoraciones-infalibles-para-una-boda\/#breadcrumb","itemListElement":[{"@type":"ListItem","position":1,"name":"Portada","item":"https:\/\/www.euroresidentes.com\/hogar\/interiorismo-caleidoscopico\/"},{"@type":"ListItem","position":2,"name":"Decoraciones infalibles para una Boda"}]},{"@type":"WebSite","@id":"https:\/\/www.euroresidentes.com\/hogar\/interiorismo-caleidoscopico\/#website","url":"https:\/\/www.euroresidentes.com\/hogar\/interiorismo-caleidoscopico\/","name":"Interiorismo","description":"Euroresidentes","potentialAction":[{"@type":"SearchAction","target":{"@type":"EntryPoint","urlTemplate":"https:\/\/www.euroresidentes.com\/hogar\/interiorismo-caleidoscopico\/?s={search_term_string}"},"query-input":{"@type":"PropertyValueSpecification","valueRequired":true,"valueName":"search_term_string"}}],"inLanguage":"es"},{"@type":"Person","@id":"https:\/\/www.euroresidentes.com\/hogar\/interiorismo-caleidoscopico\/#\/schema\/person\/d99dff20f6a5a8e66c2ba54e7ab5034e","name":"Isabel Jim\u00e9nez","image":{"@type":"ImageObject","inLanguage":"es","@id":"https:\/\/www.euroresidentes.com\/hogar\/interiorismo-caleidoscopico\/#\/schema\/person\/image\/","url":"https:\/\/www.euroresidentes.com\/hogar\/interiorismo-caleidoscopico\/wp-content\/uploads\/sites\/3\/2016\/02\/autora-isabel-150x150.jpg","contentUrl":"https:\/\/www.euroresidentes.com\/hogar\/interiorismo-caleidoscopico\/wp-content\/uploads\/sites\/3\/2016\/02\/autora-isabel-150x150.jpg","caption":"Isabel Jim\u00e9nez"},"description":"Isabel JimenezSoy Arquitecta, Interiorista y dise\u00f1adora gr\u00e1fica, actualmente vivo en Alicante pero soy de Navaluenga, un pueblito de \u00c1vila en medio de un valle.","sameAs":["https:\/\/www.euroresidentes.com\/hogar\/isabel-jimenez.html"],"url":"https:\/\/www.euroresidentes.com\/hogar\/interiorismo-caleidoscopico\/author\/isabeljimenez\/"}]}},"_links":{"self":[{"href":"https:\/\/www.euroresidentes.com\/hogar\/interiorismo-caleidoscopico\/wp-json\/wp\/v2\/posts\/268","targetHints":{"allow":["GET"]}}],"collection":[{"href":"https:\/\/www.euroresidentes.com\/hogar\/interiorismo-caleidoscopico\/wp-json\/wp\/v2\/posts"}],"about":[{"href":"https:\/\/www.euroresidentes.com\/hogar\/interiorismo-caleidoscopico\/wp-json\/wp\/v2\/types\/post"}],"author":[{"embeddable":true,"href":"https:\/\/www.euroresidentes.com\/hogar\/interiorismo-caleidoscopico\/wp-json\/wp\/v2\/users\/11"}],"replies":[{"embeddable":true,"href":"https:\/\/www.euroresidentes.com\/hogar\/interiorismo-caleidoscopico\/wp-json\/wp\/v2\/comments?post=268"}],"version-history":[{"count":3,"href":"https:\/\/www.euroresidentes.com\/hogar\/interiorismo-caleidoscopico\/wp-json\/wp\/v2\/posts\/268\/revisions"}],"predecessor-version":[{"id":746,"href":"https:\/\/www.euroresidentes.com\/hogar\/interiorismo-caleidoscopico\/wp-json\/wp\/v2\/posts\/268\/revisions\/746"}],"wp:featuredmedia":[{"embeddable":true,"href":"https:\/\/www.euroresidentes.com\/hogar\/interiorismo-caleidoscopico\/wp-json\/wp\/v2\/media\/365"}],"wp:attachment":[{"href":"https:\/\/www.euroresidentes.com\/hogar\/interiorismo-caleidoscopico\/wp-json\/wp\/v2\/media?parent=268"}],"wp:term":[{"taxonomy":"category","embeddable":true,"href":"https:\/\/www.euroresidentes.com\/hogar\/interiorismo-caleidoscopico\/wp-json\/wp\/v2\/categories?post=268"},{"taxonomy":"post_tag","embeddable":true,"href":"https:\/\/www.euroresidentes.com\/hogar\/interiorismo-caleidoscopico\/wp-json\/wp\/v2\/tags?post=268"}],"curies":[{"name":"wp","href":"https:\/\/api.w.org\/{rel}","templated":true}]}}