{"id":629,"date":"2007-06-14T08:39:00","date_gmt":"2007-06-14T08:39:00","guid":{"rendered":"http:\/\/www.euroresidentes.com\/hogar\/decoracion-hogar\/luces-para-el-exterior"},"modified":"2016-03-09T14:04:09","modified_gmt":"2016-03-09T14:04:09","slug":"luces-para-el-exterior","status":"publish","type":"post","link":"https:\/\/www.euroresidentes.com\/hogar\/decoracion\/luces-para-el-exterior\/","title":{"rendered":"Luces para el exterior"},"content":{"rendered":"<p><a><img loading=\"lazy\" decoding=\"async\" style=\"float: right; margin: 5px 5px 10px 10px; cursor: hand;\" src=\"http:\/\/fotos.euroresidentes.com\/fotos\/decoracion\/fotos-lamparas-exteriores\/images\/Fotos-Lamparas-de-Exterior%20(03).JPG\" alt=\"\" width=\"120\" height=\"160\" border=\"0\" \/><\/a>En los meses de verano resulta muy agradable cenar fuera en la terraza bajo la luna y las estrellas. Las velas son un excelente complemento a la luz de la luna para que podamos ver qu\u00e9 comemos y las caras de las personas que nos acompa\u00f1an, pero muchas veces no ofrecen suficiente luz.<\/p>\n<p>Por otra parte, las bombillas y luces convencionales pueden romper la magia de la cena, ofreciendo una luz demasiado fuerte para el ambiente c\u00e1lido y natural que deseamos crear.<\/p>\n<p><a><img loading=\"lazy\" decoding=\"async\" style=\"float: left; margin: 5px 5px 10px 10px; cursor: hand;\" src=\"http:\/\/fotos.euroresidentes.com\/fotos\/decoracion\/fotos-lamparas-exteriores\/images\/Fotos-Lamparas-de-Exterior%20(02).JPG\" alt=\"\" width=\"315\" height=\"240\" border=\"0\" \/><\/a>La soluci\u00f3n son las l\u00e1mparas de polietileno con luz. Son ideales para jardin o terraza, ofrecen una luz tenue pero estable y tienen formas que son muy f\u00e1ciles de combinar para componer con muebles de exterior y art\u00edculos de terraza.<\/p>\n<p><a><img loading=\"lazy\" decoding=\"async\" style=\"float: right; margin: 5px 5px 10px 10px; cursor: hand;\" src=\"http:\/\/fotos.euroresidentes.com\/fotos\/decoracion\/fotos-lamparas-exteriores\/images\/Fotos-Lamparas-de-Exterior%20(05).JPG\" alt=\"\" width=\"200\" height=\"150\" border=\"0\" \/><\/a>Estrat\u00e9gicamente colocadas en un rinc\u00f3n, entre macetas de flores o arboles, debajo de un tabique, encima de una mesita o incluso colocados en el jard\u00edn para facilitar la entrada a un chalet, estas luces son tan discretas como atractivas, y su popularidad ha hecho que cada vez se pueden adquirir en distintas formas y tonos.<\/p>\n<p>Ver <a href=\"http:\/\/www.paisajes.org\/fotos\/decoracion\/fotos-lamparas-exteriores\/\">Fotos de luces exteriores<\/a> realizadas por <a href=\"http:\/\/www.euroresidentes.org\/sol\/\">Sol P\u00e9rez<\/a> y disponible en Muebles Muebles Zoilo, C\/Ram\u00f3n y Cajal n\u00ba 8 Elche<\/p>\n","protected":false},"excerpt":{"rendered":"<p>En los meses de verano resulta muy agradable cenar fuera en la terraza bajo la luna y las estrellas. Las velas son un excelente complemento a la luz de la luna para que podamos ver qu\u00e9 comemos y las caras de las personas que nos acompa\u00f1an, pero muchas veces no ofrecen suficiente luz. Por otra parte, las bombillas y luces convencionales pueden romper la magia de la cena, ofreciendo una luz demasiado fuerte para el ambiente c\u00e1lido y natural que deseamos crear. La soluci\u00f3n son las l\u00e1mparas de polietileno con luz. Son ideales para jardin o terraza, ofrecen una luz <\/p>\n","protected":false},"author":1,"featured_media":1496,"comment_status":"open","ping_status":"open","sticky":false,"template":"","format":"standard","meta":{"footnotes":""},"categories":[21],"tags":[22],"class_list":["post-629","post","type-post","status-publish","format-standard","has-post-thumbnail","hentry","category-ideas","tag-decoracion-exterior","has_thumb"],"yoast_head":"<!-- This site is optimized with the Yoast SEO plugin v24.1 - https:\/\/yoast.com\/wordpress\/plugins\/seo\/ -->\n<title>Luces para el exterior - Decoracion en el hogar<\/title>\n<meta name=\"robots\" content=\"index, follow, max-snippet:-1, max-image-preview:large, max-video-preview:-1\" \/>\n<link rel=\"canonical\" href=\"https:\/\/www.euroresidentes.com\/hogar\/decoracion\/luces-para-el-exterior\/\" \/>\n<meta property=\"og:locale\" content=\"es_ES\" \/>\n<meta property=\"og:type\" content=\"article\" \/>\n<meta property=\"og:title\" content=\"Luces para el exterior - Decoracion en el hogar\" \/>\n<meta property=\"og:description\" content=\"En los meses de verano resulta muy agradable cenar fuera en la terraza bajo la luna y las estrellas. Las velas son un excelente complemento a la luz de la luna para que podamos ver qu\u00e9 comemos y las caras de las personas que nos acompa\u00f1an, pero muchas veces no ofrecen suficiente luz. Por otra parte, las bombillas y luces convencionales pueden romper la magia de la cena, ofreciendo una luz demasiado fuerte para el ambiente c\u00e1lido y natural que deseamos crear. La soluci\u00f3n son las l\u00e1mparas de polietileno con luz. Son ideales para jardin o terraza, ofrecen una luz\" \/>\n<meta property=\"og:url\" content=\"https:\/\/www.euroresidentes.com\/hogar\/decoracion\/luces-para-el-exterior\/\" \/>\n<meta property=\"og:site_name\" content=\"Decoracion en el hogar\" \/>\n<meta property=\"article:publisher\" content=\"https:\/\/www.facebook.com\/euroresidentes\/\" \/>\n<meta property=\"article:published_time\" content=\"2007-06-14T08:39:00+00:00\" \/>\n<meta property=\"article:modified_time\" content=\"2016-03-09T14:04:09+00:00\" \/>\n<meta property=\"og:image\" content=\"https:\/\/www.euroresidentes.com\/hogar\/decoracion\/wp-content\/uploads\/sites\/6\/2007\/06\/Fotos-Lamparas-de-Exterior2.jpg\" \/>\n\t<meta property=\"og:image:width\" content=\"360\" \/>\n\t<meta property=\"og:image:height\" content=\"480\" \/>\n\t<meta property=\"og:image:type\" content=\"image\/jpeg\" \/>\n<meta name=\"author\" content=\"Euroresidentes\" \/>\n<meta name=\"twitter:card\" content=\"summary_large_image\" \/>\n<meta name=\"twitter:label1\" content=\"Written by\" \/>\n\t<meta name=\"twitter:data1\" content=\"Euroresidentes\" \/>\n\t<meta name=\"twitter:label2\" content=\"Est. reading time\" \/>\n\t<meta name=\"twitter:data2\" content=\"1 minuto\" \/>\n<script type=\"application\/ld+json\" class=\"yoast-schema-graph\">{\"@context\":\"https:\/\/schema.org\",\"@graph\":[{\"@type\":\"WebPage\",\"@id\":\"https:\/\/www.euroresidentes.com\/hogar\/decoracion\/luces-para-el-exterior\/\",\"url\":\"https:\/\/www.euroresidentes.com\/hogar\/decoracion\/luces-para-el-exterior\/\",\"name\":\"Luces para el exterior - Decoracion en el hogar\",\"isPartOf\":{\"@id\":\"https:\/\/www.euroresidentes.com\/hogar\/decoracion\/#website\"},\"primaryImageOfPage\":{\"@id\":\"https:\/\/www.euroresidentes.com\/hogar\/decoracion\/luces-para-el-exterior\/#primaryimage\"},\"image\":{\"@id\":\"https:\/\/www.euroresidentes.com\/hogar\/decoracion\/luces-para-el-exterior\/#primaryimage\"},\"thumbnailUrl\":\"https:\/\/www.euroresidentes.com\/hogar\/decoracion\/wp-content\/uploads\/sites\/6\/2007\/06\/Fotos-Lamparas-de-Exterior2.jpg\",\"datePublished\":\"2007-06-14T08:39:00+00:00\",\"dateModified\":\"2016-03-09T14:04:09+00:00\",\"author\":{\"@id\":\"https:\/\/www.euroresidentes.com\/hogar\/decoracion\/#\/schema\/person\/072d6dc5ad9406b70bb3499e911bb321\"},\"breadcrumb\":{\"@id\":\"https:\/\/www.euroresidentes.com\/hogar\/decoracion\/luces-para-el-exterior\/#breadcrumb\"},\"inLanguage\":\"es\",\"potentialAction\":[{\"@type\":\"ReadAction\",\"target\":[\"https:\/\/www.euroresidentes.com\/hogar\/decoracion\/luces-para-el-exterior\/\"]}]},{\"@type\":\"ImageObject\",\"inLanguage\":\"es\",\"@id\":\"https:\/\/www.euroresidentes.com\/hogar\/decoracion\/luces-para-el-exterior\/#primaryimage\",\"url\":\"https:\/\/www.euroresidentes.com\/hogar\/decoracion\/wp-content\/uploads\/sites\/6\/2007\/06\/Fotos-Lamparas-de-Exterior2.jpg\",\"contentUrl\":\"https:\/\/www.euroresidentes.com\/hogar\/decoracion\/wp-content\/uploads\/sites\/6\/2007\/06\/Fotos-Lamparas-de-Exterior2.jpg\",\"width\":360,\"height\":480},{\"@type\":\"BreadcrumbList\",\"@id\":\"https:\/\/www.euroresidentes.com\/hogar\/decoracion\/luces-para-el-exterior\/#breadcrumb\",\"itemListElement\":[{\"@type\":\"ListItem\",\"position\":1,\"name\":\"Portada\",\"item\":\"https:\/\/www.euroresidentes.com\/hogar\/decoracion\/\"},{\"@type\":\"ListItem\",\"position\":2,\"name\":\"Luces para el exterior\"}]},{\"@type\":\"WebSite\",\"@id\":\"https:\/\/www.euroresidentes.com\/hogar\/decoracion\/#website\",\"url\":\"https:\/\/www.euroresidentes.com\/hogar\/decoracion\/\",\"name\":\"Decoracion en el hogar\",\"description\":\"Euroresidentes\",\"potentialAction\":[{\"@type\":\"SearchAction\",\"target\":{\"@type\":\"EntryPoint\",\"urlTemplate\":\"https:\/\/www.euroresidentes.com\/hogar\/decoracion\/?s={search_term_string}\"},\"query-input\":{\"@type\":\"PropertyValueSpecification\",\"valueRequired\":true,\"valueName\":\"search_term_string\"}}],\"inLanguage\":\"es\"},{\"@type\":\"Person\",\"@id\":\"https:\/\/www.euroresidentes.com\/hogar\/decoracion\/#\/schema\/person\/072d6dc5ad9406b70bb3499e911bb321\",\"name\":\"Euroresidentes\",\"image\":{\"@type\":\"ImageObject\",\"inLanguage\":\"es\",\"@id\":\"https:\/\/www.euroresidentes.com\/hogar\/decoracion\/#\/schema\/person\/image\/\",\"url\":\"https:\/\/www.euroresidentes.com\/hogar\/decoracion\/wp-content\/uploads\/sites\/6\/2016\/03\/logo-euroresidentes-300x300-150x150.jpg\",\"contentUrl\":\"https:\/\/www.euroresidentes.com\/hogar\/decoracion\/wp-content\/uploads\/sites\/6\/2016\/03\/logo-euroresidentes-300x300-150x150.jpg\",\"caption\":\"Euroresidentes\"},\"description\":\"EuroresidentesContenidos \u00fatiles para resolver las necesidades grandes y peque\u00f1as de la vida cotidiana.\",\"sameAs\":[\"https:\/\/www.euroresidentes.com\/info.htm\"],\"url\":\"https:\/\/www.euroresidentes.com\/hogar\/decoracion\/author\/euroresidentes\/\"}]}<\/script>\n<!-- \/ Yoast SEO plugin. -->","yoast_head_json":{"title":"Luces para el exterior - Decoracion en el hogar","robots":{"index":"index","follow":"follow","max-snippet":"max-snippet:-1","max-image-preview":"max-image-preview:large","max-video-preview":"max-video-preview:-1"},"canonical":"https:\/\/www.euroresidentes.com\/hogar\/decoracion\/luces-para-el-exterior\/","og_locale":"es_ES","og_type":"article","og_title":"Luces para el exterior - Decoracion en el hogar","og_description":"En los meses de verano resulta muy agradable cenar fuera en la terraza bajo la luna y las estrellas. Las velas son un excelente complemento a la luz de la luna para que podamos ver qu\u00e9 comemos y las caras de las personas que nos acompa\u00f1an, pero muchas veces no ofrecen suficiente luz. Por otra parte, las bombillas y luces convencionales pueden romper la magia de la cena, ofreciendo una luz demasiado fuerte para el ambiente c\u00e1lido y natural que deseamos crear. La soluci\u00f3n son las l\u00e1mparas de polietileno con luz. Son ideales para jardin o terraza, ofrecen una luz","og_url":"https:\/\/www.euroresidentes.com\/hogar\/decoracion\/luces-para-el-exterior\/","og_site_name":"Decoracion en el hogar","article_publisher":"https:\/\/www.facebook.com\/euroresidentes\/","article_published_time":"2007-06-14T08:39:00+00:00","article_modified_time":"2016-03-09T14:04:09+00:00","og_image":[{"width":360,"height":480,"url":"https:\/\/www.euroresidentes.com\/hogar\/decoracion\/wp-content\/uploads\/sites\/6\/2007\/06\/Fotos-Lamparas-de-Exterior2.jpg","type":"image\/jpeg"}],"author":"Euroresidentes","twitter_card":"summary_large_image","twitter_misc":{"Written by":"Euroresidentes","Est. reading time":"1 minuto"},"schema":{"@context":"https:\/\/schema.org","@graph":[{"@type":"WebPage","@id":"https:\/\/www.euroresidentes.com\/hogar\/decoracion\/luces-para-el-exterior\/","url":"https:\/\/www.euroresidentes.com\/hogar\/decoracion\/luces-para-el-exterior\/","name":"Luces para el exterior - Decoracion en el hogar","isPartOf":{"@id":"https:\/\/www.euroresidentes.com\/hogar\/decoracion\/#website"},"primaryImageOfPage":{"@id":"https:\/\/www.euroresidentes.com\/hogar\/decoracion\/luces-para-el-exterior\/#primaryimage"},"image":{"@id":"https:\/\/www.euroresidentes.com\/hogar\/decoracion\/luces-para-el-exterior\/#primaryimage"},"thumbnailUrl":"https:\/\/www.euroresidentes.com\/hogar\/decoracion\/wp-content\/uploads\/sites\/6\/2007\/06\/Fotos-Lamparas-de-Exterior2.jpg","datePublished":"2007-06-14T08:39:00+00:00","dateModified":"2016-03-09T14:04:09+00:00","author":{"@id":"https:\/\/www.euroresidentes.com\/hogar\/decoracion\/#\/schema\/person\/072d6dc5ad9406b70bb3499e911bb321"},"breadcrumb":{"@id":"https:\/\/www.euroresidentes.com\/hogar\/decoracion\/luces-para-el-exterior\/#breadcrumb"},"inLanguage":"es","potentialAction":[{"@type":"ReadAction","target":["https:\/\/www.euroresidentes.com\/hogar\/decoracion\/luces-para-el-exterior\/"]}]},{"@type":"ImageObject","inLanguage":"es","@id":"https:\/\/www.euroresidentes.com\/hogar\/decoracion\/luces-para-el-exterior\/#primaryimage","url":"https:\/\/www.euroresidentes.com\/hogar\/decoracion\/wp-content\/uploads\/sites\/6\/2007\/06\/Fotos-Lamparas-de-Exterior2.jpg","contentUrl":"https:\/\/www.euroresidentes.com\/hogar\/decoracion\/wp-content\/uploads\/sites\/6\/2007\/06\/Fotos-Lamparas-de-Exterior2.jpg","width":360,"height":480},{"@type":"BreadcrumbList","@id":"https:\/\/www.euroresidentes.com\/hogar\/decoracion\/luces-para-el-exterior\/#breadcrumb","itemListElement":[{"@type":"ListItem","position":1,"name":"Portada","item":"https:\/\/www.euroresidentes.com\/hogar\/decoracion\/"},{"@type":"ListItem","position":2,"name":"Luces para el exterior"}]},{"@type":"WebSite","@id":"https:\/\/www.euroresidentes.com\/hogar\/decoracion\/#website","url":"https:\/\/www.euroresidentes.com\/hogar\/decoracion\/","name":"Decoracion en el hogar","description":"Euroresidentes","potentialAction":[{"@type":"SearchAction","target":{"@type":"EntryPoint","urlTemplate":"https:\/\/www.euroresidentes.com\/hogar\/decoracion\/?s={search_term_string}"},"query-input":{"@type":"PropertyValueSpecification","valueRequired":true,"valueName":"search_term_string"}}],"inLanguage":"es"},{"@type":"Person","@id":"https:\/\/www.euroresidentes.com\/hogar\/decoracion\/#\/schema\/person\/072d6dc5ad9406b70bb3499e911bb321","name":"Euroresidentes","image":{"@type":"ImageObject","inLanguage":"es","@id":"https:\/\/www.euroresidentes.com\/hogar\/decoracion\/#\/schema\/person\/image\/","url":"https:\/\/www.euroresidentes.com\/hogar\/decoracion\/wp-content\/uploads\/sites\/6\/2016\/03\/logo-euroresidentes-300x300-150x150.jpg","contentUrl":"https:\/\/www.euroresidentes.com\/hogar\/decoracion\/wp-content\/uploads\/sites\/6\/2016\/03\/logo-euroresidentes-300x300-150x150.jpg","caption":"Euroresidentes"},"description":"EuroresidentesContenidos \u00fatiles para resolver las necesidades grandes y peque\u00f1as de la vida cotidiana.","sameAs":["https:\/\/www.euroresidentes.com\/info.htm"],"url":"https:\/\/www.euroresidentes.com\/hogar\/decoracion\/author\/euroresidentes\/"}]}},"_links":{"self":[{"href":"https:\/\/www.euroresidentes.com\/hogar\/decoracion\/wp-json\/wp\/v2\/posts\/629","targetHints":{"allow":["GET"]}}],"collection":[{"href":"https:\/\/www.euroresidentes.com\/hogar\/decoracion\/wp-json\/wp\/v2\/posts"}],"about":[{"href":"https:\/\/www.euroresidentes.com\/hogar\/decoracion\/wp-json\/wp\/v2\/types\/post"}],"author":[{"embeddable":true,"href":"https:\/\/www.euroresidentes.com\/hogar\/decoracion\/wp-json\/wp\/v2\/users\/1"}],"replies":[{"embeddable":true,"href":"https:\/\/www.euroresidentes.com\/hogar\/decoracion\/wp-json\/wp\/v2\/comments?post=629"}],"version-history":[{"count":2,"href":"https:\/\/www.euroresidentes.com\/hogar\/decoracion\/wp-json\/wp\/v2\/posts\/629\/revisions"}],"predecessor-version":[{"id":1497,"href":"https:\/\/www.euroresidentes.com\/hogar\/decoracion\/wp-json\/wp\/v2\/posts\/629\/revisions\/1497"}],"wp:featuredmedia":[{"embeddable":true,"href":"https:\/\/www.euroresidentes.com\/hogar\/decoracion\/wp-json\/wp\/v2\/media\/1496"}],"wp:attachment":[{"href":"https:\/\/www.euroresidentes.com\/hogar\/decoracion\/wp-json\/wp\/v2\/media?parent=629"}],"wp:term":[{"taxonomy":"category","embeddable":true,"href":"https:\/\/www.euroresidentes.com\/hogar\/decoracion\/wp-json\/wp\/v2\/categories?post=629"},{"taxonomy":"post_tag","embeddable":true,"href":"https:\/\/www.euroresidentes.com\/hogar\/decoracion\/wp-json\/wp\/v2\/tags?post=629"}],"curies":[{"name":"wp","href":"https:\/\/api.w.org\/{rel}","templated":true}]}}