{"id":624,"date":"2007-07-19T09:17:00","date_gmt":"2007-07-19T09:17:00","guid":{"rendered":"http:\/\/www.euroresidentes.com\/hogar\/decoracion-hogar\/casa-de-verano"},"modified":"2016-03-09T13:43:23","modified_gmt":"2016-03-09T13:43:23","slug":"casa-de-verano","status":"publish","type":"post","link":"https:\/\/www.euroresidentes.com\/hogar\/decoracion\/casa-de-verano\/","title":{"rendered":"Casa de verano"},"content":{"rendered":"<p><a href=\"http:\/\/fotos.euroresidentes.com\/fotos\/decoracion\/casa-de-verano\/imagepages\/image1.html\" target=\"_blank\"><img loading=\"lazy\" decoding=\"async\" style=\"FLOAT: right; MARGIN: 5px 5px 10px 10px; CURSOR: hand\" height=\"200\" alt=\"mesa de verano con sillas de mimbre\" src=\"http:\/\/fotos.euroresidentes.com\/fotos\/decoracion\/casa-de-verano\/images\/Casa-de-verano%20(00).jpg\" width=\"300\" border=\"0\" \/><\/a><br \/>Esta casa de verano es una delicia, en una ubicaci\u00f3n privilegiada, dise\u00f1ada con mucho gusto y conocimiento de como integrar una vivienda en el entorno con sensibilidad y respeto, logrando sacar el m\u00e1ximo provecho del espacio disponible y de la situaci\u00f3n de la vivienda.<\/p>\n<p><a href=\"http:\/\/fotos.euroresidentes.com\/fotos\/decoracion\/casa-de-verano\/imagepages\/image3.html\" target=\"_blank\"><img loading=\"lazy\" decoding=\"async\" style=\"FLOAT: left; MARGIN: 5px 5px 10px 10px; CURSOR: hand\" height=\"200\" alt=\"mesa de verano con sillas de mimbre\" src=\"http:\/\/fotos.euroresidentes.com\/fotos\/decoracion\/casa-de-verano\/images\/Casa-de-verano%20(02).jpg\" width=\"300\" border=\"0\" \/><\/a><\/p>\n<p>A diferencia de las muchas barbaridades que se hayan constru\u00eddo en la costa mediterr\u00e1nea, el dise\u00f1o acertado de esta casa de verano permite que la vivienda conviva en perfecta armon\u00eda con su entorno natural convirti\u00e9ndose en una componente m\u00e1s de este bello paisaje.<\/p>\n<p><a href=\"http:\/\/fotos.euroresidentes.com\/fotos\/decoracion\/casa-de-verano\/imagepages\/image4.html\" target=\"_blank\"><img loading=\"lazy\" decoding=\"async\" style=\"FLOAT: right; MARGIN: 5px 5px 10px 10px; CURSOR: hand\" height=\"200\" alt=\"mesa de verano con sillas de mimbre\" src=\"http:\/\/fotos.euroresidentes.com\/fotos\/decoracion\/casa-de-verano\/images\/Casa-de-verano%20(03).jpg\" width=\"300\" border=\"0\" \/><\/a>La vivienda consta de planta baja y entreplanta, toda abierta al mar. La casa tiene comedor de verano y comedor de invierno, lo que permite que sea habitada durante todo el a\u00f1o, aunque evidentemente tiene un encanto muy especial durante los meses de verano cuando los habitantes pueden disfrutar de la brisa marinera que contrasta con las altas temperaturas de esta \u00e9poca del a\u00f1o. La casa est\u00e1 dise\u00f1ada de tal forma que la cocina da a ambos comedores.<\/p>\n<p>El dise\u00f1o de los muebles est\u00e1 pensado para que pasen desapercibidos , sean casi invisibles . D\u00e1ndole todo el protagonismo al mar. No hay cortinas , solamente las persianas regulables automatizadas , tamizan la luz&#8230;.<\/p>\n<p><a href=\"http:\/\/fotos.euroresidentes.com\/fotos\/decoracion\/casa-de-verano\/imagepages\/image9.html\" target=\"_blank\"><img loading=\"lazy\" decoding=\"async\" style=\"FLOAT: left; MARGIN: 5px 5px 10px 10px; CURSOR: hand\" height=\"200\" alt=\"mesa de verano con sillas de mimbre\" src=\"http:\/\/fotos.euroresidentes.com\/fotos\/decoracion\/casa-de-verano\/images\/Casa-de-verano%20(08).jpg\" width=\"300\" border=\"0\" \/><\/a> El comedor de verano tiene un peque\u00f1o office que tiene una plancha y cocinilla exterior con una barrita para el aperitivo.<\/p>\n<p>Las escaleras dan al piso de abajo donde se encuentra una piscina y una zona de estar muy acogedora y c\u00f3moda con esta maravillosa vista de la piscina con deck de madera y el impresionante Mar Mediterraneo, vecino de lujo.<\/p>\n<p>Ver mas <a href=\"http:\/\/fotos.euroresidentes.com\/fotos\/decoracion\/casa-de-verano\/index.html\">fotos de casa de verano<\/a><\/p>\n<p>Relacionado: <a href=\"http:\/\/www.euroresidentes.com\/Blogs\/decoracion\/2007\/06\/mesas-de-verano.html\">Mesas de verano<\/a><\/p>\n","protected":false},"excerpt":{"rendered":"<p>Esta casa de verano es una delicia, en una ubicaci\u00f3n privilegiada, dise\u00f1ada con mucho gusto y conocimiento de como integrar una vivienda en el entorno con sensibilidad y respeto, logrando sacar el m\u00e1ximo provecho del espacio disponible y de la situaci\u00f3n de la vivienda. A diferencia de las muchas barbaridades que se hayan constru\u00eddo en la costa mediterr\u00e1nea, el dise\u00f1o acertado de esta casa de verano permite que la vivienda conviva en perfecta armon\u00eda con su entorno natural convirti\u00e9ndose en una componente m\u00e1s de este bello paisaje. La vivienda consta de planta baja y entreplanta, toda abierta al mar. La <\/p>\n","protected":false},"author":1,"featured_media":1327,"comment_status":"open","ping_status":"open","sticky":false,"template":"","format":"standard","meta":{"footnotes":""},"categories":[21],"tags":[],"class_list":["post-624","post","type-post","status-publish","format-standard","has-post-thumbnail","hentry","category-ideas","has_thumb"],"yoast_head":"<!-- This site is optimized with the Yoast SEO plugin v24.1 - https:\/\/yoast.com\/wordpress\/plugins\/seo\/ -->\n<title>Casa de verano - Decoracion en el hogar<\/title>\n<meta name=\"robots\" content=\"index, follow, max-snippet:-1, max-image-preview:large, max-video-preview:-1\" \/>\n<link rel=\"canonical\" href=\"https:\/\/www.euroresidentes.com\/hogar\/decoracion\/casa-de-verano\/\" \/>\n<meta property=\"og:locale\" content=\"es_ES\" \/>\n<meta property=\"og:type\" content=\"article\" \/>\n<meta property=\"og:title\" content=\"Casa de verano - Decoracion en el hogar\" \/>\n<meta property=\"og:description\" content=\"Esta casa de verano es una delicia, en una ubicaci\u00f3n privilegiada, dise\u00f1ada con mucho gusto y conocimiento de como integrar una vivienda en el entorno con sensibilidad y respeto, logrando sacar el m\u00e1ximo provecho del espacio disponible y de la situaci\u00f3n de la vivienda. A diferencia de las muchas barbaridades que se hayan constru\u00eddo en la costa mediterr\u00e1nea, el dise\u00f1o acertado de esta casa de verano permite que la vivienda conviva en perfecta armon\u00eda con su entorno natural convirti\u00e9ndose en una componente m\u00e1s de este bello paisaje. La vivienda consta de planta baja y entreplanta, toda abierta al mar. La\" \/>\n<meta property=\"og:url\" content=\"https:\/\/www.euroresidentes.com\/hogar\/decoracion\/casa-de-verano\/\" \/>\n<meta property=\"og:site_name\" content=\"Decoracion en el hogar\" \/>\n<meta property=\"article:publisher\" content=\"https:\/\/www.facebook.com\/euroresidentes\/\" \/>\n<meta property=\"article:published_time\" content=\"2007-07-19T09:17:00+00:00\" \/>\n<meta property=\"article:modified_time\" content=\"2016-03-09T13:43:23+00:00\" \/>\n<meta property=\"og:image\" content=\"https:\/\/www.euroresidentes.com\/hogar\/decoracion\/wp-content\/uploads\/sites\/6\/2007\/07\/Casa-de-verano-00.jpg\" \/>\n\t<meta property=\"og:image:width\" content=\"600\" \/>\n\t<meta property=\"og:image:height\" content=\"400\" \/>\n\t<meta property=\"og:image:type\" content=\"image\/jpeg\" \/>\n<meta name=\"author\" content=\"Euroresidentes\" \/>\n<meta name=\"twitter:card\" content=\"summary_large_image\" \/>\n<meta name=\"twitter:label1\" content=\"Written by\" \/>\n\t<meta name=\"twitter:data1\" content=\"Euroresidentes\" \/>\n\t<meta name=\"twitter:label2\" content=\"Est. reading time\" \/>\n\t<meta name=\"twitter:data2\" content=\"1 minuto\" \/>\n<script type=\"application\/ld+json\" class=\"yoast-schema-graph\">{\"@context\":\"https:\/\/schema.org\",\"@graph\":[{\"@type\":\"WebPage\",\"@id\":\"https:\/\/www.euroresidentes.com\/hogar\/decoracion\/casa-de-verano\/\",\"url\":\"https:\/\/www.euroresidentes.com\/hogar\/decoracion\/casa-de-verano\/\",\"name\":\"Casa de verano - Decoracion en el hogar\",\"isPartOf\":{\"@id\":\"https:\/\/www.euroresidentes.com\/hogar\/decoracion\/#website\"},\"primaryImageOfPage\":{\"@id\":\"https:\/\/www.euroresidentes.com\/hogar\/decoracion\/casa-de-verano\/#primaryimage\"},\"image\":{\"@id\":\"https:\/\/www.euroresidentes.com\/hogar\/decoracion\/casa-de-verano\/#primaryimage\"},\"thumbnailUrl\":\"https:\/\/www.euroresidentes.com\/hogar\/decoracion\/wp-content\/uploads\/sites\/6\/2007\/07\/Casa-de-verano-00.jpg\",\"datePublished\":\"2007-07-19T09:17:00+00:00\",\"dateModified\":\"2016-03-09T13:43:23+00:00\",\"author\":{\"@id\":\"https:\/\/www.euroresidentes.com\/hogar\/decoracion\/#\/schema\/person\/072d6dc5ad9406b70bb3499e911bb321\"},\"breadcrumb\":{\"@id\":\"https:\/\/www.euroresidentes.com\/hogar\/decoracion\/casa-de-verano\/#breadcrumb\"},\"inLanguage\":\"es\",\"potentialAction\":[{\"@type\":\"ReadAction\",\"target\":[\"https:\/\/www.euroresidentes.com\/hogar\/decoracion\/casa-de-verano\/\"]}]},{\"@type\":\"ImageObject\",\"inLanguage\":\"es\",\"@id\":\"https:\/\/www.euroresidentes.com\/hogar\/decoracion\/casa-de-verano\/#primaryimage\",\"url\":\"https:\/\/www.euroresidentes.com\/hogar\/decoracion\/wp-content\/uploads\/sites\/6\/2007\/07\/Casa-de-verano-00.jpg\",\"contentUrl\":\"https:\/\/www.euroresidentes.com\/hogar\/decoracion\/wp-content\/uploads\/sites\/6\/2007\/07\/Casa-de-verano-00.jpg\",\"width\":600,\"height\":400},{\"@type\":\"BreadcrumbList\",\"@id\":\"https:\/\/www.euroresidentes.com\/hogar\/decoracion\/casa-de-verano\/#breadcrumb\",\"itemListElement\":[{\"@type\":\"ListItem\",\"position\":1,\"name\":\"Portada\",\"item\":\"https:\/\/www.euroresidentes.com\/hogar\/decoracion\/\"},{\"@type\":\"ListItem\",\"position\":2,\"name\":\"Casa de verano\"}]},{\"@type\":\"WebSite\",\"@id\":\"https:\/\/www.euroresidentes.com\/hogar\/decoracion\/#website\",\"url\":\"https:\/\/www.euroresidentes.com\/hogar\/decoracion\/\",\"name\":\"Decoracion en el hogar\",\"description\":\"Euroresidentes\",\"potentialAction\":[{\"@type\":\"SearchAction\",\"target\":{\"@type\":\"EntryPoint\",\"urlTemplate\":\"https:\/\/www.euroresidentes.com\/hogar\/decoracion\/?s={search_term_string}\"},\"query-input\":{\"@type\":\"PropertyValueSpecification\",\"valueRequired\":true,\"valueName\":\"search_term_string\"}}],\"inLanguage\":\"es\"},{\"@type\":\"Person\",\"@id\":\"https:\/\/www.euroresidentes.com\/hogar\/decoracion\/#\/schema\/person\/072d6dc5ad9406b70bb3499e911bb321\",\"name\":\"Euroresidentes\",\"image\":{\"@type\":\"ImageObject\",\"inLanguage\":\"es\",\"@id\":\"https:\/\/www.euroresidentes.com\/hogar\/decoracion\/#\/schema\/person\/image\/\",\"url\":\"https:\/\/www.euroresidentes.com\/hogar\/decoracion\/wp-content\/uploads\/sites\/6\/2016\/03\/logo-euroresidentes-300x300-150x150.jpg\",\"contentUrl\":\"https:\/\/www.euroresidentes.com\/hogar\/decoracion\/wp-content\/uploads\/sites\/6\/2016\/03\/logo-euroresidentes-300x300-150x150.jpg\",\"caption\":\"Euroresidentes\"},\"description\":\"EuroresidentesContenidos \u00fatiles para resolver las necesidades grandes y peque\u00f1as de la vida cotidiana.\",\"sameAs\":[\"https:\/\/www.euroresidentes.com\/info.htm\"],\"url\":\"https:\/\/www.euroresidentes.com\/hogar\/decoracion\/author\/euroresidentes\/\"}]}<\/script>\n<!-- \/ Yoast SEO plugin. -->","yoast_head_json":{"title":"Casa de verano - Decoracion en el hogar","robots":{"index":"index","follow":"follow","max-snippet":"max-snippet:-1","max-image-preview":"max-image-preview:large","max-video-preview":"max-video-preview:-1"},"canonical":"https:\/\/www.euroresidentes.com\/hogar\/decoracion\/casa-de-verano\/","og_locale":"es_ES","og_type":"article","og_title":"Casa de verano - Decoracion en el hogar","og_description":"Esta casa de verano es una delicia, en una ubicaci\u00f3n privilegiada, dise\u00f1ada con mucho gusto y conocimiento de como integrar una vivienda en el entorno con sensibilidad y respeto, logrando sacar el m\u00e1ximo provecho del espacio disponible y de la situaci\u00f3n de la vivienda. A diferencia de las muchas barbaridades que se hayan constru\u00eddo en la costa mediterr\u00e1nea, el dise\u00f1o acertado de esta casa de verano permite que la vivienda conviva en perfecta armon\u00eda con su entorno natural convirti\u00e9ndose en una componente m\u00e1s de este bello paisaje. La vivienda consta de planta baja y entreplanta, toda abierta al mar. La","og_url":"https:\/\/www.euroresidentes.com\/hogar\/decoracion\/casa-de-verano\/","og_site_name":"Decoracion en el hogar","article_publisher":"https:\/\/www.facebook.com\/euroresidentes\/","article_published_time":"2007-07-19T09:17:00+00:00","article_modified_time":"2016-03-09T13:43:23+00:00","og_image":[{"width":600,"height":400,"url":"https:\/\/www.euroresidentes.com\/hogar\/decoracion\/wp-content\/uploads\/sites\/6\/2007\/07\/Casa-de-verano-00.jpg","type":"image\/jpeg"}],"author":"Euroresidentes","twitter_card":"summary_large_image","twitter_misc":{"Written by":"Euroresidentes","Est. reading time":"1 minuto"},"schema":{"@context":"https:\/\/schema.org","@graph":[{"@type":"WebPage","@id":"https:\/\/www.euroresidentes.com\/hogar\/decoracion\/casa-de-verano\/","url":"https:\/\/www.euroresidentes.com\/hogar\/decoracion\/casa-de-verano\/","name":"Casa de verano - Decoracion en el hogar","isPartOf":{"@id":"https:\/\/www.euroresidentes.com\/hogar\/decoracion\/#website"},"primaryImageOfPage":{"@id":"https:\/\/www.euroresidentes.com\/hogar\/decoracion\/casa-de-verano\/#primaryimage"},"image":{"@id":"https:\/\/www.euroresidentes.com\/hogar\/decoracion\/casa-de-verano\/#primaryimage"},"thumbnailUrl":"https:\/\/www.euroresidentes.com\/hogar\/decoracion\/wp-content\/uploads\/sites\/6\/2007\/07\/Casa-de-verano-00.jpg","datePublished":"2007-07-19T09:17:00+00:00","dateModified":"2016-03-09T13:43:23+00:00","author":{"@id":"https:\/\/www.euroresidentes.com\/hogar\/decoracion\/#\/schema\/person\/072d6dc5ad9406b70bb3499e911bb321"},"breadcrumb":{"@id":"https:\/\/www.euroresidentes.com\/hogar\/decoracion\/casa-de-verano\/#breadcrumb"},"inLanguage":"es","potentialAction":[{"@type":"ReadAction","target":["https:\/\/www.euroresidentes.com\/hogar\/decoracion\/casa-de-verano\/"]}]},{"@type":"ImageObject","inLanguage":"es","@id":"https:\/\/www.euroresidentes.com\/hogar\/decoracion\/casa-de-verano\/#primaryimage","url":"https:\/\/www.euroresidentes.com\/hogar\/decoracion\/wp-content\/uploads\/sites\/6\/2007\/07\/Casa-de-verano-00.jpg","contentUrl":"https:\/\/www.euroresidentes.com\/hogar\/decoracion\/wp-content\/uploads\/sites\/6\/2007\/07\/Casa-de-verano-00.jpg","width":600,"height":400},{"@type":"BreadcrumbList","@id":"https:\/\/www.euroresidentes.com\/hogar\/decoracion\/casa-de-verano\/#breadcrumb","itemListElement":[{"@type":"ListItem","position":1,"name":"Portada","item":"https:\/\/www.euroresidentes.com\/hogar\/decoracion\/"},{"@type":"ListItem","position":2,"name":"Casa de verano"}]},{"@type":"WebSite","@id":"https:\/\/www.euroresidentes.com\/hogar\/decoracion\/#website","url":"https:\/\/www.euroresidentes.com\/hogar\/decoracion\/","name":"Decoracion en el hogar","description":"Euroresidentes","potentialAction":[{"@type":"SearchAction","target":{"@type":"EntryPoint","urlTemplate":"https:\/\/www.euroresidentes.com\/hogar\/decoracion\/?s={search_term_string}"},"query-input":{"@type":"PropertyValueSpecification","valueRequired":true,"valueName":"search_term_string"}}],"inLanguage":"es"},{"@type":"Person","@id":"https:\/\/www.euroresidentes.com\/hogar\/decoracion\/#\/schema\/person\/072d6dc5ad9406b70bb3499e911bb321","name":"Euroresidentes","image":{"@type":"ImageObject","inLanguage":"es","@id":"https:\/\/www.euroresidentes.com\/hogar\/decoracion\/#\/schema\/person\/image\/","url":"https:\/\/www.euroresidentes.com\/hogar\/decoracion\/wp-content\/uploads\/sites\/6\/2016\/03\/logo-euroresidentes-300x300-150x150.jpg","contentUrl":"https:\/\/www.euroresidentes.com\/hogar\/decoracion\/wp-content\/uploads\/sites\/6\/2016\/03\/logo-euroresidentes-300x300-150x150.jpg","caption":"Euroresidentes"},"description":"EuroresidentesContenidos \u00fatiles para resolver las necesidades grandes y peque\u00f1as de la vida cotidiana.","sameAs":["https:\/\/www.euroresidentes.com\/info.htm"],"url":"https:\/\/www.euroresidentes.com\/hogar\/decoracion\/author\/euroresidentes\/"}]}},"_links":{"self":[{"href":"https:\/\/www.euroresidentes.com\/hogar\/decoracion\/wp-json\/wp\/v2\/posts\/624","targetHints":{"allow":["GET"]}}],"collection":[{"href":"https:\/\/www.euroresidentes.com\/hogar\/decoracion\/wp-json\/wp\/v2\/posts"}],"about":[{"href":"https:\/\/www.euroresidentes.com\/hogar\/decoracion\/wp-json\/wp\/v2\/types\/post"}],"author":[{"embeddable":true,"href":"https:\/\/www.euroresidentes.com\/hogar\/decoracion\/wp-json\/wp\/v2\/users\/1"}],"replies":[{"embeddable":true,"href":"https:\/\/www.euroresidentes.com\/hogar\/decoracion\/wp-json\/wp\/v2\/comments?post=624"}],"version-history":[{"count":1,"href":"https:\/\/www.euroresidentes.com\/hogar\/decoracion\/wp-json\/wp\/v2\/posts\/624\/revisions"}],"predecessor-version":[{"id":1326,"href":"https:\/\/www.euroresidentes.com\/hogar\/decoracion\/wp-json\/wp\/v2\/posts\/624\/revisions\/1326"}],"wp:featuredmedia":[{"embeddable":true,"href":"https:\/\/www.euroresidentes.com\/hogar\/decoracion\/wp-json\/wp\/v2\/media\/1327"}],"wp:attachment":[{"href":"https:\/\/www.euroresidentes.com\/hogar\/decoracion\/wp-json\/wp\/v2\/media?parent=624"}],"wp:term":[{"taxonomy":"category","embeddable":true,"href":"https:\/\/www.euroresidentes.com\/hogar\/decoracion\/wp-json\/wp\/v2\/categories?post=624"},{"taxonomy":"post_tag","embeddable":true,"href":"https:\/\/www.euroresidentes.com\/hogar\/decoracion\/wp-json\/wp\/v2\/tags?post=624"}],"curies":[{"name":"wp","href":"https:\/\/api.w.org\/{rel}","templated":true}]}}