{"id":575,"date":"2009-07-29T08:23:00","date_gmt":"2009-07-29T08:23:00","guid":{"rendered":"http:\/\/www.euroresidentes.com\/hogar\/decoracion-hogar\/colores-de-moda-en-el-hogar-en-2009"},"modified":"2016-02-10T12:19:28","modified_gmt":"2016-02-10T12:19:28","slug":"colores-de-moda-en-el-hogar-en-2009","status":"publish","type":"post","link":"https:\/\/www.euroresidentes.com\/hogar\/decoracion\/colores-de-moda-en-el-hogar-en-2009\/","title":{"rendered":"Colores de moda en el hogar en 2009"},"content":{"rendered":"<p>Los colores atrevidos estuvieron presentes en todas las pasarelas de primavera y verano 2009, aunque solo los \u201cfashionistas\u201d tomaron nota. Luego, apareci\u00f3 Michelle Obama deportiva, con sencillos colores claros y, de pronto, ese era el aspecto que hab\u00eda que tener. Y hacia donde se dirigen las pasarelas, enseguida van los dise\u00f1adores de interior.<\/p>\n<p style=\"text-align: center;\"><a href=\"http:\/\/www.euroresidentes.com\/hogar\/decoracion\/wp-content\/uploads\/sites\/6\/2009\/07\/colores-2009.jpg\"><img loading=\"lazy\" decoding=\"async\" class=\"aligncenter size-full wp-image-1433\" src=\"http:\/\/www.euroresidentes.com\/hogar\/decoracion\/wp-content\/uploads\/sites\/6\/2009\/07\/colores-2009.jpg\" alt=\"\" width=\"700\" height=\"525\" srcset=\"https:\/\/www.euroresidentes.com\/hogar\/decoracion\/wp-content\/uploads\/sites\/6\/2009\/07\/colores-2009.jpg 700w, https:\/\/www.euroresidentes.com\/hogar\/decoracion\/wp-content\/uploads\/sites\/6\/2009\/07\/colores-2009-300x225.jpg 300w\" sizes=\"auto, (max-width: 700px) 100vw, 700px\" \/><\/a><\/p>\n<p>As\u00ed es hora de decir adi\u00f3s a los estampados florales y recargados y hola, con confianza, a los bloques de color, en ocasiones conflictivos. Lo divertido de esta tendencia es que no importa los colores que se elijan mientras haya muchos y podemos intercambiarlos cuando nos aburran.<\/p>\n<p>En la moda, lo que m\u00e1s se lleva son colores dispares y \u00e1cidos brillantes, pero que no nos guste vivir en un lugar as\u00ed, por lo que lo mejor es elegir unos cuantos de nuestros colores favoritos y ce\u00f1irnos a una paleta que vista nuestra casa y estilo de vida. Podemos optar por una opci\u00f3n segura, como un sof\u00e1 crema con un derroche de almohadones de colores marr\u00f3n y beige, o bien mezclarlo con negros, grises y colores met\u00e1licos para darle un aspecto m\u00e1s fresco y rompedor.<\/p>\n<p>Si hemos vivido en un mar de neutralidad durante a\u00f1os, introducir unos cuantos colores en los accesorios es un modo fant\u00e1stico de empezar a introducir color en nuestro hogar.<\/p>\n<p>En un vest\u00edbulo liso, intentar pintar las escaleras en tonos m\u00e1s oscuros o m\u00e1s claros de nuestro color favorito, o poner un mont\u00f3n de cojines contra la pared principal para que hagan contraste mientras el resto de la habitaci\u00f3n se mantiene neutra.<\/p>\n<p>Unas tiras anchas utilizadas con moderaci\u00f3n proporcionar\u00e1n el mismo efecto. Podemos buscar un papel de pared con ese dibujo o bien, si nos atrevemos y tenemos a mano un rollo de cinta de pintor, podemos intentar pintar las rayas nosotros mismos.<\/p>\n<p>Fuente: <a href=\"http:\/\/www.independent.co.uk\/life-style\/house-and-home\/interiors\/block-colours-get-the-look-1735927.html\">The Independent<\/a><\/p>\n","protected":false},"excerpt":{"rendered":"<p>Los colores atrevidos estuvieron presentes en todas las pasarelas de primavera y verano 2009, aunque solo los \u201cfashionistas\u201d tomaron nota. Luego, apareci\u00f3 Michelle Obama deportiva, con sencillos colores claros y, de pronto, ese era el aspecto que hab\u00eda que tener. Y hacia donde se dirigen las pasarelas, enseguida van los dise\u00f1adores de interior. As\u00ed es hora de decir adi\u00f3s a los estampados florales y recargados y hola, con confianza, a los bloques de color, en ocasiones conflictivos. Lo divertido de esta tendencia es que no importa los colores que se elijan mientras haya muchos y podemos intercambiarlos cuando nos aburran. <\/p>\n","protected":false},"author":1,"featured_media":1433,"comment_status":"open","ping_status":"open","sticky":false,"template":"","format":"standard","meta":{"footnotes":""},"categories":[5],"tags":[],"class_list":["post-575","post","type-post","status-publish","format-standard","has-post-thumbnail","hentry","category-general","has_thumb"],"yoast_head":"<!-- This site is optimized with the Yoast SEO plugin v24.1 - https:\/\/yoast.com\/wordpress\/plugins\/seo\/ -->\n<title>Colores de moda en el hogar en 2009 - Decoracion en el hogar<\/title>\n<meta name=\"robots\" content=\"index, follow, max-snippet:-1, max-image-preview:large, max-video-preview:-1\" \/>\n<link rel=\"canonical\" href=\"https:\/\/www.euroresidentes.com\/hogar\/decoracion\/colores-de-moda-en-el-hogar-en-2009\/\" \/>\n<meta property=\"og:locale\" content=\"es_ES\" \/>\n<meta property=\"og:type\" content=\"article\" \/>\n<meta property=\"og:title\" content=\"Colores de moda en el hogar en 2009 - Decoracion en el hogar\" \/>\n<meta property=\"og:description\" content=\"Los colores atrevidos estuvieron presentes en todas las pasarelas de primavera y verano 2009, aunque solo los \u201cfashionistas\u201d tomaron nota. Luego, apareci\u00f3 Michelle Obama deportiva, con sencillos colores claros y, de pronto, ese era el aspecto que hab\u00eda que tener. Y hacia donde se dirigen las pasarelas, enseguida van los dise\u00f1adores de interior. As\u00ed es hora de decir adi\u00f3s a los estampados florales y recargados y hola, con confianza, a los bloques de color, en ocasiones conflictivos. Lo divertido de esta tendencia es que no importa los colores que se elijan mientras haya muchos y podemos intercambiarlos cuando nos aburran.\" \/>\n<meta property=\"og:url\" content=\"https:\/\/www.euroresidentes.com\/hogar\/decoracion\/colores-de-moda-en-el-hogar-en-2009\/\" \/>\n<meta property=\"og:site_name\" content=\"Decoracion en el hogar\" \/>\n<meta property=\"article:publisher\" content=\"https:\/\/www.facebook.com\/euroresidentes\/\" \/>\n<meta property=\"article:published_time\" content=\"2009-07-29T08:23:00+00:00\" \/>\n<meta property=\"article:modified_time\" content=\"2016-02-10T12:19:28+00:00\" \/>\n<meta property=\"og:image\" content=\"https:\/\/www.euroresidentes.com\/hogar\/decoracion\/wp-content\/uploads\/sites\/6\/2009\/07\/colores-2009.jpg\" \/>\n\t<meta property=\"og:image:width\" content=\"700\" \/>\n\t<meta property=\"og:image:height\" content=\"525\" \/>\n\t<meta property=\"og:image:type\" content=\"image\/jpeg\" \/>\n<meta name=\"author\" content=\"Euroresidentes\" \/>\n<meta name=\"twitter:card\" content=\"summary_large_image\" \/>\n<meta name=\"twitter:label1\" content=\"Written by\" \/>\n\t<meta name=\"twitter:data1\" content=\"Euroresidentes\" \/>\n\t<meta name=\"twitter:label2\" content=\"Est. reading time\" \/>\n\t<meta name=\"twitter:data2\" content=\"2 minutos\" \/>\n<script type=\"application\/ld+json\" class=\"yoast-schema-graph\">{\"@context\":\"https:\/\/schema.org\",\"@graph\":[{\"@type\":\"WebPage\",\"@id\":\"https:\/\/www.euroresidentes.com\/hogar\/decoracion\/colores-de-moda-en-el-hogar-en-2009\/\",\"url\":\"https:\/\/www.euroresidentes.com\/hogar\/decoracion\/colores-de-moda-en-el-hogar-en-2009\/\",\"name\":\"Colores de moda en el hogar en 2009 - Decoracion en el hogar\",\"isPartOf\":{\"@id\":\"https:\/\/www.euroresidentes.com\/hogar\/decoracion\/#website\"},\"primaryImageOfPage\":{\"@id\":\"https:\/\/www.euroresidentes.com\/hogar\/decoracion\/colores-de-moda-en-el-hogar-en-2009\/#primaryimage\"},\"image\":{\"@id\":\"https:\/\/www.euroresidentes.com\/hogar\/decoracion\/colores-de-moda-en-el-hogar-en-2009\/#primaryimage\"},\"thumbnailUrl\":\"https:\/\/www.euroresidentes.com\/hogar\/decoracion\/wp-content\/uploads\/sites\/6\/2009\/07\/colores-2009.jpg\",\"datePublished\":\"2009-07-29T08:23:00+00:00\",\"dateModified\":\"2016-02-10T12:19:28+00:00\",\"author\":{\"@id\":\"https:\/\/www.euroresidentes.com\/hogar\/decoracion\/#\/schema\/person\/072d6dc5ad9406b70bb3499e911bb321\"},\"breadcrumb\":{\"@id\":\"https:\/\/www.euroresidentes.com\/hogar\/decoracion\/colores-de-moda-en-el-hogar-en-2009\/#breadcrumb\"},\"inLanguage\":\"es\",\"potentialAction\":[{\"@type\":\"ReadAction\",\"target\":[\"https:\/\/www.euroresidentes.com\/hogar\/decoracion\/colores-de-moda-en-el-hogar-en-2009\/\"]}]},{\"@type\":\"ImageObject\",\"inLanguage\":\"es\",\"@id\":\"https:\/\/www.euroresidentes.com\/hogar\/decoracion\/colores-de-moda-en-el-hogar-en-2009\/#primaryimage\",\"url\":\"https:\/\/www.euroresidentes.com\/hogar\/decoracion\/wp-content\/uploads\/sites\/6\/2009\/07\/colores-2009.jpg\",\"contentUrl\":\"https:\/\/www.euroresidentes.com\/hogar\/decoracion\/wp-content\/uploads\/sites\/6\/2009\/07\/colores-2009.jpg\",\"width\":700,\"height\":525},{\"@type\":\"BreadcrumbList\",\"@id\":\"https:\/\/www.euroresidentes.com\/hogar\/decoracion\/colores-de-moda-en-el-hogar-en-2009\/#breadcrumb\",\"itemListElement\":[{\"@type\":\"ListItem\",\"position\":1,\"name\":\"Portada\",\"item\":\"https:\/\/www.euroresidentes.com\/hogar\/decoracion\/\"},{\"@type\":\"ListItem\",\"position\":2,\"name\":\"Colores de moda en el hogar en 2009\"}]},{\"@type\":\"WebSite\",\"@id\":\"https:\/\/www.euroresidentes.com\/hogar\/decoracion\/#website\",\"url\":\"https:\/\/www.euroresidentes.com\/hogar\/decoracion\/\",\"name\":\"Decoracion en el hogar\",\"description\":\"Euroresidentes\",\"potentialAction\":[{\"@type\":\"SearchAction\",\"target\":{\"@type\":\"EntryPoint\",\"urlTemplate\":\"https:\/\/www.euroresidentes.com\/hogar\/decoracion\/?s={search_term_string}\"},\"query-input\":{\"@type\":\"PropertyValueSpecification\",\"valueRequired\":true,\"valueName\":\"search_term_string\"}}],\"inLanguage\":\"es\"},{\"@type\":\"Person\",\"@id\":\"https:\/\/www.euroresidentes.com\/hogar\/decoracion\/#\/schema\/person\/072d6dc5ad9406b70bb3499e911bb321\",\"name\":\"Euroresidentes\",\"image\":{\"@type\":\"ImageObject\",\"inLanguage\":\"es\",\"@id\":\"https:\/\/www.euroresidentes.com\/hogar\/decoracion\/#\/schema\/person\/image\/\",\"url\":\"https:\/\/www.euroresidentes.com\/hogar\/decoracion\/wp-content\/uploads\/sites\/6\/2016\/03\/logo-euroresidentes-300x300-150x150.jpg\",\"contentUrl\":\"https:\/\/www.euroresidentes.com\/hogar\/decoracion\/wp-content\/uploads\/sites\/6\/2016\/03\/logo-euroresidentes-300x300-150x150.jpg\",\"caption\":\"Euroresidentes\"},\"description\":\"EuroresidentesContenidos \u00fatiles para resolver las necesidades grandes y peque\u00f1as de la vida cotidiana.\",\"sameAs\":[\"https:\/\/www.euroresidentes.com\/info.htm\"],\"url\":\"https:\/\/www.euroresidentes.com\/hogar\/decoracion\/author\/euroresidentes\/\"}]}<\/script>\n<!-- \/ Yoast SEO plugin. -->","yoast_head_json":{"title":"Colores de moda en el hogar en 2009 - Decoracion en el hogar","robots":{"index":"index","follow":"follow","max-snippet":"max-snippet:-1","max-image-preview":"max-image-preview:large","max-video-preview":"max-video-preview:-1"},"canonical":"https:\/\/www.euroresidentes.com\/hogar\/decoracion\/colores-de-moda-en-el-hogar-en-2009\/","og_locale":"es_ES","og_type":"article","og_title":"Colores de moda en el hogar en 2009 - Decoracion en el hogar","og_description":"Los colores atrevidos estuvieron presentes en todas las pasarelas de primavera y verano 2009, aunque solo los \u201cfashionistas\u201d tomaron nota. Luego, apareci\u00f3 Michelle Obama deportiva, con sencillos colores claros y, de pronto, ese era el aspecto que hab\u00eda que tener. Y hacia donde se dirigen las pasarelas, enseguida van los dise\u00f1adores de interior. As\u00ed es hora de decir adi\u00f3s a los estampados florales y recargados y hola, con confianza, a los bloques de color, en ocasiones conflictivos. Lo divertido de esta tendencia es que no importa los colores que se elijan mientras haya muchos y podemos intercambiarlos cuando nos aburran.","og_url":"https:\/\/www.euroresidentes.com\/hogar\/decoracion\/colores-de-moda-en-el-hogar-en-2009\/","og_site_name":"Decoracion en el hogar","article_publisher":"https:\/\/www.facebook.com\/euroresidentes\/","article_published_time":"2009-07-29T08:23:00+00:00","article_modified_time":"2016-02-10T12:19:28+00:00","og_image":[{"width":700,"height":525,"url":"https:\/\/www.euroresidentes.com\/hogar\/decoracion\/wp-content\/uploads\/sites\/6\/2009\/07\/colores-2009.jpg","type":"image\/jpeg"}],"author":"Euroresidentes","twitter_card":"summary_large_image","twitter_misc":{"Written by":"Euroresidentes","Est. reading time":"2 minutos"},"schema":{"@context":"https:\/\/schema.org","@graph":[{"@type":"WebPage","@id":"https:\/\/www.euroresidentes.com\/hogar\/decoracion\/colores-de-moda-en-el-hogar-en-2009\/","url":"https:\/\/www.euroresidentes.com\/hogar\/decoracion\/colores-de-moda-en-el-hogar-en-2009\/","name":"Colores de moda en el hogar en 2009 - Decoracion en el hogar","isPartOf":{"@id":"https:\/\/www.euroresidentes.com\/hogar\/decoracion\/#website"},"primaryImageOfPage":{"@id":"https:\/\/www.euroresidentes.com\/hogar\/decoracion\/colores-de-moda-en-el-hogar-en-2009\/#primaryimage"},"image":{"@id":"https:\/\/www.euroresidentes.com\/hogar\/decoracion\/colores-de-moda-en-el-hogar-en-2009\/#primaryimage"},"thumbnailUrl":"https:\/\/www.euroresidentes.com\/hogar\/decoracion\/wp-content\/uploads\/sites\/6\/2009\/07\/colores-2009.jpg","datePublished":"2009-07-29T08:23:00+00:00","dateModified":"2016-02-10T12:19:28+00:00","author":{"@id":"https:\/\/www.euroresidentes.com\/hogar\/decoracion\/#\/schema\/person\/072d6dc5ad9406b70bb3499e911bb321"},"breadcrumb":{"@id":"https:\/\/www.euroresidentes.com\/hogar\/decoracion\/colores-de-moda-en-el-hogar-en-2009\/#breadcrumb"},"inLanguage":"es","potentialAction":[{"@type":"ReadAction","target":["https:\/\/www.euroresidentes.com\/hogar\/decoracion\/colores-de-moda-en-el-hogar-en-2009\/"]}]},{"@type":"ImageObject","inLanguage":"es","@id":"https:\/\/www.euroresidentes.com\/hogar\/decoracion\/colores-de-moda-en-el-hogar-en-2009\/#primaryimage","url":"https:\/\/www.euroresidentes.com\/hogar\/decoracion\/wp-content\/uploads\/sites\/6\/2009\/07\/colores-2009.jpg","contentUrl":"https:\/\/www.euroresidentes.com\/hogar\/decoracion\/wp-content\/uploads\/sites\/6\/2009\/07\/colores-2009.jpg","width":700,"height":525},{"@type":"BreadcrumbList","@id":"https:\/\/www.euroresidentes.com\/hogar\/decoracion\/colores-de-moda-en-el-hogar-en-2009\/#breadcrumb","itemListElement":[{"@type":"ListItem","position":1,"name":"Portada","item":"https:\/\/www.euroresidentes.com\/hogar\/decoracion\/"},{"@type":"ListItem","position":2,"name":"Colores de moda en el hogar en 2009"}]},{"@type":"WebSite","@id":"https:\/\/www.euroresidentes.com\/hogar\/decoracion\/#website","url":"https:\/\/www.euroresidentes.com\/hogar\/decoracion\/","name":"Decoracion en el hogar","description":"Euroresidentes","potentialAction":[{"@type":"SearchAction","target":{"@type":"EntryPoint","urlTemplate":"https:\/\/www.euroresidentes.com\/hogar\/decoracion\/?s={search_term_string}"},"query-input":{"@type":"PropertyValueSpecification","valueRequired":true,"valueName":"search_term_string"}}],"inLanguage":"es"},{"@type":"Person","@id":"https:\/\/www.euroresidentes.com\/hogar\/decoracion\/#\/schema\/person\/072d6dc5ad9406b70bb3499e911bb321","name":"Euroresidentes","image":{"@type":"ImageObject","inLanguage":"es","@id":"https:\/\/www.euroresidentes.com\/hogar\/decoracion\/#\/schema\/person\/image\/","url":"https:\/\/www.euroresidentes.com\/hogar\/decoracion\/wp-content\/uploads\/sites\/6\/2016\/03\/logo-euroresidentes-300x300-150x150.jpg","contentUrl":"https:\/\/www.euroresidentes.com\/hogar\/decoracion\/wp-content\/uploads\/sites\/6\/2016\/03\/logo-euroresidentes-300x300-150x150.jpg","caption":"Euroresidentes"},"description":"EuroresidentesContenidos \u00fatiles para resolver las necesidades grandes y peque\u00f1as de la vida cotidiana.","sameAs":["https:\/\/www.euroresidentes.com\/info.htm"],"url":"https:\/\/www.euroresidentes.com\/hogar\/decoracion\/author\/euroresidentes\/"}]}},"_links":{"self":[{"href":"https:\/\/www.euroresidentes.com\/hogar\/decoracion\/wp-json\/wp\/v2\/posts\/575","targetHints":{"allow":["GET"]}}],"collection":[{"href":"https:\/\/www.euroresidentes.com\/hogar\/decoracion\/wp-json\/wp\/v2\/posts"}],"about":[{"href":"https:\/\/www.euroresidentes.com\/hogar\/decoracion\/wp-json\/wp\/v2\/types\/post"}],"author":[{"embeddable":true,"href":"https:\/\/www.euroresidentes.com\/hogar\/decoracion\/wp-json\/wp\/v2\/users\/1"}],"replies":[{"embeddable":true,"href":"https:\/\/www.euroresidentes.com\/hogar\/decoracion\/wp-json\/wp\/v2\/comments?post=575"}],"version-history":[{"count":3,"href":"https:\/\/www.euroresidentes.com\/hogar\/decoracion\/wp-json\/wp\/v2\/posts\/575\/revisions"}],"predecessor-version":[{"id":1435,"href":"https:\/\/www.euroresidentes.com\/hogar\/decoracion\/wp-json\/wp\/v2\/posts\/575\/revisions\/1435"}],"wp:featuredmedia":[{"embeddable":true,"href":"https:\/\/www.euroresidentes.com\/hogar\/decoracion\/wp-json\/wp\/v2\/media\/1433"}],"wp:attachment":[{"href":"https:\/\/www.euroresidentes.com\/hogar\/decoracion\/wp-json\/wp\/v2\/media?parent=575"}],"wp:term":[{"taxonomy":"category","embeddable":true,"href":"https:\/\/www.euroresidentes.com\/hogar\/decoracion\/wp-json\/wp\/v2\/categories?post=575"},{"taxonomy":"post_tag","embeddable":true,"href":"https:\/\/www.euroresidentes.com\/hogar\/decoracion\/wp-json\/wp\/v2\/tags?post=575"}],"curies":[{"name":"wp","href":"https:\/\/api.w.org\/{rel}","templated":true}]}}