{"id":553,"date":"2013-02-07T12:50:00","date_gmt":"2013-02-07T12:50:00","guid":{"rendered":"http:\/\/www.euroresidentes.com\/hogar\/decoracion-hogar\/tendencias-de-decoracion-2013"},"modified":"2016-03-09T14:04:56","modified_gmt":"2016-03-09T14:04:56","slug":"tendencias-de-decoracion-2013","status":"publish","type":"post","link":"https:\/\/www.euroresidentes.com\/hogar\/decoracion\/tendencias-de-decoracion-2013\/","title":{"rendered":"Tendencias de decoraci\u00f3n 2013"},"content":{"rendered":"<p><b>Las tendencias del dise\u00f1o de interiores para el 2013<\/b> seg\u00fan Maison &amp; Objet<\/p>\n<p>A todos aquellos que buscan las pr\u00f3ximas tendencias en el \u00e1mbito de la moda del hogar, los expositores de la feria Maison &amp; Objet de Par\u00eds, les pueden dar una idea de lo que est\u00e1 de moda o no en estos momentos. Esta feria es la primera muestra de dise\u00f1o del a\u00f1o y la de mayor envergadura, lo que significa que es el lugar ideal para descubrir los nuevos patrones, colores y estilos.<\/p>\n<div class=\"separator\" style=\"clear: both; text-align: center;\">\n<a href=\"http:\/\/1.bp.blogspot.com\/-DkxOQIXeDwk\/UROg3c39XYI\/AAAAAAAACfI\/Jh4QXZPAbe8\/s1600\/musgo-verde-profilo.jpg\" imageanchor=\"1\" style=\"clear: right; float: right; margin-bottom: 1em; margin-left: 1em;\"><img loading=\"lazy\" decoding=\"async\" border=\"0\" src=\"http:\/\/www.euroresidentes.com\/hogar\/decoracion\/wp-content\/uploads\/sites\/6\/2013\/02\/musgo-verde-profilo.jpg\" height=\"273\" width=\"320\" \/><\/a><\/div>\n<p>\n<b>Esquemas de interiores pastel<\/b><br \/>\nEl tema de la exposici\u00f3n era \u00abVivant &#8216;y algunos dise\u00f1os eran verdaderamente vivos y vibrantes. Verde Profilo exhibi\u00f3 un stand con muebles recubiertos de musgo blanco. El musgo, que no necesita riego y no crece, es un modo fabuloso de introducir en los espacios verdes a los jardineros urbanos.<\/p>\n<p><b>El arte con musgo de Verde Profilo<\/b><br \/>\nAparecieron algunos dise\u00f1os sostenibles desperdigados por aqu\u00ed y all\u00e1, el m\u00e1s destacado fue la instalaci\u00f3n \u2018First Food\u2019 de Elizabeth Leriche. Con una l\u00e1mpara central vegetal, la instalaci\u00f3n demostr\u00f3 que los alimentos crudos se pueden utilizar para otras cosas, adem\u00e1s del consumo. El color de vegetales como los nabos y las zanahorias, por ejemplo, ti\u00f1e los tejidos de un modo ecol\u00f3gico.<\/p>\n<p><b>Las estructuras de panal de abeja de Molo<br \/>\nEco<\/b> es sin duda una tendencia que no se va a desvanecer; muchos expositores invirtieron en materiales reciclados y los transformaron en objetos de vanguardia. El stand de Molo fue uno de los m\u00e1s inspiradores con cart\u00f3n en forma de estructura de panal de abejas llenando toda una habitaci\u00f3n. Desde mesas resistentes a l\u00e1mparas, Molo demostr\u00f3 que los muebles no tienen porqu\u00e9 estar hechos de las combinaciones habituales de tejido, pl\u00e1stico y madera.<\/p>\n<p><b>La ecol\u00e1mpara de techo 100% biodegradable de Citylight<\/b> tambi\u00e9n impuls\u00f3 las credenciales ecol\u00f3gicas, al estar hecha de materiales naturales como polvo de bamb\u00fa y c\u00e1scaras de cacahuete.<\/p>\n<div class=\"separator\" style=\"clear: both; text-align: center;\">\n<a href=\"http:\/\/www.euroresidentes.com\/hogar\/decoracion\/wp-content\/uploads\/sites\/6\/2013\/02\/papel-lacroix.jpg\" imageanchor=\"1\" style=\"clear: right; float: right; margin-bottom: 1em; margin-left: 1em;\"><img decoding=\"async\" border=\"0\" src=\"http:\/\/www.euroresidentes.com\/hogar\/decoracion\/wp-content\/uploads\/sites\/6\/2013\/02\/papel-lacroix.jpg\" \/><\/a><\/div>\n<p>\n<b>Las mariposas de Lacroix<\/b><br \/>\nLas formas de animales son claramente otra microtendencia para este a\u00f1o. Las marcas mostraron l\u00e1mparas en forma de perros, aparadores en forma de vaca, mesas en forma de avestruz y, por supuesto, tejidos estampados con animales. La naturaleza ha dado un gran paso hacia el interior. Los taburetes peludos de Polls Potten y el papel de pared de mariposas de Christian Lacroix en Designer\u2019s Guild, mostraron el camino.<\/p>\n<p><b>El dise\u00f1o sencillo de Muuto<\/b><br \/>\nLa naturaleza tambi\u00e9n se pudo ver en todos los muebles de madera que formaban parte de los dise\u00f1os escandinavos siempre presentes. La madera, ya sea con color o sin tratar, fue el material elegido por la mayor\u00eda. Normann Copenhagen, Muuto y Menu fueron algunas de las marcas escandinavas con representaci\u00f3n, pero los dise\u00f1adores holandeses, alemanes e italianos tambi\u00e9n mostraron un minimalismo democr\u00e1tico y funcional que recuerda al estilo de Shaker.<\/p>\n<p><b>Colores pastel<\/b><br \/>\nAunque uno de los representantes de Muuto afirm\u00f3 que no hubo grandes tendencias de color, destacaron los colores pastel de los a\u00f1os 50. Esto se confirm\u00f3 despu\u00e9s en el stand de la marca holandesa Thomas Eyck, que exhibi\u00f3 la mejor selecci\u00f3n de tazas, tazones y candelabros de los tonos m\u00e1s suaves de malvavisco. El amarillo fue el toque m\u00e1s utilizado (combinado con gris) por Kenzo, Jonathan Adler y Honor\u00e9.<\/p>\n<p><b>La iluminaci\u00f3n creativa de Eno Studio<\/b><br \/>\nEn su mayor parte una continuaci\u00f3n de las tendencias de la temporada pasada, parece como si el mundo de la decoraci\u00f3n del hogar estuviese esperando un nuevo Big Bang. Poco a poco pero sin pausa, con accesorios extravagantes (Tom Dixon, Seletti y Studio Eno), colores pastel y creaciones de luz con formas fant\u00e1sticas, bien podr\u00eda estar en el horizonte una nueva era, m\u00e1s fr\u00edvola.<\/p>\n<p>Fuente: <a href=\"http:\/\/www.independent.co.uk\/property\/house-and-home\/tradesmen\/the-interior-design-trends-for-2013--the-maison--objet-report-8467474.html\" target=\"_blank\">The Independent<\/a><\/p>\n","protected":false},"excerpt":{"rendered":"<p>Las tendencias del dise\u00f1o de interiores para el 2013 seg\u00fan Maison &amp; Objet A todos aquellos que buscan las pr\u00f3ximas tendencias en el \u00e1mbito de la moda del hogar, los expositores de la feria Maison &amp; Objet de Par\u00eds, les pueden dar una idea de lo que est\u00e1 de moda o no en estos momentos. Esta feria es la primera muestra de dise\u00f1o del a\u00f1o y la de mayor envergadura, lo que significa que es el lugar ideal para descubrir los nuevos patrones, colores y estilos. Esquemas de interiores pastel El tema de la exposici\u00f3n era \u00abVivant &#8216;y algunos dise\u00f1os <\/p>\n","protected":false},"author":1,"featured_media":1164,"comment_status":"open","ping_status":"open","sticky":false,"template":"","format":"standard","meta":{"footnotes":""},"categories":[21],"tags":[],"class_list":["post-553","post","type-post","status-publish","format-standard","has-post-thumbnail","hentry","category-ideas","has_thumb"],"yoast_head":"<!-- This site is optimized with the Yoast SEO plugin v24.1 - https:\/\/yoast.com\/wordpress\/plugins\/seo\/ -->\n<title>Tendencias de decoraci\u00f3n 2013 - Decoracion en el hogar<\/title>\n<meta name=\"robots\" content=\"index, follow, max-snippet:-1, max-image-preview:large, max-video-preview:-1\" \/>\n<link rel=\"canonical\" href=\"https:\/\/www.euroresidentes.com\/hogar\/decoracion\/tendencias-de-decoracion-2013\/\" \/>\n<meta property=\"og:locale\" content=\"es_ES\" \/>\n<meta property=\"og:type\" content=\"article\" \/>\n<meta property=\"og:title\" content=\"Tendencias de decoraci\u00f3n 2013 - Decoracion en el hogar\" \/>\n<meta property=\"og:description\" content=\"Las tendencias del dise\u00f1o de interiores para el 2013 seg\u00fan Maison &amp; Objet A todos aquellos que buscan las pr\u00f3ximas tendencias en el \u00e1mbito de la moda del hogar, los expositores de la feria Maison &amp; Objet de Par\u00eds, les pueden dar una idea de lo que est\u00e1 de moda o no en estos momentos. Esta feria es la primera muestra de dise\u00f1o del a\u00f1o y la de mayor envergadura, lo que significa que es el lugar ideal para descubrir los nuevos patrones, colores y estilos. Esquemas de interiores pastel El tema de la exposici\u00f3n era \u00abVivant &#8216;y algunos dise\u00f1os\" \/>\n<meta property=\"og:url\" content=\"https:\/\/www.euroresidentes.com\/hogar\/decoracion\/tendencias-de-decoracion-2013\/\" \/>\n<meta property=\"og:site_name\" content=\"Decoracion en el hogar\" \/>\n<meta property=\"article:publisher\" content=\"https:\/\/www.facebook.com\/euroresidentes\/\" \/>\n<meta property=\"article:published_time\" content=\"2013-02-07T12:50:00+00:00\" \/>\n<meta property=\"article:modified_time\" content=\"2016-03-09T14:04:56+00:00\" \/>\n<meta property=\"og:image\" content=\"https:\/\/www.euroresidentes.com\/hogar\/decoracion\/wp-content\/uploads\/sites\/6\/2013\/02\/musgo-verde-profilo.jpg\" \/>\n\t<meta property=\"og:image:width\" content=\"320\" \/>\n\t<meta property=\"og:image:height\" content=\"273\" \/>\n\t<meta property=\"og:image:type\" content=\"image\/jpeg\" \/>\n<meta name=\"author\" content=\"Euroresidentes\" \/>\n<meta name=\"twitter:card\" content=\"summary_large_image\" \/>\n<meta name=\"twitter:label1\" content=\"Written by\" \/>\n\t<meta name=\"twitter:data1\" content=\"Euroresidentes\" \/>\n\t<meta name=\"twitter:label2\" content=\"Est. reading time\" \/>\n\t<meta name=\"twitter:data2\" content=\"3 minutos\" \/>\n<script type=\"application\/ld+json\" class=\"yoast-schema-graph\">{\"@context\":\"https:\/\/schema.org\",\"@graph\":[{\"@type\":\"WebPage\",\"@id\":\"https:\/\/www.euroresidentes.com\/hogar\/decoracion\/tendencias-de-decoracion-2013\/\",\"url\":\"https:\/\/www.euroresidentes.com\/hogar\/decoracion\/tendencias-de-decoracion-2013\/\",\"name\":\"Tendencias de decoraci\u00f3n 2013 - Decoracion en el hogar\",\"isPartOf\":{\"@id\":\"https:\/\/www.euroresidentes.com\/hogar\/decoracion\/#website\"},\"primaryImageOfPage\":{\"@id\":\"https:\/\/www.euroresidentes.com\/hogar\/decoracion\/tendencias-de-decoracion-2013\/#primaryimage\"},\"image\":{\"@id\":\"https:\/\/www.euroresidentes.com\/hogar\/decoracion\/tendencias-de-decoracion-2013\/#primaryimage\"},\"thumbnailUrl\":\"https:\/\/www.euroresidentes.com\/hogar\/decoracion\/wp-content\/uploads\/sites\/6\/2013\/02\/musgo-verde-profilo.jpg\",\"datePublished\":\"2013-02-07T12:50:00+00:00\",\"dateModified\":\"2016-03-09T14:04:56+00:00\",\"author\":{\"@id\":\"https:\/\/www.euroresidentes.com\/hogar\/decoracion\/#\/schema\/person\/072d6dc5ad9406b70bb3499e911bb321\"},\"breadcrumb\":{\"@id\":\"https:\/\/www.euroresidentes.com\/hogar\/decoracion\/tendencias-de-decoracion-2013\/#breadcrumb\"},\"inLanguage\":\"es\",\"potentialAction\":[{\"@type\":\"ReadAction\",\"target\":[\"https:\/\/www.euroresidentes.com\/hogar\/decoracion\/tendencias-de-decoracion-2013\/\"]}]},{\"@type\":\"ImageObject\",\"inLanguage\":\"es\",\"@id\":\"https:\/\/www.euroresidentes.com\/hogar\/decoracion\/tendencias-de-decoracion-2013\/#primaryimage\",\"url\":\"https:\/\/www.euroresidentes.com\/hogar\/decoracion\/wp-content\/uploads\/sites\/6\/2013\/02\/musgo-verde-profilo.jpg\",\"contentUrl\":\"https:\/\/www.euroresidentes.com\/hogar\/decoracion\/wp-content\/uploads\/sites\/6\/2013\/02\/musgo-verde-profilo.jpg\",\"width\":320,\"height\":273},{\"@type\":\"BreadcrumbList\",\"@id\":\"https:\/\/www.euroresidentes.com\/hogar\/decoracion\/tendencias-de-decoracion-2013\/#breadcrumb\",\"itemListElement\":[{\"@type\":\"ListItem\",\"position\":1,\"name\":\"Portada\",\"item\":\"https:\/\/www.euroresidentes.com\/hogar\/decoracion\/\"},{\"@type\":\"ListItem\",\"position\":2,\"name\":\"Tendencias de decoraci\u00f3n 2013\"}]},{\"@type\":\"WebSite\",\"@id\":\"https:\/\/www.euroresidentes.com\/hogar\/decoracion\/#website\",\"url\":\"https:\/\/www.euroresidentes.com\/hogar\/decoracion\/\",\"name\":\"Decoracion en el hogar\",\"description\":\"Euroresidentes\",\"potentialAction\":[{\"@type\":\"SearchAction\",\"target\":{\"@type\":\"EntryPoint\",\"urlTemplate\":\"https:\/\/www.euroresidentes.com\/hogar\/decoracion\/?s={search_term_string}\"},\"query-input\":{\"@type\":\"PropertyValueSpecification\",\"valueRequired\":true,\"valueName\":\"search_term_string\"}}],\"inLanguage\":\"es\"},{\"@type\":\"Person\",\"@id\":\"https:\/\/www.euroresidentes.com\/hogar\/decoracion\/#\/schema\/person\/072d6dc5ad9406b70bb3499e911bb321\",\"name\":\"Euroresidentes\",\"image\":{\"@type\":\"ImageObject\",\"inLanguage\":\"es\",\"@id\":\"https:\/\/www.euroresidentes.com\/hogar\/decoracion\/#\/schema\/person\/image\/\",\"url\":\"https:\/\/www.euroresidentes.com\/hogar\/decoracion\/wp-content\/uploads\/sites\/6\/2016\/03\/logo-euroresidentes-300x300-150x150.jpg\",\"contentUrl\":\"https:\/\/www.euroresidentes.com\/hogar\/decoracion\/wp-content\/uploads\/sites\/6\/2016\/03\/logo-euroresidentes-300x300-150x150.jpg\",\"caption\":\"Euroresidentes\"},\"description\":\"EuroresidentesContenidos \u00fatiles para resolver las necesidades grandes y peque\u00f1as de la vida cotidiana.\",\"sameAs\":[\"https:\/\/www.euroresidentes.com\/info.htm\"],\"url\":\"https:\/\/www.euroresidentes.com\/hogar\/decoracion\/author\/euroresidentes\/\"}]}<\/script>\n<!-- \/ Yoast SEO plugin. -->","yoast_head_json":{"title":"Tendencias de decoraci\u00f3n 2013 - Decoracion en el hogar","robots":{"index":"index","follow":"follow","max-snippet":"max-snippet:-1","max-image-preview":"max-image-preview:large","max-video-preview":"max-video-preview:-1"},"canonical":"https:\/\/www.euroresidentes.com\/hogar\/decoracion\/tendencias-de-decoracion-2013\/","og_locale":"es_ES","og_type":"article","og_title":"Tendencias de decoraci\u00f3n 2013 - Decoracion en el hogar","og_description":"Las tendencias del dise\u00f1o de interiores para el 2013 seg\u00fan Maison &amp; Objet A todos aquellos que buscan las pr\u00f3ximas tendencias en el \u00e1mbito de la moda del hogar, los expositores de la feria Maison &amp; Objet de Par\u00eds, les pueden dar una idea de lo que est\u00e1 de moda o no en estos momentos. Esta feria es la primera muestra de dise\u00f1o del a\u00f1o y la de mayor envergadura, lo que significa que es el lugar ideal para descubrir los nuevos patrones, colores y estilos. Esquemas de interiores pastel El tema de la exposici\u00f3n era \u00abVivant &#8216;y algunos dise\u00f1os","og_url":"https:\/\/www.euroresidentes.com\/hogar\/decoracion\/tendencias-de-decoracion-2013\/","og_site_name":"Decoracion en el hogar","article_publisher":"https:\/\/www.facebook.com\/euroresidentes\/","article_published_time":"2013-02-07T12:50:00+00:00","article_modified_time":"2016-03-09T14:04:56+00:00","og_image":[{"width":320,"height":273,"url":"https:\/\/www.euroresidentes.com\/hogar\/decoracion\/wp-content\/uploads\/sites\/6\/2013\/02\/musgo-verde-profilo.jpg","type":"image\/jpeg"}],"author":"Euroresidentes","twitter_card":"summary_large_image","twitter_misc":{"Written by":"Euroresidentes","Est. reading time":"3 minutos"},"schema":{"@context":"https:\/\/schema.org","@graph":[{"@type":"WebPage","@id":"https:\/\/www.euroresidentes.com\/hogar\/decoracion\/tendencias-de-decoracion-2013\/","url":"https:\/\/www.euroresidentes.com\/hogar\/decoracion\/tendencias-de-decoracion-2013\/","name":"Tendencias de decoraci\u00f3n 2013 - Decoracion en el hogar","isPartOf":{"@id":"https:\/\/www.euroresidentes.com\/hogar\/decoracion\/#website"},"primaryImageOfPage":{"@id":"https:\/\/www.euroresidentes.com\/hogar\/decoracion\/tendencias-de-decoracion-2013\/#primaryimage"},"image":{"@id":"https:\/\/www.euroresidentes.com\/hogar\/decoracion\/tendencias-de-decoracion-2013\/#primaryimage"},"thumbnailUrl":"https:\/\/www.euroresidentes.com\/hogar\/decoracion\/wp-content\/uploads\/sites\/6\/2013\/02\/musgo-verde-profilo.jpg","datePublished":"2013-02-07T12:50:00+00:00","dateModified":"2016-03-09T14:04:56+00:00","author":{"@id":"https:\/\/www.euroresidentes.com\/hogar\/decoracion\/#\/schema\/person\/072d6dc5ad9406b70bb3499e911bb321"},"breadcrumb":{"@id":"https:\/\/www.euroresidentes.com\/hogar\/decoracion\/tendencias-de-decoracion-2013\/#breadcrumb"},"inLanguage":"es","potentialAction":[{"@type":"ReadAction","target":["https:\/\/www.euroresidentes.com\/hogar\/decoracion\/tendencias-de-decoracion-2013\/"]}]},{"@type":"ImageObject","inLanguage":"es","@id":"https:\/\/www.euroresidentes.com\/hogar\/decoracion\/tendencias-de-decoracion-2013\/#primaryimage","url":"https:\/\/www.euroresidentes.com\/hogar\/decoracion\/wp-content\/uploads\/sites\/6\/2013\/02\/musgo-verde-profilo.jpg","contentUrl":"https:\/\/www.euroresidentes.com\/hogar\/decoracion\/wp-content\/uploads\/sites\/6\/2013\/02\/musgo-verde-profilo.jpg","width":320,"height":273},{"@type":"BreadcrumbList","@id":"https:\/\/www.euroresidentes.com\/hogar\/decoracion\/tendencias-de-decoracion-2013\/#breadcrumb","itemListElement":[{"@type":"ListItem","position":1,"name":"Portada","item":"https:\/\/www.euroresidentes.com\/hogar\/decoracion\/"},{"@type":"ListItem","position":2,"name":"Tendencias de decoraci\u00f3n 2013"}]},{"@type":"WebSite","@id":"https:\/\/www.euroresidentes.com\/hogar\/decoracion\/#website","url":"https:\/\/www.euroresidentes.com\/hogar\/decoracion\/","name":"Decoracion en el hogar","description":"Euroresidentes","potentialAction":[{"@type":"SearchAction","target":{"@type":"EntryPoint","urlTemplate":"https:\/\/www.euroresidentes.com\/hogar\/decoracion\/?s={search_term_string}"},"query-input":{"@type":"PropertyValueSpecification","valueRequired":true,"valueName":"search_term_string"}}],"inLanguage":"es"},{"@type":"Person","@id":"https:\/\/www.euroresidentes.com\/hogar\/decoracion\/#\/schema\/person\/072d6dc5ad9406b70bb3499e911bb321","name":"Euroresidentes","image":{"@type":"ImageObject","inLanguage":"es","@id":"https:\/\/www.euroresidentes.com\/hogar\/decoracion\/#\/schema\/person\/image\/","url":"https:\/\/www.euroresidentes.com\/hogar\/decoracion\/wp-content\/uploads\/sites\/6\/2016\/03\/logo-euroresidentes-300x300-150x150.jpg","contentUrl":"https:\/\/www.euroresidentes.com\/hogar\/decoracion\/wp-content\/uploads\/sites\/6\/2016\/03\/logo-euroresidentes-300x300-150x150.jpg","caption":"Euroresidentes"},"description":"EuroresidentesContenidos \u00fatiles para resolver las necesidades grandes y peque\u00f1as de la vida cotidiana.","sameAs":["https:\/\/www.euroresidentes.com\/info.htm"],"url":"https:\/\/www.euroresidentes.com\/hogar\/decoracion\/author\/euroresidentes\/"}]}},"_links":{"self":[{"href":"https:\/\/www.euroresidentes.com\/hogar\/decoracion\/wp-json\/wp\/v2\/posts\/553","targetHints":{"allow":["GET"]}}],"collection":[{"href":"https:\/\/www.euroresidentes.com\/hogar\/decoracion\/wp-json\/wp\/v2\/posts"}],"about":[{"href":"https:\/\/www.euroresidentes.com\/hogar\/decoracion\/wp-json\/wp\/v2\/types\/post"}],"author":[{"embeddable":true,"href":"https:\/\/www.euroresidentes.com\/hogar\/decoracion\/wp-json\/wp\/v2\/users\/1"}],"replies":[{"embeddable":true,"href":"https:\/\/www.euroresidentes.com\/hogar\/decoracion\/wp-json\/wp\/v2\/comments?post=553"}],"version-history":[{"count":1,"href":"https:\/\/www.euroresidentes.com\/hogar\/decoracion\/wp-json\/wp\/v2\/posts\/553\/revisions"}],"predecessor-version":[{"id":1166,"href":"https:\/\/www.euroresidentes.com\/hogar\/decoracion\/wp-json\/wp\/v2\/posts\/553\/revisions\/1166"}],"wp:featuredmedia":[{"embeddable":true,"href":"https:\/\/www.euroresidentes.com\/hogar\/decoracion\/wp-json\/wp\/v2\/media\/1164"}],"wp:attachment":[{"href":"https:\/\/www.euroresidentes.com\/hogar\/decoracion\/wp-json\/wp\/v2\/media?parent=553"}],"wp:term":[{"taxonomy":"category","embeddable":true,"href":"https:\/\/www.euroresidentes.com\/hogar\/decoracion\/wp-json\/wp\/v2\/categories?post=553"},{"taxonomy":"post_tag","embeddable":true,"href":"https:\/\/www.euroresidentes.com\/hogar\/decoracion\/wp-json\/wp\/v2\/tags?post=553"}],"curies":[{"name":"wp","href":"https:\/\/api.w.org\/{rel}","templated":true}]}}