{"id":707,"date":"2013-06-13T09:18:00","date_gmt":"2013-06-13T07:18:00","guid":{"rendered":"https:\/\/www.euroresidentes.com\/salud\/embarazo\/la-edad-de-la-madre-se-asocia-al-tipo"},"modified":"2017-06-16T15:11:57","modified_gmt":"2017-06-16T13:11:57","slug":"la-edad-de-la-madre-se-asocia-al-tipo","status":"publish","type":"post","link":"https:\/\/www.euroresidentes.com\/hogar\/consejos-trucos-remedios\/la-edad-de-la-madre-se-asocia-al-tipo\/","title":{"rendered":"La edad de la madre se asocia al tipo de parto"},"content":{"rendered":"<div class=\"separator\" style=\"clear: both; text-align: center;\">\u00a0<\/div>\n<div style=\"text-align: justify;\">\n<div class=\"separator\" style=\"clear: both; text-align: center;\"><a style=\"margin-left: 1em; margin-right: 1em;\" href=\"http:\/\/1.bp.blogspot.com\/-G-g2_PEGa00\/UbmNik98VcI\/AAAAAAAAARE\/EPavXdOHoaE\/s1600\/edad-materna-tipo-de-parto.jpg\"><img loading=\"lazy\" decoding=\"async\" title=\"La edad de la madre se asocia al tipo de parto. \" src=\"http:\/\/www.euroresidentes.com\/hogar\/consejos-trucos-remedios\/wp-content\/uploads\/sites\/2\/2013\/06\/edad-materna-tipo-de-parto.jpg\" alt=\"La edad de la madre se asocia al tipo de parto. \" width=\"640\" height=\"426\" border=\"0\" \/><\/a><\/div>\n<\/div>\n<ul>\n<ul>\n<li><b style=\"font-family: 'Trebuchet MS', sans-serif;\">La edad materna es un factor de riesgo\u00a0<b>importante\u00a0<\/b>en los resultados adversos en el parto.<\/b><\/li>\n<li><b>El n\u00famero de ces\u00e1reas ha aumentado significativamente en los \u00faltimos a\u00f1os.<\/b><\/li>\n<\/ul>\n<\/ul>\n<div style=\"text-align: justify;\">\u00a0<\/div>\n<ul>\n<li><b style=\"font-family: 'Trebuchet MS', sans-serif;\">La tasa de ces\u00e1reas aumenta con la edad materna<\/b>.<\/li>\n<\/ul>\n<div>\u00a0<\/div>\n<div style=\"text-align: justify;\">Las madres m\u00e1s j\u00f3venes tienen un mayor riesgo de parto prematuro, mientras que las madres m\u00e1s mayores tienen m\u00e1s probabilidades de tener una ces\u00e1rea.<\/div>\n<div style=\"text-align: justify;\">\u00a0<\/div>\n<div style=\"text-align: justify;\">En un estudio,\u00a0publicado en <i><a href=\"http:\/\/onlinelibrary.wiley.com\/doi\/10.1111\/1471-0528.12311\/abstract\">BJOG: An International Journal of Obstetrics and Gynecology<\/a><\/i>, se analizaron a casi 37.000 mujeres de distintas edades que iban a ser madre por primera vez. Se establecieron\u00a0cinco grupos de edad: menores de 17 a\u00f1os, entre 18-19 a\u00f1os, entre 20-34 a\u00f1os, entre 35 y 39 a\u00f1os y mayores de 40 a\u00f1os.\u00a0<\/div>\n<div style=\"text-align: justify;\">\u00a0<\/div>\n<div style=\"text-align: justify;\">Los resultados mostraron un aumento de la tasa de ces\u00e1rea con el aumento de la edad materna, y un aumento del n\u00famero de partos prematuros en las mujeres del grupo de menos de 17 a\u00f1os. Adem\u00e1s, los beb\u00e9s nacidos de madres m\u00e1s de 40 a\u00f1os eran m\u00e1s propensos a requerir ingreso neonatal o de nacer con alguna anomal\u00eda cong\u00e9nita, que los ni\u00f1os nacidos de mujeres de otros grupos de edad.<\/div>\n<div style=\"text-align: justify;\">\u00a0<\/div>\n<div style=\"text-align: justify;\">En general, las madres m\u00e1s j\u00f3venes son m\u00e1s propensas a tener bajo peso y a fumar durante el embarazo, mientras que las madres de m\u00e1s edad suelen ser m\u00e1s obesas o tener trastornos m\u00e9dicos subyacentes, como hipertensi\u00f3n o diabetes.\u00a0<\/p>\n<p> Vaughan DA, Cleary BJ y Murphy DJ. BJOG: An International Journal of Obstetrics and Gynecology (2013). <a href=\"http:\/\/onlinelibrary.wiley.com\/doi\/10.1111\/1471-0528.12311\/abstract\">M\u00e1s informaci\u00f3n<\/a>.<\/div>\n","protected":false},"excerpt":{"rendered":"<p>\u00a0 La edad materna es un factor de riesgo\u00a0importante\u00a0en los resultados adversos en el parto. El n\u00famero de ces\u00e1reas ha aumentado significativamente en los \u00faltimos a\u00f1os. \u00a0 La tasa de ces\u00e1reas aumenta con la edad materna. \u00a0 Las madres m\u00e1s j\u00f3venes tienen un mayor riesgo de parto prematuro, mientras que las madres m\u00e1s mayores tienen m\u00e1s probabilidades de tener una ces\u00e1rea. \u00a0 En un estudio,\u00a0publicado en BJOG: An International Journal of Obstetrics and Gynecology, se analizaron a casi 37.000 mujeres de distintas edades que iban a ser madre por primera vez. Se establecieron\u00a0cinco grupos de edad: menores de 17 a\u00f1os, <\/p>\n","protected":false},"author":19,"featured_media":8556,"comment_status":"open","ping_status":"open","sticky":false,"template":"","format":"standard","meta":{"footnotes":""},"categories":[64],"tags":[],"class_list":["post-707","post","type-post","status-publish","format-standard","has-post-thumbnail","hentry","category-embarazo","has_thumb"],"yoast_head":"<!-- This site is optimized with the Yoast SEO plugin v24.1 - https:\/\/yoast.com\/wordpress\/plugins\/seo\/ -->\n<title>La edad de la madre se asocia al tipo de parto - Consejos, trucos y remedios<\/title>\n<meta name=\"robots\" content=\"index, follow, max-snippet:-1, max-image-preview:large, max-video-preview:-1\" \/>\n<link rel=\"canonical\" href=\"https:\/\/www.euroresidentes.com\/hogar\/consejos-trucos-remedios\/la-edad-de-la-madre-se-asocia-al-tipo\/\" \/>\n<meta property=\"og:locale\" content=\"es_ES\" \/>\n<meta property=\"og:type\" content=\"article\" \/>\n<meta property=\"og:title\" content=\"La edad de la madre se asocia al tipo de parto - Consejos, trucos y remedios\" \/>\n<meta property=\"og:description\" content=\"\u00a0 La edad materna es un factor de riesgo\u00a0importante\u00a0en los resultados adversos en el parto. El n\u00famero de ces\u00e1reas ha aumentado significativamente en los \u00faltimos a\u00f1os. \u00a0 La tasa de ces\u00e1reas aumenta con la edad materna. \u00a0 Las madres m\u00e1s j\u00f3venes tienen un mayor riesgo de parto prematuro, mientras que las madres m\u00e1s mayores tienen m\u00e1s probabilidades de tener una ces\u00e1rea. \u00a0 En un estudio,\u00a0publicado en BJOG: An International Journal of Obstetrics and Gynecology, se analizaron a casi 37.000 mujeres de distintas edades que iban a ser madre por primera vez. Se establecieron\u00a0cinco grupos de edad: menores de 17 a\u00f1os,\" \/>\n<meta property=\"og:url\" content=\"https:\/\/www.euroresidentes.com\/hogar\/consejos-trucos-remedios\/la-edad-de-la-madre-se-asocia-al-tipo\/\" \/>\n<meta property=\"og:site_name\" content=\"Consejos, trucos y remedios\" \/>\n<meta property=\"article:publisher\" content=\"https:\/\/www.facebook.com\/euroresidentes\/\" \/>\n<meta property=\"article:published_time\" content=\"2013-06-13T07:18:00+00:00\" \/>\n<meta property=\"article:modified_time\" content=\"2017-06-16T13:11:57+00:00\" \/>\n<meta property=\"og:image\" content=\"https:\/\/www.euroresidentes.com\/hogar\/consejos-trucos-remedios\/wp-content\/uploads\/sites\/2\/2013\/06\/edad-materna-tipo-de-parto.jpg\" \/>\n\t<meta property=\"og:image:width\" content=\"640\" \/>\n\t<meta property=\"og:image:height\" content=\"427\" \/>\n\t<meta property=\"og:image:type\" content=\"image\/jpeg\" \/>\n<meta name=\"author\" content=\"Raquel Pomares\" \/>\n<meta name=\"twitter:card\" content=\"summary_large_image\" \/>\n<meta name=\"twitter:label1\" content=\"Written by\" \/>\n\t<meta name=\"twitter:data1\" content=\"Raquel Pomares\" \/>\n\t<meta name=\"twitter:label2\" content=\"Est. reading time\" \/>\n\t<meta name=\"twitter:data2\" content=\"1 minuto\" \/>\n<script type=\"application\/ld+json\" class=\"yoast-schema-graph\">{\"@context\":\"https:\/\/schema.org\",\"@graph\":[{\"@type\":\"WebPage\",\"@id\":\"https:\/\/www.euroresidentes.com\/hogar\/consejos-trucos-remedios\/la-edad-de-la-madre-se-asocia-al-tipo\/\",\"url\":\"https:\/\/www.euroresidentes.com\/hogar\/consejos-trucos-remedios\/la-edad-de-la-madre-se-asocia-al-tipo\/\",\"name\":\"La edad de la madre se asocia al tipo de parto - Consejos, trucos y remedios\",\"isPartOf\":{\"@id\":\"https:\/\/www.euroresidentes.com\/hogar\/consejos-trucos-remedios\/#website\"},\"primaryImageOfPage\":{\"@id\":\"https:\/\/www.euroresidentes.com\/hogar\/consejos-trucos-remedios\/la-edad-de-la-madre-se-asocia-al-tipo\/#primaryimage\"},\"image\":{\"@id\":\"https:\/\/www.euroresidentes.com\/hogar\/consejos-trucos-remedios\/la-edad-de-la-madre-se-asocia-al-tipo\/#primaryimage\"},\"thumbnailUrl\":\"https:\/\/www.euroresidentes.com\/hogar\/consejos-trucos-remedios\/wp-content\/uploads\/sites\/2\/2013\/06\/edad-materna-tipo-de-parto.jpg\",\"datePublished\":\"2013-06-13T07:18:00+00:00\",\"dateModified\":\"2017-06-16T13:11:57+00:00\",\"author\":{\"@id\":\"https:\/\/www.euroresidentes.com\/hogar\/consejos-trucos-remedios\/#\/schema\/person\/5258215cb0fb44937c52ceabe04b41eb\"},\"breadcrumb\":{\"@id\":\"https:\/\/www.euroresidentes.com\/hogar\/consejos-trucos-remedios\/la-edad-de-la-madre-se-asocia-al-tipo\/#breadcrumb\"},\"inLanguage\":\"es\",\"potentialAction\":[{\"@type\":\"ReadAction\",\"target\":[\"https:\/\/www.euroresidentes.com\/hogar\/consejos-trucos-remedios\/la-edad-de-la-madre-se-asocia-al-tipo\/\"]}]},{\"@type\":\"ImageObject\",\"inLanguage\":\"es\",\"@id\":\"https:\/\/www.euroresidentes.com\/hogar\/consejos-trucos-remedios\/la-edad-de-la-madre-se-asocia-al-tipo\/#primaryimage\",\"url\":\"https:\/\/www.euroresidentes.com\/hogar\/consejos-trucos-remedios\/wp-content\/uploads\/sites\/2\/2013\/06\/edad-materna-tipo-de-parto.jpg\",\"contentUrl\":\"https:\/\/www.euroresidentes.com\/hogar\/consejos-trucos-remedios\/wp-content\/uploads\/sites\/2\/2013\/06\/edad-materna-tipo-de-parto.jpg\",\"width\":640,\"height\":427},{\"@type\":\"BreadcrumbList\",\"@id\":\"https:\/\/www.euroresidentes.com\/hogar\/consejos-trucos-remedios\/la-edad-de-la-madre-se-asocia-al-tipo\/#breadcrumb\",\"itemListElement\":[{\"@type\":\"ListItem\",\"position\":1,\"name\":\"Portada\",\"item\":\"https:\/\/www.euroresidentes.com\/hogar\/consejos-trucos-remedios\/\"},{\"@type\":\"ListItem\",\"position\":2,\"name\":\"La edad de la madre se asocia al tipo de parto\"}]},{\"@type\":\"WebSite\",\"@id\":\"https:\/\/www.euroresidentes.com\/hogar\/consejos-trucos-remedios\/#website\",\"url\":\"https:\/\/www.euroresidentes.com\/hogar\/consejos-trucos-remedios\/\",\"name\":\"Consejos, trucos y remedios\",\"description\":\"Remedios naturales, consejos saludables, consejos y trucos caseros para el hogar\",\"potentialAction\":[{\"@type\":\"SearchAction\",\"target\":{\"@type\":\"EntryPoint\",\"urlTemplate\":\"https:\/\/www.euroresidentes.com\/hogar\/consejos-trucos-remedios\/?s={search_term_string}\"},\"query-input\":{\"@type\":\"PropertyValueSpecification\",\"valueRequired\":true,\"valueName\":\"search_term_string\"}}],\"inLanguage\":\"es\"},{\"@type\":\"Person\",\"@id\":\"https:\/\/www.euroresidentes.com\/hogar\/consejos-trucos-remedios\/#\/schema\/person\/5258215cb0fb44937c52ceabe04b41eb\",\"name\":\"Raquel Pomares\",\"image\":{\"@type\":\"ImageObject\",\"inLanguage\":\"es\",\"@id\":\"https:\/\/www.euroresidentes.com\/hogar\/consejos-trucos-remedios\/#\/schema\/person\/image\/\",\"url\":\"https:\/\/www.euroresidentes.com\/hogar\/consejos-trucos-remedios\/wp-content\/uploads\/sites\/2\/2016\/09\/raquel-pomares-150x150.jpg\",\"contentUrl\":\"https:\/\/www.euroresidentes.com\/hogar\/consejos-trucos-remedios\/wp-content\/uploads\/sites\/2\/2016\/09\/raquel-pomares-150x150.jpg\",\"caption\":\"Raquel Pomares\"},\"description\":\"Raquel PomaresLicenciada en Ciencias Biol\u00f3gicas. Doctora por la Universidad Miguel Hern\u00e1ndez. Me encantan todo lo que tiene que ver con la salud y la investigaci\u00f3n cient\u00edfica.\",\"url\":\"https:\/\/www.euroresidentes.com\/hogar\/consejos-trucos-remedios\/author\/raquelpomares\/\"}]}<\/script>\n<!-- \/ Yoast SEO plugin. -->","yoast_head_json":{"title":"La edad de la madre se asocia al tipo de parto - Consejos, trucos y remedios","robots":{"index":"index","follow":"follow","max-snippet":"max-snippet:-1","max-image-preview":"max-image-preview:large","max-video-preview":"max-video-preview:-1"},"canonical":"https:\/\/www.euroresidentes.com\/hogar\/consejos-trucos-remedios\/la-edad-de-la-madre-se-asocia-al-tipo\/","og_locale":"es_ES","og_type":"article","og_title":"La edad de la madre se asocia al tipo de parto - Consejos, trucos y remedios","og_description":"\u00a0 La edad materna es un factor de riesgo\u00a0importante\u00a0en los resultados adversos en el parto. El n\u00famero de ces\u00e1reas ha aumentado significativamente en los \u00faltimos a\u00f1os. \u00a0 La tasa de ces\u00e1reas aumenta con la edad materna. \u00a0 Las madres m\u00e1s j\u00f3venes tienen un mayor riesgo de parto prematuro, mientras que las madres m\u00e1s mayores tienen m\u00e1s probabilidades de tener una ces\u00e1rea. \u00a0 En un estudio,\u00a0publicado en BJOG: An International Journal of Obstetrics and Gynecology, se analizaron a casi 37.000 mujeres de distintas edades que iban a ser madre por primera vez. Se establecieron\u00a0cinco grupos de edad: menores de 17 a\u00f1os,","og_url":"https:\/\/www.euroresidentes.com\/hogar\/consejos-trucos-remedios\/la-edad-de-la-madre-se-asocia-al-tipo\/","og_site_name":"Consejos, trucos y remedios","article_publisher":"https:\/\/www.facebook.com\/euroresidentes\/","article_published_time":"2013-06-13T07:18:00+00:00","article_modified_time":"2017-06-16T13:11:57+00:00","og_image":[{"width":640,"height":427,"url":"https:\/\/www.euroresidentes.com\/hogar\/consejos-trucos-remedios\/wp-content\/uploads\/sites\/2\/2013\/06\/edad-materna-tipo-de-parto.jpg","type":"image\/jpeg"}],"author":"Raquel Pomares","twitter_card":"summary_large_image","twitter_misc":{"Written by":"Raquel Pomares","Est. reading time":"1 minuto"},"schema":{"@context":"https:\/\/schema.org","@graph":[{"@type":"WebPage","@id":"https:\/\/www.euroresidentes.com\/hogar\/consejos-trucos-remedios\/la-edad-de-la-madre-se-asocia-al-tipo\/","url":"https:\/\/www.euroresidentes.com\/hogar\/consejos-trucos-remedios\/la-edad-de-la-madre-se-asocia-al-tipo\/","name":"La edad de la madre se asocia al tipo de parto - Consejos, trucos y remedios","isPartOf":{"@id":"https:\/\/www.euroresidentes.com\/hogar\/consejos-trucos-remedios\/#website"},"primaryImageOfPage":{"@id":"https:\/\/www.euroresidentes.com\/hogar\/consejos-trucos-remedios\/la-edad-de-la-madre-se-asocia-al-tipo\/#primaryimage"},"image":{"@id":"https:\/\/www.euroresidentes.com\/hogar\/consejos-trucos-remedios\/la-edad-de-la-madre-se-asocia-al-tipo\/#primaryimage"},"thumbnailUrl":"https:\/\/www.euroresidentes.com\/hogar\/consejos-trucos-remedios\/wp-content\/uploads\/sites\/2\/2013\/06\/edad-materna-tipo-de-parto.jpg","datePublished":"2013-06-13T07:18:00+00:00","dateModified":"2017-06-16T13:11:57+00:00","author":{"@id":"https:\/\/www.euroresidentes.com\/hogar\/consejos-trucos-remedios\/#\/schema\/person\/5258215cb0fb44937c52ceabe04b41eb"},"breadcrumb":{"@id":"https:\/\/www.euroresidentes.com\/hogar\/consejos-trucos-remedios\/la-edad-de-la-madre-se-asocia-al-tipo\/#breadcrumb"},"inLanguage":"es","potentialAction":[{"@type":"ReadAction","target":["https:\/\/www.euroresidentes.com\/hogar\/consejos-trucos-remedios\/la-edad-de-la-madre-se-asocia-al-tipo\/"]}]},{"@type":"ImageObject","inLanguage":"es","@id":"https:\/\/www.euroresidentes.com\/hogar\/consejos-trucos-remedios\/la-edad-de-la-madre-se-asocia-al-tipo\/#primaryimage","url":"https:\/\/www.euroresidentes.com\/hogar\/consejos-trucos-remedios\/wp-content\/uploads\/sites\/2\/2013\/06\/edad-materna-tipo-de-parto.jpg","contentUrl":"https:\/\/www.euroresidentes.com\/hogar\/consejos-trucos-remedios\/wp-content\/uploads\/sites\/2\/2013\/06\/edad-materna-tipo-de-parto.jpg","width":640,"height":427},{"@type":"BreadcrumbList","@id":"https:\/\/www.euroresidentes.com\/hogar\/consejos-trucos-remedios\/la-edad-de-la-madre-se-asocia-al-tipo\/#breadcrumb","itemListElement":[{"@type":"ListItem","position":1,"name":"Portada","item":"https:\/\/www.euroresidentes.com\/hogar\/consejos-trucos-remedios\/"},{"@type":"ListItem","position":2,"name":"La edad de la madre se asocia al tipo de parto"}]},{"@type":"WebSite","@id":"https:\/\/www.euroresidentes.com\/hogar\/consejos-trucos-remedios\/#website","url":"https:\/\/www.euroresidentes.com\/hogar\/consejos-trucos-remedios\/","name":"Consejos, trucos y remedios","description":"Remedios naturales, consejos saludables, consejos y trucos caseros para el hogar","potentialAction":[{"@type":"SearchAction","target":{"@type":"EntryPoint","urlTemplate":"https:\/\/www.euroresidentes.com\/hogar\/consejos-trucos-remedios\/?s={search_term_string}"},"query-input":{"@type":"PropertyValueSpecification","valueRequired":true,"valueName":"search_term_string"}}],"inLanguage":"es"},{"@type":"Person","@id":"https:\/\/www.euroresidentes.com\/hogar\/consejos-trucos-remedios\/#\/schema\/person\/5258215cb0fb44937c52ceabe04b41eb","name":"Raquel Pomares","image":{"@type":"ImageObject","inLanguage":"es","@id":"https:\/\/www.euroresidentes.com\/hogar\/consejos-trucos-remedios\/#\/schema\/person\/image\/","url":"https:\/\/www.euroresidentes.com\/hogar\/consejos-trucos-remedios\/wp-content\/uploads\/sites\/2\/2016\/09\/raquel-pomares-150x150.jpg","contentUrl":"https:\/\/www.euroresidentes.com\/hogar\/consejos-trucos-remedios\/wp-content\/uploads\/sites\/2\/2016\/09\/raquel-pomares-150x150.jpg","caption":"Raquel Pomares"},"description":"Raquel PomaresLicenciada en Ciencias Biol\u00f3gicas. Doctora por la Universidad Miguel Hern\u00e1ndez. Me encantan todo lo que tiene que ver con la salud y la investigaci\u00f3n cient\u00edfica.","url":"https:\/\/www.euroresidentes.com\/hogar\/consejos-trucos-remedios\/author\/raquelpomares\/"}]}},"_links":{"self":[{"href":"https:\/\/www.euroresidentes.com\/hogar\/consejos-trucos-remedios\/wp-json\/wp\/v2\/posts\/707","targetHints":{"allow":["GET"]}}],"collection":[{"href":"https:\/\/www.euroresidentes.com\/hogar\/consejos-trucos-remedios\/wp-json\/wp\/v2\/posts"}],"about":[{"href":"https:\/\/www.euroresidentes.com\/hogar\/consejos-trucos-remedios\/wp-json\/wp\/v2\/types\/post"}],"author":[{"embeddable":true,"href":"https:\/\/www.euroresidentes.com\/hogar\/consejos-trucos-remedios\/wp-json\/wp\/v2\/users\/19"}],"replies":[{"embeddable":true,"href":"https:\/\/www.euroresidentes.com\/hogar\/consejos-trucos-remedios\/wp-json\/wp\/v2\/comments?post=707"}],"version-history":[{"count":3,"href":"https:\/\/www.euroresidentes.com\/hogar\/consejos-trucos-remedios\/wp-json\/wp\/v2\/posts\/707\/revisions"}],"predecessor-version":[{"id":9065,"href":"https:\/\/www.euroresidentes.com\/hogar\/consejos-trucos-remedios\/wp-json\/wp\/v2\/posts\/707\/revisions\/9065"}],"wp:featuredmedia":[{"embeddable":true,"href":"https:\/\/www.euroresidentes.com\/hogar\/consejos-trucos-remedios\/wp-json\/wp\/v2\/media\/8556"}],"wp:attachment":[{"href":"https:\/\/www.euroresidentes.com\/hogar\/consejos-trucos-remedios\/wp-json\/wp\/v2\/media?parent=707"}],"wp:term":[{"taxonomy":"category","embeddable":true,"href":"https:\/\/www.euroresidentes.com\/hogar\/consejos-trucos-remedios\/wp-json\/wp\/v2\/categories?post=707"},{"taxonomy":"post_tag","embeddable":true,"href":"https:\/\/www.euroresidentes.com\/hogar\/consejos-trucos-remedios\/wp-json\/wp\/v2\/tags?post=707"}],"curies":[{"name":"wp","href":"https:\/\/api.w.org\/{rel}","templated":true}]}}