{"id":5427,"date":"2010-05-10T08:55:00","date_gmt":"2010-05-10T08:55:00","guid":{"rendered":"https:\/\/www.euroresidentes.com\/euroresiuk\/news-spain\/ash-cloud-in-spain"},"modified":"2016-03-09T15:27:48","modified_gmt":"2016-03-09T15:27:48","slug":"ash-cloud-in-spain","status":"publish","type":"post","link":"https:\/\/www.euroresidentes.com\/euroresiuk\/news-spain\/ash-cloud-in-spain\/","title":{"rendered":"Ash cloud in Spain"},"content":{"rendered":"<p>Ash cloud predicted to move across Spain today <\/p>\n<p>The ash cloud from the Icelandic volcano which forced Aena (Aeropuertos Espa\u00f1oles y Navegaci\u00f3n A\u00e9rea) to close six airports in the north of Spain yesterday is expected to move across the rest of Spain today. <\/p>\n<p>According to a map produced by British experts large parts of Spain will be affected by the ash cloud today. The map effectively splits Spain in two with northern areas becoming free of the ash cloud. Restrictions on the airports of Bilbao, Asturias, Le\u00f3n, Santander, Valladolid and Burgos have already been lifted. However, Barajas airport in Madrid could be forced to stop operating. <\/p>\n<p>The ash from the Eyjafjalla volcano is also expected to move towards Eastern Europe today affecting Croatia, Germany, Austria and Switzerland.  The ash cloud is also causing problems in Portugal, England, France and Italy.<\/p>\n<p>The latest information given to AENA by Eurocontrol (the body which coordinates all European air traffic) gave permission for restrictions on the six airports in the north of Spain forced to close yesterday to be lifted from 2am today. <\/p>\n<p>According to information provided by Aena the ash cloud from the Eyjafjalla volcano in Iceland forced 632 operations out of 5,222 to be cancelled yesterday \u2013 327 of which were international flights.<\/p>\n","protected":false},"excerpt":{"rendered":"<p>Ash cloud predicted to move across Spain today The ash cloud from the Icelandic volcano which forced Aena (Aeropuertos Espa\u00f1oles y Navegaci\u00f3n A\u00e9rea) to close six airports in the north of Spain yesterday is expected to move across the rest of Spain today. According to a map produced by British experts large parts of Spain will be affected by the ash cloud today. The map effectively splits Spain in two with northern areas becoming free of the ash cloud. Restrictions on the airports of Bilbao, Asturias, Le\u00f3n, Santander, Valladolid and Burgos have already been lifted. However, Barajas airport in Madrid <\/p>\n","protected":false},"author":1,"featured_media":0,"comment_status":"open","ping_status":"open","sticky":false,"template":"","format":"standard","meta":{"footnotes":""},"categories":[1],"tags":[],"class_list":["post-5427","post","type-post","status-publish","format-standard","hentry","category-sin-categoria"],"yoast_head":"<!-- This site is optimized with the Yoast SEO plugin v21.1 - https:\/\/yoast.com\/wordpress\/plugins\/seo\/ -->\n<title>Ash cloud in Spain - News from Spain<\/title>\n<meta name=\"robots\" content=\"index, follow, max-snippet:-1, max-image-preview:large, max-video-preview:-1\" \/>\n<link rel=\"canonical\" href=\"https:\/\/www.euroresidentes.com\/euroresiuk\/news-spain\/ash-cloud-in-spain\/\" \/>\n<meta property=\"og:locale\" content=\"es_ES\" \/>\n<meta property=\"og:type\" content=\"article\" \/>\n<meta property=\"og:title\" content=\"Ash cloud in Spain - News from Spain\" \/>\n<meta property=\"og:description\" content=\"Ash cloud predicted to move across Spain today The ash cloud from the Icelandic volcano which forced Aena (Aeropuertos Espa\u00f1oles y Navegaci\u00f3n A\u00e9rea) to close six airports in the north of Spain yesterday is expected to move across the rest of Spain today. According to a map produced by British experts large parts of Spain will be affected by the ash cloud today. The map effectively splits Spain in two with northern areas becoming free of the ash cloud. Restrictions on the airports of Bilbao, Asturias, Le\u00f3n, Santander, Valladolid and Burgos have already been lifted. However, Barajas airport in Madrid\" \/>\n<meta property=\"og:url\" content=\"https:\/\/www.euroresidentes.com\/euroresiuk\/news-spain\/ash-cloud-in-spain\/\" \/>\n<meta property=\"og:site_name\" content=\"News from Spain\" \/>\n<meta property=\"article:published_time\" content=\"2010-05-10T08:55:00+00:00\" \/>\n<meta property=\"article:modified_time\" content=\"2016-03-09T15:27:48+00:00\" \/>\n<meta name=\"author\" content=\"euroresidentes\" \/>\n<meta name=\"twitter:card\" content=\"summary_large_image\" \/>\n<meta name=\"twitter:label1\" content=\"Written by\" \/>\n\t<meta name=\"twitter:data1\" content=\"euroresidentes\" \/>\n\t<meta name=\"twitter:label2\" content=\"Est. reading time\" \/>\n\t<meta name=\"twitter:data2\" content=\"1 minuto\" \/>\n<script type=\"application\/ld+json\" class=\"yoast-schema-graph\">{\"@context\":\"https:\/\/schema.org\",\"@graph\":[{\"@type\":\"WebPage\",\"@id\":\"https:\/\/www.euroresidentes.com\/euroresiuk\/news-spain\/ash-cloud-in-spain\/\",\"url\":\"https:\/\/www.euroresidentes.com\/euroresiuk\/news-spain\/ash-cloud-in-spain\/\",\"name\":\"Ash cloud in Spain - News from Spain\",\"isPartOf\":{\"@id\":\"https:\/\/www.euroresidentes.com\/euroresiuk\/news-spain\/#website\"},\"datePublished\":\"2010-05-10T08:55:00+00:00\",\"dateModified\":\"2016-03-09T15:27:48+00:00\",\"author\":{\"@id\":\"https:\/\/www.euroresidentes.com\/euroresiuk\/news-spain\/#\/schema\/person\/3079cc0ad7acb04ec2f26d72f31add9b\"},\"breadcrumb\":{\"@id\":\"https:\/\/www.euroresidentes.com\/euroresiuk\/news-spain\/ash-cloud-in-spain\/#breadcrumb\"},\"inLanguage\":\"es\",\"potentialAction\":[{\"@type\":\"ReadAction\",\"target\":[\"https:\/\/www.euroresidentes.com\/euroresiuk\/news-spain\/ash-cloud-in-spain\/\"]}]},{\"@type\":\"BreadcrumbList\",\"@id\":\"https:\/\/www.euroresidentes.com\/euroresiuk\/news-spain\/ash-cloud-in-spain\/#breadcrumb\",\"itemListElement\":[{\"@type\":\"ListItem\",\"position\":1,\"name\":\"Portada\",\"item\":\"https:\/\/www.euroresidentes.com\/euroresiuk\/news-spain\/\"},{\"@type\":\"ListItem\",\"position\":2,\"name\":\"Ash cloud in Spain\"}]},{\"@type\":\"WebSite\",\"@id\":\"https:\/\/www.euroresidentes.com\/euroresiuk\/news-spain\/#website\",\"url\":\"https:\/\/www.euroresidentes.com\/euroresiuk\/news-spain\/\",\"name\":\"News from Spain\",\"description\":\"Euroresidentes\",\"potentialAction\":[{\"@type\":\"SearchAction\",\"target\":{\"@type\":\"EntryPoint\",\"urlTemplate\":\"https:\/\/www.euroresidentes.com\/euroresiuk\/news-spain\/?s={search_term_string}\"},\"query-input\":\"required name=search_term_string\"}],\"inLanguage\":\"es\"},{\"@type\":\"Person\",\"@id\":\"https:\/\/www.euroresidentes.com\/euroresiuk\/news-spain\/#\/schema\/person\/3079cc0ad7acb04ec2f26d72f31add9b\",\"name\":\"euroresidentes\",\"image\":{\"@type\":\"ImageObject\",\"inLanguage\":\"es\",\"@id\":\"https:\/\/www.euroresidentes.com\/euroresiuk\/news-spain\/#\/schema\/person\/image\/\",\"url\":\"https:\/\/secure.gravatar.com\/avatar\/340321f0c1d3581e26d3ff649a9b0467?s=96&d=mm&r=g\",\"contentUrl\":\"https:\/\/secure.gravatar.com\/avatar\/340321f0c1d3581e26d3ff649a9b0467?s=96&d=mm&r=g\",\"caption\":\"euroresidentes\"},\"url\":\"https:\/\/www.euroresidentes.com\/euroresiuk\/news-spain\/author\/euroresidentes\/\"}]}<\/script>\n<!-- \/ Yoast SEO plugin. -->","yoast_head_json":{"title":"Ash cloud in Spain - News from Spain","robots":{"index":"index","follow":"follow","max-snippet":"max-snippet:-1","max-image-preview":"max-image-preview:large","max-video-preview":"max-video-preview:-1"},"canonical":"https:\/\/www.euroresidentes.com\/euroresiuk\/news-spain\/ash-cloud-in-spain\/","og_locale":"es_ES","og_type":"article","og_title":"Ash cloud in Spain - News from Spain","og_description":"Ash cloud predicted to move across Spain today The ash cloud from the Icelandic volcano which forced Aena (Aeropuertos Espa\u00f1oles y Navegaci\u00f3n A\u00e9rea) to close six airports in the north of Spain yesterday is expected to move across the rest of Spain today. According to a map produced by British experts large parts of Spain will be affected by the ash cloud today. The map effectively splits Spain in two with northern areas becoming free of the ash cloud. Restrictions on the airports of Bilbao, Asturias, Le\u00f3n, Santander, Valladolid and Burgos have already been lifted. However, Barajas airport in Madrid","og_url":"https:\/\/www.euroresidentes.com\/euroresiuk\/news-spain\/ash-cloud-in-spain\/","og_site_name":"News from Spain","article_published_time":"2010-05-10T08:55:00+00:00","article_modified_time":"2016-03-09T15:27:48+00:00","author":"euroresidentes","twitter_card":"summary_large_image","twitter_misc":{"Written by":"euroresidentes","Est. reading time":"1 minuto"},"schema":{"@context":"https:\/\/schema.org","@graph":[{"@type":"WebPage","@id":"https:\/\/www.euroresidentes.com\/euroresiuk\/news-spain\/ash-cloud-in-spain\/","url":"https:\/\/www.euroresidentes.com\/euroresiuk\/news-spain\/ash-cloud-in-spain\/","name":"Ash cloud in Spain - News from Spain","isPartOf":{"@id":"https:\/\/www.euroresidentes.com\/euroresiuk\/news-spain\/#website"},"datePublished":"2010-05-10T08:55:00+00:00","dateModified":"2016-03-09T15:27:48+00:00","author":{"@id":"https:\/\/www.euroresidentes.com\/euroresiuk\/news-spain\/#\/schema\/person\/3079cc0ad7acb04ec2f26d72f31add9b"},"breadcrumb":{"@id":"https:\/\/www.euroresidentes.com\/euroresiuk\/news-spain\/ash-cloud-in-spain\/#breadcrumb"},"inLanguage":"es","potentialAction":[{"@type":"ReadAction","target":["https:\/\/www.euroresidentes.com\/euroresiuk\/news-spain\/ash-cloud-in-spain\/"]}]},{"@type":"BreadcrumbList","@id":"https:\/\/www.euroresidentes.com\/euroresiuk\/news-spain\/ash-cloud-in-spain\/#breadcrumb","itemListElement":[{"@type":"ListItem","position":1,"name":"Portada","item":"https:\/\/www.euroresidentes.com\/euroresiuk\/news-spain\/"},{"@type":"ListItem","position":2,"name":"Ash cloud in Spain"}]},{"@type":"WebSite","@id":"https:\/\/www.euroresidentes.com\/euroresiuk\/news-spain\/#website","url":"https:\/\/www.euroresidentes.com\/euroresiuk\/news-spain\/","name":"News from Spain","description":"Euroresidentes","potentialAction":[{"@type":"SearchAction","target":{"@type":"EntryPoint","urlTemplate":"https:\/\/www.euroresidentes.com\/euroresiuk\/news-spain\/?s={search_term_string}"},"query-input":"required name=search_term_string"}],"inLanguage":"es"},{"@type":"Person","@id":"https:\/\/www.euroresidentes.com\/euroresiuk\/news-spain\/#\/schema\/person\/3079cc0ad7acb04ec2f26d72f31add9b","name":"euroresidentes","image":{"@type":"ImageObject","inLanguage":"es","@id":"https:\/\/www.euroresidentes.com\/euroresiuk\/news-spain\/#\/schema\/person\/image\/","url":"https:\/\/secure.gravatar.com\/avatar\/340321f0c1d3581e26d3ff649a9b0467?s=96&d=mm&r=g","contentUrl":"https:\/\/secure.gravatar.com\/avatar\/340321f0c1d3581e26d3ff649a9b0467?s=96&d=mm&r=g","caption":"euroresidentes"},"url":"https:\/\/www.euroresidentes.com\/euroresiuk\/news-spain\/author\/euroresidentes\/"}]}},"_links":{"self":[{"href":"https:\/\/www.euroresidentes.com\/euroresiuk\/news-spain\/wp-json\/wp\/v2\/posts\/5427"}],"collection":[{"href":"https:\/\/www.euroresidentes.com\/euroresiuk\/news-spain\/wp-json\/wp\/v2\/posts"}],"about":[{"href":"https:\/\/www.euroresidentes.com\/euroresiuk\/news-spain\/wp-json\/wp\/v2\/types\/post"}],"author":[{"embeddable":true,"href":"https:\/\/www.euroresidentes.com\/euroresiuk\/news-spain\/wp-json\/wp\/v2\/users\/1"}],"replies":[{"embeddable":true,"href":"https:\/\/www.euroresidentes.com\/euroresiuk\/news-spain\/wp-json\/wp\/v2\/comments?post=5427"}],"version-history":[{"count":1,"href":"https:\/\/www.euroresidentes.com\/euroresiuk\/news-spain\/wp-json\/wp\/v2\/posts\/5427\/revisions"}],"predecessor-version":[{"id":6732,"href":"https:\/\/www.euroresidentes.com\/euroresiuk\/news-spain\/wp-json\/wp\/v2\/posts\/5427\/revisions\/6732"}],"wp:attachment":[{"href":"https:\/\/www.euroresidentes.com\/euroresiuk\/news-spain\/wp-json\/wp\/v2\/media?parent=5427"}],"wp:term":[{"taxonomy":"category","embeddable":true,"href":"https:\/\/www.euroresidentes.com\/euroresiuk\/news-spain\/wp-json\/wp\/v2\/categories?post=5427"},{"taxonomy":"post_tag","embeddable":true,"href":"https:\/\/www.euroresidentes.com\/euroresiuk\/news-spain\/wp-json\/wp\/v2\/tags?post=5427"}],"curies":[{"name":"wp","href":"https:\/\/api.w.org\/{rel}","templated":true}]}}