{"id":331,"date":"2015-09-11T11:17:00","date_gmt":"2015-09-11T11:17:00","guid":{"rendered":"http:\/\/www.euroresidentes.com\/estilo-de-vida\/superacion-personal\/echa-un-vistazo-esta-increible-pero"},"modified":"2016-09-11T11:23:29","modified_gmt":"2016-09-11T09:23:29","slug":"echa-un-vistazo-esta-increible-pero","status":"publish","type":"post","link":"https:\/\/www.euroresidentes.com\/estilo-de-vida\/superacion-personal\/echa-un-vistazo-esta-increible-pero\/","title":{"rendered":"Echa un vistazo a esta incre\u00edble, pero poco conocida historia, del 11-S"},"content":{"rendered":"<p>Historia escrita por una auxiliar de vuelo del vuelo Delta 15, el\u00a0el 11 de septiembre.<\/p>\n<div class=\"separator\" style=\"clear: both; text-align: center;\"><a style=\"margin-left: 1em; margin-right: 1em;\" href=\"http:\/\/www.euroresidentes.com\/estilo-de-vida\/superacion-personal\/wp-content\/uploads\/sites\/8\/2015\/09\/El-11-S-en-nuestra-memoria1.jpg\"><img decoding=\"async\" title=\"Echa un vistazo a esta incre\u00edble, pero poco conocida historia, del 11-S\" src=\"http:\/\/www.euroresidentes.com\/estilo-de-vida\/superacion-personal\/wp-content\/uploads\/sites\/8\/2015\/09\/El-11-S-en-nuestra-memoria1.jpg\" alt=\"Recuerdo al 11-S\" border=\"0\" \/><\/a><\/div>\n<p>\n Ma\u00f1ana del martes 11 de septiembre, llev\u00e1bamos ya 5 horas fuera de Frankfurt, sobrevolando el Atl\u00e1ntico Norte.\u00a0<\/p>\n<p> De repente las cortinas se abrieron y me dijeron que deb\u00eda ir inmediatamente a la cabina del piloto, a ver al capit\u00e1n.\u00a0<\/p>\n<p> Conforme llegu\u00e9 me di cuenta de la cara que ten\u00edan todos. El capit\u00e1n me entreg\u00f3 un mensaje impreso. Era de la oficina central de Delta en Atlanta y simplemente dec\u00eda: \u00abtodas las l\u00edneas de vuelo a los EEUU est\u00e1n <b>cerradas al tr\u00e1fico a\u00e9reo. Aterrice lo antes posible<\/b> en el aeropuerto m\u00e1s cercano\u00bb.\u00a0<br \/>\n<!-- inserta publi --><br \/>\n <br \/>\n Nadie dijo una palabra acerca de lo que esto podr\u00eda significar. Sab\u00edamos que era una situaci\u00f3n grave y que necesit\u00e1bamos encontrar tierra firme r\u00e1pidamente. El capit\u00e1n determin\u00f3 que el aeropuerto m\u00e1s cercano estaba a 400 millas detr\u00e1s de nosotros, en Gander, Terranova.\u00a0<\/p>\n<p> Pidi\u00f3 permiso al controlador de tr\u00e1fico a\u00e9reo canadiense y <b>su aprobaci\u00f3n fue concedida inmediatamente -sin hacer preguntas<\/b>. M\u00e1s tarde nos enteramos, evidentemente, de por qu\u00e9 la aprobaci\u00f3n fue inmediata.\u00a0<\/p>\n<p> Mientras la tripulaci\u00f3n preparaba el aterrizaje, otro mensaje lleg\u00f3 de Atlanta con la noticia de los secuestros.\u00a0<\/p>\n<p> <b>Decidimos mentir a los pasajeros<\/b> mientras a\u00fan est\u00e1bamos en el aire. Les dijimos el avi\u00f3n ten\u00eda un problema leve y que ten\u00edamos que aterrizar en el aeropuerto m\u00e1s cercano para revisarlo.\u00a0<\/p>\n<p> Prometimos dar m\u00e1s informaci\u00f3n despu\u00e9s de aterrizar en Gander.\u00a0Hubo muchas quejas entre los pasajeros, pero eso no es nada nuevo. Cuarenta minutos despu\u00e9s, aterriz\u00e1bamos en Gander. Hora local: 24:30 PM.\u00a0<\/p>\n<p> Hab\u00edan otros 20 aviones de todo el mundo que hab\u00edan tomado la misma decisi\u00f3n de aterrizar en Gander.\u00a0<\/p>\n<p> Ya en tierra, el capit\u00e1n hizo el siguiente anuncio: \u00abDamas y caballeros, deben estar pregunt\u00e1ndose si todos estos aviones que nos rodean tienen el mismo problema leve que nosotros. <b>La realidad es que estamos aqu\u00ed por otra raz\u00f3n<\/b>\u00ab.\u00a0<\/p>\n<p> Luego pas\u00f3 a explicar lo poco que sab\u00edamos acerca de la situaci\u00f3n en los EE.UU. Hubieron algunos gritos y miradas de incredulidad.\u00a0<\/p>\n<p> La polic\u00eda canadiense no nos permit\u00eda salir del avi\u00f3n por motivos de seguridad.\u00a0<\/p>\n<p> En la siguiente hora aterrizaron m\u00e1s aviones con lo que a<b>cabamos siendo 53 en total<\/b>, 27 de los cuales eran aviones comerciales estadounidenses.\u00a0<\/p>\n<p> Mientras, las noticias empezaron a llegar por la radio de la aeronave y <b>fue la primera vez que nos enteramos de que unos aviones se hab\u00edan estrellado<\/b> contra el World Trade Center en Nueva York y contra el Pent\u00e1gono en Washington DC.\u00a0<\/p>\n<p> La gente intentaba llamar con sus m\u00f3viles, pero no fueron capaces de conectar debido a un sistema de l\u00ednea diferente en Canad\u00e1. Los que lo consiguieron s\u00f3lo fueron capaces de llegar a la operadora canadiense y que les dijera que las l\u00edneas a los EE.UU. estaban bloqueadas o saturadas.\u00a0<\/p>\n<p> En alg\u00fan momento de la noche, s<b>e filtr\u00f3 la noticia de que las torres gemelas se hab\u00edan derrumbado<\/b>. Los pasajeros estaban emocional y f\u00edsicamente agotados, por no hablar de asustados, pero todo se qued\u00f3 en una sorprendente calma.\u00a0<\/p>\n<p> Tuvimos que mirar por la ventana a los otros 52 aviones varados para darnos cuenta que no \u00e9ramos los \u00fanicos en esa situaci\u00f3n.\u00a0<\/p>\n<p> Nos hab\u00edan dicho anteriormente que iban a dejar bajar a los pasajeros y tripulaci\u00f3n de los aviones uno por uno. Nuestro desembarque estaba previsto a las 11 de la ma\u00f1ana del d\u00eda siguiente.\u00a0<\/p>\n<p> Los pasajeros no estaban contentos, simplemente se resignaron a la noticia sin armar esc\u00e1ndalo y se prepararon para pasar la noche en el avi\u00f3n.\u00a0<\/p>\n<p> Gander nos hab\u00eda prometido atenci\u00f3n m\u00e9dica, agua y aseo. Y fueron fieles a su palabra.\u00a0<\/p>\n<p> Sobre las 10:30 de la ma\u00f1ana del d\u00eda 12 un <b>convoy de autobuses escolares apareci\u00f3<\/b>. Nos bajamos del avi\u00f3n y nos llevaron a la terminal, donde pasamos por Aduana e Inmigraci\u00f3n y nos tuvimos que registrar en la Cruz Roja.\u00a0<\/p>\n<p> Despu\u00e9s a nosotros (la tripulaci\u00f3n), nos separaron de los pasajeros y nos llevaron en camionetas a un peque\u00f1o hotel. No ten\u00edamos ni idea de d\u00f3nde se iban a dirigir nuestros pasajeros.\u00a0<\/p>\n<p> Nos enteramos por la Cruz Roja que la poblaci\u00f3n de Gander era de 10.400 persones y <b>ten\u00edan que hacerse cargo de 10.500 personas<\/b> que hab\u00edamos aterrizado de los 53 aviones.\u00a0<\/p>\n<p> Dijimos que quer\u00edamos relajarnos en el hotel y que nos gustar\u00eda ser avisados cuando los aeropuertos de EEUU se abrieran de nuevo, pero no esper\u00e1bamos esa llamada por un tiempo.\u00a0<\/p>\n<p> <b>Nos encontramos el verdadero terror cuando llegamos al hotel y encendimos la TV<\/b>, 24 horas despu\u00e9s de que todo empezara.\u00a0<\/p>\n<p> Mientras tanto, ten\u00edamos mucho tiempo libre y nos pareci\u00f3 que la gente de Gander era muy amable. Empezaron a llamarnos \u00abla gente del avi\u00f3n\u00bb.\u00a0<\/p>\n<p> Disfrutamos de su hospitalidad, exploramos la ciudad y terminamos teniendo muy buen tiempo.\u00a0<\/p>\n<p> <b>Dos d\u00edas despu\u00e9s lleg\u00f3 esa llamada y nos llevaron de vuelta al aeropuerto<\/b>.\u00a0<\/p>\n<p> De vuelta en el avi\u00f3n, nos reunimos con los pasajeros y nos enteramos de lo que hab\u00edan estado haciendo durante los \u00faltimos dos d\u00edas.\u00a0<\/p>\n<p> Lo que descubrimos <b>fue incre\u00edble<\/b>.\u00a0<\/p>\n<p> Gander y todas las comunidades de los alrededores (dentro de un radio de 75 kil\u00f3metros) hab\u00edan cerrado todas las escuelas secundarias, pabellones, salas, y otros grandes lugares de reuni\u00f3n.\u00a0<\/p>\n<p> Convirtieron todas estas instalaciones en zonas de alojamiento de masas para todos los viajeros varados. Algunos ten\u00edan cunas, sacos de dormir y almohadas.\u00a0<\/p>\n<p> TODOS los <b>estudiantes de los institutos se ofrecieron para cuidar<\/b> de los \u00abinvitados\u00bb.\u00a0<\/p>\n<p> Nuestros 218 pasajeros terminaron en un pueblo llamado Lewisporte, a unos 45 kil\u00f3metros de Gander, donde fueron llevados en una escuela secundaria. Si alguna mujer quer\u00eda estar en un establecimiento solo para mujeres no hab\u00eda problema.\u00a0<\/p>\n<p> Las familias se mantuvieron juntas. Todos los pasajeros de edad avanzada fueron llevados a casas particulares. A una joven embarazada la llevaron a una casa particular que estaba en la misma calle que un centro m\u00e9dico de urgencias 24 horas.\u00a0<\/p>\n<p> Las llamadas telef\u00f3nicas y los correos electr\u00f3nicos a los EEUU o a cualquier otra parte del mundo estaban al alcance de todos una vez al d\u00eda.\u00a0<\/p>\n<p> <b>Durante el d\u00eda, se les ofreci\u00f3 a los pasajeros excursiones<\/b>. Algunos se fueron cruceros en barco por los lagos y puertos. Otros se fueron a hacer caminatas en los bosques locales.\u00a0<\/p>\n<p> Las panader\u00edas permanec\u00edan abiertas para dar pan reci\u00e9n hecho a los hu\u00e9spedes. Los residentes preparaban comidas y las llevaban a los institutos. Las personas fueron llevadas a restaurantes de su elecci\u00f3n y les ofrecieron comidas maravillosas. A todo el mundo le hab\u00edan dado fichas para que pudieran lavar su ropa en las lavander\u00edas locales ya que el equipaje todav\u00eda estaba en el avi\u00f3n.\u00a0<\/p>\n<p> <b>En otras palabras, cada una de las necesidades de los pasajeros varados fue cubierta<\/b>.\u00a0<\/p>\n<p> Los pasajeros lloraban mientras nos contaban las historias. Por \u00faltimo, cuando se les dijo que los aeropuertos estadounidenses hab\u00edan reabierto, fueron entregados al aeropuerto justo a tiempo y sin un solo pasajero con retraso o perdido. La Cruz Roja local ten\u00eda toda la informaci\u00f3n sobre el paradero de cada uno de los pasajeros y sab\u00edan en qu\u00e9 avi\u00f3n ten\u00edan que estar y cu\u00e1ndo sal\u00edan. Lo coordinaron todo muy bien.\u00a0<\/p>\n<p> Fue absolutamente incre\u00edble.\u00a0<\/p>\n<p> Cuando los pasajeros subieron a bordo <b>era como si hubieran estado de crucero<\/b>. Todos se conoc\u00edan por su nombre. Intercambiaban historias de su estancia, a ver qui\u00e9n era el que mejor se o hab\u00eda pasado. Nuestro vuelo de regreso a Atlanta parec\u00eda una fiesta. Fue alucinante. Se intercambiaron tel\u00e9fonos, direcciones de correo..<\/p>\n<p> <b>Y luego algo muy inusual sucedi\u00f3.<\/b>\u00a0<\/p>\n<p> Uno de nuestros pasajeros se me acerc\u00f3 y me pregunt\u00f3 si pod\u00eda hacer un anuncio por el meg\u00e1fono. Nosotros nunca, nunca permitimos eso. Pero esta vez fue diferente. Le dije: \u00abpor supuesto\u00bb y le entregu\u00e9 el micr\u00f3fono.\u00a0<\/p>\n<p> Habl\u00f3 sobre lo que hab\u00edan estado pasando estos \u00faltimos d\u00edas. Les record\u00f3 la hospitalidad con que fueron recibidos y continu\u00f3 diciendo que le gustar\u00eda hacer algo a cambio por la buena gente de Lewisporte.\u00a0<\/p>\n<p> \u00abVoy a abrir un fondo de ahorros con el nombre DELTA15 (nuestro n\u00famero de vuelo). El prop\u00f3sito de este fondo es <b>proporcionar becas universitarias para los estudiantes de secundaria de Lewisporte<\/b>\u00ab.\u00a0<\/p>\n<p> \u00a1Conseguimos recaudar m\u00e1s de 14.000 d\u00f3lares!\u00a0<\/p>\n<p> El hombre que propuso la idea, un hombre de Virginia, se comprometi\u00f3 a iniciar el trabajo administrativo de las becas y dijo que <b>tambi\u00e9n transmitir\u00eda la noticia a la empresa Delta para pedirles que participasen tambi\u00e9n<\/b>.\u00a0<\/p>\n<p> Conforme escribo este relato, el fondo de ahorros cuenta con m\u00e1s de 1.5 millones de d\u00f3lares y ha ayudado a 134 alumnos.\u00a0<\/p>\n<p> <i>\u00abS\u00f3lo quer\u00eda compartir esta historia porque necesitamos buenas historias en estos momentos. Me da esperanza saber que algunas personas en un lugar lejano fueron amables con unos extra\u00f1os que literalmente les cayeron del cielo.\u00a0<\/i><br \/>\n <i>A pesar de las cosas feas que pasan, me recuerda que todav\u00eda hay mucha gente buena en el mundo\u00bb<\/i>.\u00a0<\/p>\n<p> No nos olvidemos de este hecho.<\/p>\n","protected":false},"excerpt":{"rendered":"<p>Historia escrita por una auxiliar de vuelo del vuelo Delta 15, el\u00a0el 11 de septiembre. Ma\u00f1ana del martes 11 de septiembre, llev\u00e1bamos ya 5 horas fuera de Frankfurt, sobrevolando el Atl\u00e1ntico Norte.\u00a0 De repente las cortinas se abrieron y me dijeron que deb\u00eda ir inmediatamente a la cabina del piloto, a ver al capit\u00e1n.\u00a0 Conforme llegu\u00e9 me di cuenta de la cara que ten\u00edan todos. El capit\u00e1n me entreg\u00f3 un mensaje impreso. Era de la oficina central de Delta en Atlanta y simplemente dec\u00eda: \u00abtodas las l\u00edneas de vuelo a los EEUU est\u00e1n cerradas al tr\u00e1fico a\u00e9reo. Aterrice lo antes <\/p>\n","protected":false},"author":11,"featured_media":781,"comment_status":"open","ping_status":"open","sticky":false,"template":"","format":"standard","meta":{"footnotes":""},"categories":[7],"tags":[],"class_list":["post-331","post","type-post","status-publish","format-standard","has-post-thumbnail","hentry","category-general","has_thumb"],"yoast_head":"<!-- This site is optimized with the Yoast SEO plugin v24.1 - https:\/\/yoast.com\/wordpress\/plugins\/seo\/ -->\n<title>Echa un vistazo a esta incre\u00edble, pero poco conocida historia, del 11-S - Superaci\u00f3n personal<\/title>\n<meta name=\"robots\" content=\"index, follow, max-snippet:-1, max-image-preview:large, max-video-preview:-1\" \/>\n<link rel=\"canonical\" href=\"https:\/\/www.euroresidentes.com\/estilo-de-vida\/superacion-personal\/echa-un-vistazo-esta-increible-pero\/\" \/>\n<meta property=\"og:locale\" content=\"es_ES\" \/>\n<meta property=\"og:type\" content=\"article\" \/>\n<meta property=\"og:title\" content=\"Echa un vistazo a esta incre\u00edble, pero poco conocida historia, del 11-S - Superaci\u00f3n personal\" \/>\n<meta property=\"og:description\" content=\"Historia escrita por una auxiliar de vuelo del vuelo Delta 15, el\u00a0el 11 de septiembre. Ma\u00f1ana del martes 11 de septiembre, llev\u00e1bamos ya 5 horas fuera de Frankfurt, sobrevolando el Atl\u00e1ntico Norte.\u00a0 De repente las cortinas se abrieron y me dijeron que deb\u00eda ir inmediatamente a la cabina del piloto, a ver al capit\u00e1n.\u00a0 Conforme llegu\u00e9 me di cuenta de la cara que ten\u00edan todos. El capit\u00e1n me entreg\u00f3 un mensaje impreso. Era de la oficina central de Delta en Atlanta y simplemente dec\u00eda: \u00abtodas las l\u00edneas de vuelo a los EEUU est\u00e1n cerradas al tr\u00e1fico a\u00e9reo. Aterrice lo antes\" \/>\n<meta property=\"og:url\" content=\"https:\/\/www.euroresidentes.com\/estilo-de-vida\/superacion-personal\/echa-un-vistazo-esta-increible-pero\/\" \/>\n<meta property=\"og:site_name\" content=\"Superaci\u00f3n personal\" \/>\n<meta property=\"article:publisher\" content=\"https:\/\/www.facebook.com\/sentir.bien.euroresidentes\/\" \/>\n<meta property=\"article:author\" content=\"https:\/\/www.facebook.com\/andrea.mendezmolla?fref=ts\" \/>\n<meta property=\"article:published_time\" content=\"2015-09-11T11:17:00+00:00\" \/>\n<meta property=\"article:modified_time\" content=\"2016-09-11T09:23:29+00:00\" \/>\n<meta property=\"og:image\" content=\"https:\/\/www.euroresidentes.com\/estilo-de-vida\/superacion-personal\/wp-content\/uploads\/sites\/8\/2015\/09\/El-11-S-en-nuestra-memoria1.jpg\" \/>\n\t<meta property=\"og:image:width\" content=\"600\" \/>\n\t<meta property=\"og:image:height\" content=\"450\" \/>\n\t<meta property=\"og:image:type\" content=\"image\/jpeg\" \/>\n<meta name=\"author\" content=\"Andrea M\u00e9ndez\" \/>\n<meta name=\"twitter:card\" content=\"summary_large_image\" \/>\n<meta name=\"twitter:creator\" content=\"@sentirbien\" \/>\n<meta name=\"twitter:site\" content=\"@sentirbien\" \/>\n<meta name=\"twitter:label1\" content=\"Written by\" \/>\n\t<meta name=\"twitter:data1\" content=\"Andrea M\u00e9ndez\" \/>\n\t<meta name=\"twitter:label2\" content=\"Est. reading time\" \/>\n\t<meta name=\"twitter:data2\" content=\"8 minutos\" \/>\n<script type=\"application\/ld+json\" class=\"yoast-schema-graph\">{\"@context\":\"https:\/\/schema.org\",\"@graph\":[{\"@type\":\"WebPage\",\"@id\":\"https:\/\/www.euroresidentes.com\/estilo-de-vida\/superacion-personal\/echa-un-vistazo-esta-increible-pero\/\",\"url\":\"https:\/\/www.euroresidentes.com\/estilo-de-vida\/superacion-personal\/echa-un-vistazo-esta-increible-pero\/\",\"name\":\"Echa un vistazo a esta incre\u00edble, pero poco conocida historia, del 11-S - Superaci\u00f3n personal\",\"isPartOf\":{\"@id\":\"https:\/\/www.euroresidentes.com\/estilo-de-vida\/superacion-personal\/#website\"},\"primaryImageOfPage\":{\"@id\":\"https:\/\/www.euroresidentes.com\/estilo-de-vida\/superacion-personal\/echa-un-vistazo-esta-increible-pero\/#primaryimage\"},\"image\":{\"@id\":\"https:\/\/www.euroresidentes.com\/estilo-de-vida\/superacion-personal\/echa-un-vistazo-esta-increible-pero\/#primaryimage\"},\"thumbnailUrl\":\"https:\/\/www.euroresidentes.com\/estilo-de-vida\/superacion-personal\/wp-content\/uploads\/sites\/8\/2015\/09\/El-11-S-en-nuestra-memoria1.jpg\",\"datePublished\":\"2015-09-11T11:17:00+00:00\",\"dateModified\":\"2016-09-11T09:23:29+00:00\",\"author\":{\"@id\":\"https:\/\/www.euroresidentes.com\/estilo-de-vida\/superacion-personal\/#\/schema\/person\/76d37e061b7949bad6c3f7fa5366bfcb\"},\"breadcrumb\":{\"@id\":\"https:\/\/www.euroresidentes.com\/estilo-de-vida\/superacion-personal\/echa-un-vistazo-esta-increible-pero\/#breadcrumb\"},\"inLanguage\":\"es\",\"potentialAction\":[{\"@type\":\"ReadAction\",\"target\":[\"https:\/\/www.euroresidentes.com\/estilo-de-vida\/superacion-personal\/echa-un-vistazo-esta-increible-pero\/\"]}]},{\"@type\":\"ImageObject\",\"inLanguage\":\"es\",\"@id\":\"https:\/\/www.euroresidentes.com\/estilo-de-vida\/superacion-personal\/echa-un-vistazo-esta-increible-pero\/#primaryimage\",\"url\":\"https:\/\/www.euroresidentes.com\/estilo-de-vida\/superacion-personal\/wp-content\/uploads\/sites\/8\/2015\/09\/El-11-S-en-nuestra-memoria1.jpg\",\"contentUrl\":\"https:\/\/www.euroresidentes.com\/estilo-de-vida\/superacion-personal\/wp-content\/uploads\/sites\/8\/2015\/09\/El-11-S-en-nuestra-memoria1.jpg\",\"width\":600,\"height\":450},{\"@type\":\"BreadcrumbList\",\"@id\":\"https:\/\/www.euroresidentes.com\/estilo-de-vida\/superacion-personal\/echa-un-vistazo-esta-increible-pero\/#breadcrumb\",\"itemListElement\":[{\"@type\":\"ListItem\",\"position\":1,\"name\":\"Portada\",\"item\":\"https:\/\/www.euroresidentes.com\/estilo-de-vida\/superacion-personal\/\"},{\"@type\":\"ListItem\",\"position\":2,\"name\":\"Echa un vistazo a esta incre\u00edble, pero poco conocida historia, del 11-S\"}]},{\"@type\":\"WebSite\",\"@id\":\"https:\/\/www.euroresidentes.com\/estilo-de-vida\/superacion-personal\/#website\",\"url\":\"https:\/\/www.euroresidentes.com\/estilo-de-vida\/superacion-personal\/\",\"name\":\"Superaci\u00f3n personal\",\"description\":\"Consejos de superaci\u00f3n personal\",\"potentialAction\":[{\"@type\":\"SearchAction\",\"target\":{\"@type\":\"EntryPoint\",\"urlTemplate\":\"https:\/\/www.euroresidentes.com\/estilo-de-vida\/superacion-personal\/?s={search_term_string}\"},\"query-input\":{\"@type\":\"PropertyValueSpecification\",\"valueRequired\":true,\"valueName\":\"search_term_string\"}}],\"inLanguage\":\"es\"},{\"@type\":\"Person\",\"@id\":\"https:\/\/www.euroresidentes.com\/estilo-de-vida\/superacion-personal\/#\/schema\/person\/76d37e061b7949bad6c3f7fa5366bfcb\",\"name\":\"Andrea M\u00e9ndez\",\"image\":{\"@type\":\"ImageObject\",\"inLanguage\":\"es\",\"@id\":\"https:\/\/www.euroresidentes.com\/estilo-de-vida\/superacion-personal\/#\/schema\/person\/image\/\",\"url\":\"https:\/\/www.euroresidentes.com\/estilo-de-vida\/superacion-personal\/wp-content\/uploads\/sites\/8\/2014\/08\/foto_autora_andrea.m-150x150.jpg\",\"contentUrl\":\"https:\/\/www.euroresidentes.com\/estilo-de-vida\/superacion-personal\/wp-content\/uploads\/sites\/8\/2014\/08\/foto_autora_andrea.m-150x150.jpg\",\"caption\":\"Andrea M\u00e9ndez\"},\"description\":\"Andrea M\u00e9ndezPsic\u00f3loga y autora de blogs orientados a la motivaci\u00f3n, el liderazgo y la superaci\u00f3n personal.\",\"sameAs\":[\"https:\/\/www.euroresidentes.com\/estilo-de-vida\/andrea-mendez.html\",\"https:\/\/www.facebook.com\/andrea.mendezmolla?fref=ts\"],\"url\":\"https:\/\/www.euroresidentes.com\/estilo-de-vida\/superacion-personal\/author\/andreamendez\/\"}]}<\/script>\n<!-- \/ Yoast SEO plugin. -->","yoast_head_json":{"title":"Echa un vistazo a esta incre\u00edble, pero poco conocida historia, del 11-S - Superaci\u00f3n personal","robots":{"index":"index","follow":"follow","max-snippet":"max-snippet:-1","max-image-preview":"max-image-preview:large","max-video-preview":"max-video-preview:-1"},"canonical":"https:\/\/www.euroresidentes.com\/estilo-de-vida\/superacion-personal\/echa-un-vistazo-esta-increible-pero\/","og_locale":"es_ES","og_type":"article","og_title":"Echa un vistazo a esta incre\u00edble, pero poco conocida historia, del 11-S - Superaci\u00f3n personal","og_description":"Historia escrita por una auxiliar de vuelo del vuelo Delta 15, el\u00a0el 11 de septiembre. Ma\u00f1ana del martes 11 de septiembre, llev\u00e1bamos ya 5 horas fuera de Frankfurt, sobrevolando el Atl\u00e1ntico Norte.\u00a0 De repente las cortinas se abrieron y me dijeron que deb\u00eda ir inmediatamente a la cabina del piloto, a ver al capit\u00e1n.\u00a0 Conforme llegu\u00e9 me di cuenta de la cara que ten\u00edan todos. El capit\u00e1n me entreg\u00f3 un mensaje impreso. Era de la oficina central de Delta en Atlanta y simplemente dec\u00eda: \u00abtodas las l\u00edneas de vuelo a los EEUU est\u00e1n cerradas al tr\u00e1fico a\u00e9reo. Aterrice lo antes","og_url":"https:\/\/www.euroresidentes.com\/estilo-de-vida\/superacion-personal\/echa-un-vistazo-esta-increible-pero\/","og_site_name":"Superaci\u00f3n personal","article_publisher":"https:\/\/www.facebook.com\/sentir.bien.euroresidentes\/","article_author":"https:\/\/www.facebook.com\/andrea.mendezmolla?fref=ts","article_published_time":"2015-09-11T11:17:00+00:00","article_modified_time":"2016-09-11T09:23:29+00:00","og_image":[{"width":600,"height":450,"url":"https:\/\/www.euroresidentes.com\/estilo-de-vida\/superacion-personal\/wp-content\/uploads\/sites\/8\/2015\/09\/El-11-S-en-nuestra-memoria1.jpg","type":"image\/jpeg"}],"author":"Andrea M\u00e9ndez","twitter_card":"summary_large_image","twitter_creator":"@sentirbien","twitter_site":"@sentirbien","twitter_misc":{"Written by":"Andrea M\u00e9ndez","Est. reading time":"8 minutos"},"schema":{"@context":"https:\/\/schema.org","@graph":[{"@type":"WebPage","@id":"https:\/\/www.euroresidentes.com\/estilo-de-vida\/superacion-personal\/echa-un-vistazo-esta-increible-pero\/","url":"https:\/\/www.euroresidentes.com\/estilo-de-vida\/superacion-personal\/echa-un-vistazo-esta-increible-pero\/","name":"Echa un vistazo a esta incre\u00edble, pero poco conocida historia, del 11-S - Superaci\u00f3n personal","isPartOf":{"@id":"https:\/\/www.euroresidentes.com\/estilo-de-vida\/superacion-personal\/#website"},"primaryImageOfPage":{"@id":"https:\/\/www.euroresidentes.com\/estilo-de-vida\/superacion-personal\/echa-un-vistazo-esta-increible-pero\/#primaryimage"},"image":{"@id":"https:\/\/www.euroresidentes.com\/estilo-de-vida\/superacion-personal\/echa-un-vistazo-esta-increible-pero\/#primaryimage"},"thumbnailUrl":"https:\/\/www.euroresidentes.com\/estilo-de-vida\/superacion-personal\/wp-content\/uploads\/sites\/8\/2015\/09\/El-11-S-en-nuestra-memoria1.jpg","datePublished":"2015-09-11T11:17:00+00:00","dateModified":"2016-09-11T09:23:29+00:00","author":{"@id":"https:\/\/www.euroresidentes.com\/estilo-de-vida\/superacion-personal\/#\/schema\/person\/76d37e061b7949bad6c3f7fa5366bfcb"},"breadcrumb":{"@id":"https:\/\/www.euroresidentes.com\/estilo-de-vida\/superacion-personal\/echa-un-vistazo-esta-increible-pero\/#breadcrumb"},"inLanguage":"es","potentialAction":[{"@type":"ReadAction","target":["https:\/\/www.euroresidentes.com\/estilo-de-vida\/superacion-personal\/echa-un-vistazo-esta-increible-pero\/"]}]},{"@type":"ImageObject","inLanguage":"es","@id":"https:\/\/www.euroresidentes.com\/estilo-de-vida\/superacion-personal\/echa-un-vistazo-esta-increible-pero\/#primaryimage","url":"https:\/\/www.euroresidentes.com\/estilo-de-vida\/superacion-personal\/wp-content\/uploads\/sites\/8\/2015\/09\/El-11-S-en-nuestra-memoria1.jpg","contentUrl":"https:\/\/www.euroresidentes.com\/estilo-de-vida\/superacion-personal\/wp-content\/uploads\/sites\/8\/2015\/09\/El-11-S-en-nuestra-memoria1.jpg","width":600,"height":450},{"@type":"BreadcrumbList","@id":"https:\/\/www.euroresidentes.com\/estilo-de-vida\/superacion-personal\/echa-un-vistazo-esta-increible-pero\/#breadcrumb","itemListElement":[{"@type":"ListItem","position":1,"name":"Portada","item":"https:\/\/www.euroresidentes.com\/estilo-de-vida\/superacion-personal\/"},{"@type":"ListItem","position":2,"name":"Echa un vistazo a esta incre\u00edble, pero poco conocida historia, del 11-S"}]},{"@type":"WebSite","@id":"https:\/\/www.euroresidentes.com\/estilo-de-vida\/superacion-personal\/#website","url":"https:\/\/www.euroresidentes.com\/estilo-de-vida\/superacion-personal\/","name":"Superaci\u00f3n personal","description":"Consejos de superaci\u00f3n personal","potentialAction":[{"@type":"SearchAction","target":{"@type":"EntryPoint","urlTemplate":"https:\/\/www.euroresidentes.com\/estilo-de-vida\/superacion-personal\/?s={search_term_string}"},"query-input":{"@type":"PropertyValueSpecification","valueRequired":true,"valueName":"search_term_string"}}],"inLanguage":"es"},{"@type":"Person","@id":"https:\/\/www.euroresidentes.com\/estilo-de-vida\/superacion-personal\/#\/schema\/person\/76d37e061b7949bad6c3f7fa5366bfcb","name":"Andrea M\u00e9ndez","image":{"@type":"ImageObject","inLanguage":"es","@id":"https:\/\/www.euroresidentes.com\/estilo-de-vida\/superacion-personal\/#\/schema\/person\/image\/","url":"https:\/\/www.euroresidentes.com\/estilo-de-vida\/superacion-personal\/wp-content\/uploads\/sites\/8\/2014\/08\/foto_autora_andrea.m-150x150.jpg","contentUrl":"https:\/\/www.euroresidentes.com\/estilo-de-vida\/superacion-personal\/wp-content\/uploads\/sites\/8\/2014\/08\/foto_autora_andrea.m-150x150.jpg","caption":"Andrea M\u00e9ndez"},"description":"Andrea M\u00e9ndezPsic\u00f3loga y autora de blogs orientados a la motivaci\u00f3n, el liderazgo y la superaci\u00f3n personal.","sameAs":["https:\/\/www.euroresidentes.com\/estilo-de-vida\/andrea-mendez.html","https:\/\/www.facebook.com\/andrea.mendezmolla?fref=ts"],"url":"https:\/\/www.euroresidentes.com\/estilo-de-vida\/superacion-personal\/author\/andreamendez\/"}]}},"_links":{"self":[{"href":"https:\/\/www.euroresidentes.com\/estilo-de-vida\/superacion-personal\/wp-json\/wp\/v2\/posts\/331","targetHints":{"allow":["GET"]}}],"collection":[{"href":"https:\/\/www.euroresidentes.com\/estilo-de-vida\/superacion-personal\/wp-json\/wp\/v2\/posts"}],"about":[{"href":"https:\/\/www.euroresidentes.com\/estilo-de-vida\/superacion-personal\/wp-json\/wp\/v2\/types\/post"}],"author":[{"embeddable":true,"href":"https:\/\/www.euroresidentes.com\/estilo-de-vida\/superacion-personal\/wp-json\/wp\/v2\/users\/11"}],"replies":[{"embeddable":true,"href":"https:\/\/www.euroresidentes.com\/estilo-de-vida\/superacion-personal\/wp-json\/wp\/v2\/comments?post=331"}],"version-history":[{"count":5,"href":"https:\/\/www.euroresidentes.com\/estilo-de-vida\/superacion-personal\/wp-json\/wp\/v2\/posts\/331\/revisions"}],"predecessor-version":[{"id":6124,"href":"https:\/\/www.euroresidentes.com\/estilo-de-vida\/superacion-personal\/wp-json\/wp\/v2\/posts\/331\/revisions\/6124"}],"wp:featuredmedia":[{"embeddable":true,"href":"https:\/\/www.euroresidentes.com\/estilo-de-vida\/superacion-personal\/wp-json\/wp\/v2\/media\/781"}],"wp:attachment":[{"href":"https:\/\/www.euroresidentes.com\/estilo-de-vida\/superacion-personal\/wp-json\/wp\/v2\/media?parent=331"}],"wp:term":[{"taxonomy":"category","embeddable":true,"href":"https:\/\/www.euroresidentes.com\/estilo-de-vida\/superacion-personal\/wp-json\/wp\/v2\/categories?post=331"},{"taxonomy":"post_tag","embeddable":true,"href":"https:\/\/www.euroresidentes.com\/estilo-de-vida\/superacion-personal\/wp-json\/wp\/v2\/tags?post=331"}],"curies":[{"name":"wp","href":"https:\/\/api.w.org\/{rel}","templated":true}]}}