{"id":6465,"date":"2017-02-01T16:39:40","date_gmt":"2017-02-01T15:39:40","guid":{"rendered":"http:\/\/www.euroresidentes.com\/estilo-de-vida\/sentir-bien\/?p=6465"},"modified":"2017-07-03T11:04:02","modified_gmt":"2017-07-03T09:04:02","slug":"carta-san-valentin-para-una-amiga","status":"publish","type":"post","link":"https:\/\/www.euroresidentes.com\/estilo-de-vida\/sentir-bien\/carta-san-valentin-para-una-amiga\/","title":{"rendered":"Feliz San Valent\u00edn amiga"},"content":{"rendered":"<h3>Una carta a mi mejor amiga el d\u00eda de San Valent\u00edn<\/h3>\n<p>Porque chicos vendr\u00e1n y se ir\u00e1n muchos, <strong>pero t\u00fa siempre has estado ah\u00ed.<\/strong> Has sido mi espina dorsal, mi roca, quien me ha besado las heridas sin reproches.\u00a0<\/p>\n<p><a href=\"https:\/\/www.euroresidentes.com\/estilo-de-vida\/sentir-bien\/wp-content\/uploads\/sites\/7\/2017\/02\/carta-san-valentin-para-una-amiga.jpg\"><img loading=\"lazy\" decoding=\"async\" class=\"aligncenter wp-image-6468 size-full\" src=\"https:\/\/www.euroresidentes.com\/estilo-de-vida\/sentir-bien\/wp-content\/uploads\/sites\/7\/2017\/02\/carta-san-valentin-para-una-amiga.jpg\" alt=\"feliz san valent\u00edn amiga - carta de san valent\u00edn para una amiga\" width=\"700\" height=\"525\" srcset=\"https:\/\/www.euroresidentes.com\/estilo-de-vida\/sentir-bien\/wp-content\/uploads\/sites\/7\/2017\/02\/carta-san-valentin-para-una-amiga.jpg 700w, https:\/\/www.euroresidentes.com\/estilo-de-vida\/sentir-bien\/wp-content\/uploads\/sites\/7\/2017\/02\/carta-san-valentin-para-una-amiga-300x225.jpg 300w\" sizes=\"auto, (max-width: 700px) 100vw, 700px\" \/><\/a><\/p>\n<p>Querida amiga,<\/p>\n<p><!-- inserta publi --><\/p>\n<p>Este San Valent\u00edn quiero decirte cu\u00e1nto te quiero. S\u00e9 que es un d\u00eda que la mayor\u00eda de gente celebra con su pareja, <strong>pero yo quiero decirte a ti, mi mejor amiga, cu\u00e1nto aprecio tu amistad.<\/strong><\/p>\n<p>Eres el gran amor de mi vida. <strong>Los chicos van y vienen pero t\u00fa siempre has estado ah\u00ed.<\/strong> Cuando mi familia no me entend\u00eda\u00a0ah\u00ed estabas t\u00fa para consolarme.<\/p>\n<p>Has sido mi espina dorsal, mi roca, y toda esa clase de\u00a0t\u00f3picos que la gente utiliza para describir a\u00a0alguien que le importa.<strong> Y sin embargo, has sido mucho m\u00e1s que eso.<\/strong> Por eso te estoy tan agradecida.<\/p>\n<p>En este San Valent\u00edn todo mi amor va para ti amiga m\u00eda porque no lo recibes lo suficiente. <strong>Me has\u00a0sacado del barro, sacudido la porquer\u00eda y besado las heridas m\u00e1s veces de las que puedo contar<\/strong>, y nunca podr\u00e9 agradec\u00e9rtelo lo suficiente, aunque te juro que lo intentar\u00e9.<\/p>\n<p><a href=\"https:\/\/www.euroresidentes.com\/estilo-de-vida\/sentir-bien\/wp-content\/uploads\/sites\/7\/2017\/02\/carta-san-valentin-de-amistad.jpg\"><img loading=\"lazy\" decoding=\"async\" class=\"aligncenter wp-image-6469 size-full\" src=\"https:\/\/www.euroresidentes.com\/estilo-de-vida\/sentir-bien\/wp-content\/uploads\/sites\/7\/2017\/02\/carta-san-valentin-de-amistad.jpg\" alt=\"carta de san valent\u00edn para una amiga - feliz san valent\u00edn amiga\" width=\"700\" height=\"525\" srcset=\"https:\/\/www.euroresidentes.com\/estilo-de-vida\/sentir-bien\/wp-content\/uploads\/sites\/7\/2017\/02\/carta-san-valentin-de-amistad.jpg 700w, https:\/\/www.euroresidentes.com\/estilo-de-vida\/sentir-bien\/wp-content\/uploads\/sites\/7\/2017\/02\/carta-san-valentin-de-amistad-300x225.jpg 300w\" sizes=\"auto, (max-width: 700px) 100vw, 700px\" \/><\/a><\/p>\n<p>Gracias por las broncas de medianoche. Gracias por\u00a0las risas a todas horas. Gracias por pedir demasiada comida a domicilio y devorarla sin control.<\/p>\n<p><!-- inserta publi 2 --> <strong>Gracias por los consejos, los que te ped\u00ed y los que me diste sin preguntar.<\/strong> Gracias por decirme lo que necesito o\u00edr, incluso cuando no es lo que quiero escuchar.<\/p>\n<p>Gracias por\u00a0las bromas tontas. Gracias por las estupideces. <strong>Gracias por tomar malas decisiones conmigo.<\/strong> Gracias por re\u00edrte de m\u00ed y conmigo. Gracias por los interminables recuerdos.<\/p>\n<p>M\u00e1s que nada quiero que sepas que te quiero. Te quiero un mont\u00f3n.\u00a0<strong>Eres la familia que he elegido,<\/strong> a la que voy cuando no tengo d\u00f3nde ir.\u00a0A la que recurro aunque llevemos meses o a\u00f1os sin vernos.<\/p>\n<p>Me has cambiado como persona, y estoy muy agradecida de tener a alguien tan incre\u00edble\u00a0en mi vida.<strong> Haces que la vida sea mucho mejor.\u00a0<\/strong><\/p>\n<p>Con todo mi amor,<\/p>\n<p>Tu amiga.<\/p>\n<p><strong>Te puede interesar:<\/strong><\/p>\n<ul>\n<li><a href=\"https:\/\/www.euroresidentes.com\/entretenimiento\/frases-citas-imagenes\/frases-de-san-valentin-de-amistad\">Frases de San Valent\u00edn para amigos<\/a><\/li>\n<li><a href=\"https:\/\/www.euroresidentes.com\/viajes\/viajar\/los-mejores-viajes-con-amigos\">Los mejores viajes para hacer con amigos<\/a><\/li>\n<li><a href=\"https:\/\/www.euroresidentes.com\/estilo-de-vida\/sentir-bien\/8-cosas-indudablemente-positivas-de-ser\">8 Cosas indudablemente positivas de ser soltero en San Valent\u00edn<\/a><\/li>\n<\/ul>\n","protected":false},"excerpt":{"rendered":"<p>Una carta a mi mejor amiga el d\u00eda de San Valent\u00edn Porque chicos vendr\u00e1n y se ir\u00e1n muchos, pero t\u00fa siempre has estado ah\u00ed. Has sido mi espina dorsal, mi roca, quien me ha besado las heridas sin reproches.\u00a0 Querida amiga, Este San Valent\u00edn quiero decirte cu\u00e1nto te quiero. S\u00e9 que es un d\u00eda que la mayor\u00eda de gente celebra con su pareja, pero yo quiero decirte a ti, mi mejor amiga, cu\u00e1nto aprecio tu amistad. Eres el gran amor de mi vida. Los chicos van y vienen pero t\u00fa siempre has estado ah\u00ed. Cuando mi familia no me entend\u00eda\u00a0ah\u00ed <\/p>\n","protected":false},"author":11,"featured_media":6469,"comment_status":"open","ping_status":"open","sticky":false,"template":"","format":"standard","meta":{"footnotes":""},"categories":[7],"tags":[],"class_list":["post-6465","post","type-post","status-publish","format-standard","has-post-thumbnail","hentry","category-general","has_thumb"],"yoast_head":"<!-- This site is optimized with the Yoast SEO plugin v24.1 - https:\/\/yoast.com\/wordpress\/plugins\/seo\/ -->\n<title>Feliz San Valent\u00edn amiga, esta carta es para ti<\/title>\n<meta name=\"description\" content=\"Porque chicos vendr\u00e1n y se ir\u00e1n muchos, pero t\u00fa siempre has estado ah\u00ed. Has sido mi espina dorsal, mi roca, quien me ha besado las heridas sin reproches.\" \/>\n<meta name=\"robots\" content=\"index, follow, max-snippet:-1, max-image-preview:large, max-video-preview:-1\" \/>\n<link rel=\"canonical\" href=\"https:\/\/www.euroresidentes.com\/estilo-de-vida\/sentir-bien\/carta-san-valentin-para-una-amiga\/\" \/>\n<meta property=\"og:locale\" content=\"es_ES\" \/>\n<meta property=\"og:type\" content=\"article\" \/>\n<meta property=\"og:title\" content=\"Feliz San Valent\u00edn amiga, esta carta es para ti\" \/>\n<meta property=\"og:description\" content=\"Porque chicos vendr\u00e1n y se ir\u00e1n muchos, pero t\u00fa siempre has estado ah\u00ed. Has sido mi espina dorsal, mi roca, quien me ha besado las heridas sin reproches.\" \/>\n<meta property=\"og:url\" content=\"https:\/\/www.euroresidentes.com\/estilo-de-vida\/sentir-bien\/carta-san-valentin-para-una-amiga\/\" \/>\n<meta property=\"og:site_name\" content=\"Sentir bien\" \/>\n<meta property=\"article:publisher\" content=\"https:\/\/www.facebook.com\/sentir.bien.euroresidentes\/\" \/>\n<meta property=\"article:author\" content=\"https:\/\/www.facebook.com\/andrea.mendezmolla?fref=ts\" \/>\n<meta property=\"article:published_time\" content=\"2017-02-01T15:39:40+00:00\" \/>\n<meta property=\"article:modified_time\" content=\"2017-07-03T09:04:02+00:00\" \/>\n<meta property=\"og:image\" content=\"https:\/\/www.euroresidentes.com\/estilo-de-vida\/sentir-bien\/wp-content\/uploads\/sites\/7\/2017\/02\/carta-san-valentin-de-amistad.jpg\" \/>\n\t<meta property=\"og:image:width\" content=\"700\" \/>\n\t<meta property=\"og:image:height\" content=\"525\" \/>\n\t<meta property=\"og:image:type\" content=\"image\/jpeg\" \/>\n<meta name=\"author\" content=\"Andrea M\u00e9ndez\" \/>\n<meta name=\"twitter:card\" content=\"summary_large_image\" \/>\n<meta name=\"twitter:creator\" content=\"@sentirbien\" \/>\n<meta name=\"twitter:site\" content=\"@sentirbien\" \/>\n<meta name=\"twitter:label1\" content=\"Written by\" \/>\n\t<meta name=\"twitter:data1\" content=\"Andrea M\u00e9ndez\" \/>\n\t<meta name=\"twitter:label2\" content=\"Est. reading time\" \/>\n\t<meta name=\"twitter:data2\" content=\"2 minutos\" \/>\n<script type=\"application\/ld+json\" class=\"yoast-schema-graph\">{\"@context\":\"https:\/\/schema.org\",\"@graph\":[{\"@type\":\"WebPage\",\"@id\":\"https:\/\/www.euroresidentes.com\/estilo-de-vida\/sentir-bien\/carta-san-valentin-para-una-amiga\/\",\"url\":\"https:\/\/www.euroresidentes.com\/estilo-de-vida\/sentir-bien\/carta-san-valentin-para-una-amiga\/\",\"name\":\"Feliz San Valent\u00edn amiga, esta carta es para ti\",\"isPartOf\":{\"@id\":\"https:\/\/www.euroresidentes.com\/estilo-de-vida\/sentir-bien\/#website\"},\"primaryImageOfPage\":{\"@id\":\"https:\/\/www.euroresidentes.com\/estilo-de-vida\/sentir-bien\/carta-san-valentin-para-una-amiga\/#primaryimage\"},\"image\":{\"@id\":\"https:\/\/www.euroresidentes.com\/estilo-de-vida\/sentir-bien\/carta-san-valentin-para-una-amiga\/#primaryimage\"},\"thumbnailUrl\":\"https:\/\/www.euroresidentes.com\/estilo-de-vida\/sentir-bien\/wp-content\/uploads\/sites\/7\/2017\/02\/carta-san-valentin-de-amistad.jpg\",\"datePublished\":\"2017-02-01T15:39:40+00:00\",\"dateModified\":\"2017-07-03T09:04:02+00:00\",\"author\":{\"@id\":\"https:\/\/www.euroresidentes.com\/estilo-de-vida\/sentir-bien\/#\/schema\/person\/76d37e061b7949bad6c3f7fa5366bfcb\"},\"description\":\"Porque chicos vendr\u00e1n y se ir\u00e1n muchos, pero t\u00fa siempre has estado ah\u00ed. Has sido mi espina dorsal, mi roca, quien me ha besado las heridas sin reproches.\",\"breadcrumb\":{\"@id\":\"https:\/\/www.euroresidentes.com\/estilo-de-vida\/sentir-bien\/carta-san-valentin-para-una-amiga\/#breadcrumb\"},\"inLanguage\":\"es\",\"potentialAction\":[{\"@type\":\"ReadAction\",\"target\":[\"https:\/\/www.euroresidentes.com\/estilo-de-vida\/sentir-bien\/carta-san-valentin-para-una-amiga\/\"]}]},{\"@type\":\"ImageObject\",\"inLanguage\":\"es\",\"@id\":\"https:\/\/www.euroresidentes.com\/estilo-de-vida\/sentir-bien\/carta-san-valentin-para-una-amiga\/#primaryimage\",\"url\":\"https:\/\/www.euroresidentes.com\/estilo-de-vida\/sentir-bien\/wp-content\/uploads\/sites\/7\/2017\/02\/carta-san-valentin-de-amistad.jpg\",\"contentUrl\":\"https:\/\/www.euroresidentes.com\/estilo-de-vida\/sentir-bien\/wp-content\/uploads\/sites\/7\/2017\/02\/carta-san-valentin-de-amistad.jpg\",\"width\":700,\"height\":525,\"caption\":\"carta de san valent\u00edn para una amiga\"},{\"@type\":\"BreadcrumbList\",\"@id\":\"https:\/\/www.euroresidentes.com\/estilo-de-vida\/sentir-bien\/carta-san-valentin-para-una-amiga\/#breadcrumb\",\"itemListElement\":[{\"@type\":\"ListItem\",\"position\":1,\"name\":\"Portada\",\"item\":\"https:\/\/www.euroresidentes.com\/estilo-de-vida\/sentir-bien\/\"},{\"@type\":\"ListItem\",\"position\":2,\"name\":\"Feliz San Valent\u00edn amiga\"}]},{\"@type\":\"WebSite\",\"@id\":\"https:\/\/www.euroresidentes.com\/estilo-de-vida\/sentir-bien\/#website\",\"url\":\"https:\/\/www.euroresidentes.com\/estilo-de-vida\/sentir-bien\/\",\"name\":\"Sentir bien\",\"description\":\"Consejos para sentirse bien y mejorar la autoestima\",\"potentialAction\":[{\"@type\":\"SearchAction\",\"target\":{\"@type\":\"EntryPoint\",\"urlTemplate\":\"https:\/\/www.euroresidentes.com\/estilo-de-vida\/sentir-bien\/?s={search_term_string}\"},\"query-input\":{\"@type\":\"PropertyValueSpecification\",\"valueRequired\":true,\"valueName\":\"search_term_string\"}}],\"inLanguage\":\"es\"},{\"@type\":\"Person\",\"@id\":\"https:\/\/www.euroresidentes.com\/estilo-de-vida\/sentir-bien\/#\/schema\/person\/76d37e061b7949bad6c3f7fa5366bfcb\",\"name\":\"Andrea M\u00e9ndez\",\"image\":{\"@type\":\"ImageObject\",\"inLanguage\":\"es\",\"@id\":\"https:\/\/www.euroresidentes.com\/estilo-de-vida\/sentir-bien\/#\/schema\/person\/image\/\",\"url\":\"https:\/\/www.euroresidentes.com\/estilo-de-vida\/sentir-bien\/wp-content\/uploads\/sites\/7\/2014\/05\/foto_autora_andrea.m-150x150.jpg\",\"contentUrl\":\"https:\/\/www.euroresidentes.com\/estilo-de-vida\/sentir-bien\/wp-content\/uploads\/sites\/7\/2014\/05\/foto_autora_andrea.m-150x150.jpg\",\"caption\":\"Andrea M\u00e9ndez\"},\"description\":\"Andrea M\u00e9ndezPsic\u00f3loga y autora de blogs orientados a la motivaci\u00f3n, el liderazgo y la superaci\u00f3n personal.\",\"sameAs\":[\"https:\/\/www.euroresidentes.com\/estilo-de-vida\/andrea-mendez.html\",\"https:\/\/www.facebook.com\/andrea.mendezmolla?fref=ts\"],\"url\":\"https:\/\/www.euroresidentes.com\/estilo-de-vida\/sentir-bien\/author\/andreamendez\/\"}]}<\/script>\n<!-- \/ Yoast SEO plugin. -->","yoast_head_json":{"title":"Feliz San Valent\u00edn amiga, esta carta es para ti","description":"Porque chicos vendr\u00e1n y se ir\u00e1n muchos, pero t\u00fa siempre has estado ah\u00ed. Has sido mi espina dorsal, mi roca, quien me ha besado las heridas sin reproches.","robots":{"index":"index","follow":"follow","max-snippet":"max-snippet:-1","max-image-preview":"max-image-preview:large","max-video-preview":"max-video-preview:-1"},"canonical":"https:\/\/www.euroresidentes.com\/estilo-de-vida\/sentir-bien\/carta-san-valentin-para-una-amiga\/","og_locale":"es_ES","og_type":"article","og_title":"Feliz San Valent\u00edn amiga, esta carta es para ti","og_description":"Porque chicos vendr\u00e1n y se ir\u00e1n muchos, pero t\u00fa siempre has estado ah\u00ed. Has sido mi espina dorsal, mi roca, quien me ha besado las heridas sin reproches.","og_url":"https:\/\/www.euroresidentes.com\/estilo-de-vida\/sentir-bien\/carta-san-valentin-para-una-amiga\/","og_site_name":"Sentir bien","article_publisher":"https:\/\/www.facebook.com\/sentir.bien.euroresidentes\/","article_author":"https:\/\/www.facebook.com\/andrea.mendezmolla?fref=ts","article_published_time":"2017-02-01T15:39:40+00:00","article_modified_time":"2017-07-03T09:04:02+00:00","og_image":[{"width":700,"height":525,"url":"https:\/\/www.euroresidentes.com\/estilo-de-vida\/sentir-bien\/wp-content\/uploads\/sites\/7\/2017\/02\/carta-san-valentin-de-amistad.jpg","type":"image\/jpeg"}],"author":"Andrea M\u00e9ndez","twitter_card":"summary_large_image","twitter_creator":"@sentirbien","twitter_site":"@sentirbien","twitter_misc":{"Written by":"Andrea M\u00e9ndez","Est. reading time":"2 minutos"},"schema":{"@context":"https:\/\/schema.org","@graph":[{"@type":"WebPage","@id":"https:\/\/www.euroresidentes.com\/estilo-de-vida\/sentir-bien\/carta-san-valentin-para-una-amiga\/","url":"https:\/\/www.euroresidentes.com\/estilo-de-vida\/sentir-bien\/carta-san-valentin-para-una-amiga\/","name":"Feliz San Valent\u00edn amiga, esta carta es para ti","isPartOf":{"@id":"https:\/\/www.euroresidentes.com\/estilo-de-vida\/sentir-bien\/#website"},"primaryImageOfPage":{"@id":"https:\/\/www.euroresidentes.com\/estilo-de-vida\/sentir-bien\/carta-san-valentin-para-una-amiga\/#primaryimage"},"image":{"@id":"https:\/\/www.euroresidentes.com\/estilo-de-vida\/sentir-bien\/carta-san-valentin-para-una-amiga\/#primaryimage"},"thumbnailUrl":"https:\/\/www.euroresidentes.com\/estilo-de-vida\/sentir-bien\/wp-content\/uploads\/sites\/7\/2017\/02\/carta-san-valentin-de-amistad.jpg","datePublished":"2017-02-01T15:39:40+00:00","dateModified":"2017-07-03T09:04:02+00:00","author":{"@id":"https:\/\/www.euroresidentes.com\/estilo-de-vida\/sentir-bien\/#\/schema\/person\/76d37e061b7949bad6c3f7fa5366bfcb"},"description":"Porque chicos vendr\u00e1n y se ir\u00e1n muchos, pero t\u00fa siempre has estado ah\u00ed. Has sido mi espina dorsal, mi roca, quien me ha besado las heridas sin reproches.","breadcrumb":{"@id":"https:\/\/www.euroresidentes.com\/estilo-de-vida\/sentir-bien\/carta-san-valentin-para-una-amiga\/#breadcrumb"},"inLanguage":"es","potentialAction":[{"@type":"ReadAction","target":["https:\/\/www.euroresidentes.com\/estilo-de-vida\/sentir-bien\/carta-san-valentin-para-una-amiga\/"]}]},{"@type":"ImageObject","inLanguage":"es","@id":"https:\/\/www.euroresidentes.com\/estilo-de-vida\/sentir-bien\/carta-san-valentin-para-una-amiga\/#primaryimage","url":"https:\/\/www.euroresidentes.com\/estilo-de-vida\/sentir-bien\/wp-content\/uploads\/sites\/7\/2017\/02\/carta-san-valentin-de-amistad.jpg","contentUrl":"https:\/\/www.euroresidentes.com\/estilo-de-vida\/sentir-bien\/wp-content\/uploads\/sites\/7\/2017\/02\/carta-san-valentin-de-amistad.jpg","width":700,"height":525,"caption":"carta de san valent\u00edn para una amiga"},{"@type":"BreadcrumbList","@id":"https:\/\/www.euroresidentes.com\/estilo-de-vida\/sentir-bien\/carta-san-valentin-para-una-amiga\/#breadcrumb","itemListElement":[{"@type":"ListItem","position":1,"name":"Portada","item":"https:\/\/www.euroresidentes.com\/estilo-de-vida\/sentir-bien\/"},{"@type":"ListItem","position":2,"name":"Feliz San Valent\u00edn amiga"}]},{"@type":"WebSite","@id":"https:\/\/www.euroresidentes.com\/estilo-de-vida\/sentir-bien\/#website","url":"https:\/\/www.euroresidentes.com\/estilo-de-vida\/sentir-bien\/","name":"Sentir bien","description":"Consejos para sentirse bien y mejorar la autoestima","potentialAction":[{"@type":"SearchAction","target":{"@type":"EntryPoint","urlTemplate":"https:\/\/www.euroresidentes.com\/estilo-de-vida\/sentir-bien\/?s={search_term_string}"},"query-input":{"@type":"PropertyValueSpecification","valueRequired":true,"valueName":"search_term_string"}}],"inLanguage":"es"},{"@type":"Person","@id":"https:\/\/www.euroresidentes.com\/estilo-de-vida\/sentir-bien\/#\/schema\/person\/76d37e061b7949bad6c3f7fa5366bfcb","name":"Andrea M\u00e9ndez","image":{"@type":"ImageObject","inLanguage":"es","@id":"https:\/\/www.euroresidentes.com\/estilo-de-vida\/sentir-bien\/#\/schema\/person\/image\/","url":"https:\/\/www.euroresidentes.com\/estilo-de-vida\/sentir-bien\/wp-content\/uploads\/sites\/7\/2014\/05\/foto_autora_andrea.m-150x150.jpg","contentUrl":"https:\/\/www.euroresidentes.com\/estilo-de-vida\/sentir-bien\/wp-content\/uploads\/sites\/7\/2014\/05\/foto_autora_andrea.m-150x150.jpg","caption":"Andrea M\u00e9ndez"},"description":"Andrea M\u00e9ndezPsic\u00f3loga y autora de blogs orientados a la motivaci\u00f3n, el liderazgo y la superaci\u00f3n personal.","sameAs":["https:\/\/www.euroresidentes.com\/estilo-de-vida\/andrea-mendez.html","https:\/\/www.facebook.com\/andrea.mendezmolla?fref=ts"],"url":"https:\/\/www.euroresidentes.com\/estilo-de-vida\/sentir-bien\/author\/andreamendez\/"}]}},"_links":{"self":[{"href":"https:\/\/www.euroresidentes.com\/estilo-de-vida\/sentir-bien\/wp-json\/wp\/v2\/posts\/6465","targetHints":{"allow":["GET"]}}],"collection":[{"href":"https:\/\/www.euroresidentes.com\/estilo-de-vida\/sentir-bien\/wp-json\/wp\/v2\/posts"}],"about":[{"href":"https:\/\/www.euroresidentes.com\/estilo-de-vida\/sentir-bien\/wp-json\/wp\/v2\/types\/post"}],"author":[{"embeddable":true,"href":"https:\/\/www.euroresidentes.com\/estilo-de-vida\/sentir-bien\/wp-json\/wp\/v2\/users\/11"}],"replies":[{"embeddable":true,"href":"https:\/\/www.euroresidentes.com\/estilo-de-vida\/sentir-bien\/wp-json\/wp\/v2\/comments?post=6465"}],"version-history":[{"count":7,"href":"https:\/\/www.euroresidentes.com\/estilo-de-vida\/sentir-bien\/wp-json\/wp\/v2\/posts\/6465\/revisions"}],"predecessor-version":[{"id":6520,"href":"https:\/\/www.euroresidentes.com\/estilo-de-vida\/sentir-bien\/wp-json\/wp\/v2\/posts\/6465\/revisions\/6520"}],"wp:featuredmedia":[{"embeddable":true,"href":"https:\/\/www.euroresidentes.com\/estilo-de-vida\/sentir-bien\/wp-json\/wp\/v2\/media\/6469"}],"wp:attachment":[{"href":"https:\/\/www.euroresidentes.com\/estilo-de-vida\/sentir-bien\/wp-json\/wp\/v2\/media?parent=6465"}],"wp:term":[{"taxonomy":"category","embeddable":true,"href":"https:\/\/www.euroresidentes.com\/estilo-de-vida\/sentir-bien\/wp-json\/wp\/v2\/categories?post=6465"},{"taxonomy":"post_tag","embeddable":true,"href":"https:\/\/www.euroresidentes.com\/estilo-de-vida\/sentir-bien\/wp-json\/wp\/v2\/tags?post=6465"}],"curies":[{"name":"wp","href":"https:\/\/api.w.org\/{rel}","templated":true}]}}