{"id":6247,"date":"2016-11-02T09:42:43","date_gmt":"2016-11-02T08:42:43","guid":{"rendered":"http:\/\/www.euroresidentes.com\/estilo-de-vida\/sentir-bien\/?p=6247"},"modified":"2016-11-02T15:31:24","modified_gmt":"2016-11-02T14:31:24","slug":"personas-nocturnas-inteligentes-y-creativas","status":"publish","type":"post","link":"https:\/\/www.euroresidentes.com\/estilo-de-vida\/sentir-bien\/personas-nocturnas-inteligentes-y-creativas\/","title":{"rendered":"Las personas que se acuestan tarde son m\u00e1s inteligentes y creativas"},"content":{"rendered":"<h3>Trasnochar es de inteligentes<\/h3>\n<p>\u00bfHay algo peor que levantarse tarde? Ya sea tu madre grit\u00e1ndote para que te levantes o tu iPhone vibrando\u00a0repleto de mensajes del trabajo, no hay peor forma de recibir la primera luz del d\u00eda que con un golpe en la cara de conciencia.<\/p>\n<p><a href=\"https:\/\/www.euroresidentes.com\/estilo-de-vida\/sentir-bien\/wp-content\/uploads\/sites\/7\/2016\/11\/personas-nocturnas-inteligentes.jpg\"><img loading=\"lazy\" decoding=\"async\" class=\"aligncenter size-full wp-image-6250\" src=\"https:\/\/www.euroresidentes.com\/estilo-de-vida\/sentir-bien\/wp-content\/uploads\/sites\/7\/2016\/11\/personas-nocturnas-inteligentes.jpg\" alt=\"personas nocturnas\" width=\"700\" height=\"525\" srcset=\"https:\/\/www.euroresidentes.com\/estilo-de-vida\/sentir-bien\/wp-content\/uploads\/sites\/7\/2016\/11\/personas-nocturnas-inteligentes.jpg 700w, https:\/\/www.euroresidentes.com\/estilo-de-vida\/sentir-bien\/wp-content\/uploads\/sites\/7\/2016\/11\/personas-nocturnas-inteligentes-300x225.jpg 300w\" sizes=\"auto, (max-width: 700px) 100vw, 700px\" \/><\/a><\/p>\n<p>Lo peor de todo es que no puedes justificar tus acciones. Quieres decirle a tu madre\/pareja\/quien sea por qu\u00e9 estas tan cansado -porque te tiraste hasta los 2 am leyendo el libro m\u00e1s fascinante del mundo antes de ponerte tutoriales sobre c\u00f3mo aprender a usar Adobe.<\/p>\n<p><!-- inserta publi --><\/p>\n<p>Pero sabes que ella se parar\u00e1 a \u00ablas 2 am\u00bb.<strong> Eso es todo lo que va a escuchar. Luego te rega\u00f1ar\u00e1 por haberte quedado tan tarde<\/strong>, amenazar\u00e1 con llevarse el ordenador de tu cuarto o te recriminar\u00e1 que no pusiste la lavadora.<\/p>\n<p>Y lo mismo ocurrir\u00e1 con tu jefe. No puedes explicarle que es la tercera vez que llegas tarde este mes porque te quedaste viendo un documental sobre la vida de las lombrices de tierra. La gente no quiere o\u00edr tus excusas. Quieren que te apa\u00f1es con tus cosas.<\/p>\n<p>Y as\u00ed es como ha sido la vida hasta ahora. Te has mantenido durmiendo-despert\u00e1ndote-durmiendo-despert\u00e1ndote&#8230;<strong>No importa lo mal que te sientes durante el d\u00eda o cu\u00e1nto trabajos perder\u00e1s, continuar\u00e1s disfrutando de acostarte bajo la luz de la luna<\/strong>. No est\u00e1 en tu naturaleza apagar\u00a0la luz cuando todos lo hacen.<\/p>\n<p>Para ti no hay nada como desvelarse en la cama. Ah\u00ed es cuando tus ideas fluyen, tu energ\u00eda explota y tus momentos de paz vienen a ti. Cuando no hay distracciones \u00a0ni obst\u00e1culos en tu camino, s\u00f3lo el horizonte de luz expandi\u00e9ndose.\u00a0<\/p>\n<p><strong>Por eso eres m\u00e1s inteligente<\/strong>. Seg\u00fan el estudio publicado en <a href=\"http:\/\/www.huffingtonpost.com\/2014\/10\/23\/night-owl-benefits_n_5877272.html\" target=\"_blank\">The Huffington Post<\/a>, <strong>aquellos que no cumplen con un horario normal de sue\u00f1o se les considera m\u00e1s inteligentes<\/strong>. Este descubrimiento se apoya en las investigaciones que sugieren que aquellas personas que crean nuevos patrones evolutivos (en comparaci\u00f3n con aquellos que se adhieren a los patrones normales desarrollados por nuestros antecesores) son los m\u00e1s avanzadas. \u00a0<\/p>\n<p>Tiene sentido.<strong> Despu\u00e9s de todo, los primeros en cambiar -en buscar la novedad- son siempre los m\u00e1s evolucionados e inteligentes en una sociedad<\/strong>. Y de acuerdo con las investigaciones\u00a0de la Universidad de Madrid -analizaron los patrones de sue\u00f1o de 1000 estudiantes- encontraron que los que se acostaban m\u00e1s tarde (y por tanto se despertaban m\u00e1s tarde tambi\u00e9n) obtuvieron mejores resultados en tests\u00a0de razonamiento inductivo, \u00a0<strong>pruebas que normalmente se\u00a0asocian al nivel\u00a0de inteligencia.\u00a0<\/strong>He aqu\u00ed por qu\u00e9<\/p>\n<h3>No rechazan los momentos\u00a0de inspiraci\u00f3n creativa<\/h3>\n<p><a href=\"https:\/\/www.euroresidentes.com\/estilo-de-vida\/sentir-bien\/wp-content\/uploads\/sites\/7\/2016\/11\/personas-nocturnas.jpg\"><img loading=\"lazy\" decoding=\"async\" class=\"aligncenter size-full wp-image-6251\" src=\"https:\/\/www.euroresidentes.com\/estilo-de-vida\/sentir-bien\/wp-content\/uploads\/sites\/7\/2016\/11\/personas-nocturnas.jpg\" alt=\"personas nocturnas\" width=\"700\" height=\"525\" srcset=\"https:\/\/www.euroresidentes.com\/estilo-de-vida\/sentir-bien\/wp-content\/uploads\/sites\/7\/2016\/11\/personas-nocturnas.jpg 700w, https:\/\/www.euroresidentes.com\/estilo-de-vida\/sentir-bien\/wp-content\/uploads\/sites\/7\/2016\/11\/personas-nocturnas-300x225.jpg 300w\" sizes=\"auto, (max-width: 700px) 100vw, 700px\" \/><\/a><\/p>\n<p><a href=\"http:\/\/www.abc.net.au\/science\/articles\/2006\/12\/13\/1810399.htm\" target=\"_blank\">ABC Science<\/a> public\u00f3 un estudio realizado\u00a0por la Universidad Cat\u00f3lica Sagrado Coraz\u00f3n de Mil\u00e1n en el que los investigadores pidieron a 120 hombres y mujeres de distintas edades rellenar un cuestionario donde se les preguntaba si ten\u00eda m\u00e1s disposici\u00f3n por la ma\u00f1ana o por la noche.\u00a0<\/p>\n<p>Despu\u00e9s se les pidi\u00f3 a los participantes que hicieran\u00a03 pruebas dise\u00f1adas para medir el pensamiento creativo. <strong>Los investigadores puntuaron las actividades realizadas bas\u00e1ndose en la originalidad, elaboraci\u00f3n, fluidez y flexibilidad<\/strong>. Seg\u00fan sus conclusiones, <em>\u00ablas personas nocturnas sacaron resultados excelentes en esos criterios, mientras que la gente diurna se esforzaba por obtener una puntuaci\u00f3n de 50\u00bb<\/em>.\u00a0<\/p>\n<p><!-- inserta publi 2 --><\/p>\n<p>La autora principal del estudio, Marina Giampietro, cree que esa creatividad se desarrolla gracias al <em>\u00abdesarrollo de un esp\u00edritu inconformista\u00a0-no convencional- y a la habilidad de encontrar alternativas y soluciones originales\u00bb<\/em>.<\/p>\n<p><strong>Todo tiene que ver con lo que haces con el tiempo que tienes.<\/strong> S\u00ed, los madrugadores pueden ser m\u00e1s productivos, pero los trasnochadores son m\u00e1s creativos.<\/p>\n<p>Los madrugadores aprovechan las horas de la ma\u00f1ana para hacer actividades como ir al gimnasio, preparar caf\u00e9 y ponerse a trabajar temprano, pero son los que se acuestan tarde, los trasnochadores, los que realmente aprovechan la noche -la ocasi\u00f3n perfecta para inventar o crear algo nuevo.<\/p>\n<h3>Saben aprovechar mejor los momentos del d\u00eda<\/h3>\n<p>Cuando te levantas a las 6 am \u00a0sueles pasar a mejor vida sobre\u00a0las 9 pm, lo que significa que a las 5 pm ya est\u00e1s agotado. Podr\u00e1s empezar el d\u00eda con much\u00edsima energ\u00eda, pero de nada sirve si a las 5 pm ya est\u00e1s inservible.\u00a0<strong>Y es lo que le pasa de hecho a los madrugadores. En la segunda parte del d\u00eda est\u00e1 hechos polvo.<\/strong><\/p>\n<p>Los<a href=\"http:\/\/www.dailymail.co.uk\/sciencetech\/article-1173028\/How-night-owls-cleverer-richer-people-rise-early.html\" target=\"_blank\"> investigadores de la Universidad de Lieja en B\u00e9lgica<\/a> examinaron a 15 \u00abmadrugadores extremos\u00bb y 15 \u00abtrasnochadores extremos\u00bb. Les midieron la actividad cerebral dos veces: al despertarse y 10 horas y media m\u00e1s tarde.<\/p>\n<p><strong>Tanto los madrugadores como los trasnochadores tuvieron el mismo nivel de productividad\u00a0al despertarse<\/strong>. Diez horas y media mas tarde, sin embargo, los madrugadores tuvieron \u00abmenos actividad en las regiones cerebrales vinculadas a la atenci\u00f3n y al ritmo circadiano en comparaci\u00f3n con los trasnochadores\u00bb.\u00a0<\/p>\n<h3>En realidad son unos adelantados&#8230;y est\u00e1n menos estresados<\/h3>\n<p><a href=\"https:\/\/www.euroresidentes.com\/estilo-de-vida\/sentir-bien\/wp-content\/uploads\/sites\/7\/2016\/11\/levantar-tarde-inteligentes.jpg\"><img loading=\"lazy\" decoding=\"async\" class=\"aligncenter size-full wp-image-6252\" src=\"https:\/\/www.euroresidentes.com\/estilo-de-vida\/sentir-bien\/wp-content\/uploads\/sites\/7\/2016\/11\/levantar-tarde-inteligentes.jpg\" alt=\"personas nocturnas son m\u00e1s inteligentes\" width=\"700\" height=\"525\" srcset=\"https:\/\/www.euroresidentes.com\/estilo-de-vida\/sentir-bien\/wp-content\/uploads\/sites\/7\/2016\/11\/levantar-tarde-inteligentes.jpg 700w, https:\/\/www.euroresidentes.com\/estilo-de-vida\/sentir-bien\/wp-content\/uploads\/sites\/7\/2016\/11\/levantar-tarde-inteligentes-300x225.jpg 300w\" sizes=\"auto, (max-width: 700px) 100vw, 700px\" \/><\/a><\/p>\n<p>Todo depende de c\u00f3mo mires tus ciclos de sue\u00f1o. Puede parecer que los dormilones echan a perder muchas horas de la ma\u00f1ana, pero realmente los madrugadores son los que pierden una noche entera.\u00a0<\/p>\n<p>Los que se levantan m\u00e1s tarde van adelantados a su\u00a0ciclo de sue\u00f1o y\u00a0tienen\u00a0periodos de tiempo mientras\u00a0los madrugadores duermen.<strong> Pero levantarse m\u00e1s tarde te hace estar de mejor humor durante\u00a0el d\u00eda.\u00a0<\/strong><\/p>\n<p><a href=\"http:\/\/news.bbc.co.uk\/2\/hi\/health\/503631.stm\" target=\"_blank\">De acuerdo con la BBC<\/a>, un grupo de investigadores en Westminster analiz\u00f3 la saliva de 42 voluntarios con diferentes horarios de sue\u00f1o 8 veces al d\u00eda durante 2 d\u00edas. Despu\u00e9s de analizar todas las muestras encontraron que la gente que se\u00a0levantaba antes ten\u00eda niveles m\u00e1s altos de cortisol -la principal hormona del estr\u00e9s- que aquellos que se quedaban m\u00e1s rato durmiendo.<\/p>\n<p><strong>Como consecuencia,\u00a0los madrugadores informaron de m\u00e1s dolores musculares y de cabeza y m\u00e1s s\u00edntomas de resfriado.<\/strong> Los investigadores tambi\u00e9n encontraron que\u00a0su \u00e1nimo era peor.\u00a0<\/p>\n<blockquote>\n<p>La investigadora jefe Angela Crow cree que <em>\u00abdespertarse pronto est\u00e1 asociado con mayor poder de concentraci\u00f3n, lo que te hace estar m\u00e1s ocupado y experimentar m\u00e1s bullicio a lo largo del d\u00eda, lo que conduce a mayor probabilidad de sentir ira y menos energ\u00eda en el d\u00eda. Por otro lado los que se despiertan tarde \u00a0est\u00e1n m\u00e1s pausados, y por tanto menos ocupados\u00bb<\/em>.<\/p>\n<\/blockquote>\n<p>La vida se basa en c\u00f3mo la vemos. Pero seg\u00fan toda esta investigaci\u00f3n\u00a0deber\u00eda basarse en c\u00f3mo -y cu\u00e1ndo- nos despertamos. Por todos esos ataques y juicios que te han hecho por ser un dormil\u00f3n, <strong>si\u00e9ntete bien por ese horario que llevas, y no te culpes por quedarte de nuevo pegado a las s\u00e1banas.\u00a0<\/strong><\/p>\n<p>Al final del d\u00eda -literalmente- eres mejor gracias a eso.<\/p>\n<p>Yo como siempre te espero en la pr\u00f3xima. Un gran saludo y un abrazo, Andrea.<\/p>\n<p><strong>Ver m\u00e1s:<\/strong><\/p>\n<ul>\n<li><a href=\"https:\/\/www.euroresidentes.com\/estilo-de-vida\/superacion-personal\/ser-productivo-en-el-trabajo-por-la-manana\" target=\"_blank\">As\u00ed es como deber\u00edas usar las 3 primeras horas del d\u00eda<\/a>\u00a0<\/li>\n<li><a href=\"https:\/\/www.euroresidentes.com\/estilo-de-vida\/sentir-bien\/mujeres-cuanto-mas-inteligente-seais\" target=\"_blank\">Mujeres: cuanto m\u00e1s inteligente se\u00e1is, mayor probabilidad de quedaros solteras<\/a><\/li>\n<li><a href=\"https:\/\/www.euroresidentes.com\/estilo-de-vida\/superacion-personal\/tienes-inteligencia-emocional-aqui-lo\" target=\"_blank\">\u00bfQuieres saber si tienes Inteligencia Emocional?<\/a><\/li>\n<\/ul>\n","protected":false},"excerpt":{"rendered":"<p>Trasnochar es de inteligentes \u00bfHay algo peor que levantarse tarde? Ya sea tu madre grit\u00e1ndote para que te levantes o tu iPhone vibrando\u00a0repleto de mensajes del trabajo, no hay peor forma de recibir la primera luz del d\u00eda que con un golpe en la cara de conciencia. Lo peor de todo es que no puedes justificar tus acciones. Quieres decirle a tu madre\/pareja\/quien sea por qu\u00e9 estas tan cansado -porque te tiraste hasta los 2 am leyendo el libro m\u00e1s fascinante del mundo antes de ponerte tutoriales sobre c\u00f3mo aprender a usar Adobe. Pero sabes que ella se parar\u00e1 a <\/p>\n","protected":false},"author":11,"featured_media":6250,"comment_status":"open","ping_status":"open","sticky":false,"template":"","format":"standard","meta":{"footnotes":""},"categories":[7],"tags":[],"class_list":["post-6247","post","type-post","status-publish","format-standard","has-post-thumbnail","hentry","category-general","has_thumb"],"yoast_head":"<!-- This site is optimized with the Yoast SEO plugin v24.1 - https:\/\/yoast.com\/wordpress\/plugins\/seo\/ -->\n<title>La gente que se acuesta tarde es m\u00e1s inteligente y creativa<\/title>\n<meta name=\"description\" content=\"Seg\u00fan las \u00faltimas investigaciones cient\u00edficas las personas nocturnas aprovechan mejor los momentos del d\u00eda y est\u00e1n menos estresados que la gente madrugadora\" \/>\n<meta name=\"robots\" content=\"index, follow, max-snippet:-1, max-image-preview:large, max-video-preview:-1\" \/>\n<link rel=\"canonical\" href=\"https:\/\/www.euroresidentes.com\/estilo-de-vida\/sentir-bien\/personas-nocturnas-inteligentes-y-creativas\/\" \/>\n<meta property=\"og:locale\" content=\"es_ES\" \/>\n<meta property=\"og:type\" content=\"article\" \/>\n<meta property=\"og:title\" content=\"La gente que se acuesta tarde es m\u00e1s inteligente y creativa\" \/>\n<meta property=\"og:description\" content=\"Seg\u00fan las \u00faltimas investigaciones cient\u00edficas las personas nocturnas aprovechan mejor los momentos del d\u00eda y est\u00e1n menos estresados que la gente madrugadora\" \/>\n<meta property=\"og:url\" content=\"https:\/\/www.euroresidentes.com\/estilo-de-vida\/sentir-bien\/personas-nocturnas-inteligentes-y-creativas\/\" \/>\n<meta property=\"og:site_name\" content=\"Sentir bien\" \/>\n<meta property=\"article:publisher\" content=\"https:\/\/www.facebook.com\/sentir.bien.euroresidentes\/\" \/>\n<meta property=\"article:author\" content=\"https:\/\/www.facebook.com\/andrea.mendezmolla?fref=ts\" \/>\n<meta property=\"article:published_time\" content=\"2016-11-02T08:42:43+00:00\" \/>\n<meta property=\"article:modified_time\" content=\"2016-11-02T14:31:24+00:00\" \/>\n<meta property=\"og:image\" content=\"https:\/\/www.euroresidentes.com\/estilo-de-vida\/sentir-bien\/wp-content\/uploads\/sites\/7\/2016\/11\/personas-nocturnas-inteligentes.jpg\" \/>\n\t<meta property=\"og:image:width\" content=\"700\" \/>\n\t<meta property=\"og:image:height\" content=\"525\" \/>\n\t<meta property=\"og:image:type\" content=\"image\/jpeg\" \/>\n<meta name=\"author\" content=\"Andrea M\u00e9ndez\" \/>\n<meta name=\"twitter:card\" content=\"summary_large_image\" \/>\n<meta name=\"twitter:creator\" content=\"@sentirbien\" \/>\n<meta name=\"twitter:site\" content=\"@sentirbien\" \/>\n<meta name=\"twitter:label1\" content=\"Written by\" \/>\n\t<meta name=\"twitter:data1\" content=\"Andrea M\u00e9ndez\" \/>\n\t<meta name=\"twitter:label2\" content=\"Est. reading time\" \/>\n\t<meta name=\"twitter:data2\" content=\"6 minutos\" \/>\n<script type=\"application\/ld+json\" class=\"yoast-schema-graph\">{\"@context\":\"https:\/\/schema.org\",\"@graph\":[{\"@type\":\"WebPage\",\"@id\":\"https:\/\/www.euroresidentes.com\/estilo-de-vida\/sentir-bien\/personas-nocturnas-inteligentes-y-creativas\/\",\"url\":\"https:\/\/www.euroresidentes.com\/estilo-de-vida\/sentir-bien\/personas-nocturnas-inteligentes-y-creativas\/\",\"name\":\"La gente que se acuesta tarde es m\u00e1s inteligente y creativa\",\"isPartOf\":{\"@id\":\"https:\/\/www.euroresidentes.com\/estilo-de-vida\/sentir-bien\/#website\"},\"primaryImageOfPage\":{\"@id\":\"https:\/\/www.euroresidentes.com\/estilo-de-vida\/sentir-bien\/personas-nocturnas-inteligentes-y-creativas\/#primaryimage\"},\"image\":{\"@id\":\"https:\/\/www.euroresidentes.com\/estilo-de-vida\/sentir-bien\/personas-nocturnas-inteligentes-y-creativas\/#primaryimage\"},\"thumbnailUrl\":\"https:\/\/www.euroresidentes.com\/estilo-de-vida\/sentir-bien\/wp-content\/uploads\/sites\/7\/2016\/11\/personas-nocturnas-inteligentes.jpg\",\"datePublished\":\"2016-11-02T08:42:43+00:00\",\"dateModified\":\"2016-11-02T14:31:24+00:00\",\"author\":{\"@id\":\"https:\/\/www.euroresidentes.com\/estilo-de-vida\/sentir-bien\/#\/schema\/person\/76d37e061b7949bad6c3f7fa5366bfcb\"},\"description\":\"Seg\u00fan las \u00faltimas investigaciones cient\u00edficas las personas nocturnas aprovechan mejor los momentos del d\u00eda y est\u00e1n menos estresados que la gente madrugadora\",\"breadcrumb\":{\"@id\":\"https:\/\/www.euroresidentes.com\/estilo-de-vida\/sentir-bien\/personas-nocturnas-inteligentes-y-creativas\/#breadcrumb\"},\"inLanguage\":\"es\",\"potentialAction\":[{\"@type\":\"ReadAction\",\"target\":[\"https:\/\/www.euroresidentes.com\/estilo-de-vida\/sentir-bien\/personas-nocturnas-inteligentes-y-creativas\/\"]}]},{\"@type\":\"ImageObject\",\"inLanguage\":\"es\",\"@id\":\"https:\/\/www.euroresidentes.com\/estilo-de-vida\/sentir-bien\/personas-nocturnas-inteligentes-y-creativas\/#primaryimage\",\"url\":\"https:\/\/www.euroresidentes.com\/estilo-de-vida\/sentir-bien\/wp-content\/uploads\/sites\/7\/2016\/11\/personas-nocturnas-inteligentes.jpg\",\"contentUrl\":\"https:\/\/www.euroresidentes.com\/estilo-de-vida\/sentir-bien\/wp-content\/uploads\/sites\/7\/2016\/11\/personas-nocturnas-inteligentes.jpg\",\"width\":700,\"height\":525,\"caption\":\"personas nocturnas\"},{\"@type\":\"BreadcrumbList\",\"@id\":\"https:\/\/www.euroresidentes.com\/estilo-de-vida\/sentir-bien\/personas-nocturnas-inteligentes-y-creativas\/#breadcrumb\",\"itemListElement\":[{\"@type\":\"ListItem\",\"position\":1,\"name\":\"Portada\",\"item\":\"https:\/\/www.euroresidentes.com\/estilo-de-vida\/sentir-bien\/\"},{\"@type\":\"ListItem\",\"position\":2,\"name\":\"Las personas que se acuestan tarde son m\u00e1s inteligentes y creativas\"}]},{\"@type\":\"WebSite\",\"@id\":\"https:\/\/www.euroresidentes.com\/estilo-de-vida\/sentir-bien\/#website\",\"url\":\"https:\/\/www.euroresidentes.com\/estilo-de-vida\/sentir-bien\/\",\"name\":\"Sentir bien\",\"description\":\"Consejos para sentirse bien y mejorar la autoestima\",\"potentialAction\":[{\"@type\":\"SearchAction\",\"target\":{\"@type\":\"EntryPoint\",\"urlTemplate\":\"https:\/\/www.euroresidentes.com\/estilo-de-vida\/sentir-bien\/?s={search_term_string}\"},\"query-input\":{\"@type\":\"PropertyValueSpecification\",\"valueRequired\":true,\"valueName\":\"search_term_string\"}}],\"inLanguage\":\"es\"},{\"@type\":\"Person\",\"@id\":\"https:\/\/www.euroresidentes.com\/estilo-de-vida\/sentir-bien\/#\/schema\/person\/76d37e061b7949bad6c3f7fa5366bfcb\",\"name\":\"Andrea M\u00e9ndez\",\"image\":{\"@type\":\"ImageObject\",\"inLanguage\":\"es\",\"@id\":\"https:\/\/www.euroresidentes.com\/estilo-de-vida\/sentir-bien\/#\/schema\/person\/image\/\",\"url\":\"https:\/\/www.euroresidentes.com\/estilo-de-vida\/sentir-bien\/wp-content\/uploads\/sites\/7\/2014\/05\/foto_autora_andrea.m-150x150.jpg\",\"contentUrl\":\"https:\/\/www.euroresidentes.com\/estilo-de-vida\/sentir-bien\/wp-content\/uploads\/sites\/7\/2014\/05\/foto_autora_andrea.m-150x150.jpg\",\"caption\":\"Andrea M\u00e9ndez\"},\"description\":\"Andrea M\u00e9ndezPsic\u00f3loga y autora de blogs orientados a la motivaci\u00f3n, el liderazgo y la superaci\u00f3n personal.\",\"sameAs\":[\"https:\/\/www.euroresidentes.com\/estilo-de-vida\/andrea-mendez.html\",\"https:\/\/www.facebook.com\/andrea.mendezmolla?fref=ts\"],\"url\":\"https:\/\/www.euroresidentes.com\/estilo-de-vida\/sentir-bien\/author\/andreamendez\/\"}]}<\/script>\n<!-- \/ Yoast SEO plugin. -->","yoast_head_json":{"title":"La gente que se acuesta tarde es m\u00e1s inteligente y creativa","description":"Seg\u00fan las \u00faltimas investigaciones cient\u00edficas las personas nocturnas aprovechan mejor los momentos del d\u00eda y est\u00e1n menos estresados que la gente madrugadora","robots":{"index":"index","follow":"follow","max-snippet":"max-snippet:-1","max-image-preview":"max-image-preview:large","max-video-preview":"max-video-preview:-1"},"canonical":"https:\/\/www.euroresidentes.com\/estilo-de-vida\/sentir-bien\/personas-nocturnas-inteligentes-y-creativas\/","og_locale":"es_ES","og_type":"article","og_title":"La gente que se acuesta tarde es m\u00e1s inteligente y creativa","og_description":"Seg\u00fan las \u00faltimas investigaciones cient\u00edficas las personas nocturnas aprovechan mejor los momentos del d\u00eda y est\u00e1n menos estresados que la gente madrugadora","og_url":"https:\/\/www.euroresidentes.com\/estilo-de-vida\/sentir-bien\/personas-nocturnas-inteligentes-y-creativas\/","og_site_name":"Sentir bien","article_publisher":"https:\/\/www.facebook.com\/sentir.bien.euroresidentes\/","article_author":"https:\/\/www.facebook.com\/andrea.mendezmolla?fref=ts","article_published_time":"2016-11-02T08:42:43+00:00","article_modified_time":"2016-11-02T14:31:24+00:00","og_image":[{"width":700,"height":525,"url":"https:\/\/www.euroresidentes.com\/estilo-de-vida\/sentir-bien\/wp-content\/uploads\/sites\/7\/2016\/11\/personas-nocturnas-inteligentes.jpg","type":"image\/jpeg"}],"author":"Andrea M\u00e9ndez","twitter_card":"summary_large_image","twitter_creator":"@sentirbien","twitter_site":"@sentirbien","twitter_misc":{"Written by":"Andrea M\u00e9ndez","Est. reading time":"6 minutos"},"schema":{"@context":"https:\/\/schema.org","@graph":[{"@type":"WebPage","@id":"https:\/\/www.euroresidentes.com\/estilo-de-vida\/sentir-bien\/personas-nocturnas-inteligentes-y-creativas\/","url":"https:\/\/www.euroresidentes.com\/estilo-de-vida\/sentir-bien\/personas-nocturnas-inteligentes-y-creativas\/","name":"La gente que se acuesta tarde es m\u00e1s inteligente y creativa","isPartOf":{"@id":"https:\/\/www.euroresidentes.com\/estilo-de-vida\/sentir-bien\/#website"},"primaryImageOfPage":{"@id":"https:\/\/www.euroresidentes.com\/estilo-de-vida\/sentir-bien\/personas-nocturnas-inteligentes-y-creativas\/#primaryimage"},"image":{"@id":"https:\/\/www.euroresidentes.com\/estilo-de-vida\/sentir-bien\/personas-nocturnas-inteligentes-y-creativas\/#primaryimage"},"thumbnailUrl":"https:\/\/www.euroresidentes.com\/estilo-de-vida\/sentir-bien\/wp-content\/uploads\/sites\/7\/2016\/11\/personas-nocturnas-inteligentes.jpg","datePublished":"2016-11-02T08:42:43+00:00","dateModified":"2016-11-02T14:31:24+00:00","author":{"@id":"https:\/\/www.euroresidentes.com\/estilo-de-vida\/sentir-bien\/#\/schema\/person\/76d37e061b7949bad6c3f7fa5366bfcb"},"description":"Seg\u00fan las \u00faltimas investigaciones cient\u00edficas las personas nocturnas aprovechan mejor los momentos del d\u00eda y est\u00e1n menos estresados que la gente madrugadora","breadcrumb":{"@id":"https:\/\/www.euroresidentes.com\/estilo-de-vida\/sentir-bien\/personas-nocturnas-inteligentes-y-creativas\/#breadcrumb"},"inLanguage":"es","potentialAction":[{"@type":"ReadAction","target":["https:\/\/www.euroresidentes.com\/estilo-de-vida\/sentir-bien\/personas-nocturnas-inteligentes-y-creativas\/"]}]},{"@type":"ImageObject","inLanguage":"es","@id":"https:\/\/www.euroresidentes.com\/estilo-de-vida\/sentir-bien\/personas-nocturnas-inteligentes-y-creativas\/#primaryimage","url":"https:\/\/www.euroresidentes.com\/estilo-de-vida\/sentir-bien\/wp-content\/uploads\/sites\/7\/2016\/11\/personas-nocturnas-inteligentes.jpg","contentUrl":"https:\/\/www.euroresidentes.com\/estilo-de-vida\/sentir-bien\/wp-content\/uploads\/sites\/7\/2016\/11\/personas-nocturnas-inteligentes.jpg","width":700,"height":525,"caption":"personas nocturnas"},{"@type":"BreadcrumbList","@id":"https:\/\/www.euroresidentes.com\/estilo-de-vida\/sentir-bien\/personas-nocturnas-inteligentes-y-creativas\/#breadcrumb","itemListElement":[{"@type":"ListItem","position":1,"name":"Portada","item":"https:\/\/www.euroresidentes.com\/estilo-de-vida\/sentir-bien\/"},{"@type":"ListItem","position":2,"name":"Las personas que se acuestan tarde son m\u00e1s inteligentes y creativas"}]},{"@type":"WebSite","@id":"https:\/\/www.euroresidentes.com\/estilo-de-vida\/sentir-bien\/#website","url":"https:\/\/www.euroresidentes.com\/estilo-de-vida\/sentir-bien\/","name":"Sentir bien","description":"Consejos para sentirse bien y mejorar la autoestima","potentialAction":[{"@type":"SearchAction","target":{"@type":"EntryPoint","urlTemplate":"https:\/\/www.euroresidentes.com\/estilo-de-vida\/sentir-bien\/?s={search_term_string}"},"query-input":{"@type":"PropertyValueSpecification","valueRequired":true,"valueName":"search_term_string"}}],"inLanguage":"es"},{"@type":"Person","@id":"https:\/\/www.euroresidentes.com\/estilo-de-vida\/sentir-bien\/#\/schema\/person\/76d37e061b7949bad6c3f7fa5366bfcb","name":"Andrea M\u00e9ndez","image":{"@type":"ImageObject","inLanguage":"es","@id":"https:\/\/www.euroresidentes.com\/estilo-de-vida\/sentir-bien\/#\/schema\/person\/image\/","url":"https:\/\/www.euroresidentes.com\/estilo-de-vida\/sentir-bien\/wp-content\/uploads\/sites\/7\/2014\/05\/foto_autora_andrea.m-150x150.jpg","contentUrl":"https:\/\/www.euroresidentes.com\/estilo-de-vida\/sentir-bien\/wp-content\/uploads\/sites\/7\/2014\/05\/foto_autora_andrea.m-150x150.jpg","caption":"Andrea M\u00e9ndez"},"description":"Andrea M\u00e9ndezPsic\u00f3loga y autora de blogs orientados a la motivaci\u00f3n, el liderazgo y la superaci\u00f3n personal.","sameAs":["https:\/\/www.euroresidentes.com\/estilo-de-vida\/andrea-mendez.html","https:\/\/www.facebook.com\/andrea.mendezmolla?fref=ts"],"url":"https:\/\/www.euroresidentes.com\/estilo-de-vida\/sentir-bien\/author\/andreamendez\/"}]}},"_links":{"self":[{"href":"https:\/\/www.euroresidentes.com\/estilo-de-vida\/sentir-bien\/wp-json\/wp\/v2\/posts\/6247","targetHints":{"allow":["GET"]}}],"collection":[{"href":"https:\/\/www.euroresidentes.com\/estilo-de-vida\/sentir-bien\/wp-json\/wp\/v2\/posts"}],"about":[{"href":"https:\/\/www.euroresidentes.com\/estilo-de-vida\/sentir-bien\/wp-json\/wp\/v2\/types\/post"}],"author":[{"embeddable":true,"href":"https:\/\/www.euroresidentes.com\/estilo-de-vida\/sentir-bien\/wp-json\/wp\/v2\/users\/11"}],"replies":[{"embeddable":true,"href":"https:\/\/www.euroresidentes.com\/estilo-de-vida\/sentir-bien\/wp-json\/wp\/v2\/comments?post=6247"}],"version-history":[{"count":3,"href":"https:\/\/www.euroresidentes.com\/estilo-de-vida\/sentir-bien\/wp-json\/wp\/v2\/posts\/6247\/revisions"}],"predecessor-version":[{"id":6254,"href":"https:\/\/www.euroresidentes.com\/estilo-de-vida\/sentir-bien\/wp-json\/wp\/v2\/posts\/6247\/revisions\/6254"}],"wp:featuredmedia":[{"embeddable":true,"href":"https:\/\/www.euroresidentes.com\/estilo-de-vida\/sentir-bien\/wp-json\/wp\/v2\/media\/6250"}],"wp:attachment":[{"href":"https:\/\/www.euroresidentes.com\/estilo-de-vida\/sentir-bien\/wp-json\/wp\/v2\/media?parent=6247"}],"wp:term":[{"taxonomy":"category","embeddable":true,"href":"https:\/\/www.euroresidentes.com\/estilo-de-vida\/sentir-bien\/wp-json\/wp\/v2\/categories?post=6247"},{"taxonomy":"post_tag","embeddable":true,"href":"https:\/\/www.euroresidentes.com\/estilo-de-vida\/sentir-bien\/wp-json\/wp\/v2\/tags?post=6247"}],"curies":[{"name":"wp","href":"https:\/\/api.w.org\/{rel}","templated":true}]}}