{"id":427,"date":"2012-08-08T17:39:00","date_gmt":"2012-08-08T17:39:00","guid":{"rendered":"http:\/\/www.euroresidentes.com\/estilo-de-vida\/sentir-bien\/sentirse-pleno"},"modified":"2020-10-05T09:15:28","modified_gmt":"2020-10-05T07:15:28","slug":"sentirse-pleno","status":"publish","type":"post","link":"https:\/\/www.euroresidentes.com\/estilo-de-vida\/sentir-bien\/sentirse-pleno\/","title":{"rendered":"Sentirse Pleno"},"content":{"rendered":"<h4><b>Pasos para conseguir sentirse pleno y feliz con nuestra vida<\/b><br \/>\n<b><\/b><\/h4>\n<h3><strong>\u00bfQu\u00e9 es Sentirse Pleno?<\/strong><\/h3>\n<p>Sentirse Pleno puede tener tantos significados como d\u00edas un a\u00f1o. Y es que no para todas las personas sentirse pleno significa lo mismo. Para unos tiene que ver con el \u00e9xito social y econ\u00f3mico, para otros con el bienestar emocional o sentimental. Pero aun as\u00ed, no considero que esas personas se sientan plenas.<\/p>\n<p><a style=\"margin-left: 1em; margin-right: 1em;\" href=\"https:\/\/www.euroresidentes.com\/estilo-de-vida\/sentir-bien\/wp-content\/uploads\/sites\/7\/2012\/08\/sentirse-pleno.jpg\"><img decoding=\"async\" class=\"aligncenter\" src=\"https:\/\/www.euroresidentes.com\/estilo-de-vida\/sentir-bien\/wp-content\/uploads\/sites\/7\/2012\/08\/sentirse-pleno.jpg\" border=\"0\" \/><\/a><\/p>\n<h3><strong>\u00bfPor qu\u00e9 no puedo Sentirme Pleno?<\/strong><\/h3>\n<p>La sociedad nos hace creer que estando plenos de cosas y aspectos materiales, nos sentiremos plenos. \u00a1ERROR!<br \/>\nEl ser humano se forma en base a tres cuadrantes:<\/p>\n<ul>\n<li>el f\u00edsico<\/li>\n<li>el emocional<\/li>\n<li>el espiritual<\/li>\n<\/ul>\n<p>y es necesario la satisfacci\u00f3n de las necesidades f\u00edsicas, emocionales y espirituales para poder sentirnos plenos.<br \/>\nEs l\u00f3gico, un puzzle no puede acabarse si faltan piezas al igual que una persona no puede sentirse plena si no satisface sus necesidades f\u00edsicas, emocionales y espirituales.<\/p>\n<h3><b>\u00bfQu\u00e9 hacer para Sentirme Pleno?<\/b><\/h3>\n<p>Nunca es tarde para sentirte pleno. No importa cu\u00e1ntos a\u00f1os tengas o de d\u00f3nde provengas, s\u00f3lo quiero que seas consciente que es necesario los tres cuadrantes, el f\u00edsico, el emocional y el espiritual, para conseguir sentirte pleno.<\/p>\n<p><b>Indicaciones que te ayudar\u00e1n a Sentirte Pleno:<\/b><\/p>\n<ul>\n<li>con\u00f3cete a ti mismo. S\u00f3lo as\u00ed podr\u00e1s empezar a buscar tu plenitud<\/li>\n<li>preg\u00fantate qu\u00e9 es lo realmente importante para ti. As\u00ed aprender\u00e1s a conocer tus valores y lo que realmente te motiva a vivir<\/li>\n<li>convierte tus deseos en metas y alc\u00e1nzalas<\/li>\n<li>no olvides que un fallo no es un fracaso, sino una oportunidad para aprender sobre ti mismo y conocerte deja de lados aspectos materiales, pues \u00e9stos son ef\u00edmeros y s\u00f3lo te confundir\u00e1n<\/li>\n<li>se curioso y experimenta todo cuanto desees. Ello te ayudar\u00e1 en tu proceso de conocerte<\/li>\n<li>valora qu\u00e9 es lo que te hace sentir bien y trabaja en ello pero sobre todo&#8230;<\/li>\n<li>NUNCA te rindas.<\/li>\n<\/ul>\n<p><b>Recuerda:<\/b> El m\u00e9rito no est\u00e1 en el que nunca falla, sino en el que tiene fuerzas para volver a levantarse.<\/p>\n<p>\u00bfNecesitas <a href=\"https:\/\/www.euroresidentes.com\/estilo-de-vida\/sentir-bien\/pensar-cosas-agradables-positividad\">pensar cosas agradables<\/a> y no sabes c\u00f3mo?\u00bfTe sientes inferior al resto y no sabes por qu\u00e9? No dudes en compartir tus experiencias y cualquier duda que te surja acerca de Sentirse Pleno. S\u00f3lo tienes que dejar vuestro comentario, te escuchar\u00e9 y har\u00e9 todo cuanto est\u00e9 en mi mano para ayudarte.<\/p>\n<p><b>Temas relacionados con Sentirse Pleno :<\/b><\/p>\n<ul>\n<li><a href=\"https:\/\/www.euroresidentes.com\/estilo-de-vida\/sentir-bien\/sentirse-realizado\">Sentirse realizado<\/a><\/li>\n<li><a href=\"https:\/\/www.euroresidentes.com\/estilo-de-vida\/sentir-bien\/sentirse-capaz\">Sentirse capaz, el poder de creer que puedes lograrlo<\/a><\/li>\n<\/ul>\n","protected":false},"excerpt":{"rendered":"<p>Pasos para conseguir sentirse pleno y feliz con nuestra vida \u00bfQu\u00e9 es Sentirse Pleno? Sentirse Pleno puede tener tantos significados como d\u00edas un a\u00f1o. Y es que no para todas las personas sentirse pleno significa lo mismo. Para unos tiene que ver con el \u00e9xito social y econ\u00f3mico, para otros con el bienestar emocional o sentimental. Pero aun as\u00ed, no considero que esas personas se sientan plenas. \u00bfPor qu\u00e9 no puedo Sentirme Pleno? La sociedad nos hace creer que estando plenos de cosas y aspectos materiales, nos sentiremos plenos. \u00a1ERROR! El ser humano se forma en base a tres cuadrantes: <\/p>\n","protected":false},"author":11,"featured_media":823,"comment_status":"open","ping_status":"open","sticky":false,"template":"","format":"standard","meta":{"footnotes":""},"categories":[10],"tags":[],"class_list":["post-427","post","type-post","status-publish","format-standard","has-post-thumbnail","hentry","category-estado-de-animo","has_thumb"],"yoast_head":"<!-- This site is optimized with the Yoast SEO plugin v24.1 - https:\/\/yoast.com\/wordpress\/plugins\/seo\/ -->\n<title>Sentirse Pleno - Sentir bien<\/title>\n<meta name=\"robots\" content=\"index, follow, max-snippet:-1, max-image-preview:large, max-video-preview:-1\" \/>\n<link rel=\"canonical\" href=\"https:\/\/www.euroresidentes.com\/estilo-de-vida\/sentir-bien\/sentirse-pleno\/\" \/>\n<meta property=\"og:locale\" content=\"es_ES\" \/>\n<meta property=\"og:type\" content=\"article\" \/>\n<meta property=\"og:title\" content=\"Sentirse Pleno - Sentir bien\" \/>\n<meta property=\"og:description\" content=\"Pasos para conseguir sentirse pleno y feliz con nuestra vida \u00bfQu\u00e9 es Sentirse Pleno? Sentirse Pleno puede tener tantos significados como d\u00edas un a\u00f1o. Y es que no para todas las personas sentirse pleno significa lo mismo. Para unos tiene que ver con el \u00e9xito social y econ\u00f3mico, para otros con el bienestar emocional o sentimental. Pero aun as\u00ed, no considero que esas personas se sientan plenas. \u00bfPor qu\u00e9 no puedo Sentirme Pleno? La sociedad nos hace creer que estando plenos de cosas y aspectos materiales, nos sentiremos plenos. \u00a1ERROR! El ser humano se forma en base a tres cuadrantes:\" \/>\n<meta property=\"og:url\" content=\"https:\/\/www.euroresidentes.com\/estilo-de-vida\/sentir-bien\/sentirse-pleno\/\" \/>\n<meta property=\"og:site_name\" content=\"Sentir bien\" \/>\n<meta property=\"article:publisher\" content=\"https:\/\/www.facebook.com\/sentir.bien.euroresidentes\/\" \/>\n<meta property=\"article:author\" content=\"https:\/\/www.facebook.com\/andrea.mendezmolla?fref=ts\" \/>\n<meta property=\"article:published_time\" content=\"2012-08-08T17:39:00+00:00\" \/>\n<meta property=\"article:modified_time\" content=\"2020-10-05T07:15:28+00:00\" \/>\n<meta property=\"og:image\" content=\"https:\/\/www.euroresidentes.com\/estilo-de-vida\/sentir-bien\/wp-content\/uploads\/sites\/7\/2012\/08\/sentirse-pleno.jpg\" \/>\n\t<meta property=\"og:image:width\" content=\"600\" \/>\n\t<meta property=\"og:image:height\" content=\"450\" \/>\n\t<meta property=\"og:image:type\" content=\"image\/jpeg\" \/>\n<meta name=\"author\" content=\"Andrea M\u00e9ndez\" \/>\n<meta name=\"twitter:card\" content=\"summary_large_image\" \/>\n<meta name=\"twitter:creator\" content=\"@sentirbien\" \/>\n<meta name=\"twitter:site\" content=\"@sentirbien\" \/>\n<meta name=\"twitter:label1\" content=\"Written by\" \/>\n\t<meta name=\"twitter:data1\" content=\"Andrea M\u00e9ndez\" \/>\n\t<meta name=\"twitter:label2\" content=\"Est. reading time\" \/>\n\t<meta name=\"twitter:data2\" content=\"2 minutos\" \/>\n<script type=\"application\/ld+json\" class=\"yoast-schema-graph\">{\"@context\":\"https:\/\/schema.org\",\"@graph\":[{\"@type\":\"WebPage\",\"@id\":\"https:\/\/www.euroresidentes.com\/estilo-de-vida\/sentir-bien\/sentirse-pleno\/\",\"url\":\"https:\/\/www.euroresidentes.com\/estilo-de-vida\/sentir-bien\/sentirse-pleno\/\",\"name\":\"Sentirse Pleno - Sentir bien\",\"isPartOf\":{\"@id\":\"https:\/\/www.euroresidentes.com\/estilo-de-vida\/sentir-bien\/#website\"},\"primaryImageOfPage\":{\"@id\":\"https:\/\/www.euroresidentes.com\/estilo-de-vida\/sentir-bien\/sentirse-pleno\/#primaryimage\"},\"image\":{\"@id\":\"https:\/\/www.euroresidentes.com\/estilo-de-vida\/sentir-bien\/sentirse-pleno\/#primaryimage\"},\"thumbnailUrl\":\"https:\/\/www.euroresidentes.com\/estilo-de-vida\/sentir-bien\/wp-content\/uploads\/sites\/7\/2012\/08\/sentirse-pleno.jpg\",\"datePublished\":\"2012-08-08T17:39:00+00:00\",\"dateModified\":\"2020-10-05T07:15:28+00:00\",\"author\":{\"@id\":\"https:\/\/www.euroresidentes.com\/estilo-de-vida\/sentir-bien\/#\/schema\/person\/76d37e061b7949bad6c3f7fa5366bfcb\"},\"breadcrumb\":{\"@id\":\"https:\/\/www.euroresidentes.com\/estilo-de-vida\/sentir-bien\/sentirse-pleno\/#breadcrumb\"},\"inLanguage\":\"es\",\"potentialAction\":[{\"@type\":\"ReadAction\",\"target\":[\"https:\/\/www.euroresidentes.com\/estilo-de-vida\/sentir-bien\/sentirse-pleno\/\"]}]},{\"@type\":\"ImageObject\",\"inLanguage\":\"es\",\"@id\":\"https:\/\/www.euroresidentes.com\/estilo-de-vida\/sentir-bien\/sentirse-pleno\/#primaryimage\",\"url\":\"https:\/\/www.euroresidentes.com\/estilo-de-vida\/sentir-bien\/wp-content\/uploads\/sites\/7\/2012\/08\/sentirse-pleno.jpg\",\"contentUrl\":\"https:\/\/www.euroresidentes.com\/estilo-de-vida\/sentir-bien\/wp-content\/uploads\/sites\/7\/2012\/08\/sentirse-pleno.jpg\",\"width\":600,\"height\":450},{\"@type\":\"BreadcrumbList\",\"@id\":\"https:\/\/www.euroresidentes.com\/estilo-de-vida\/sentir-bien\/sentirse-pleno\/#breadcrumb\",\"itemListElement\":[{\"@type\":\"ListItem\",\"position\":1,\"name\":\"Portada\",\"item\":\"https:\/\/www.euroresidentes.com\/estilo-de-vida\/sentir-bien\/\"},{\"@type\":\"ListItem\",\"position\":2,\"name\":\"Sentirse Pleno\"}]},{\"@type\":\"WebSite\",\"@id\":\"https:\/\/www.euroresidentes.com\/estilo-de-vida\/sentir-bien\/#website\",\"url\":\"https:\/\/www.euroresidentes.com\/estilo-de-vida\/sentir-bien\/\",\"name\":\"Sentir bien\",\"description\":\"Consejos para sentirse bien y mejorar la autoestima\",\"potentialAction\":[{\"@type\":\"SearchAction\",\"target\":{\"@type\":\"EntryPoint\",\"urlTemplate\":\"https:\/\/www.euroresidentes.com\/estilo-de-vida\/sentir-bien\/?s={search_term_string}\"},\"query-input\":{\"@type\":\"PropertyValueSpecification\",\"valueRequired\":true,\"valueName\":\"search_term_string\"}}],\"inLanguage\":\"es\"},{\"@type\":\"Person\",\"@id\":\"https:\/\/www.euroresidentes.com\/estilo-de-vida\/sentir-bien\/#\/schema\/person\/76d37e061b7949bad6c3f7fa5366bfcb\",\"name\":\"Andrea M\u00e9ndez\",\"image\":{\"@type\":\"ImageObject\",\"inLanguage\":\"es\",\"@id\":\"https:\/\/www.euroresidentes.com\/estilo-de-vida\/sentir-bien\/#\/schema\/person\/image\/\",\"url\":\"https:\/\/www.euroresidentes.com\/estilo-de-vida\/sentir-bien\/wp-content\/uploads\/sites\/7\/2014\/05\/foto_autora_andrea.m-150x150.jpg\",\"contentUrl\":\"https:\/\/www.euroresidentes.com\/estilo-de-vida\/sentir-bien\/wp-content\/uploads\/sites\/7\/2014\/05\/foto_autora_andrea.m-150x150.jpg\",\"caption\":\"Andrea M\u00e9ndez\"},\"description\":\"Andrea M\u00e9ndezPsic\u00f3loga y autora de blogs orientados a la motivaci\u00f3n, el liderazgo y la superaci\u00f3n personal.\",\"sameAs\":[\"https:\/\/www.euroresidentes.com\/estilo-de-vida\/andrea-mendez.html\",\"https:\/\/www.facebook.com\/andrea.mendezmolla?fref=ts\"],\"url\":\"https:\/\/www.euroresidentes.com\/estilo-de-vida\/sentir-bien\/author\/andreamendez\/\"}]}<\/script>\n<!-- \/ Yoast SEO plugin. -->","yoast_head_json":{"title":"Sentirse Pleno - Sentir bien","robots":{"index":"index","follow":"follow","max-snippet":"max-snippet:-1","max-image-preview":"max-image-preview:large","max-video-preview":"max-video-preview:-1"},"canonical":"https:\/\/www.euroresidentes.com\/estilo-de-vida\/sentir-bien\/sentirse-pleno\/","og_locale":"es_ES","og_type":"article","og_title":"Sentirse Pleno - Sentir bien","og_description":"Pasos para conseguir sentirse pleno y feliz con nuestra vida \u00bfQu\u00e9 es Sentirse Pleno? Sentirse Pleno puede tener tantos significados como d\u00edas un a\u00f1o. Y es que no para todas las personas sentirse pleno significa lo mismo. Para unos tiene que ver con el \u00e9xito social y econ\u00f3mico, para otros con el bienestar emocional o sentimental. Pero aun as\u00ed, no considero que esas personas se sientan plenas. \u00bfPor qu\u00e9 no puedo Sentirme Pleno? La sociedad nos hace creer que estando plenos de cosas y aspectos materiales, nos sentiremos plenos. \u00a1ERROR! El ser humano se forma en base a tres cuadrantes:","og_url":"https:\/\/www.euroresidentes.com\/estilo-de-vida\/sentir-bien\/sentirse-pleno\/","og_site_name":"Sentir bien","article_publisher":"https:\/\/www.facebook.com\/sentir.bien.euroresidentes\/","article_author":"https:\/\/www.facebook.com\/andrea.mendezmolla?fref=ts","article_published_time":"2012-08-08T17:39:00+00:00","article_modified_time":"2020-10-05T07:15:28+00:00","og_image":[{"width":600,"height":450,"url":"https:\/\/www.euroresidentes.com\/estilo-de-vida\/sentir-bien\/wp-content\/uploads\/sites\/7\/2012\/08\/sentirse-pleno.jpg","type":"image\/jpeg"}],"author":"Andrea M\u00e9ndez","twitter_card":"summary_large_image","twitter_creator":"@sentirbien","twitter_site":"@sentirbien","twitter_misc":{"Written by":"Andrea M\u00e9ndez","Est. reading time":"2 minutos"},"schema":{"@context":"https:\/\/schema.org","@graph":[{"@type":"WebPage","@id":"https:\/\/www.euroresidentes.com\/estilo-de-vida\/sentir-bien\/sentirse-pleno\/","url":"https:\/\/www.euroresidentes.com\/estilo-de-vida\/sentir-bien\/sentirse-pleno\/","name":"Sentirse Pleno - Sentir bien","isPartOf":{"@id":"https:\/\/www.euroresidentes.com\/estilo-de-vida\/sentir-bien\/#website"},"primaryImageOfPage":{"@id":"https:\/\/www.euroresidentes.com\/estilo-de-vida\/sentir-bien\/sentirse-pleno\/#primaryimage"},"image":{"@id":"https:\/\/www.euroresidentes.com\/estilo-de-vida\/sentir-bien\/sentirse-pleno\/#primaryimage"},"thumbnailUrl":"https:\/\/www.euroresidentes.com\/estilo-de-vida\/sentir-bien\/wp-content\/uploads\/sites\/7\/2012\/08\/sentirse-pleno.jpg","datePublished":"2012-08-08T17:39:00+00:00","dateModified":"2020-10-05T07:15:28+00:00","author":{"@id":"https:\/\/www.euroresidentes.com\/estilo-de-vida\/sentir-bien\/#\/schema\/person\/76d37e061b7949bad6c3f7fa5366bfcb"},"breadcrumb":{"@id":"https:\/\/www.euroresidentes.com\/estilo-de-vida\/sentir-bien\/sentirse-pleno\/#breadcrumb"},"inLanguage":"es","potentialAction":[{"@type":"ReadAction","target":["https:\/\/www.euroresidentes.com\/estilo-de-vida\/sentir-bien\/sentirse-pleno\/"]}]},{"@type":"ImageObject","inLanguage":"es","@id":"https:\/\/www.euroresidentes.com\/estilo-de-vida\/sentir-bien\/sentirse-pleno\/#primaryimage","url":"https:\/\/www.euroresidentes.com\/estilo-de-vida\/sentir-bien\/wp-content\/uploads\/sites\/7\/2012\/08\/sentirse-pleno.jpg","contentUrl":"https:\/\/www.euroresidentes.com\/estilo-de-vida\/sentir-bien\/wp-content\/uploads\/sites\/7\/2012\/08\/sentirse-pleno.jpg","width":600,"height":450},{"@type":"BreadcrumbList","@id":"https:\/\/www.euroresidentes.com\/estilo-de-vida\/sentir-bien\/sentirse-pleno\/#breadcrumb","itemListElement":[{"@type":"ListItem","position":1,"name":"Portada","item":"https:\/\/www.euroresidentes.com\/estilo-de-vida\/sentir-bien\/"},{"@type":"ListItem","position":2,"name":"Sentirse Pleno"}]},{"@type":"WebSite","@id":"https:\/\/www.euroresidentes.com\/estilo-de-vida\/sentir-bien\/#website","url":"https:\/\/www.euroresidentes.com\/estilo-de-vida\/sentir-bien\/","name":"Sentir bien","description":"Consejos para sentirse bien y mejorar la autoestima","potentialAction":[{"@type":"SearchAction","target":{"@type":"EntryPoint","urlTemplate":"https:\/\/www.euroresidentes.com\/estilo-de-vida\/sentir-bien\/?s={search_term_string}"},"query-input":{"@type":"PropertyValueSpecification","valueRequired":true,"valueName":"search_term_string"}}],"inLanguage":"es"},{"@type":"Person","@id":"https:\/\/www.euroresidentes.com\/estilo-de-vida\/sentir-bien\/#\/schema\/person\/76d37e061b7949bad6c3f7fa5366bfcb","name":"Andrea M\u00e9ndez","image":{"@type":"ImageObject","inLanguage":"es","@id":"https:\/\/www.euroresidentes.com\/estilo-de-vida\/sentir-bien\/#\/schema\/person\/image\/","url":"https:\/\/www.euroresidentes.com\/estilo-de-vida\/sentir-bien\/wp-content\/uploads\/sites\/7\/2014\/05\/foto_autora_andrea.m-150x150.jpg","contentUrl":"https:\/\/www.euroresidentes.com\/estilo-de-vida\/sentir-bien\/wp-content\/uploads\/sites\/7\/2014\/05\/foto_autora_andrea.m-150x150.jpg","caption":"Andrea M\u00e9ndez"},"description":"Andrea M\u00e9ndezPsic\u00f3loga y autora de blogs orientados a la motivaci\u00f3n, el liderazgo y la superaci\u00f3n personal.","sameAs":["https:\/\/www.euroresidentes.com\/estilo-de-vida\/andrea-mendez.html","https:\/\/www.facebook.com\/andrea.mendezmolla?fref=ts"],"url":"https:\/\/www.euroresidentes.com\/estilo-de-vida\/sentir-bien\/author\/andreamendez\/"}]}},"_links":{"self":[{"href":"https:\/\/www.euroresidentes.com\/estilo-de-vida\/sentir-bien\/wp-json\/wp\/v2\/posts\/427","targetHints":{"allow":["GET"]}}],"collection":[{"href":"https:\/\/www.euroresidentes.com\/estilo-de-vida\/sentir-bien\/wp-json\/wp\/v2\/posts"}],"about":[{"href":"https:\/\/www.euroresidentes.com\/estilo-de-vida\/sentir-bien\/wp-json\/wp\/v2\/types\/post"}],"author":[{"embeddable":true,"href":"https:\/\/www.euroresidentes.com\/estilo-de-vida\/sentir-bien\/wp-json\/wp\/v2\/users\/11"}],"replies":[{"embeddable":true,"href":"https:\/\/www.euroresidentes.com\/estilo-de-vida\/sentir-bien\/wp-json\/wp\/v2\/comments?post=427"}],"version-history":[{"count":5,"href":"https:\/\/www.euroresidentes.com\/estilo-de-vida\/sentir-bien\/wp-json\/wp\/v2\/posts\/427\/revisions"}],"predecessor-version":[{"id":7207,"href":"https:\/\/www.euroresidentes.com\/estilo-de-vida\/sentir-bien\/wp-json\/wp\/v2\/posts\/427\/revisions\/7207"}],"wp:featuredmedia":[{"embeddable":true,"href":"https:\/\/www.euroresidentes.com\/estilo-de-vida\/sentir-bien\/wp-json\/wp\/v2\/media\/823"}],"wp:attachment":[{"href":"https:\/\/www.euroresidentes.com\/estilo-de-vida\/sentir-bien\/wp-json\/wp\/v2\/media?parent=427"}],"wp:term":[{"taxonomy":"category","embeddable":true,"href":"https:\/\/www.euroresidentes.com\/estilo-de-vida\/sentir-bien\/wp-json\/wp\/v2\/categories?post=427"},{"taxonomy":"post_tag","embeddable":true,"href":"https:\/\/www.euroresidentes.com\/estilo-de-vida\/sentir-bien\/wp-json\/wp\/v2\/tags?post=427"}],"curies":[{"name":"wp","href":"https:\/\/api.w.org\/{rel}","templated":true}]}}