{"id":420,"date":"2012-08-27T20:09:00","date_gmt":"2012-08-27T20:09:00","guid":{"rendered":"http:\/\/www.euroresidentes.com\/estilo-de-vida\/sentir-bien\/sentirse-libre"},"modified":"2016-03-02T11:35:45","modified_gmt":"2016-03-02T11:35:45","slug":"sentirse-libre","status":"publish","type":"post","link":"https:\/\/www.euroresidentes.com\/estilo-de-vida\/sentir-bien\/sentirse-libre\/","title":{"rendered":"Sentirse Libre"},"content":{"rendered":"<div class=\"separator\" style=\"clear: both;text-align: center\">\n<a href=\"http:\/\/2.bp.blogspot.com\/-FY-eyGloXm8\/UCN13mQIrtI\/AAAAAAAAEGM\/tJk8XlzlSWw\/s1600\/animalito.jpg\" style=\"clear: right;float: right;margin-bottom: 1em;margin-left: 1em\"><img loading=\"lazy\" decoding=\"async\" border=\"0\" height=\"266\" src=\"https:\/\/www.euroresidentes.com\/estilo-de-vida\/sentir-bien\/wp-content\/uploads\/sites\/7\/2012\/08\/animalito.jpg\" width=\"400\" \/><\/a><\/div>\n<p>\u00ab<i>Puede que nos quiten la vida, pero jam\u00e1s nos quitar\u00e1n&#8230;\u00a1la libertad!<\/i>\u00ab, esta frase pronunciada por Mel Gibson en la pel\u00edcula Braveheart dio la vuelta al mundo y es que raz\u00f3n no le falta a estas palabras.<\/p>\n<p><b>\u00bfQu\u00e9 es la libertad?<\/b><br \/>\nLa libertad es una facultad natural que posee el ser humano para obrar de acuerdo con su conciencia y con su raz\u00f3n, por eso es libre: puede gobernar su vida y alcanzar su felicidad. Debe quedar claro que la libertad es una facultad natural del ser humano, esto significa que es una condici\u00f3n imprescindible para el desarrollo de su personalidad y el logro de su plenitud. Sin libertad el hombre dejar\u00eda de ser hombre<\/p>\n<p><b>\u00bfQu\u00e9 es Sentirse Libre?<\/b><br \/>\nQue no te enga\u00f1en, nadie ni nada deber\u00eda decidir qu\u00e9 significa sentirse libre para ti. Unos par\u00e1metros e ideales impuestos por la sociedad o por ciertas personas (o incluso por ti mismo) no te hacen sentir libre.&nbsp;<br \/>\nY es que sentirse libre es:&nbsp;<\/p>\n<ul>\n<li>saber que puedes obrar, o no obrar, de la manera en que quieras&nbsp;<\/li>\n<li>saber que eres libre de formarte un pensamiento propio que te permita alcanzar tu sentido y verdad saber que eres moralmente due\u00f1o de ti mismo&nbsp;<\/li>\n<li>saber que eres responsable de tu conciencia y comportamiento&nbsp;<\/li>\n<li>saber que eres libre de tus miedos, de tus preocupaciones, de tus obligaciones&nbsp;<\/li>\n<li>no sentirte culpable de pensar o actuar como quieres&nbsp;<\/li>\n<li>saber que puedes disfrutar de cada momento sin sentirte mal por ello&nbsp;<\/li>\n<\/ul>\n<p>\n<b>\u00bfQu\u00e9 hacer para Sentirse Libre?&nbsp;<\/b><br \/>\nTodos somos libres, sin embargo, es cierto que ciertas personas no se sienten libres.&nbsp;<br \/>\nPor ello:&nbsp;<\/p>\n<ul>\n<li>conoce qu\u00e9 te motiva a seguir adelante y trabaja en ello&nbsp;<\/li>\n<li>no tengas miedo de pensar o actuar a tu manera&nbsp;<\/li>\n<li>s\u00e9 t\u00fa mismo&nbsp;<\/li>\n<li>no te reprimas a mostrarte como eres&nbsp;<\/li>\n<li>no tengas miedo de experimentar y ser curioso&nbsp;<\/li>\n<li>aprende a gestionar tus preocupaciones y aprende a resolverlas&nbsp;<\/li>\n<li>no dejes que tus miedos te condicionen la vida&nbsp;<\/li>\n<\/ul>\n<p>\nPero sobre todo recuerda que tan solo t\u00fa eres due\u00f1o de decidir c\u00f3mo, d\u00f3nde,cu\u00e1ndo y por qu\u00e9 sentirse libre.&nbsp;<\/p>\n<p>En palabras del poeta Quinto Horacio: \u00ab<i>\u00bfQui\u00e9n es libre? El sabio que puede dominar sus pasiones, que no teme a la necesidad, a la muerte ni a las cadenas, que refrena firmemente sus apetitos y desprecia los honores del mundo, que conf\u00eda exclusivamente en s\u00ed mismo y que ha redondeado y pulido las aristas de su car\u00e1cter.\u00bb&nbsp;<\/i><\/p>\n<p>Si quieres compartir tu opini\u00f3n, experiencia,&#8230;\u00a1o lo que quieras! deja tu comentario. Aqu\u00ed ser\u00e1s atendido y ambos intentaremos encontrar una soluci\u00f3n a lo que te preocupa.&nbsp;<br \/>\nUn gran abrazo y un saludo.&nbsp;<br \/>\nHasta la pr\u00f3xima, Andrea.&nbsp;<\/p>\n<p><b>Temas relacionados con Sentirse Libre:&nbsp;<\/b><\/p>\n<ul>\n<li><a href=\"http:\/\/citas-celebres.euroresidentes.com\/2013\/08\/citas-celebres-de-malcolm-x.html\" target=\"_blank\">Citas c\u00e9lebres de Malcom X<\/a><\/li>\n<li><a href=\"http:\/\/sentir-bien.euroresidentes.com\/2012\/08\/pensar-cosas-agradables-positividad.html\" target=\"_blank\">Pensar cosas agradables. Positivdad<\/a><\/li>\n<li><a href=\"http:\/\/motivacion.euroresidentes.com\/2013\/12\/10-pensamientos-positivos-para-la-vida.html\" target=\"_blank\">10 pensamientos positivos para la&nbsp;vida<\/a><\/li>\n<li><a href=\"http:\/\/sentir-bien.euroresidentes.com\/2012\/10\/como-motivarse_20.html\" target=\"_blank\">C\u00f3mo motivarse<\/a><\/li>\n<\/ul>\n","protected":false},"excerpt":{"rendered":"<p>\u00abPuede que nos quiten la vida, pero jam\u00e1s nos quitar\u00e1n&#8230;\u00a1la libertad!\u00ab, esta frase pronunciada por Mel Gibson en la pel\u00edcula Braveheart dio la vuelta al mundo y es que raz\u00f3n no le falta a estas palabras. \u00bfQu\u00e9 es la libertad? La libertad es una facultad natural que posee el ser humano para obrar de acuerdo con su conciencia y con su raz\u00f3n, por eso es libre: puede gobernar su vida y alcanzar su felicidad. Debe quedar claro que la libertad es una facultad natural del ser humano, esto significa que es una condici\u00f3n imprescindible para el desarrollo de su personalidad <\/p>\n","protected":false},"author":11,"featured_media":806,"comment_status":"open","ping_status":"open","sticky":false,"template":"","format":"standard","meta":{"footnotes":""},"categories":[10],"tags":[],"class_list":["post-420","post","type-post","status-publish","format-standard","has-post-thumbnail","hentry","category-estado-de-animo","has_thumb"],"yoast_head":"<!-- This site is optimized with the Yoast SEO plugin v24.1 - https:\/\/yoast.com\/wordpress\/plugins\/seo\/ -->\n<title>Sentirse Libre - Sentir bien<\/title>\n<meta name=\"robots\" content=\"index, follow, max-snippet:-1, max-image-preview:large, max-video-preview:-1\" \/>\n<link rel=\"canonical\" href=\"https:\/\/www.euroresidentes.com\/estilo-de-vida\/sentir-bien\/sentirse-libre\/\" \/>\n<meta property=\"og:locale\" content=\"es_ES\" \/>\n<meta property=\"og:type\" content=\"article\" \/>\n<meta property=\"og:title\" content=\"Sentirse Libre - Sentir bien\" \/>\n<meta property=\"og:description\" content=\"\u00abPuede que nos quiten la vida, pero jam\u00e1s nos quitar\u00e1n&#8230;\u00a1la libertad!\u00ab, esta frase pronunciada por Mel Gibson en la pel\u00edcula Braveheart dio la vuelta al mundo y es que raz\u00f3n no le falta a estas palabras. \u00bfQu\u00e9 es la libertad? La libertad es una facultad natural que posee el ser humano para obrar de acuerdo con su conciencia y con su raz\u00f3n, por eso es libre: puede gobernar su vida y alcanzar su felicidad. Debe quedar claro que la libertad es una facultad natural del ser humano, esto significa que es una condici\u00f3n imprescindible para el desarrollo de su personalidad\" \/>\n<meta property=\"og:url\" content=\"https:\/\/www.euroresidentes.com\/estilo-de-vida\/sentir-bien\/sentirse-libre\/\" \/>\n<meta property=\"og:site_name\" content=\"Sentir bien\" \/>\n<meta property=\"article:publisher\" content=\"https:\/\/www.facebook.com\/sentir.bien.euroresidentes\/\" \/>\n<meta property=\"article:author\" content=\"https:\/\/www.facebook.com\/andrea.mendezmolla?fref=ts\" \/>\n<meta property=\"article:published_time\" content=\"2012-08-27T20:09:00+00:00\" \/>\n<meta property=\"article:modified_time\" content=\"2016-03-02T11:35:45+00:00\" \/>\n<meta property=\"og:image\" content=\"https:\/\/www.euroresidentes.com\/estilo-de-vida\/sentir-bien\/wp-content\/uploads\/sites\/7\/2012\/08\/animalito.jpg\" \/>\n\t<meta property=\"og:image:width\" content=\"400\" \/>\n\t<meta property=\"og:image:height\" content=\"266\" \/>\n\t<meta property=\"og:image:type\" content=\"image\/jpeg\" \/>\n<meta name=\"author\" content=\"Andrea M\u00e9ndez\" \/>\n<meta name=\"twitter:card\" content=\"summary_large_image\" \/>\n<meta name=\"twitter:creator\" content=\"@sentirbien\" \/>\n<meta name=\"twitter:site\" content=\"@sentirbien\" \/>\n<meta name=\"twitter:label1\" content=\"Written by\" \/>\n\t<meta name=\"twitter:data1\" content=\"Andrea M\u00e9ndez\" \/>\n\t<meta name=\"twitter:label2\" content=\"Est. reading time\" \/>\n\t<meta name=\"twitter:data2\" content=\"3 minutos\" \/>\n<script type=\"application\/ld+json\" class=\"yoast-schema-graph\">{\"@context\":\"https:\/\/schema.org\",\"@graph\":[{\"@type\":\"WebPage\",\"@id\":\"https:\/\/www.euroresidentes.com\/estilo-de-vida\/sentir-bien\/sentirse-libre\/\",\"url\":\"https:\/\/www.euroresidentes.com\/estilo-de-vida\/sentir-bien\/sentirse-libre\/\",\"name\":\"Sentirse Libre - Sentir bien\",\"isPartOf\":{\"@id\":\"https:\/\/www.euroresidentes.com\/estilo-de-vida\/sentir-bien\/#website\"},\"primaryImageOfPage\":{\"@id\":\"https:\/\/www.euroresidentes.com\/estilo-de-vida\/sentir-bien\/sentirse-libre\/#primaryimage\"},\"image\":{\"@id\":\"https:\/\/www.euroresidentes.com\/estilo-de-vida\/sentir-bien\/sentirse-libre\/#primaryimage\"},\"thumbnailUrl\":\"https:\/\/www.euroresidentes.com\/estilo-de-vida\/sentir-bien\/wp-content\/uploads\/sites\/7\/2012\/08\/animalito.jpg\",\"datePublished\":\"2012-08-27T20:09:00+00:00\",\"dateModified\":\"2016-03-02T11:35:45+00:00\",\"author\":{\"@id\":\"https:\/\/www.euroresidentes.com\/estilo-de-vida\/sentir-bien\/#\/schema\/person\/76d37e061b7949bad6c3f7fa5366bfcb\"},\"breadcrumb\":{\"@id\":\"https:\/\/www.euroresidentes.com\/estilo-de-vida\/sentir-bien\/sentirse-libre\/#breadcrumb\"},\"inLanguage\":\"es\",\"potentialAction\":[{\"@type\":\"ReadAction\",\"target\":[\"https:\/\/www.euroresidentes.com\/estilo-de-vida\/sentir-bien\/sentirse-libre\/\"]}]},{\"@type\":\"ImageObject\",\"inLanguage\":\"es\",\"@id\":\"https:\/\/www.euroresidentes.com\/estilo-de-vida\/sentir-bien\/sentirse-libre\/#primaryimage\",\"url\":\"https:\/\/www.euroresidentes.com\/estilo-de-vida\/sentir-bien\/wp-content\/uploads\/sites\/7\/2012\/08\/animalito.jpg\",\"contentUrl\":\"https:\/\/www.euroresidentes.com\/estilo-de-vida\/sentir-bien\/wp-content\/uploads\/sites\/7\/2012\/08\/animalito.jpg\",\"width\":400,\"height\":266},{\"@type\":\"BreadcrumbList\",\"@id\":\"https:\/\/www.euroresidentes.com\/estilo-de-vida\/sentir-bien\/sentirse-libre\/#breadcrumb\",\"itemListElement\":[{\"@type\":\"ListItem\",\"position\":1,\"name\":\"Portada\",\"item\":\"https:\/\/www.euroresidentes.com\/estilo-de-vida\/sentir-bien\/\"},{\"@type\":\"ListItem\",\"position\":2,\"name\":\"Sentirse Libre\"}]},{\"@type\":\"WebSite\",\"@id\":\"https:\/\/www.euroresidentes.com\/estilo-de-vida\/sentir-bien\/#website\",\"url\":\"https:\/\/www.euroresidentes.com\/estilo-de-vida\/sentir-bien\/\",\"name\":\"Sentir bien\",\"description\":\"Consejos para sentirse bien y mejorar la autoestima\",\"potentialAction\":[{\"@type\":\"SearchAction\",\"target\":{\"@type\":\"EntryPoint\",\"urlTemplate\":\"https:\/\/www.euroresidentes.com\/estilo-de-vida\/sentir-bien\/?s={search_term_string}\"},\"query-input\":{\"@type\":\"PropertyValueSpecification\",\"valueRequired\":true,\"valueName\":\"search_term_string\"}}],\"inLanguage\":\"es\"},{\"@type\":\"Person\",\"@id\":\"https:\/\/www.euroresidentes.com\/estilo-de-vida\/sentir-bien\/#\/schema\/person\/76d37e061b7949bad6c3f7fa5366bfcb\",\"name\":\"Andrea M\u00e9ndez\",\"image\":{\"@type\":\"ImageObject\",\"inLanguage\":\"es\",\"@id\":\"https:\/\/www.euroresidentes.com\/estilo-de-vida\/sentir-bien\/#\/schema\/person\/image\/\",\"url\":\"https:\/\/www.euroresidentes.com\/estilo-de-vida\/sentir-bien\/wp-content\/uploads\/sites\/7\/2014\/05\/foto_autora_andrea.m-150x150.jpg\",\"contentUrl\":\"https:\/\/www.euroresidentes.com\/estilo-de-vida\/sentir-bien\/wp-content\/uploads\/sites\/7\/2014\/05\/foto_autora_andrea.m-150x150.jpg\",\"caption\":\"Andrea M\u00e9ndez\"},\"description\":\"Andrea M\u00e9ndezPsic\u00f3loga y autora de blogs orientados a la motivaci\u00f3n, el liderazgo y la superaci\u00f3n personal.\",\"sameAs\":[\"https:\/\/www.euroresidentes.com\/estilo-de-vida\/andrea-mendez.html\",\"https:\/\/www.facebook.com\/andrea.mendezmolla?fref=ts\"],\"url\":\"https:\/\/www.euroresidentes.com\/estilo-de-vida\/sentir-bien\/author\/andreamendez\/\"}]}<\/script>\n<!-- \/ Yoast SEO plugin. -->","yoast_head_json":{"title":"Sentirse Libre - Sentir bien","robots":{"index":"index","follow":"follow","max-snippet":"max-snippet:-1","max-image-preview":"max-image-preview:large","max-video-preview":"max-video-preview:-1"},"canonical":"https:\/\/www.euroresidentes.com\/estilo-de-vida\/sentir-bien\/sentirse-libre\/","og_locale":"es_ES","og_type":"article","og_title":"Sentirse Libre - Sentir bien","og_description":"\u00abPuede que nos quiten la vida, pero jam\u00e1s nos quitar\u00e1n&#8230;\u00a1la libertad!\u00ab, esta frase pronunciada por Mel Gibson en la pel\u00edcula Braveheart dio la vuelta al mundo y es que raz\u00f3n no le falta a estas palabras. \u00bfQu\u00e9 es la libertad? La libertad es una facultad natural que posee el ser humano para obrar de acuerdo con su conciencia y con su raz\u00f3n, por eso es libre: puede gobernar su vida y alcanzar su felicidad. Debe quedar claro que la libertad es una facultad natural del ser humano, esto significa que es una condici\u00f3n imprescindible para el desarrollo de su personalidad","og_url":"https:\/\/www.euroresidentes.com\/estilo-de-vida\/sentir-bien\/sentirse-libre\/","og_site_name":"Sentir bien","article_publisher":"https:\/\/www.facebook.com\/sentir.bien.euroresidentes\/","article_author":"https:\/\/www.facebook.com\/andrea.mendezmolla?fref=ts","article_published_time":"2012-08-27T20:09:00+00:00","article_modified_time":"2016-03-02T11:35:45+00:00","og_image":[{"width":400,"height":266,"url":"https:\/\/www.euroresidentes.com\/estilo-de-vida\/sentir-bien\/wp-content\/uploads\/sites\/7\/2012\/08\/animalito.jpg","type":"image\/jpeg"}],"author":"Andrea M\u00e9ndez","twitter_card":"summary_large_image","twitter_creator":"@sentirbien","twitter_site":"@sentirbien","twitter_misc":{"Written by":"Andrea M\u00e9ndez","Est. reading time":"3 minutos"},"schema":{"@context":"https:\/\/schema.org","@graph":[{"@type":"WebPage","@id":"https:\/\/www.euroresidentes.com\/estilo-de-vida\/sentir-bien\/sentirse-libre\/","url":"https:\/\/www.euroresidentes.com\/estilo-de-vida\/sentir-bien\/sentirse-libre\/","name":"Sentirse Libre - Sentir bien","isPartOf":{"@id":"https:\/\/www.euroresidentes.com\/estilo-de-vida\/sentir-bien\/#website"},"primaryImageOfPage":{"@id":"https:\/\/www.euroresidentes.com\/estilo-de-vida\/sentir-bien\/sentirse-libre\/#primaryimage"},"image":{"@id":"https:\/\/www.euroresidentes.com\/estilo-de-vida\/sentir-bien\/sentirse-libre\/#primaryimage"},"thumbnailUrl":"https:\/\/www.euroresidentes.com\/estilo-de-vida\/sentir-bien\/wp-content\/uploads\/sites\/7\/2012\/08\/animalito.jpg","datePublished":"2012-08-27T20:09:00+00:00","dateModified":"2016-03-02T11:35:45+00:00","author":{"@id":"https:\/\/www.euroresidentes.com\/estilo-de-vida\/sentir-bien\/#\/schema\/person\/76d37e061b7949bad6c3f7fa5366bfcb"},"breadcrumb":{"@id":"https:\/\/www.euroresidentes.com\/estilo-de-vida\/sentir-bien\/sentirse-libre\/#breadcrumb"},"inLanguage":"es","potentialAction":[{"@type":"ReadAction","target":["https:\/\/www.euroresidentes.com\/estilo-de-vida\/sentir-bien\/sentirse-libre\/"]}]},{"@type":"ImageObject","inLanguage":"es","@id":"https:\/\/www.euroresidentes.com\/estilo-de-vida\/sentir-bien\/sentirse-libre\/#primaryimage","url":"https:\/\/www.euroresidentes.com\/estilo-de-vida\/sentir-bien\/wp-content\/uploads\/sites\/7\/2012\/08\/animalito.jpg","contentUrl":"https:\/\/www.euroresidentes.com\/estilo-de-vida\/sentir-bien\/wp-content\/uploads\/sites\/7\/2012\/08\/animalito.jpg","width":400,"height":266},{"@type":"BreadcrumbList","@id":"https:\/\/www.euroresidentes.com\/estilo-de-vida\/sentir-bien\/sentirse-libre\/#breadcrumb","itemListElement":[{"@type":"ListItem","position":1,"name":"Portada","item":"https:\/\/www.euroresidentes.com\/estilo-de-vida\/sentir-bien\/"},{"@type":"ListItem","position":2,"name":"Sentirse Libre"}]},{"@type":"WebSite","@id":"https:\/\/www.euroresidentes.com\/estilo-de-vida\/sentir-bien\/#website","url":"https:\/\/www.euroresidentes.com\/estilo-de-vida\/sentir-bien\/","name":"Sentir bien","description":"Consejos para sentirse bien y mejorar la autoestima","potentialAction":[{"@type":"SearchAction","target":{"@type":"EntryPoint","urlTemplate":"https:\/\/www.euroresidentes.com\/estilo-de-vida\/sentir-bien\/?s={search_term_string}"},"query-input":{"@type":"PropertyValueSpecification","valueRequired":true,"valueName":"search_term_string"}}],"inLanguage":"es"},{"@type":"Person","@id":"https:\/\/www.euroresidentes.com\/estilo-de-vida\/sentir-bien\/#\/schema\/person\/76d37e061b7949bad6c3f7fa5366bfcb","name":"Andrea M\u00e9ndez","image":{"@type":"ImageObject","inLanguage":"es","@id":"https:\/\/www.euroresidentes.com\/estilo-de-vida\/sentir-bien\/#\/schema\/person\/image\/","url":"https:\/\/www.euroresidentes.com\/estilo-de-vida\/sentir-bien\/wp-content\/uploads\/sites\/7\/2014\/05\/foto_autora_andrea.m-150x150.jpg","contentUrl":"https:\/\/www.euroresidentes.com\/estilo-de-vida\/sentir-bien\/wp-content\/uploads\/sites\/7\/2014\/05\/foto_autora_andrea.m-150x150.jpg","caption":"Andrea M\u00e9ndez"},"description":"Andrea M\u00e9ndezPsic\u00f3loga y autora de blogs orientados a la motivaci\u00f3n, el liderazgo y la superaci\u00f3n personal.","sameAs":["https:\/\/www.euroresidentes.com\/estilo-de-vida\/andrea-mendez.html","https:\/\/www.facebook.com\/andrea.mendezmolla?fref=ts"],"url":"https:\/\/www.euroresidentes.com\/estilo-de-vida\/sentir-bien\/author\/andreamendez\/"}]}},"_links":{"self":[{"href":"https:\/\/www.euroresidentes.com\/estilo-de-vida\/sentir-bien\/wp-json\/wp\/v2\/posts\/420","targetHints":{"allow":["GET"]}}],"collection":[{"href":"https:\/\/www.euroresidentes.com\/estilo-de-vida\/sentir-bien\/wp-json\/wp\/v2\/posts"}],"about":[{"href":"https:\/\/www.euroresidentes.com\/estilo-de-vida\/sentir-bien\/wp-json\/wp\/v2\/types\/post"}],"author":[{"embeddable":true,"href":"https:\/\/www.euroresidentes.com\/estilo-de-vida\/sentir-bien\/wp-json\/wp\/v2\/users\/11"}],"replies":[{"embeddable":true,"href":"https:\/\/www.euroresidentes.com\/estilo-de-vida\/sentir-bien\/wp-json\/wp\/v2\/comments?post=420"}],"version-history":[{"count":2,"href":"https:\/\/www.euroresidentes.com\/estilo-de-vida\/sentir-bien\/wp-json\/wp\/v2\/posts\/420\/revisions"}],"predecessor-version":[{"id":5566,"href":"https:\/\/www.euroresidentes.com\/estilo-de-vida\/sentir-bien\/wp-json\/wp\/v2\/posts\/420\/revisions\/5566"}],"wp:featuredmedia":[{"embeddable":true,"href":"https:\/\/www.euroresidentes.com\/estilo-de-vida\/sentir-bien\/wp-json\/wp\/v2\/media\/806"}],"wp:attachment":[{"href":"https:\/\/www.euroresidentes.com\/estilo-de-vida\/sentir-bien\/wp-json\/wp\/v2\/media?parent=420"}],"wp:term":[{"taxonomy":"category","embeddable":true,"href":"https:\/\/www.euroresidentes.com\/estilo-de-vida\/sentir-bien\/wp-json\/wp\/v2\/categories?post=420"},{"taxonomy":"post_tag","embeddable":true,"href":"https:\/\/www.euroresidentes.com\/estilo-de-vida\/sentir-bien\/wp-json\/wp\/v2\/tags?post=420"}],"curies":[{"name":"wp","href":"https:\/\/api.w.org\/{rel}","templated":true}]}}