{"id":979,"date":"2016-07-01T13:32:27","date_gmt":"2016-07-01T11:32:27","guid":{"rendered":"http:\/\/www.euroresidentes.com\/estilo-de-vida\/moda-estilo\/?p=979"},"modified":"2016-07-28T16:06:55","modified_gmt":"2016-07-28T14:06:55","slug":"ideas-vestir-shorts-camiseta","status":"publish","type":"post","link":"https:\/\/www.euroresidentes.com\/estilo-de-vida\/moda-estilo\/ideas-vestir-shorts-camiseta\/","title":{"rendered":"11 Ideas para vestir shorts vaqueros + camiseta y no ser una aburrida"},"content":{"rendered":"<h3>Si piensas que combinar shorts vaqueros + una camiseta es algo tremendamente aburrido, es porque no hab\u00edas llegado a este post:<\/h3>\n<p><a href=\"https:\/\/www.euroresidentes.com\/estilo-de-vida\/moda-estilo\/wp-content\/uploads\/sites\/15\/2016\/07\/ideas-vestir-short-camiseta.jpg\"><img loading=\"lazy\" decoding=\"async\" class=\"aligncenter wp-image-998 size-full\" title=\"ideas-vestir-short-camiseta\" src=\"https:\/\/www.euroresidentes.com\/estilo-de-vida\/moda-estilo\/wp-content\/uploads\/sites\/15\/2016\/07\/ideas-vestir-short-camiseta.jpg\" alt=\"11 Ideas para vestir con shorts + camiseta y no aburrirte\" width=\"700\" height=\"525\" srcset=\"https:\/\/www.euroresidentes.com\/estilo-de-vida\/moda-estilo\/wp-content\/uploads\/sites\/15\/2016\/07\/ideas-vestir-short-camiseta.jpg 700w, https:\/\/www.euroresidentes.com\/estilo-de-vida\/moda-estilo\/wp-content\/uploads\/sites\/15\/2016\/07\/ideas-vestir-short-camiseta-300x225.jpg 300w\" sizes=\"auto, (max-width: 700px) 100vw, 700px\" \/><\/a><\/p>\n<p>Con la llegada de las altas temperaturas no se nos ocurre una combinaci\u00f3n m\u00e1s c\u00f3moda, m\u00e1s simple y m\u00e1s perfecta que un short vaquero y una camiseta.<\/p>\n<p>Pero si optamos por esta pareja d\u00eda tras d\u00eda, puede que caigamos r\u00e1pidamente en el aburrimiento m\u00e1s absoluto.\u00a0<\/p>\n<p>As\u00ed que te voy a dar hasta 11 ideas para ir siempre parecida, pero no igual:<\/p>\n<h3>Shorts + camiseta con mensaje<\/h3>\n<div id=\"attachment_981\" style=\"width: 574px\" class=\"wp-caption aligncenter\"><a href=\"https:\/\/www.euroresidentes.com\/estilo-de-vida\/moda-estilo\/wp-content\/uploads\/sites\/15\/2016\/07\/ideas-shorts-camiseta-mensaje.jpg\"><img loading=\"lazy\" decoding=\"async\" aria-describedby=\"caption-attachment-981\" class=\"wp-image-981 size-full\" title=\"ideas-shorts-camiseta-mensaje\" src=\"https:\/\/www.euroresidentes.com\/estilo-de-vida\/moda-estilo\/wp-content\/uploads\/sites\/15\/2016\/07\/ideas-shorts-camiseta-mensaje.jpg\" alt=\"11 ideas para vestir shorts y camiseta y no aburrirte\" width=\"564\" height=\"788\" srcset=\"https:\/\/www.euroresidentes.com\/estilo-de-vida\/moda-estilo\/wp-content\/uploads\/sites\/15\/2016\/07\/ideas-shorts-camiseta-mensaje.jpg 564w, https:\/\/www.euroresidentes.com\/estilo-de-vida\/moda-estilo\/wp-content\/uploads\/sites\/15\/2016\/07\/ideas-shorts-camiseta-mensaje-215x300.jpg 215w\" sizes=\"auto, (max-width: 564px) 100vw, 564px\" \/><\/a><p id=\"caption-attachment-981\" class=\"wp-caption-text\">Visto: www.tessa-barto.blogspot.com<\/p><\/div>\n<h3>Shorts + camiseta +\u00a0sahariana<\/h3>\n<div id=\"attachment_980\" style=\"width: 574px\" class=\"wp-caption aligncenter\"><a href=\"https:\/\/www.euroresidentes.com\/estilo-de-vida\/moda-estilo\/wp-content\/uploads\/sites\/15\/2016\/06\/ideas-shorts-camiseta-camisa.jpg\"><img loading=\"lazy\" decoding=\"async\" aria-describedby=\"caption-attachment-980\" class=\"wp-image-980 size-full\" title=\"ideas-shorts-camiseta-camisa\" src=\"https:\/\/www.euroresidentes.com\/estilo-de-vida\/moda-estilo\/wp-content\/uploads\/sites\/15\/2016\/06\/ideas-shorts-camiseta-camisa.jpg\" alt=\"11 ideas para vestir shorts + camiseta y no ser aburrida\" width=\"564\" height=\"804\" srcset=\"https:\/\/www.euroresidentes.com\/estilo-de-vida\/moda-estilo\/wp-content\/uploads\/sites\/15\/2016\/06\/ideas-shorts-camiseta-camisa.jpg 564w, https:\/\/www.euroresidentes.com\/estilo-de-vida\/moda-estilo\/wp-content\/uploads\/sites\/15\/2016\/06\/ideas-shorts-camiseta-camisa-210x300.jpg 210w\" sizes=\"auto, (max-width: 564px) 100vw, 564px\" \/><\/a><p id=\"caption-attachment-980\" class=\"wp-caption-text\">Visto: www.sincerelyjules.com<\/p><\/div>\n<h3>Shorts + top corto +\u00a0complementos<\/h3>\n<div id=\"attachment_982\" style=\"width: 574px\" class=\"wp-caption aligncenter\"><a href=\"https:\/\/www.euroresidentes.com\/estilo-de-vida\/moda-estilo\/wp-content\/uploads\/sites\/15\/2016\/07\/ideas-shorts-camiseta-top-gorro.jpg\"><img loading=\"lazy\" decoding=\"async\" aria-describedby=\"caption-attachment-982\" class=\"wp-image-982 size-full\" title=\"ideas-shorts-camiseta-top-gorro\" src=\"https:\/\/www.euroresidentes.com\/estilo-de-vida\/moda-estilo\/wp-content\/uploads\/sites\/15\/2016\/07\/ideas-shorts-camiseta-top-gorro.jpg\" alt=\"11 ideas para vestir shorts + camiseta y no aburrirte\" width=\"564\" height=\"564\" srcset=\"https:\/\/www.euroresidentes.com\/estilo-de-vida\/moda-estilo\/wp-content\/uploads\/sites\/15\/2016\/07\/ideas-shorts-camiseta-top-gorro.jpg 564w, https:\/\/www.euroresidentes.com\/estilo-de-vida\/moda-estilo\/wp-content\/uploads\/sites\/15\/2016\/07\/ideas-shorts-camiseta-top-gorro-150x150.jpg 150w, https:\/\/www.euroresidentes.com\/estilo-de-vida\/moda-estilo\/wp-content\/uploads\/sites\/15\/2016\/07\/ideas-shorts-camiseta-top-gorro-300x300.jpg 300w, https:\/\/www.euroresidentes.com\/estilo-de-vida\/moda-estilo\/wp-content\/uploads\/sites\/15\/2016\/07\/ideas-shorts-camiseta-top-gorro-75x75.jpg 75w\" sizes=\"auto, (max-width: 564px) 100vw, 564px\" \/><\/a><p id=\"caption-attachment-982\" class=\"wp-caption-text\">Visto: Chiara Ferragni&#8217;s instagram<\/p><\/div>\n<h3>Shorts + camiseta de manga larga<\/h3>\n<div id=\"attachment_983\" style=\"width: 510px\" class=\"wp-caption aligncenter\"><a href=\"https:\/\/www.euroresidentes.com\/estilo-de-vida\/moda-estilo\/wp-content\/uploads\/sites\/15\/2016\/07\/ideas-vestir-shorts-camiseta-larga.jpg\"><img loading=\"lazy\" decoding=\"async\" aria-describedby=\"caption-attachment-983\" class=\"wp-image-983 size-full\" title=\"ideas-vestir-shorts-camiseta-larga\" src=\"https:\/\/www.euroresidentes.com\/estilo-de-vida\/moda-estilo\/wp-content\/uploads\/sites\/15\/2016\/07\/ideas-vestir-shorts-camiseta-larga.jpg\" alt=\"11 Ideas para vestir shorts + camiseta y no aburrirte\" width=\"500\" height=\"750\" srcset=\"https:\/\/www.euroresidentes.com\/estilo-de-vida\/moda-estilo\/wp-content\/uploads\/sites\/15\/2016\/07\/ideas-vestir-shorts-camiseta-larga.jpg 500w, https:\/\/www.euroresidentes.com\/estilo-de-vida\/moda-estilo\/wp-content\/uploads\/sites\/15\/2016\/07\/ideas-vestir-shorts-camiseta-larga-200x300.jpg 200w\" sizes=\"auto, (max-width: 500px) 100vw, 500px\" \/><\/a><p id=\"caption-attachment-983\" class=\"wp-caption-text\">Visto: www.sayeeun.tumblr.com<\/p><\/div>\n<h3>Shorts + blusa de seda + zapatos\u00a0vistosos<\/h3>\n<div id=\"attachment_986\" style=\"width: 574px\" class=\"wp-caption aligncenter\"><img loading=\"lazy\" decoding=\"async\" aria-describedby=\"caption-attachment-986\" class=\"wp-image-986 size-full\" title=\"ideas-vestir-shorts-blusa\" src=\"https:\/\/www.euroresidentes.com\/estilo-de-vida\/moda-estilo\/wp-content\/uploads\/sites\/15\/2016\/07\/ideas-vestir-shorts-blusa.jpg\" alt=\"11 Ideas para vestir shorts + camiseta y no aburrirte\" width=\"564\" height=\"751\" srcset=\"https:\/\/www.euroresidentes.com\/estilo-de-vida\/moda-estilo\/wp-content\/uploads\/sites\/15\/2016\/07\/ideas-vestir-shorts-blusa.jpg 564w, https:\/\/www.euroresidentes.com\/estilo-de-vida\/moda-estilo\/wp-content\/uploads\/sites\/15\/2016\/07\/ideas-vestir-shorts-blusa-225x300.jpg 225w\" sizes=\"auto, (max-width: 564px) 100vw, 564px\" \/><p id=\"caption-attachment-986\" class=\"wp-caption-text\">www.amlul.com<\/p><\/div>\n<h3>Shorts + top + bomber<\/h3>\n<div id=\"attachment_984\" style=\"width: 574px\" class=\"wp-caption aligncenter\"><a href=\"https:\/\/www.euroresidentes.com\/estilo-de-vida\/moda-estilo\/wp-content\/uploads\/sites\/15\/2016\/07\/ideas-vestir-short-camiseta-bomber.jpg\"><img loading=\"lazy\" decoding=\"async\" aria-describedby=\"caption-attachment-984\" class=\"wp-image-984 size-full\" title=\"ideas-vestir-short-camiseta-bomber\" src=\"https:\/\/www.euroresidentes.com\/estilo-de-vida\/moda-estilo\/wp-content\/uploads\/sites\/15\/2016\/07\/ideas-vestir-short-camiseta-bomber.jpg\" alt=\"11 ideas para vestir shorts + camiseta y no aburrirte\" width=\"564\" height=\"846\" srcset=\"https:\/\/www.euroresidentes.com\/estilo-de-vida\/moda-estilo\/wp-content\/uploads\/sites\/15\/2016\/07\/ideas-vestir-short-camiseta-bomber.jpg 564w, https:\/\/www.euroresidentes.com\/estilo-de-vida\/moda-estilo\/wp-content\/uploads\/sites\/15\/2016\/07\/ideas-vestir-short-camiseta-bomber-200x300.jpg 200w\" sizes=\"auto, (max-width: 564px) 100vw, 564px\" \/><\/a><p id=\"caption-attachment-984\" class=\"wp-caption-text\">Visto: pinterest<\/p><\/div>\n<h3>Shorts + camiseta b\u00e1sica<\/h3>\n<div id=\"attachment_990\" style=\"width: 574px\" class=\"wp-caption aligncenter\"><a href=\"https:\/\/www.euroresidentes.com\/estilo-de-vida\/moda-estilo\/wp-content\/uploads\/sites\/15\/2016\/07\/ideas-vestir-shorts-camiseta-basica.jpg\"><img loading=\"lazy\" decoding=\"async\" aria-describedby=\"caption-attachment-990\" class=\"wp-image-990 size-full\" title=\"ideas-vestir-shorts-camiseta-basica\" src=\"https:\/\/www.euroresidentes.com\/estilo-de-vida\/moda-estilo\/wp-content\/uploads\/sites\/15\/2016\/07\/ideas-vestir-shorts-camiseta-basica.jpg\" alt=\"11 Ideas para vestir shorts + camiseta y no aburrirte\" width=\"564\" height=\"846\" srcset=\"https:\/\/www.euroresidentes.com\/estilo-de-vida\/moda-estilo\/wp-content\/uploads\/sites\/15\/2016\/07\/ideas-vestir-shorts-camiseta-basica.jpg 564w, https:\/\/www.euroresidentes.com\/estilo-de-vida\/moda-estilo\/wp-content\/uploads\/sites\/15\/2016\/07\/ideas-vestir-shorts-camiseta-basica-200x300.jpg 200w\" sizes=\"auto, (max-width: 564px) 100vw, 564px\" \/><\/a><p id=\"caption-attachment-990\" class=\"wp-caption-text\">Visto: www.shopstyle.com<\/p><\/div>\n<h3>Shorts + top + camisa larga<\/h3>\n<div id=\"attachment_988\" style=\"width: 574px\" class=\"wp-caption aligncenter\"><a href=\"https:\/\/www.euroresidentes.com\/estilo-de-vida\/moda-estilo\/wp-content\/uploads\/sites\/15\/2016\/07\/ideas-vestir-shorts-camiseta-camisa-larga.jpg\"><img loading=\"lazy\" decoding=\"async\" aria-describedby=\"caption-attachment-988\" class=\"wp-image-988 size-full\" title=\"ideas-vestir-shorts-camiseta-camisa-larga\" src=\"https:\/\/www.euroresidentes.com\/estilo-de-vida\/moda-estilo\/wp-content\/uploads\/sites\/15\/2016\/07\/ideas-vestir-shorts-camiseta-camisa-larga.jpg\" alt=\"11 Ideas para vestir shorts + camiseta y no aburrirte\" width=\"564\" height=\"846\" srcset=\"https:\/\/www.euroresidentes.com\/estilo-de-vida\/moda-estilo\/wp-content\/uploads\/sites\/15\/2016\/07\/ideas-vestir-shorts-camiseta-camisa-larga.jpg 564w, https:\/\/www.euroresidentes.com\/estilo-de-vida\/moda-estilo\/wp-content\/uploads\/sites\/15\/2016\/07\/ideas-vestir-shorts-camiseta-camisa-larga-200x300.jpg 200w\" sizes=\"auto, (max-width: 564px) 100vw, 564px\" \/><\/a><p id=\"caption-attachment-988\" class=\"wp-caption-text\">Visto: www.dulceida.com<\/p><\/div>\n<h3>Shorts + camiseta + chaqueta vaquera<\/h3>\n<div id=\"attachment_989\" style=\"width: 574px\" class=\"wp-caption aligncenter\"><a href=\"https:\/\/www.euroresidentes.com\/estilo-de-vida\/moda-estilo\/wp-content\/uploads\/sites\/15\/2016\/07\/ideas-vestir-shorts-camiseta-chaqueta-vaquera.jpg\"><img loading=\"lazy\" decoding=\"async\" aria-describedby=\"caption-attachment-989\" class=\"wp-image-989 size-full\" title=\"ideas-vestir-shorts-camiseta-chaqueta-vaquera\" src=\"https:\/\/www.euroresidentes.com\/estilo-de-vida\/moda-estilo\/wp-content\/uploads\/sites\/15\/2016\/07\/ideas-vestir-shorts-camiseta-chaqueta-vaquera.jpg\" alt=\"11 ideas para vestir shorts + camiseta y no aburrirte\" width=\"564\" height=\"846\" srcset=\"https:\/\/www.euroresidentes.com\/estilo-de-vida\/moda-estilo\/wp-content\/uploads\/sites\/15\/2016\/07\/ideas-vestir-shorts-camiseta-chaqueta-vaquera.jpg 564w, https:\/\/www.euroresidentes.com\/estilo-de-vida\/moda-estilo\/wp-content\/uploads\/sites\/15\/2016\/07\/ideas-vestir-shorts-camiseta-chaqueta-vaquera-200x300.jpg 200w\" sizes=\"auto, (max-width: 564px) 100vw, 564px\" \/><\/a><p id=\"caption-attachment-989\" class=\"wp-caption-text\">Visto: Man Repeller&#8217;s Instagram<\/p><\/div>\n<h3>Shorts + ba\u00f1ador o body<\/h3>\n<div id=\"attachment_993\" style=\"width: 574px\" class=\"wp-caption aligncenter\"><a href=\"https:\/\/www.euroresidentes.com\/estilo-de-vida\/moda-estilo\/wp-content\/uploads\/sites\/15\/2016\/07\/ideas-vestir-shorts-banador-body.jpg\"><img loading=\"lazy\" decoding=\"async\" aria-describedby=\"caption-attachment-993\" class=\"wp-image-993 size-full\" title=\"ideas-vestir-shorts-banador-body\" src=\"https:\/\/www.euroresidentes.com\/estilo-de-vida\/moda-estilo\/wp-content\/uploads\/sites\/15\/2016\/07\/ideas-vestir-shorts-banador-body.jpg\" alt=\"11 ideas para vestir con shorts + camiseta y no aburrirte\" width=\"564\" height=\"834\" srcset=\"https:\/\/www.euroresidentes.com\/estilo-de-vida\/moda-estilo\/wp-content\/uploads\/sites\/15\/2016\/07\/ideas-vestir-shorts-banador-body.jpg 564w, https:\/\/www.euroresidentes.com\/estilo-de-vida\/moda-estilo\/wp-content\/uploads\/sites\/15\/2016\/07\/ideas-vestir-shorts-banador-body-203x300.jpg 203w\" sizes=\"auto, (max-width: 564px) 100vw, 564px\" \/><\/a><p id=\"caption-attachment-993\" class=\"wp-caption-text\">Visto: www.slufoot.tumblr.com<\/p><\/div>\n<h3>Shorts + camiseta de tu grupo favorita + botas + americana larga<\/h3>\n<div id=\"attachment_995\" style=\"width: 574px\" class=\"wp-caption aligncenter\"><a href=\"https:\/\/www.euroresidentes.com\/estilo-de-vida\/moda-estilo\/wp-content\/uploads\/sites\/15\/2016\/07\/ideas-vestir-shorts-camiseta-grupo-botas.jpg\"><img loading=\"lazy\" decoding=\"async\" aria-describedby=\"caption-attachment-995\" class=\"wp-image-995 size-full\" title=\"ideas-vestir-shorts-camiseta-grupo-botas\" src=\"https:\/\/www.euroresidentes.com\/estilo-de-vida\/moda-estilo\/wp-content\/uploads\/sites\/15\/2016\/07\/ideas-vestir-shorts-camiseta-grupo-botas.jpg\" alt=\"11 Ideas para vestir shorts + camiseta y no aburrirte\" width=\"564\" height=\"846\" srcset=\"https:\/\/www.euroresidentes.com\/estilo-de-vida\/moda-estilo\/wp-content\/uploads\/sites\/15\/2016\/07\/ideas-vestir-shorts-camiseta-grupo-botas.jpg 564w, https:\/\/www.euroresidentes.com\/estilo-de-vida\/moda-estilo\/wp-content\/uploads\/sites\/15\/2016\/07\/ideas-vestir-shorts-camiseta-grupo-botas-200x300.jpg 200w\" sizes=\"auto, (max-width: 564px) 100vw, 564px\" \/><\/a><p id=\"caption-attachment-995\" class=\"wp-caption-text\">Visto: www.belshadid.tumbrl.com<\/p><\/div>\n<h3>\u00bfQu\u00e9 combinaci\u00f3n elegir\u00e1s hoy?<\/h3>\n","protected":false},"excerpt":{"rendered":"<p>Si piensas que combinar shorts vaqueros + una camiseta es algo tremendamente aburrido, es porque no hab\u00edas llegado a este post: Con la llegada de las altas temperaturas no se nos ocurre una combinaci\u00f3n m\u00e1s c\u00f3moda, m\u00e1s simple y m\u00e1s perfecta que un short vaquero y una camiseta. Pero si optamos por esta pareja d\u00eda tras d\u00eda, puede que caigamos r\u00e1pidamente en el aburrimiento m\u00e1s absoluto.\u00a0 As\u00ed que te voy a dar hasta 11 ideas para ir siempre parecida, pero no igual: Shorts + camiseta con mensaje Shorts + camiseta +\u00a0sahariana Shorts + top corto +\u00a0complementos Shorts + camiseta de <\/p>\n","protected":false},"author":16,"featured_media":998,"comment_status":"open","ping_status":"open","sticky":false,"template":"","format":"standard","meta":{"footnotes":""},"categories":[1],"tags":[],"class_list":["post-979","post","type-post","status-publish","format-standard","has-post-thumbnail","hentry","category-general","has_thumb"],"yoast_head":"<!-- This site is optimized with the Yoast SEO plugin v24.1 - https:\/\/yoast.com\/wordpress\/plugins\/seo\/ -->\n<title>11 Ideas para vestir shorts vaqueros + camiseta y no ser una aburrida - Moda y estilo<\/title>\n<meta name=\"description\" content=\"Vestir con shorts y camiseta no es sin\u00f3nimo de ser aburrida o poco estilosa. Las mejores combinaciones nacen de la forma m\u00e1s simple\" \/>\n<meta name=\"robots\" content=\"index, follow, max-snippet:-1, max-image-preview:large, max-video-preview:-1\" \/>\n<link rel=\"canonical\" href=\"https:\/\/www.euroresidentes.com\/estilo-de-vida\/moda-estilo\/ideas-vestir-shorts-camiseta\/\" \/>\n<meta property=\"og:locale\" content=\"es_ES\" \/>\n<meta property=\"og:type\" content=\"article\" \/>\n<meta property=\"og:title\" content=\"11 Ideas para vestir shorts vaqueros + camiseta y no ser una aburrida - Moda y estilo\" \/>\n<meta property=\"og:description\" content=\"Vestir con shorts y camiseta no es sin\u00f3nimo de ser aburrida o poco estilosa. Las mejores combinaciones nacen de la forma m\u00e1s simple\" \/>\n<meta property=\"og:url\" content=\"https:\/\/www.euroresidentes.com\/estilo-de-vida\/moda-estilo\/ideas-vestir-shorts-camiseta\/\" \/>\n<meta property=\"og:site_name\" content=\"Moda y estilo\" \/>\n<meta property=\"article:publisher\" content=\"https:\/\/www.facebook.com\/euroresidentes\/\" \/>\n<meta property=\"article:published_time\" content=\"2016-07-01T11:32:27+00:00\" \/>\n<meta property=\"article:modified_time\" content=\"2016-07-28T14:06:55+00:00\" \/>\n<meta property=\"og:image\" content=\"https:\/\/www.euroresidentes.com\/estilo-de-vida\/moda-estilo\/wp-content\/uploads\/sites\/15\/2016\/07\/ideas-vestir-short-camiseta.jpg\" \/>\n\t<meta property=\"og:image:width\" content=\"700\" \/>\n\t<meta property=\"og:image:height\" content=\"525\" \/>\n\t<meta property=\"og:image:type\" content=\"image\/jpeg\" \/>\n<meta name=\"author\" content=\"Carolina L\u00f3pez\" \/>\n<meta name=\"twitter:card\" content=\"summary_large_image\" \/>\n<meta name=\"twitter:label1\" content=\"Written by\" \/>\n\t<meta name=\"twitter:data1\" content=\"Carolina L\u00f3pez\" \/>\n\t<meta name=\"twitter:label2\" content=\"Est. reading time\" \/>\n\t<meta name=\"twitter:data2\" content=\"1 minuto\" \/>\n<script type=\"application\/ld+json\" class=\"yoast-schema-graph\">{\"@context\":\"https:\/\/schema.org\",\"@graph\":[{\"@type\":\"WebPage\",\"@id\":\"https:\/\/www.euroresidentes.com\/estilo-de-vida\/moda-estilo\/ideas-vestir-shorts-camiseta\/\",\"url\":\"https:\/\/www.euroresidentes.com\/estilo-de-vida\/moda-estilo\/ideas-vestir-shorts-camiseta\/\",\"name\":\"11 Ideas para vestir shorts vaqueros + camiseta y no ser una aburrida - Moda y estilo\",\"isPartOf\":{\"@id\":\"https:\/\/www.euroresidentes.com\/estilo-de-vida\/moda-estilo\/#website\"},\"primaryImageOfPage\":{\"@id\":\"https:\/\/www.euroresidentes.com\/estilo-de-vida\/moda-estilo\/ideas-vestir-shorts-camiseta\/#primaryimage\"},\"image\":{\"@id\":\"https:\/\/www.euroresidentes.com\/estilo-de-vida\/moda-estilo\/ideas-vestir-shorts-camiseta\/#primaryimage\"},\"thumbnailUrl\":\"https:\/\/www.euroresidentes.com\/estilo-de-vida\/moda-estilo\/wp-content\/uploads\/sites\/15\/2016\/07\/ideas-vestir-short-camiseta.jpg\",\"datePublished\":\"2016-07-01T11:32:27+00:00\",\"dateModified\":\"2016-07-28T14:06:55+00:00\",\"author\":{\"@id\":\"https:\/\/www.euroresidentes.com\/estilo-de-vida\/moda-estilo\/#\/schema\/person\/3ba1d505487bddff8a4458ad5dd3f887\"},\"description\":\"Vestir con shorts y camiseta no es sin\u00f3nimo de ser aburrida o poco estilosa. Las mejores combinaciones nacen de la forma m\u00e1s simple\",\"breadcrumb\":{\"@id\":\"https:\/\/www.euroresidentes.com\/estilo-de-vida\/moda-estilo\/ideas-vestir-shorts-camiseta\/#breadcrumb\"},\"inLanguage\":\"es\",\"potentialAction\":[{\"@type\":\"ReadAction\",\"target\":[\"https:\/\/www.euroresidentes.com\/estilo-de-vida\/moda-estilo\/ideas-vestir-shorts-camiseta\/\"]}]},{\"@type\":\"ImageObject\",\"inLanguage\":\"es\",\"@id\":\"https:\/\/www.euroresidentes.com\/estilo-de-vida\/moda-estilo\/ideas-vestir-shorts-camiseta\/#primaryimage\",\"url\":\"https:\/\/www.euroresidentes.com\/estilo-de-vida\/moda-estilo\/wp-content\/uploads\/sites\/15\/2016\/07\/ideas-vestir-short-camiseta.jpg\",\"contentUrl\":\"https:\/\/www.euroresidentes.com\/estilo-de-vida\/moda-estilo\/wp-content\/uploads\/sites\/15\/2016\/07\/ideas-vestir-short-camiseta.jpg\",\"width\":700,\"height\":525},{\"@type\":\"BreadcrumbList\",\"@id\":\"https:\/\/www.euroresidentes.com\/estilo-de-vida\/moda-estilo\/ideas-vestir-shorts-camiseta\/#breadcrumb\",\"itemListElement\":[{\"@type\":\"ListItem\",\"position\":1,\"name\":\"Portada\",\"item\":\"https:\/\/www.euroresidentes.com\/estilo-de-vida\/moda-estilo\/\"},{\"@type\":\"ListItem\",\"position\":2,\"name\":\"11 Ideas para vestir shorts vaqueros + camiseta y no ser una aburrida\"}]},{\"@type\":\"WebSite\",\"@id\":\"https:\/\/www.euroresidentes.com\/estilo-de-vida\/moda-estilo\/#website\",\"url\":\"https:\/\/www.euroresidentes.com\/estilo-de-vida\/moda-estilo\/\",\"name\":\"Moda y estilo\",\"description\":\"Tendencias de moda y belleza\",\"potentialAction\":[{\"@type\":\"SearchAction\",\"target\":{\"@type\":\"EntryPoint\",\"urlTemplate\":\"https:\/\/www.euroresidentes.com\/estilo-de-vida\/moda-estilo\/?s={search_term_string}\"},\"query-input\":{\"@type\":\"PropertyValueSpecification\",\"valueRequired\":true,\"valueName\":\"search_term_string\"}}],\"inLanguage\":\"es\"},{\"@type\":\"Person\",\"@id\":\"https:\/\/www.euroresidentes.com\/estilo-de-vida\/moda-estilo\/#\/schema\/person\/3ba1d505487bddff8a4458ad5dd3f887\",\"name\":\"Carolina L\u00f3pez\",\"image\":{\"@type\":\"ImageObject\",\"inLanguage\":\"es\",\"@id\":\"https:\/\/www.euroresidentes.com\/estilo-de-vida\/moda-estilo\/#\/schema\/person\/image\/\",\"url\":\"https:\/\/www.euroresidentes.com\/estilo-de-vida\/moda-estilo\/wp-content\/uploads\/sites\/15\/2016\/04\/12079094_10153243158757076_5246940149716144098_n-150x150.jpg\",\"contentUrl\":\"https:\/\/www.euroresidentes.com\/estilo-de-vida\/moda-estilo\/wp-content\/uploads\/sites\/15\/2016\/04\/12079094_10153243158757076_5246940149716144098_n-150x150.jpg\",\"caption\":\"Carolina L\u00f3pez\"},\"description\":\"Carolina L\u00f3pezLicenciada en Publicidad y RRPP\",\"sameAs\":[\"https:\/\/www.euroresidentes.com\/estilo-de-vida\/carolina-lopez.html\"],\"url\":\"https:\/\/www.euroresidentes.com\/estilo-de-vida\/moda-estilo\/author\/carolinalopez\/\"}]}<\/script>\n<!-- \/ Yoast SEO plugin. -->","yoast_head_json":{"title":"11 Ideas para vestir shorts vaqueros + camiseta y no ser una aburrida - Moda y estilo","description":"Vestir con shorts y camiseta no es sin\u00f3nimo de ser aburrida o poco estilosa. Las mejores combinaciones nacen de la forma m\u00e1s simple","robots":{"index":"index","follow":"follow","max-snippet":"max-snippet:-1","max-image-preview":"max-image-preview:large","max-video-preview":"max-video-preview:-1"},"canonical":"https:\/\/www.euroresidentes.com\/estilo-de-vida\/moda-estilo\/ideas-vestir-shorts-camiseta\/","og_locale":"es_ES","og_type":"article","og_title":"11 Ideas para vestir shorts vaqueros + camiseta y no ser una aburrida - Moda y estilo","og_description":"Vestir con shorts y camiseta no es sin\u00f3nimo de ser aburrida o poco estilosa. Las mejores combinaciones nacen de la forma m\u00e1s simple","og_url":"https:\/\/www.euroresidentes.com\/estilo-de-vida\/moda-estilo\/ideas-vestir-shorts-camiseta\/","og_site_name":"Moda y estilo","article_publisher":"https:\/\/www.facebook.com\/euroresidentes\/","article_published_time":"2016-07-01T11:32:27+00:00","article_modified_time":"2016-07-28T14:06:55+00:00","og_image":[{"width":700,"height":525,"url":"https:\/\/www.euroresidentes.com\/estilo-de-vida\/moda-estilo\/wp-content\/uploads\/sites\/15\/2016\/07\/ideas-vestir-short-camiseta.jpg","type":"image\/jpeg"}],"author":"Carolina L\u00f3pez","twitter_card":"summary_large_image","twitter_misc":{"Written by":"Carolina L\u00f3pez","Est. reading time":"1 minuto"},"schema":{"@context":"https:\/\/schema.org","@graph":[{"@type":"WebPage","@id":"https:\/\/www.euroresidentes.com\/estilo-de-vida\/moda-estilo\/ideas-vestir-shorts-camiseta\/","url":"https:\/\/www.euroresidentes.com\/estilo-de-vida\/moda-estilo\/ideas-vestir-shorts-camiseta\/","name":"11 Ideas para vestir shorts vaqueros + camiseta y no ser una aburrida - Moda y estilo","isPartOf":{"@id":"https:\/\/www.euroresidentes.com\/estilo-de-vida\/moda-estilo\/#website"},"primaryImageOfPage":{"@id":"https:\/\/www.euroresidentes.com\/estilo-de-vida\/moda-estilo\/ideas-vestir-shorts-camiseta\/#primaryimage"},"image":{"@id":"https:\/\/www.euroresidentes.com\/estilo-de-vida\/moda-estilo\/ideas-vestir-shorts-camiseta\/#primaryimage"},"thumbnailUrl":"https:\/\/www.euroresidentes.com\/estilo-de-vida\/moda-estilo\/wp-content\/uploads\/sites\/15\/2016\/07\/ideas-vestir-short-camiseta.jpg","datePublished":"2016-07-01T11:32:27+00:00","dateModified":"2016-07-28T14:06:55+00:00","author":{"@id":"https:\/\/www.euroresidentes.com\/estilo-de-vida\/moda-estilo\/#\/schema\/person\/3ba1d505487bddff8a4458ad5dd3f887"},"description":"Vestir con shorts y camiseta no es sin\u00f3nimo de ser aburrida o poco estilosa. Las mejores combinaciones nacen de la forma m\u00e1s simple","breadcrumb":{"@id":"https:\/\/www.euroresidentes.com\/estilo-de-vida\/moda-estilo\/ideas-vestir-shorts-camiseta\/#breadcrumb"},"inLanguage":"es","potentialAction":[{"@type":"ReadAction","target":["https:\/\/www.euroresidentes.com\/estilo-de-vida\/moda-estilo\/ideas-vestir-shorts-camiseta\/"]}]},{"@type":"ImageObject","inLanguage":"es","@id":"https:\/\/www.euroresidentes.com\/estilo-de-vida\/moda-estilo\/ideas-vestir-shorts-camiseta\/#primaryimage","url":"https:\/\/www.euroresidentes.com\/estilo-de-vida\/moda-estilo\/wp-content\/uploads\/sites\/15\/2016\/07\/ideas-vestir-short-camiseta.jpg","contentUrl":"https:\/\/www.euroresidentes.com\/estilo-de-vida\/moda-estilo\/wp-content\/uploads\/sites\/15\/2016\/07\/ideas-vestir-short-camiseta.jpg","width":700,"height":525},{"@type":"BreadcrumbList","@id":"https:\/\/www.euroresidentes.com\/estilo-de-vida\/moda-estilo\/ideas-vestir-shorts-camiseta\/#breadcrumb","itemListElement":[{"@type":"ListItem","position":1,"name":"Portada","item":"https:\/\/www.euroresidentes.com\/estilo-de-vida\/moda-estilo\/"},{"@type":"ListItem","position":2,"name":"11 Ideas para vestir shorts vaqueros + camiseta y no ser una aburrida"}]},{"@type":"WebSite","@id":"https:\/\/www.euroresidentes.com\/estilo-de-vida\/moda-estilo\/#website","url":"https:\/\/www.euroresidentes.com\/estilo-de-vida\/moda-estilo\/","name":"Moda y estilo","description":"Tendencias de moda y belleza","potentialAction":[{"@type":"SearchAction","target":{"@type":"EntryPoint","urlTemplate":"https:\/\/www.euroresidentes.com\/estilo-de-vida\/moda-estilo\/?s={search_term_string}"},"query-input":{"@type":"PropertyValueSpecification","valueRequired":true,"valueName":"search_term_string"}}],"inLanguage":"es"},{"@type":"Person","@id":"https:\/\/www.euroresidentes.com\/estilo-de-vida\/moda-estilo\/#\/schema\/person\/3ba1d505487bddff8a4458ad5dd3f887","name":"Carolina L\u00f3pez","image":{"@type":"ImageObject","inLanguage":"es","@id":"https:\/\/www.euroresidentes.com\/estilo-de-vida\/moda-estilo\/#\/schema\/person\/image\/","url":"https:\/\/www.euroresidentes.com\/estilo-de-vida\/moda-estilo\/wp-content\/uploads\/sites\/15\/2016\/04\/12079094_10153243158757076_5246940149716144098_n-150x150.jpg","contentUrl":"https:\/\/www.euroresidentes.com\/estilo-de-vida\/moda-estilo\/wp-content\/uploads\/sites\/15\/2016\/04\/12079094_10153243158757076_5246940149716144098_n-150x150.jpg","caption":"Carolina L\u00f3pez"},"description":"Carolina L\u00f3pezLicenciada en Publicidad y RRPP","sameAs":["https:\/\/www.euroresidentes.com\/estilo-de-vida\/carolina-lopez.html"],"url":"https:\/\/www.euroresidentes.com\/estilo-de-vida\/moda-estilo\/author\/carolinalopez\/"}]}},"_links":{"self":[{"href":"https:\/\/www.euroresidentes.com\/estilo-de-vida\/moda-estilo\/wp-json\/wp\/v2\/posts\/979","targetHints":{"allow":["GET"]}}],"collection":[{"href":"https:\/\/www.euroresidentes.com\/estilo-de-vida\/moda-estilo\/wp-json\/wp\/v2\/posts"}],"about":[{"href":"https:\/\/www.euroresidentes.com\/estilo-de-vida\/moda-estilo\/wp-json\/wp\/v2\/types\/post"}],"author":[{"embeddable":true,"href":"https:\/\/www.euroresidentes.com\/estilo-de-vida\/moda-estilo\/wp-json\/wp\/v2\/users\/16"}],"replies":[{"embeddable":true,"href":"https:\/\/www.euroresidentes.com\/estilo-de-vida\/moda-estilo\/wp-json\/wp\/v2\/comments?post=979"}],"version-history":[{"count":11,"href":"https:\/\/www.euroresidentes.com\/estilo-de-vida\/moda-estilo\/wp-json\/wp\/v2\/posts\/979\/revisions"}],"predecessor-version":[{"id":1003,"href":"https:\/\/www.euroresidentes.com\/estilo-de-vida\/moda-estilo\/wp-json\/wp\/v2\/posts\/979\/revisions\/1003"}],"wp:featuredmedia":[{"embeddable":true,"href":"https:\/\/www.euroresidentes.com\/estilo-de-vida\/moda-estilo\/wp-json\/wp\/v2\/media\/998"}],"wp:attachment":[{"href":"https:\/\/www.euroresidentes.com\/estilo-de-vida\/moda-estilo\/wp-json\/wp\/v2\/media?parent=979"}],"wp:term":[{"taxonomy":"category","embeddable":true,"href":"https:\/\/www.euroresidentes.com\/estilo-de-vida\/moda-estilo\/wp-json\/wp\/v2\/categories?post=979"},{"taxonomy":"post_tag","embeddable":true,"href":"https:\/\/www.euroresidentes.com\/estilo-de-vida\/moda-estilo\/wp-json\/wp\/v2\/tags?post=979"}],"curies":[{"name":"wp","href":"https:\/\/api.w.org\/{rel}","templated":true}]}}