{"id":860,"date":"2016-05-25T14:58:27","date_gmt":"2016-05-25T12:58:27","guid":{"rendered":"http:\/\/www.euroresidentes.com\/estilo-de-vida\/moda-estilo\/?p=860"},"modified":"2018-01-22T09:37:41","modified_gmt":"2018-01-22T08:37:41","slug":"quieres-tener-un-pelo-sano-evita-estas-9-cosas","status":"publish","type":"post","link":"https:\/\/www.euroresidentes.com\/estilo-de-vida\/moda-estilo\/quieres-tener-un-pelo-sano-evita-estas-9-cosas\/","title":{"rendered":"\u00bfQuieres tener un pelo sano? \u00a1Evita hacer estas 9 cosas antes de ir a dormir!"},"content":{"rendered":"<h4>Conseguir un cabello\u00a0brillante\u00a0y sedoso ser\u00e1 m\u00e1s sencillo si abandonas estas 9 costumbres\u00a0antes de meterte en la cama.<\/h4>\n<p>Mil veces habr\u00e9 escuchado a mi madre dici\u00e9ndome \u00absi llevas el pelo arreglado y bonito, no importa lo que lleves puesto, siempre te ver\u00e1s perfecta\u00bb (Claro, ella es peluquera).<\/p>\n<p>Y es que el pelo, es esa parte de nuestro cuerpo que puede hacernos (o destrozarnos) el look.\u00a0<\/p>\n<p>Por lo general, solemos pensar que el momento de arreglarnos el pelo es por la ma\u00f1ana, que es cuando vamos a hacer cosas, pero de nada sirve arreglar algo que no cuidamos con asiduidad.<br \/>\n<!-- inserta publi -->Por muchos parches que le pongas a un mueble roto, no dejar\u00e1 de ser un mueble roto, con parches.<\/p>\n<p><img loading=\"lazy\" decoding=\"async\" class=\"aligncenter wp-image-861 size-full\" title=\"quieres-un-pelo-sano-olvidate-euroresidentes\" src=\"https:\/\/www.euroresidentes.com\/estilo-de-vida\/moda-estilo\/wp-content\/uploads\/sites\/15\/2016\/05\/quieres-un-pelo-sano-olvidate-euroresidentes.jpg\" alt=\"Si quieres un pelo sano y brillante, olv\u00eddate de estos 9 h\u00e1bitos antes de dormir\" width=\"700\" height=\"525\" srcset=\"https:\/\/www.euroresidentes.com\/estilo-de-vida\/moda-estilo\/wp-content\/uploads\/sites\/15\/2016\/05\/quieres-un-pelo-sano-olvidate-euroresidentes.jpg 700w, https:\/\/www.euroresidentes.com\/estilo-de-vida\/moda-estilo\/wp-content\/uploads\/sites\/15\/2016\/05\/quieres-un-pelo-sano-olvidate-euroresidentes-300x225.jpg 300w\" sizes=\"auto, (max-width: 700px) 100vw, 700px\" \/><\/p>\n<p>Por eso te propongo que olvides estos 9 h\u00e1bitos, que casi todas tenemos, y que no hacen m\u00e1s que destrozar tu cabello:<\/p>\n<h3>Acostarte\u00a0con el pelo h\u00famedo<\/h3>\n<p>Cuando el pelo est\u00e1 mojado es mucho m\u00e1s el\u00e1stico y existe una mayor probabilidad de que se estire y se rompa. As\u00ed que si lavas\u00a0tu pelo por la noche, pero no te apetece utilizar un secador para quitar el agua, esp\u00e9rate a que se seque antes de meterte en la cama.<\/p>\n<h3>Hacer una coleta o recogido demasiado tirante<\/h3>\n<p><a href=\"https:\/\/www.euroresidentes.com\/estilo-de-vida\/moda-estilo\/wp-content\/uploads\/sites\/15\/2016\/05\/quieres-un-pelo-sano-olvidate-coleta-euroresidentes.jpg\"><img loading=\"lazy\" decoding=\"async\" class=\"aligncenter wp-image-862 size-full\" title=\"quieres-un-pelo-sano-olvidate-coleta-euroresidentes\" src=\"https:\/\/www.euroresidentes.com\/estilo-de-vida\/moda-estilo\/wp-content\/uploads\/sites\/15\/2016\/05\/quieres-un-pelo-sano-olvidate-coleta-euroresidentes.jpg\" alt=\"Hacer una coleta o recogido demasiado tirante para dormir, har\u00e1 que tu pelo se vea m\u00e1s pobre y con m\u00e1s entradas\" width=\"700\" height=\"525\" srcset=\"https:\/\/www.euroresidentes.com\/estilo-de-vida\/moda-estilo\/wp-content\/uploads\/sites\/15\/2016\/05\/quieres-un-pelo-sano-olvidate-coleta-euroresidentes.jpg 700w, https:\/\/www.euroresidentes.com\/estilo-de-vida\/moda-estilo\/wp-content\/uploads\/sites\/15\/2016\/05\/quieres-un-pelo-sano-olvidate-coleta-euroresidentes-300x225.jpg 300w\" sizes=\"auto, (max-width: 700px) 100vw, 700px\" \/><\/a><\/p>\n<p>Con esto, lo \u00fanico que conseguir\u00e1s es que tu l\u00ednea del pelo cada vez est\u00e9 m\u00e1s atr\u00e1s y despoblar la zona de las sienes y las patillas. Si te gusta recoger tu pelo antes de dormir, te recomiendo que te hagas un recogido suelto y c\u00f3modo.\u00a0<\/p>\n<h3>Utilizar utensilios de metal para sujetar el pelo<\/h3>\n<p>Tan malo como dejar tu pelo tirante, es sujetarlo con ganchos, horquillas o pinzas de metal, ya que \u00e9stas pueden desgarrar tu pelo a lo largo de la noche, debilit\u00e1ndolo y rompi\u00e9ndolo, adem\u00e1s que no son muy c\u00f3modas para dormir.<\/p>\n<h3>No lavarse el cabello\u00a0por la noche<\/h3>\n<p><a href=\"https:\/\/www.euroresidentes.com\/estilo-de-vida\/moda-estilo\/wp-content\/uploads\/sites\/15\/2016\/05\/quieres-un-pelo-sano-olvidate-lavado-euroresidentes.jpg\"><img loading=\"lazy\" decoding=\"async\" class=\"aligncenter wp-image-864 size-full\" title=\"quieres-un-pelo-sano-olvidate-lavado-euroresidentes\" src=\"https:\/\/www.euroresidentes.com\/estilo-de-vida\/moda-estilo\/wp-content\/uploads\/sites\/15\/2016\/05\/quieres-un-pelo-sano-olvidate-lavado-euroresidentes.jpg\" alt=\"Si tienes que lavarte el pelo, mejor elige la noche\" width=\"700\" height=\"525\" srcset=\"https:\/\/www.euroresidentes.com\/estilo-de-vida\/moda-estilo\/wp-content\/uploads\/sites\/15\/2016\/05\/quieres-un-pelo-sano-olvidate-lavado-euroresidentes.jpg 700w, https:\/\/www.euroresidentes.com\/estilo-de-vida\/moda-estilo\/wp-content\/uploads\/sites\/15\/2016\/05\/quieres-un-pelo-sano-olvidate-lavado-euroresidentes-300x225.jpg 300w\" sizes=\"auto, (max-width: 700px) 100vw, 700px\" \/><\/a><\/p>\n<p>Si bien es cierto que la ducha de la ma\u00f1ana nadie se la debe saltar, tambi\u00e9n es cierto que el mejor momento del d\u00eda para lavar el cabello es por la noche. Hazlo y d\u00e9jalo secar de forma natural, as\u00ed por la ma\u00f1ana no ser\u00e1 necesario utilizar\u00a0el secador.<\/p>\n<h3>No cepillarte el pelo lo suficiente<\/h3>\n<p>Hay quien aconseja cepillarse unas 100 veces al d\u00eda, nosotros no te pedimos tanto, si que es bueno lo hagas antes de acostarte. Cepilla tu cabello de la ra\u00edz a las puntas durante varios minutos. Esto ayudar\u00e1 a distribuir los aceites naturales del cuero cabelludo, por lo que te despertar\u00e1s con el pelo brillante y saludable. Te aconsejo que adquieras un buen cepillo, con cerdas naturales o la pala de madera.<\/p>\n<h3>Olvidarse del acondicionador (aceite o serum)<\/h3>\n<p><a href=\"https:\/\/www.euroresidentes.com\/estilo-de-vida\/moda-estilo\/wp-content\/uploads\/sites\/15\/2016\/05\/quieres-un-pelo-sano-olvidate-serum-euroresidentes.jpg\"><img loading=\"lazy\" decoding=\"async\" class=\"aligncenter wp-image-865 size-full\" title=\"quieres-un-pelo-sano-olvidate-serum-euroresidentes\" src=\"https:\/\/www.euroresidentes.com\/estilo-de-vida\/moda-estilo\/wp-content\/uploads\/sites\/15\/2016\/05\/quieres-un-pelo-sano-olvidate-serum-euroresidentes.jpg\" alt=\"El mejor momento para aplicar aceites y serum para el pelo es durante la noche\" width=\"700\" height=\"525\" srcset=\"https:\/\/www.euroresidentes.com\/estilo-de-vida\/moda-estilo\/wp-content\/uploads\/sites\/15\/2016\/05\/quieres-un-pelo-sano-olvidate-serum-euroresidentes.jpg 700w, https:\/\/www.euroresidentes.com\/estilo-de-vida\/moda-estilo\/wp-content\/uploads\/sites\/15\/2016\/05\/quieres-un-pelo-sano-olvidate-serum-euroresidentes-300x225.jpg 300w\" sizes=\"auto, (max-width: 700px) 100vw, 700px\" \/><\/a><\/p>\n<p>Aprovechando que vamos a estar mucho tiempo en casa\u00a0sin hacer nada m\u00e1s que descansar,\u00a0es momento de darle\u00a0mimos a tu cabello. Aplica aceite de arg\u00e1n, serum, acondicionador sin enjuague&#8230; hazte una trenza y olv\u00eddate de \u00e9l hasta que llegue la ma\u00f1ana. Te despertar\u00e1s con un pelo nutrido y brillante.\u00a0<\/p>\n<p><!-- inserta publi --><\/p>\n<h3>Descuidar tu cuero cabelludo<\/h3>\n<p>Un cuero cabelludo cuidado, es se\u00f1al de un pelo de calidad, pero a todas se nos olvida este paso. Te aconsejo que una vez a la semana, y por la noche, te apliques un peeling y hagas un masaje de unos 5 minutos en tus ra\u00edces, de esta forma estar\u00e1s eliminando pieles muertas, impurezas y, consecuentemente, estar\u00e1s oxigenando tu pelo.\u00a0<\/p>\n<h3>Dormir con cualquier funda de almohada<\/h3>\n<p><a href=\"https:\/\/www.euroresidentes.com\/estilo-de-vida\/moda-estilo\/wp-content\/uploads\/sites\/15\/2016\/05\/quieres-un-pelo-sano-olvidate-funda-euroresidentes.jpg\"><img loading=\"lazy\" decoding=\"async\" class=\"aligncenter wp-image-866 size-full\" title=\"quieres-un-pelo-sano-olvidate-funda-euroresidentes\" src=\"https:\/\/www.euroresidentes.com\/estilo-de-vida\/moda-estilo\/wp-content\/uploads\/sites\/15\/2016\/05\/quieres-un-pelo-sano-olvidate-funda-euroresidentes.jpg\" alt=\"Opta por una funda de almohada cuyo tejido sea seda o sat\u00e9n\" width=\"700\" height=\"525\" srcset=\"https:\/\/www.euroresidentes.com\/estilo-de-vida\/moda-estilo\/wp-content\/uploads\/sites\/15\/2016\/05\/quieres-un-pelo-sano-olvidate-funda-euroresidentes.jpg 700w, https:\/\/www.euroresidentes.com\/estilo-de-vida\/moda-estilo\/wp-content\/uploads\/sites\/15\/2016\/05\/quieres-un-pelo-sano-olvidate-funda-euroresidentes-300x225.jpg 300w\" sizes=\"auto, (max-width: 700px) 100vw, 700px\" \/><\/a><\/p>\n<p>Casi nadie se para a pensar en este punto, pero es muy importante, tanto para tu cabello, como para la piel de tu cara. Opta por las fundas de seda (o en su defecto un pa\u00f1uelo de seda que cubra tus funda), as\u00ed cuando te muevas y\u00a0o cambies de posici\u00f3n, tu pelo se deslizar\u00e1 con suavidad y no tendr\u00e1s ni un solo nudo cuando despiertes.\u00a0<\/p>\n<h3>\u00bfA qu\u00e9 nunca te haces el turbante o la toga para dormir?\u00a0<\/h3>\n<p>Si te gusta tener el cabello liso y recto, debes probar esta t\u00e9cnica (tan antigua como el comer). Comienza haciendo una l\u00ednea en la zona central de\u00a0la cabeza para dividir tu cabellos en dos. Con la ayuda del\u00a0cepillo comienza\u00a0la organizaci\u00f3n del pelo alrededor de la cabeza con grandes pinzas\u00a0(de pl\u00e1stico) y envu\u00e9lvelo todo con un pa\u00f1uelo de seda o sat\u00e9n. Lo perfecto es que cambies la direcci\u00f3n del turbante, pero no te vamos hacer poner la alarma a mitad de la noche para cambiarlo.\u00a0<\/p>\n<p>&nbsp;<\/p>\n<h4>\u00bfF\u00e1cil verdad?\u00a0<\/h4>\n<h4>Apuesto que ni siquiera te estabas dando cuenta que estas cosas estaban da\u00f1ando tu pelo. Pero ahora que si lo haces, puedes terminar con estos los malos h\u00e1bitos, y conseguir un pelo mucho m\u00e1s sano.<\/h4>\n","protected":false},"excerpt":{"rendered":"<p>Conseguir un cabello\u00a0brillante\u00a0y sedoso ser\u00e1 m\u00e1s sencillo si abandonas estas 9 costumbres\u00a0antes de meterte en la cama. Mil veces habr\u00e9 escuchado a mi madre dici\u00e9ndome \u00absi llevas el pelo arreglado y bonito, no importa lo que lleves puesto, siempre te ver\u00e1s perfecta\u00bb (Claro, ella es peluquera). Y es que el pelo, es esa parte de nuestro cuerpo que puede hacernos (o destrozarnos) el look.\u00a0 Por lo general, solemos pensar que el momento de arreglarnos el pelo es por la ma\u00f1ana, que es cuando vamos a hacer cosas, pero de nada sirve arreglar algo que no cuidamos con asiduidad. Por muchos <\/p>\n","protected":false},"author":16,"featured_media":866,"comment_status":"open","ping_status":"open","sticky":false,"template":"","format":"standard","meta":{"footnotes":""},"categories":[11,1],"tags":[15,14],"class_list":["post-860","post","type-post","status-publish","format-standard","has-post-thumbnail","hentry","category-cabello","category-general","tag-consejos-de-belleza","tag-tips","has_thumb"],"yoast_head":"<!-- This site is optimized with the Yoast SEO plugin v24.1 - https:\/\/yoast.com\/wordpress\/plugins\/seo\/ -->\n<title>\u00bfQuieres tener un pelo sano? \u00a1Evita hacer estas 9 cosas antes de ir a dormir! - Moda y estilo<\/title>\n<meta name=\"robots\" content=\"index, follow, max-snippet:-1, max-image-preview:large, max-video-preview:-1\" \/>\n<link rel=\"canonical\" href=\"https:\/\/www.euroresidentes.com\/estilo-de-vida\/moda-estilo\/quieres-tener-un-pelo-sano-evita-estas-9-cosas\/\" \/>\n<meta property=\"og:locale\" content=\"es_ES\" \/>\n<meta property=\"og:type\" content=\"article\" \/>\n<meta property=\"og:title\" content=\"\u00bfQuieres tener un pelo sano? \u00a1Evita hacer estas 9 cosas antes de ir a dormir! - Moda y estilo\" \/>\n<meta property=\"og:description\" content=\"Conseguir un cabello\u00a0brillante\u00a0y sedoso ser\u00e1 m\u00e1s sencillo si abandonas estas 9 costumbres\u00a0antes de meterte en la cama. Mil veces habr\u00e9 escuchado a mi madre dici\u00e9ndome \u00absi llevas el pelo arreglado y bonito, no importa lo que lleves puesto, siempre te ver\u00e1s perfecta\u00bb (Claro, ella es peluquera). Y es que el pelo, es esa parte de nuestro cuerpo que puede hacernos (o destrozarnos) el look.\u00a0 Por lo general, solemos pensar que el momento de arreglarnos el pelo es por la ma\u00f1ana, que es cuando vamos a hacer cosas, pero de nada sirve arreglar algo que no cuidamos con asiduidad. Por muchos\" \/>\n<meta property=\"og:url\" content=\"https:\/\/www.euroresidentes.com\/estilo-de-vida\/moda-estilo\/quieres-tener-un-pelo-sano-evita-estas-9-cosas\/\" \/>\n<meta property=\"og:site_name\" content=\"Moda y estilo\" \/>\n<meta property=\"article:publisher\" content=\"https:\/\/www.facebook.com\/euroresidentes\/\" \/>\n<meta property=\"article:published_time\" content=\"2016-05-25T12:58:27+00:00\" \/>\n<meta property=\"article:modified_time\" content=\"2018-01-22T08:37:41+00:00\" \/>\n<meta property=\"og:image\" content=\"https:\/\/www.euroresidentes.com\/estilo-de-vida\/moda-estilo\/wp-content\/uploads\/sites\/15\/2016\/05\/quieres-un-pelo-sano-olvidate-funda-euroresidentes.jpg\" \/>\n\t<meta property=\"og:image:width\" content=\"700\" \/>\n\t<meta property=\"og:image:height\" content=\"525\" \/>\n\t<meta property=\"og:image:type\" content=\"image\/jpeg\" \/>\n<meta name=\"author\" content=\"Carolina L\u00f3pez\" \/>\n<meta name=\"twitter:card\" content=\"summary_large_image\" \/>\n<meta name=\"twitter:label1\" content=\"Written by\" \/>\n\t<meta name=\"twitter:data1\" content=\"Carolina L\u00f3pez\" \/>\n\t<meta name=\"twitter:label2\" content=\"Est. reading time\" \/>\n\t<meta name=\"twitter:data2\" content=\"4 minutos\" \/>\n<script type=\"application\/ld+json\" class=\"yoast-schema-graph\">{\"@context\":\"https:\/\/schema.org\",\"@graph\":[{\"@type\":\"WebPage\",\"@id\":\"https:\/\/www.euroresidentes.com\/estilo-de-vida\/moda-estilo\/quieres-tener-un-pelo-sano-evita-estas-9-cosas\/\",\"url\":\"https:\/\/www.euroresidentes.com\/estilo-de-vida\/moda-estilo\/quieres-tener-un-pelo-sano-evita-estas-9-cosas\/\",\"name\":\"\u00bfQuieres tener un pelo sano? \u00a1Evita hacer estas 9 cosas antes de ir a dormir! - Moda y estilo\",\"isPartOf\":{\"@id\":\"https:\/\/www.euroresidentes.com\/estilo-de-vida\/moda-estilo\/#website\"},\"primaryImageOfPage\":{\"@id\":\"https:\/\/www.euroresidentes.com\/estilo-de-vida\/moda-estilo\/quieres-tener-un-pelo-sano-evita-estas-9-cosas\/#primaryimage\"},\"image\":{\"@id\":\"https:\/\/www.euroresidentes.com\/estilo-de-vida\/moda-estilo\/quieres-tener-un-pelo-sano-evita-estas-9-cosas\/#primaryimage\"},\"thumbnailUrl\":\"https:\/\/www.euroresidentes.com\/estilo-de-vida\/moda-estilo\/wp-content\/uploads\/sites\/15\/2016\/05\/quieres-un-pelo-sano-olvidate-funda-euroresidentes.jpg\",\"datePublished\":\"2016-05-25T12:58:27+00:00\",\"dateModified\":\"2018-01-22T08:37:41+00:00\",\"author\":{\"@id\":\"https:\/\/www.euroresidentes.com\/estilo-de-vida\/moda-estilo\/#\/schema\/person\/3ba1d505487bddff8a4458ad5dd3f887\"},\"breadcrumb\":{\"@id\":\"https:\/\/www.euroresidentes.com\/estilo-de-vida\/moda-estilo\/quieres-tener-un-pelo-sano-evita-estas-9-cosas\/#breadcrumb\"},\"inLanguage\":\"es\",\"potentialAction\":[{\"@type\":\"ReadAction\",\"target\":[\"https:\/\/www.euroresidentes.com\/estilo-de-vida\/moda-estilo\/quieres-tener-un-pelo-sano-evita-estas-9-cosas\/\"]}]},{\"@type\":\"ImageObject\",\"inLanguage\":\"es\",\"@id\":\"https:\/\/www.euroresidentes.com\/estilo-de-vida\/moda-estilo\/quieres-tener-un-pelo-sano-evita-estas-9-cosas\/#primaryimage\",\"url\":\"https:\/\/www.euroresidentes.com\/estilo-de-vida\/moda-estilo\/wp-content\/uploads\/sites\/15\/2016\/05\/quieres-un-pelo-sano-olvidate-funda-euroresidentes.jpg\",\"contentUrl\":\"https:\/\/www.euroresidentes.com\/estilo-de-vida\/moda-estilo\/wp-content\/uploads\/sites\/15\/2016\/05\/quieres-un-pelo-sano-olvidate-funda-euroresidentes.jpg\",\"width\":700,\"height\":525},{\"@type\":\"BreadcrumbList\",\"@id\":\"https:\/\/www.euroresidentes.com\/estilo-de-vida\/moda-estilo\/quieres-tener-un-pelo-sano-evita-estas-9-cosas\/#breadcrumb\",\"itemListElement\":[{\"@type\":\"ListItem\",\"position\":1,\"name\":\"Portada\",\"item\":\"https:\/\/www.euroresidentes.com\/estilo-de-vida\/moda-estilo\/\"},{\"@type\":\"ListItem\",\"position\":2,\"name\":\"\u00bfQuieres tener un pelo sano? \u00a1Evita hacer estas 9 cosas antes de ir a dormir!\"}]},{\"@type\":\"WebSite\",\"@id\":\"https:\/\/www.euroresidentes.com\/estilo-de-vida\/moda-estilo\/#website\",\"url\":\"https:\/\/www.euroresidentes.com\/estilo-de-vida\/moda-estilo\/\",\"name\":\"Moda y estilo\",\"description\":\"Tendencias de moda y belleza\",\"potentialAction\":[{\"@type\":\"SearchAction\",\"target\":{\"@type\":\"EntryPoint\",\"urlTemplate\":\"https:\/\/www.euroresidentes.com\/estilo-de-vida\/moda-estilo\/?s={search_term_string}\"},\"query-input\":{\"@type\":\"PropertyValueSpecification\",\"valueRequired\":true,\"valueName\":\"search_term_string\"}}],\"inLanguage\":\"es\"},{\"@type\":\"Person\",\"@id\":\"https:\/\/www.euroresidentes.com\/estilo-de-vida\/moda-estilo\/#\/schema\/person\/3ba1d505487bddff8a4458ad5dd3f887\",\"name\":\"Carolina L\u00f3pez\",\"image\":{\"@type\":\"ImageObject\",\"inLanguage\":\"es\",\"@id\":\"https:\/\/www.euroresidentes.com\/estilo-de-vida\/moda-estilo\/#\/schema\/person\/image\/\",\"url\":\"https:\/\/www.euroresidentes.com\/estilo-de-vida\/moda-estilo\/wp-content\/uploads\/sites\/15\/2016\/04\/12079094_10153243158757076_5246940149716144098_n-150x150.jpg\",\"contentUrl\":\"https:\/\/www.euroresidentes.com\/estilo-de-vida\/moda-estilo\/wp-content\/uploads\/sites\/15\/2016\/04\/12079094_10153243158757076_5246940149716144098_n-150x150.jpg\",\"caption\":\"Carolina L\u00f3pez\"},\"description\":\"Carolina L\u00f3pezLicenciada en Publicidad y RRPP\",\"sameAs\":[\"https:\/\/www.euroresidentes.com\/estilo-de-vida\/carolina-lopez.html\"],\"url\":\"https:\/\/www.euroresidentes.com\/estilo-de-vida\/moda-estilo\/author\/carolinalopez\/\"}]}<\/script>\n<!-- \/ Yoast SEO plugin. -->","yoast_head_json":{"title":"\u00bfQuieres tener un pelo sano? \u00a1Evita hacer estas 9 cosas antes de ir a dormir! - Moda y estilo","robots":{"index":"index","follow":"follow","max-snippet":"max-snippet:-1","max-image-preview":"max-image-preview:large","max-video-preview":"max-video-preview:-1"},"canonical":"https:\/\/www.euroresidentes.com\/estilo-de-vida\/moda-estilo\/quieres-tener-un-pelo-sano-evita-estas-9-cosas\/","og_locale":"es_ES","og_type":"article","og_title":"\u00bfQuieres tener un pelo sano? \u00a1Evita hacer estas 9 cosas antes de ir a dormir! - Moda y estilo","og_description":"Conseguir un cabello\u00a0brillante\u00a0y sedoso ser\u00e1 m\u00e1s sencillo si abandonas estas 9 costumbres\u00a0antes de meterte en la cama. Mil veces habr\u00e9 escuchado a mi madre dici\u00e9ndome \u00absi llevas el pelo arreglado y bonito, no importa lo que lleves puesto, siempre te ver\u00e1s perfecta\u00bb (Claro, ella es peluquera). Y es que el pelo, es esa parte de nuestro cuerpo que puede hacernos (o destrozarnos) el look.\u00a0 Por lo general, solemos pensar que el momento de arreglarnos el pelo es por la ma\u00f1ana, que es cuando vamos a hacer cosas, pero de nada sirve arreglar algo que no cuidamos con asiduidad. Por muchos","og_url":"https:\/\/www.euroresidentes.com\/estilo-de-vida\/moda-estilo\/quieres-tener-un-pelo-sano-evita-estas-9-cosas\/","og_site_name":"Moda y estilo","article_publisher":"https:\/\/www.facebook.com\/euroresidentes\/","article_published_time":"2016-05-25T12:58:27+00:00","article_modified_time":"2018-01-22T08:37:41+00:00","og_image":[{"width":700,"height":525,"url":"https:\/\/www.euroresidentes.com\/estilo-de-vida\/moda-estilo\/wp-content\/uploads\/sites\/15\/2016\/05\/quieres-un-pelo-sano-olvidate-funda-euroresidentes.jpg","type":"image\/jpeg"}],"author":"Carolina L\u00f3pez","twitter_card":"summary_large_image","twitter_misc":{"Written by":"Carolina L\u00f3pez","Est. reading time":"4 minutos"},"schema":{"@context":"https:\/\/schema.org","@graph":[{"@type":"WebPage","@id":"https:\/\/www.euroresidentes.com\/estilo-de-vida\/moda-estilo\/quieres-tener-un-pelo-sano-evita-estas-9-cosas\/","url":"https:\/\/www.euroresidentes.com\/estilo-de-vida\/moda-estilo\/quieres-tener-un-pelo-sano-evita-estas-9-cosas\/","name":"\u00bfQuieres tener un pelo sano? \u00a1Evita hacer estas 9 cosas antes de ir a dormir! - Moda y estilo","isPartOf":{"@id":"https:\/\/www.euroresidentes.com\/estilo-de-vida\/moda-estilo\/#website"},"primaryImageOfPage":{"@id":"https:\/\/www.euroresidentes.com\/estilo-de-vida\/moda-estilo\/quieres-tener-un-pelo-sano-evita-estas-9-cosas\/#primaryimage"},"image":{"@id":"https:\/\/www.euroresidentes.com\/estilo-de-vida\/moda-estilo\/quieres-tener-un-pelo-sano-evita-estas-9-cosas\/#primaryimage"},"thumbnailUrl":"https:\/\/www.euroresidentes.com\/estilo-de-vida\/moda-estilo\/wp-content\/uploads\/sites\/15\/2016\/05\/quieres-un-pelo-sano-olvidate-funda-euroresidentes.jpg","datePublished":"2016-05-25T12:58:27+00:00","dateModified":"2018-01-22T08:37:41+00:00","author":{"@id":"https:\/\/www.euroresidentes.com\/estilo-de-vida\/moda-estilo\/#\/schema\/person\/3ba1d505487bddff8a4458ad5dd3f887"},"breadcrumb":{"@id":"https:\/\/www.euroresidentes.com\/estilo-de-vida\/moda-estilo\/quieres-tener-un-pelo-sano-evita-estas-9-cosas\/#breadcrumb"},"inLanguage":"es","potentialAction":[{"@type":"ReadAction","target":["https:\/\/www.euroresidentes.com\/estilo-de-vida\/moda-estilo\/quieres-tener-un-pelo-sano-evita-estas-9-cosas\/"]}]},{"@type":"ImageObject","inLanguage":"es","@id":"https:\/\/www.euroresidentes.com\/estilo-de-vida\/moda-estilo\/quieres-tener-un-pelo-sano-evita-estas-9-cosas\/#primaryimage","url":"https:\/\/www.euroresidentes.com\/estilo-de-vida\/moda-estilo\/wp-content\/uploads\/sites\/15\/2016\/05\/quieres-un-pelo-sano-olvidate-funda-euroresidentes.jpg","contentUrl":"https:\/\/www.euroresidentes.com\/estilo-de-vida\/moda-estilo\/wp-content\/uploads\/sites\/15\/2016\/05\/quieres-un-pelo-sano-olvidate-funda-euroresidentes.jpg","width":700,"height":525},{"@type":"BreadcrumbList","@id":"https:\/\/www.euroresidentes.com\/estilo-de-vida\/moda-estilo\/quieres-tener-un-pelo-sano-evita-estas-9-cosas\/#breadcrumb","itemListElement":[{"@type":"ListItem","position":1,"name":"Portada","item":"https:\/\/www.euroresidentes.com\/estilo-de-vida\/moda-estilo\/"},{"@type":"ListItem","position":2,"name":"\u00bfQuieres tener un pelo sano? \u00a1Evita hacer estas 9 cosas antes de ir a dormir!"}]},{"@type":"WebSite","@id":"https:\/\/www.euroresidentes.com\/estilo-de-vida\/moda-estilo\/#website","url":"https:\/\/www.euroresidentes.com\/estilo-de-vida\/moda-estilo\/","name":"Moda y estilo","description":"Tendencias de moda y belleza","potentialAction":[{"@type":"SearchAction","target":{"@type":"EntryPoint","urlTemplate":"https:\/\/www.euroresidentes.com\/estilo-de-vida\/moda-estilo\/?s={search_term_string}"},"query-input":{"@type":"PropertyValueSpecification","valueRequired":true,"valueName":"search_term_string"}}],"inLanguage":"es"},{"@type":"Person","@id":"https:\/\/www.euroresidentes.com\/estilo-de-vida\/moda-estilo\/#\/schema\/person\/3ba1d505487bddff8a4458ad5dd3f887","name":"Carolina L\u00f3pez","image":{"@type":"ImageObject","inLanguage":"es","@id":"https:\/\/www.euroresidentes.com\/estilo-de-vida\/moda-estilo\/#\/schema\/person\/image\/","url":"https:\/\/www.euroresidentes.com\/estilo-de-vida\/moda-estilo\/wp-content\/uploads\/sites\/15\/2016\/04\/12079094_10153243158757076_5246940149716144098_n-150x150.jpg","contentUrl":"https:\/\/www.euroresidentes.com\/estilo-de-vida\/moda-estilo\/wp-content\/uploads\/sites\/15\/2016\/04\/12079094_10153243158757076_5246940149716144098_n-150x150.jpg","caption":"Carolina L\u00f3pez"},"description":"Carolina L\u00f3pezLicenciada en Publicidad y RRPP","sameAs":["https:\/\/www.euroresidentes.com\/estilo-de-vida\/carolina-lopez.html"],"url":"https:\/\/www.euroresidentes.com\/estilo-de-vida\/moda-estilo\/author\/carolinalopez\/"}]}},"_links":{"self":[{"href":"https:\/\/www.euroresidentes.com\/estilo-de-vida\/moda-estilo\/wp-json\/wp\/v2\/posts\/860","targetHints":{"allow":["GET"]}}],"collection":[{"href":"https:\/\/www.euroresidentes.com\/estilo-de-vida\/moda-estilo\/wp-json\/wp\/v2\/posts"}],"about":[{"href":"https:\/\/www.euroresidentes.com\/estilo-de-vida\/moda-estilo\/wp-json\/wp\/v2\/types\/post"}],"author":[{"embeddable":true,"href":"https:\/\/www.euroresidentes.com\/estilo-de-vida\/moda-estilo\/wp-json\/wp\/v2\/users\/16"}],"replies":[{"embeddable":true,"href":"https:\/\/www.euroresidentes.com\/estilo-de-vida\/moda-estilo\/wp-json\/wp\/v2\/comments?post=860"}],"version-history":[{"count":10,"href":"https:\/\/www.euroresidentes.com\/estilo-de-vida\/moda-estilo\/wp-json\/wp\/v2\/posts\/860\/revisions"}],"predecessor-version":[{"id":3607,"href":"https:\/\/www.euroresidentes.com\/estilo-de-vida\/moda-estilo\/wp-json\/wp\/v2\/posts\/860\/revisions\/3607"}],"wp:featuredmedia":[{"embeddable":true,"href":"https:\/\/www.euroresidentes.com\/estilo-de-vida\/moda-estilo\/wp-json\/wp\/v2\/media\/866"}],"wp:attachment":[{"href":"https:\/\/www.euroresidentes.com\/estilo-de-vida\/moda-estilo\/wp-json\/wp\/v2\/media?parent=860"}],"wp:term":[{"taxonomy":"category","embeddable":true,"href":"https:\/\/www.euroresidentes.com\/estilo-de-vida\/moda-estilo\/wp-json\/wp\/v2\/categories?post=860"},{"taxonomy":"post_tag","embeddable":true,"href":"https:\/\/www.euroresidentes.com\/estilo-de-vida\/moda-estilo\/wp-json\/wp\/v2\/tags?post=860"}],"curies":[{"name":"wp","href":"https:\/\/api.w.org\/{rel}","templated":true}]}}