{"id":4269,"date":"2021-04-01T14:10:06","date_gmt":"2021-04-01T12:10:06","guid":{"rendered":"https:\/\/www.euroresidentes.com\/estilo-de-vida\/moda-estilo\/?p=4269"},"modified":"2021-04-01T14:10:07","modified_gmt":"2021-04-01T12:10:07","slug":"tendencias-colores-de-cabello-2021","status":"publish","type":"post","link":"https:\/\/www.euroresidentes.com\/estilo-de-vida\/moda-estilo\/tendencias-colores-de-cabello-2021\/","title":{"rendered":"Colores de cabello que romper\u00e1n este 2021"},"content":{"rendered":"\n<div id=\"attachment_4274\" style=\"width: 1034px\" class=\"wp-caption aligncenter\"><a href=\"https:\/\/www.euroresidentes.com\/estilo-de-vida\/moda-estilo\/wp-content\/uploads\/sites\/15\/2021\/04\/tendencias-color-cabello-2021.jpeg\"><img loading=\"lazy\" decoding=\"async\" aria-describedby=\"caption-attachment-4274\" class=\"size-large wp-image-4274\" src=\"https:\/\/www.euroresidentes.com\/estilo-de-vida\/moda-estilo\/wp-content\/uploads\/sites\/15\/2021\/04\/tendencias-color-cabello-2021-1024x538.jpeg\" alt=\"tendencias-color-cabello-2021\" width=\"1024\" height=\"538\" srcset=\"https:\/\/www.euroresidentes.com\/estilo-de-vida\/moda-estilo\/wp-content\/uploads\/sites\/15\/2021\/04\/tendencias-color-cabello-2021-1024x538.jpeg 1024w, https:\/\/www.euroresidentes.com\/estilo-de-vida\/moda-estilo\/wp-content\/uploads\/sites\/15\/2021\/04\/tendencias-color-cabello-2021-300x158.jpeg 300w, https:\/\/www.euroresidentes.com\/estilo-de-vida\/moda-estilo\/wp-content\/uploads\/sites\/15\/2021\/04\/tendencias-color-cabello-2021-768x403.jpeg 768w, https:\/\/www.euroresidentes.com\/estilo-de-vida\/moda-estilo\/wp-content\/uploads\/sites\/15\/2021\/04\/tendencias-color-cabello-2021-566x297.jpeg 566w, https:\/\/www.euroresidentes.com\/estilo-de-vida\/moda-estilo\/wp-content\/uploads\/sites\/15\/2021\/04\/tendencias-color-cabello-2021.jpeg 1200w\" sizes=\"auto, (max-width: 1024px) 100vw, 1024px\" \/><\/a><p id=\"caption-attachment-4274\" class=\"wp-caption-text\">Fuente: <a href=\"https:\/\/www.actitudfem.com\/belleza\/peinados-y-cabello\/tendencias-de-cabello-2021-tintes-que-nos-quedan-todas\">actitudfem<\/a><\/p><\/div>\n<h2>1.T\u00e9cnicas de coloraci\u00f3n.<\/h2>\n<p>Para empezar es muy importante hablar no solo de los colores, sino de <strong>la<\/strong> <strong>t\u00e9cnica que se utiliza para conseguir el resultado esperado<\/strong>.<\/p>\n<p>Adem\u00e1s estas tendencias est\u00e1n pensadas para no requerir mucho mantenimiento, y para ser c\u00f3modas y aportar confianza despu\u00e9s de un a\u00f1o como el 2020.<\/p>\n<h3><em><strong>Balayage + babylights<\/strong><\/em><\/h3>\n<p>El <strong><em>balayage<\/em> <\/strong>lleva a\u00f1os presente en el panorama estil\u00edstico en lo que a cabello se refiere, y este <strong>a\u00f1o no ser\u00e1 menos<\/strong>.<\/p>\n<p>Sin embargo este a\u00f1o lo veremos combinado con otra t\u00e9cnica <strong><i>super trend\u00a0<\/i><\/strong> que son las <b><i>babylights<\/i><\/b>.<\/p>\n<p>Esta combinaci\u00f3n definitivamente ser\u00e1 una de las m\u00e1s pedidas a peluqueros de todo el mundo, ya que pretende conseguir un efecto de cara iluminada haciendo el <em><strong>balayage<\/strong><\/em> en los <strong>mechones del marco del rostro<\/strong>, adem\u00e1s de <strong>aportar mucha m\u00e1s dimensi\u00f3n al resto de la melena<\/strong> por medio de las <em><strong>babylights<\/strong><\/em>.<\/p>\n<div id=\"attachment_4272\" style=\"width: 1034px\" class=\"wp-caption aligncenter\"><a href=\"https:\/\/www.euroresidentes.com\/estilo-de-vida\/moda-estilo\/wp-content\/uploads\/sites\/15\/2021\/04\/babylights-balayage.jpeg\"><img loading=\"lazy\" decoding=\"async\" aria-describedby=\"caption-attachment-4272\" class=\"size-large wp-image-4272\" src=\"https:\/\/www.euroresidentes.com\/estilo-de-vida\/moda-estilo\/wp-content\/uploads\/sites\/15\/2021\/04\/babylights-balayage-1024x585.jpeg\" alt=\"babylights-balayage\" width=\"1024\" height=\"585\" srcset=\"https:\/\/www.euroresidentes.com\/estilo-de-vida\/moda-estilo\/wp-content\/uploads\/sites\/15\/2021\/04\/babylights-balayage-1024x585.jpeg 1024w, https:\/\/www.euroresidentes.com\/estilo-de-vida\/moda-estilo\/wp-content\/uploads\/sites\/15\/2021\/04\/babylights-balayage-300x172.jpeg 300w, https:\/\/www.euroresidentes.com\/estilo-de-vida\/moda-estilo\/wp-content\/uploads\/sites\/15\/2021\/04\/babylights-balayage-768x439.jpeg 768w, https:\/\/www.euroresidentes.com\/estilo-de-vida\/moda-estilo\/wp-content\/uploads\/sites\/15\/2021\/04\/babylights-balayage-520x297.jpeg 520w, https:\/\/www.euroresidentes.com\/estilo-de-vida\/moda-estilo\/wp-content\/uploads\/sites\/15\/2021\/04\/babylights-balayage.jpeg 1400w\" sizes=\"auto, (max-width: 1024px) 100vw, 1024px\" \/><\/a><p id=\"caption-attachment-4272\" class=\"wp-caption-text\">Fuente: <a href=\"https:\/\/www.vix.com\/es\/belleza\/230539\/balayage-o-babylights-te-explicamos-cual-necesita-menos-mantenimiento-y-se-te-vera-mejor\">Vix<\/a><\/p><\/div>\n<h3><em><strong>Creamy ribbon highlights<\/strong><\/em><\/h3>\n<p>Otra tendencia muy marcada son las <em><strong>creamy ribbon highlights<\/strong><\/em>, una forma mucho m\u00e1s delicada de <strong><em>balayage<\/em><\/strong>.<\/p>\n<p>A diferencia de a\u00f1os pasados esta tendencia apuesta por <strong>mechas mucho m\u00e1s discretas<\/strong>, pero que den mucho m\u00e1s <strong>movimiento y profundidad<\/strong> al pelo.<\/p>\n<p>Es una<strong> tendencia para todo tipo de cabello<\/strong>, ya que se centra en trabajar con el tono de cabello base de cada uno (aunque normalmente de hace m\u00e1s en cabellos de base oscura) para <strong>crear dimensi\u00f3n<\/strong> en el pelo con tonos que var\u00eden un poco del color de base, o con tonos mucho m\u00e1s claros para dar luminosidad, pero todo dentro tonos c\u00e1lidos.<\/p>\n<div id=\"attachment_4277\" style=\"width: 574px\" class=\"wp-caption aligncenter\"><a href=\"https:\/\/www.euroresidentes.com\/estilo-de-vida\/moda-estilo\/wp-content\/uploads\/sites\/15\/2021\/04\/creamy-ribbon-highlights.jpeg\"><img loading=\"lazy\" decoding=\"async\" aria-describedby=\"caption-attachment-4277\" class=\"size-full wp-image-4277\" src=\"https:\/\/www.euroresidentes.com\/estilo-de-vida\/moda-estilo\/wp-content\/uploads\/sites\/15\/2021\/04\/creamy-ribbon-highlights.jpeg\" alt=\"creamy-ribbon-highlights\" width=\"564\" height=\"582\" srcset=\"https:\/\/www.euroresidentes.com\/estilo-de-vida\/moda-estilo\/wp-content\/uploads\/sites\/15\/2021\/04\/creamy-ribbon-highlights.jpeg 564w, https:\/\/www.euroresidentes.com\/estilo-de-vida\/moda-estilo\/wp-content\/uploads\/sites\/15\/2021\/04\/creamy-ribbon-highlights-291x300.jpeg 291w, https:\/\/www.euroresidentes.com\/estilo-de-vida\/moda-estilo\/wp-content\/uploads\/sites\/15\/2021\/04\/creamy-ribbon-highlights-288x297.jpeg 288w\" sizes=\"auto, (max-width: 564px) 100vw, 564px\" \/><\/a><p id=\"caption-attachment-4277\" class=\"wp-caption-text\">Fuente: <a href=\"https:\/\/www.southernliving.com\/fashion-beauty\/hairstyles\/ribbon-highlights\">Southernliving<\/a><\/p><\/div>\n<h3><em><strong>Chunky Money Piece<\/strong><\/em><\/h3>\n<p>El <em><strong>chunky money piece<\/strong><\/em> definitivamente es una tendencia, que aunque viene desde el 2020 y el momento cuarentena, seguir\u00e1 siendo fuerte en 2021.\u00a0<\/p>\n<p>Esta, aunque es una <strong>tendencia m\u00e1s atrevida<\/strong>, se mantienen en la l\u00ednea de no ser un cambio tan radical (a menos que sea eso lo que se busque) ya que se puede llevar de una manera m\u00e1s o menos fantasiosa seg\u00fan la persona.<\/p>\n<p>Esta tendencia es b\u00e1sicamente la <strong>decoloraci\u00f3n de los mechones delanteros del pelo<\/strong> creando un marcado contraste con el resto del cabello.<\/p>\n<p>Esta tendencia, actualmente viene dada por redes sociales que se popularizaron durante la cuarentena como fue Tik Tok, sin embargo se recupera de la \u00e9poca de los a\u00f1os 90&#8217;s y 2000&#8217;s para volver a las peluquerias esta temporada.<\/p>\n<div id=\"attachment_4279\" style=\"width: 970px\" class=\"wp-caption aligncenter\"><a href=\"https:\/\/www.euroresidentes.com\/estilo-de-vida\/moda-estilo\/wp-content\/uploads\/sites\/15\/2021\/04\/dualipa-chunky-money-piece.jpeg\"><img loading=\"lazy\" decoding=\"async\" aria-describedby=\"caption-attachment-4279\" class=\"size-full wp-image-4279\" src=\"https:\/\/www.euroresidentes.com\/estilo-de-vida\/moda-estilo\/wp-content\/uploads\/sites\/15\/2021\/04\/dualipa-chunky-money-piece.jpeg\" alt=\"dualipa-chunky-money-piece\" width=\"960\" height=\"735\" srcset=\"https:\/\/www.euroresidentes.com\/estilo-de-vida\/moda-estilo\/wp-content\/uploads\/sites\/15\/2021\/04\/dualipa-chunky-money-piece.jpeg 960w, https:\/\/www.euroresidentes.com\/estilo-de-vida\/moda-estilo\/wp-content\/uploads\/sites\/15\/2021\/04\/dualipa-chunky-money-piece-300x230.jpeg 300w, https:\/\/www.euroresidentes.com\/estilo-de-vida\/moda-estilo\/wp-content\/uploads\/sites\/15\/2021\/04\/dualipa-chunky-money-piece-768x588.jpeg 768w, https:\/\/www.euroresidentes.com\/estilo-de-vida\/moda-estilo\/wp-content\/uploads\/sites\/15\/2021\/04\/dualipa-chunky-money-piece-388x297.jpeg 388w\" sizes=\"auto, (max-width: 960px) 100vw, 960px\" \/><\/a><p id=\"caption-attachment-4279\" class=\"wp-caption-text\">Fuente: <a href=\"https:\/\/www.thenexd.com\/dua-lipa-returning-to-saturday-night-live\/\">Thenexd<\/a><\/p><\/div>\n<h2><strong>2. Colores\u00a0<\/strong><\/h2>\n<p><span style=\"font-weight: 400;\">En 2021 las tendencias de color para el cabello, est\u00e1n muy <strong>marcadas por la calidez de los colores del a\u00f1o<\/strong>, publicados por el <\/span><i><span style=\"font-weight: 400;\">Pantone Color Institute.<\/span><\/i><\/p>\n<p><span style=\"font-weight: 400;\">Principalmente estar\u00e1n de vuelta los <strong>colores m\u00e1s naturales<\/strong>, dejando un poco de lado los colores m\u00e1s estridentes, pero sin dejar de ser atrevidos si lo que se quiere es un buen cambio de <\/span><i><span style=\"font-weight: 400;\">look<\/span><\/i><span style=\"font-weight: 400;\">.<\/span><\/p>\n<h3><em><strong>Sand Tropez<\/strong><\/em><\/h3>\n<p>Es el <strong>rubio perfecto para 2021<\/strong>, aporta much\u00edsima luminosidad al rostro, y crea una sensaci\u00f3n de <strong>calidez y dulzura irresistible<\/strong>.<\/p>\n<p>Tambi\u00e9n conocido como <strong>Golden Bronde<\/strong>, combina tonos marrones fr\u00edos con notas de rubio c\u00e1lido simulando el color de la arena de Saint Tropez dando ese <strong>toque veraniego<\/strong> y<strong> de haber ido mucho a la playa<\/strong> durante todo el a\u00f1o.<\/p>\n<div id=\"attachment_4282\" style=\"width: 574px\" class=\"wp-caption aligncenter\"><a href=\"https:\/\/www.euroresidentes.com\/estilo-de-vida\/moda-estilo\/wp-content\/uploads\/sites\/15\/2021\/04\/sand-tropez-color-cabello.jpeg\"><img loading=\"lazy\" decoding=\"async\" aria-describedby=\"caption-attachment-4282\" class=\"size-full wp-image-4282\" src=\"https:\/\/www.euroresidentes.com\/estilo-de-vida\/moda-estilo\/wp-content\/uploads\/sites\/15\/2021\/04\/sand-tropez-color-cabello.jpeg\" alt=\"sand-tropez-color-cabello\" width=\"564\" height=\"561\" srcset=\"https:\/\/www.euroresidentes.com\/estilo-de-vida\/moda-estilo\/wp-content\/uploads\/sites\/15\/2021\/04\/sand-tropez-color-cabello.jpeg 564w, https:\/\/www.euroresidentes.com\/estilo-de-vida\/moda-estilo\/wp-content\/uploads\/sites\/15\/2021\/04\/sand-tropez-color-cabello-300x298.jpeg 300w, https:\/\/www.euroresidentes.com\/estilo-de-vida\/moda-estilo\/wp-content\/uploads\/sites\/15\/2021\/04\/sand-tropez-color-cabello-150x150.jpeg 150w, https:\/\/www.euroresidentes.com\/estilo-de-vida\/moda-estilo\/wp-content\/uploads\/sites\/15\/2021\/04\/sand-tropez-color-cabello-299x297.jpeg 299w, https:\/\/www.euroresidentes.com\/estilo-de-vida\/moda-estilo\/wp-content\/uploads\/sites\/15\/2021\/04\/sand-tropez-color-cabello-75x75.jpeg 75w\" sizes=\"auto, (max-width: 564px) 100vw, 564px\" \/><\/a><p id=\"caption-attachment-4282\" class=\"wp-caption-text\">Fuente: <a href=\"https:\/\/www.ecemella.com\/2021-hairstyle-trends\/sandy-blonde-sand-tropez-hair-color-idea\/\">Ecemella<\/a><\/p><\/div>\n<h3><strong>Tonos Fantas\u00eda<\/strong><\/h3>\n<p>En 2021 y lo que se refiere a tonos fantas\u00eda, ganan por goleada los<strong> tonos pasteles y gris\u00e1ceos<\/strong> (esto tambi\u00e9n incluye al tono gris m\u00e1s puro).<\/p>\n<p>Este <em> trend <\/em>contrasta mucho con la calidez y comodidad del resto de tendencias, ya que para alcanzar estos tonos se <strong>requiere el m\u00e1ximo cuidado<\/strong> <strong>capilar<\/strong>, y mucha intervenci\u00f3n de estilistas especializados, adem\u00e1s de <strong>retoques constantes<\/strong>.<\/p>\n<p>Los colores que m\u00e1s van a acompa\u00f1ar con los <strong>azules, morados y rosas<\/strong> muy <strong>poco saturados<\/strong>, adem\u00e1s en algunos casos pueden ir acompa\u00f1ados por un <strong>efecto metalizado<\/strong>.<\/p>\n<p><strong>Estos tonos los podremos ver aplicados en el cabello con cualquiera de las t\u00e9cnicas de coloraci\u00f3n mencionadas anteriormente<\/strong>.<\/p>\n<h3><em><strong>Rouge<\/strong><\/em><strong> o <em>True red<\/em><\/strong><\/h3>\n<p>Definitivamente es un color para las personas que buscan un <strong>cambio total, <\/strong>pero manteni\u00e9ndose <strong>dentro de la corriente de los tonos c\u00e1lidos y c\u00f3modos de mantener.<\/strong><\/p>\n<p>Desde un <strong>cobre profundo<\/strong>, no m\u00e1s oscuro que un casta\u00f1o, pasando por un <strong><em>red cinnamon<\/em><\/strong> hasta un <strong>pelirrojo fresa<\/strong>, las posibilidades son infinitas, y dependen de lo que m\u00e1s favorezca a cada persona.<\/p>\n<p>Esta tendencia se la puede agradecer a la tan famosa serie \u00ab<strong><em>Gambito de Dama<\/em><\/strong>\u00bb en la que Anya Taylor-Joy luce un maravilloso tono rojizo a lo largo de esta, que definitivamente <strong>dej\u00f3 con ganas de experimentar a m\u00e1s de uno<\/strong>.<\/p>\n<div id=\"attachment_4284\" style=\"width: 940px\" class=\"wp-caption aligncenter\"><a href=\"https:\/\/www.euroresidentes.com\/estilo-de-vida\/moda-estilo\/wp-content\/uploads\/sites\/15\/2021\/04\/gambito-de-dama-pelirrojo.jpeg\"><img loading=\"lazy\" decoding=\"async\" aria-describedby=\"caption-attachment-4284\" class=\"size-full wp-image-4284\" src=\"https:\/\/www.euroresidentes.com\/estilo-de-vida\/moda-estilo\/wp-content\/uploads\/sites\/15\/2021\/04\/gambito-de-dama-pelirrojo.jpeg\" alt=\"gambito-de-dama-pelirrojo\" width=\"930\" height=\"558\" srcset=\"https:\/\/www.euroresidentes.com\/estilo-de-vida\/moda-estilo\/wp-content\/uploads\/sites\/15\/2021\/04\/gambito-de-dama-pelirrojo.jpeg 930w, https:\/\/www.euroresidentes.com\/estilo-de-vida\/moda-estilo\/wp-content\/uploads\/sites\/15\/2021\/04\/gambito-de-dama-pelirrojo-300x180.jpeg 300w, https:\/\/www.euroresidentes.com\/estilo-de-vida\/moda-estilo\/wp-content\/uploads\/sites\/15\/2021\/04\/gambito-de-dama-pelirrojo-768x461.jpeg 768w, https:\/\/www.euroresidentes.com\/estilo-de-vida\/moda-estilo\/wp-content\/uploads\/sites\/15\/2021\/04\/gambito-de-dama-pelirrojo-495x297.jpeg 495w\" sizes=\"auto, (max-width: 930px) 100vw, 930px\" \/><\/a><p id=\"caption-attachment-4284\" class=\"wp-caption-text\">Fuente: <a href=\"https:\/\/www.hola.com\/actualidad\/20201110178911\/gambito-de-dama-serie-que-triunfa-en-netflix\/\">Hola<\/a><\/p><\/div>\n<h3><em><strong>Hazelnut<\/strong><\/em><\/h3>\n<p>El <strong>cambio de look perfecto para las personas con pelo oscuro<\/strong> que quieren algo discreto pero que al mismo tiempo que las haga sentir espectaculares.<\/p>\n<p><em>Hazelnut<\/em> es un casta\u00f1o oscuro pero con subtonos entre dorados y rojizos (como bien dice su nombre, un casta\u00f1o avellana), que pretende <strong>aportar much\u00edsima dimensi\u00f3n al cabello, adem\u00e1s de movimiento y luminosidad<\/strong>.<\/p>\n<p>Queda espectacular a personas con piel morena, y normalmente suele ser un<strong> tono aplicado con la t\u00e9cnica del <\/strong><em><strong>creamy ribbon highlight<\/strong> <\/em>para aumentar la<strong> sensaci\u00f3n de profundidad.<\/strong><\/p>\n<div id=\"attachment_4286\" style=\"width: 574px\" class=\"wp-caption aligncenter\"><a href=\"https:\/\/www.euroresidentes.com\/estilo-de-vida\/moda-estilo\/wp-content\/uploads\/sites\/15\/2021\/04\/hazelnut-hair.jpeg\"><img loading=\"lazy\" decoding=\"async\" aria-describedby=\"caption-attachment-4286\" class=\"size-full wp-image-4286\" src=\"https:\/\/www.euroresidentes.com\/estilo-de-vida\/moda-estilo\/wp-content\/uploads\/sites\/15\/2021\/04\/hazelnut-hair.jpeg\" alt=\"hazelnut-hair\" width=\"564\" height=\"638\" srcset=\"https:\/\/www.euroresidentes.com\/estilo-de-vida\/moda-estilo\/wp-content\/uploads\/sites\/15\/2021\/04\/hazelnut-hair.jpeg 564w, https:\/\/www.euroresidentes.com\/estilo-de-vida\/moda-estilo\/wp-content\/uploads\/sites\/15\/2021\/04\/hazelnut-hair-265x300.jpeg 265w, https:\/\/www.euroresidentes.com\/estilo-de-vida\/moda-estilo\/wp-content\/uploads\/sites\/15\/2021\/04\/hazelnut-hair-263x297.jpeg 263w\" sizes=\"auto, (max-width: 564px) 100vw, 564px\" \/><\/a><p id=\"caption-attachment-4286\" class=\"wp-caption-text\">Fuente: <a href=\"https:\/\/therighthairstyles.com\/15-scrumptious-vibrant-hues-for-chocolate-brown-hair\/\">Therighthairstyles<\/a><\/p><\/div>\n<p><strong>Lecturas relacionadas:<\/strong><\/p>\n<ul>\n<li><a href=\"https:\/\/www.euroresidentes.com\/estilo-de-vida\/consejos-belleza-bienestar\/como-tenirse-el-cabello-en-casa\">C\u00f3mo te\u00f1irse el cabello en casa<\/a><\/li>\n<li><a href=\"https:\/\/www.euroresidentes.com\/estilo-de-vida\/consejos-belleza-bienestar\/alisado-frances\">Alisado Franc\u00e9s <\/a><\/li>\n<li><a href=\"https:\/\/www.euroresidentes.com\/hogar\/consejos-trucos-remedios\/vitaminas-para-el-pelo\">Vitaminas para el pelo<\/a><\/li>\n<\/ul>\n<p>\u00a0<\/p>\n<p>\u00a0<\/p>\n<p>\u00a0<\/p>\n<p>\u00a0<\/p>\n<p>\u00a0<\/p>\n<p>\u00a0<\/p>\n<p>\u00a0<\/p>\n","protected":false},"excerpt":{"rendered":"","protected":false},"author":1,"featured_media":4274,"comment_status":"open","ping_status":"closed","sticky":false,"template":"","format":"standard","meta":{"footnotes":""},"categories":[16,11,1],"tags":[20],"class_list":["post-4269","post","type-post","status-publish","format-standard","has-post-thumbnail","hentry","category-belleza","category-cabello","category-general","tag-cuidados-cabello","has_thumb"],"yoast_head":"<!-- This site is optimized with the Yoast SEO plugin v24.1 - https:\/\/yoast.com\/wordpress\/plugins\/seo\/ -->\n<title>Colores de cabello que romper\u00e1n este 2021 - General Moda y estilo<\/title>\n<meta name=\"description\" content=\"En 2021 las tendencias de color para el cabello, est\u00e1n muy marcadas por la calidez y naturalidad perfectos para un buen cambio de look.\" \/>\n<meta name=\"robots\" content=\"index, follow, max-snippet:-1, max-image-preview:large, max-video-preview:-1\" \/>\n<link rel=\"canonical\" href=\"https:\/\/www.euroresidentes.com\/estilo-de-vida\/moda-estilo\/tendencias-colores-de-cabello-2021\/\" \/>\n<meta property=\"og:locale\" content=\"es_ES\" \/>\n<meta property=\"og:type\" content=\"article\" \/>\n<meta property=\"og:title\" content=\"Colores de cabello que romper\u00e1n este 2021 - General Moda y estilo\" \/>\n<meta property=\"og:description\" content=\"En 2021 las tendencias de color para el cabello, est\u00e1n muy marcadas por la calidez y naturalidad perfectos para un buen cambio de look.\" \/>\n<meta property=\"og:url\" content=\"https:\/\/www.euroresidentes.com\/estilo-de-vida\/moda-estilo\/tendencias-colores-de-cabello-2021\/\" \/>\n<meta property=\"og:site_name\" content=\"Moda y estilo\" \/>\n<meta property=\"article:publisher\" content=\"https:\/\/www.facebook.com\/euroresidentes\/\" \/>\n<meta property=\"article:published_time\" content=\"2021-04-01T12:10:06+00:00\" \/>\n<meta property=\"article:modified_time\" content=\"2021-04-01T12:10:07+00:00\" \/>\n<meta property=\"og:image\" content=\"https:\/\/www.euroresidentes.com\/estilo-de-vida\/moda-estilo\/wp-content\/uploads\/sites\/15\/2021\/04\/tendencias-color-cabello-2021.jpeg\" \/>\n\t<meta property=\"og:image:width\" content=\"1200\" \/>\n\t<meta property=\"og:image:height\" content=\"630\" \/>\n\t<meta property=\"og:image:type\" content=\"image\/jpeg\" \/>\n<meta name=\"author\" content=\"euroresidentes\" \/>\n<meta name=\"twitter:card\" content=\"summary_large_image\" \/>\n<meta name=\"twitter:label1\" content=\"Written by\" \/>\n\t<meta name=\"twitter:data1\" content=\"euroresidentes\" \/>\n\t<meta name=\"twitter:label2\" content=\"Est. reading time\" \/>\n\t<meta name=\"twitter:data2\" content=\"5 minutos\" \/>\n<script type=\"application\/ld+json\" class=\"yoast-schema-graph\">{\"@context\":\"https:\/\/schema.org\",\"@graph\":[{\"@type\":\"WebPage\",\"@id\":\"https:\/\/www.euroresidentes.com\/estilo-de-vida\/moda-estilo\/tendencias-colores-de-cabello-2021\/\",\"url\":\"https:\/\/www.euroresidentes.com\/estilo-de-vida\/moda-estilo\/tendencias-colores-de-cabello-2021\/\",\"name\":\"Colores de cabello que romper\u00e1n este 2021 - General Moda y estilo\",\"isPartOf\":{\"@id\":\"https:\/\/www.euroresidentes.com\/estilo-de-vida\/moda-estilo\/#website\"},\"primaryImageOfPage\":{\"@id\":\"https:\/\/www.euroresidentes.com\/estilo-de-vida\/moda-estilo\/tendencias-colores-de-cabello-2021\/#primaryimage\"},\"image\":{\"@id\":\"https:\/\/www.euroresidentes.com\/estilo-de-vida\/moda-estilo\/tendencias-colores-de-cabello-2021\/#primaryimage\"},\"thumbnailUrl\":\"https:\/\/www.euroresidentes.com\/estilo-de-vida\/moda-estilo\/wp-content\/uploads\/sites\/15\/2021\/04\/tendencias-color-cabello-2021.jpeg\",\"datePublished\":\"2021-04-01T12:10:06+00:00\",\"dateModified\":\"2021-04-01T12:10:07+00:00\",\"author\":{\"@id\":\"https:\/\/www.euroresidentes.com\/estilo-de-vida\/moda-estilo\/#\/schema\/person\/fe82cb6ed74ddbae5c55fc01bd42f368\"},\"description\":\"En 2021 las tendencias de color para el cabello, est\u00e1n muy marcadas por la calidez y naturalidad perfectos para un buen cambio de look.\",\"breadcrumb\":{\"@id\":\"https:\/\/www.euroresidentes.com\/estilo-de-vida\/moda-estilo\/tendencias-colores-de-cabello-2021\/#breadcrumb\"},\"inLanguage\":\"es\",\"potentialAction\":[{\"@type\":\"ReadAction\",\"target\":[\"https:\/\/www.euroresidentes.com\/estilo-de-vida\/moda-estilo\/tendencias-colores-de-cabello-2021\/\"]}]},{\"@type\":\"ImageObject\",\"inLanguage\":\"es\",\"@id\":\"https:\/\/www.euroresidentes.com\/estilo-de-vida\/moda-estilo\/tendencias-colores-de-cabello-2021\/#primaryimage\",\"url\":\"https:\/\/www.euroresidentes.com\/estilo-de-vida\/moda-estilo\/wp-content\/uploads\/sites\/15\/2021\/04\/tendencias-color-cabello-2021.jpeg\",\"contentUrl\":\"https:\/\/www.euroresidentes.com\/estilo-de-vida\/moda-estilo\/wp-content\/uploads\/sites\/15\/2021\/04\/tendencias-color-cabello-2021.jpeg\",\"width\":1200,\"height\":630,\"caption\":\"Fuente: Flipboard\"},{\"@type\":\"BreadcrumbList\",\"@id\":\"https:\/\/www.euroresidentes.com\/estilo-de-vida\/moda-estilo\/tendencias-colores-de-cabello-2021\/#breadcrumb\",\"itemListElement\":[{\"@type\":\"ListItem\",\"position\":1,\"name\":\"Portada\",\"item\":\"https:\/\/www.euroresidentes.com\/estilo-de-vida\/moda-estilo\/\"},{\"@type\":\"ListItem\",\"position\":2,\"name\":\"Colores de cabello que romper\u00e1n este 2021\"}]},{\"@type\":\"WebSite\",\"@id\":\"https:\/\/www.euroresidentes.com\/estilo-de-vida\/moda-estilo\/#website\",\"url\":\"https:\/\/www.euroresidentes.com\/estilo-de-vida\/moda-estilo\/\",\"name\":\"Moda y estilo\",\"description\":\"Tendencias de moda y belleza\",\"potentialAction\":[{\"@type\":\"SearchAction\",\"target\":{\"@type\":\"EntryPoint\",\"urlTemplate\":\"https:\/\/www.euroresidentes.com\/estilo-de-vida\/moda-estilo\/?s={search_term_string}\"},\"query-input\":{\"@type\":\"PropertyValueSpecification\",\"valueRequired\":true,\"valueName\":\"search_term_string\"}}],\"inLanguage\":\"es\"},{\"@type\":\"Person\",\"@id\":\"https:\/\/www.euroresidentes.com\/estilo-de-vida\/moda-estilo\/#\/schema\/person\/fe82cb6ed74ddbae5c55fc01bd42f368\",\"name\":\"euroresidentes\",\"image\":{\"@type\":\"ImageObject\",\"inLanguage\":\"es\",\"@id\":\"https:\/\/www.euroresidentes.com\/estilo-de-vida\/moda-estilo\/#\/schema\/person\/image\/\",\"url\":\"https:\/\/www.euroresidentes.com\/estilo-de-vida\/moda-estilo\/wp-content\/uploads\/sites\/15\/2016\/06\/logo-euroresidentes-150x150.png\",\"contentUrl\":\"https:\/\/www.euroresidentes.com\/estilo-de-vida\/moda-estilo\/wp-content\/uploads\/sites\/15\/2016\/06\/logo-euroresidentes-150x150.png\",\"caption\":\"euroresidentes\"},\"description\":\"EuroresidentesContenidos muy diversos sobre estilo de vida. Queremos emocionar y sorprender a nuestros usuarios, transmitir pasi\u00f3n por la vida y ayudar a las personas a resolver las necesidades grandes y peque\u00f1as de su vida cotidiana.\",\"sameAs\":[\"https:\/\/www.euroresidentes.com\/info.htm\"],\"url\":\"https:\/\/www.euroresidentes.com\/estilo-de-vida\/moda-estilo\/author\/euroresidentes\/\"}]}<\/script>\n<!-- \/ Yoast SEO plugin. -->","yoast_head_json":{"title":"Colores de cabello que romper\u00e1n este 2021 - General Moda y estilo","description":"En 2021 las tendencias de color para el cabello, est\u00e1n muy marcadas por la calidez y naturalidad perfectos para un buen cambio de look.","robots":{"index":"index","follow":"follow","max-snippet":"max-snippet:-1","max-image-preview":"max-image-preview:large","max-video-preview":"max-video-preview:-1"},"canonical":"https:\/\/www.euroresidentes.com\/estilo-de-vida\/moda-estilo\/tendencias-colores-de-cabello-2021\/","og_locale":"es_ES","og_type":"article","og_title":"Colores de cabello que romper\u00e1n este 2021 - General Moda y estilo","og_description":"En 2021 las tendencias de color para el cabello, est\u00e1n muy marcadas por la calidez y naturalidad perfectos para un buen cambio de look.","og_url":"https:\/\/www.euroresidentes.com\/estilo-de-vida\/moda-estilo\/tendencias-colores-de-cabello-2021\/","og_site_name":"Moda y estilo","article_publisher":"https:\/\/www.facebook.com\/euroresidentes\/","article_published_time":"2021-04-01T12:10:06+00:00","article_modified_time":"2021-04-01T12:10:07+00:00","og_image":[{"width":1200,"height":630,"url":"https:\/\/www.euroresidentes.com\/estilo-de-vida\/moda-estilo\/wp-content\/uploads\/sites\/15\/2021\/04\/tendencias-color-cabello-2021.jpeg","type":"image\/jpeg"}],"author":"euroresidentes","twitter_card":"summary_large_image","twitter_misc":{"Written by":"euroresidentes","Est. reading time":"5 minutos"},"schema":{"@context":"https:\/\/schema.org","@graph":[{"@type":"WebPage","@id":"https:\/\/www.euroresidentes.com\/estilo-de-vida\/moda-estilo\/tendencias-colores-de-cabello-2021\/","url":"https:\/\/www.euroresidentes.com\/estilo-de-vida\/moda-estilo\/tendencias-colores-de-cabello-2021\/","name":"Colores de cabello que romper\u00e1n este 2021 - General Moda y estilo","isPartOf":{"@id":"https:\/\/www.euroresidentes.com\/estilo-de-vida\/moda-estilo\/#website"},"primaryImageOfPage":{"@id":"https:\/\/www.euroresidentes.com\/estilo-de-vida\/moda-estilo\/tendencias-colores-de-cabello-2021\/#primaryimage"},"image":{"@id":"https:\/\/www.euroresidentes.com\/estilo-de-vida\/moda-estilo\/tendencias-colores-de-cabello-2021\/#primaryimage"},"thumbnailUrl":"https:\/\/www.euroresidentes.com\/estilo-de-vida\/moda-estilo\/wp-content\/uploads\/sites\/15\/2021\/04\/tendencias-color-cabello-2021.jpeg","datePublished":"2021-04-01T12:10:06+00:00","dateModified":"2021-04-01T12:10:07+00:00","author":{"@id":"https:\/\/www.euroresidentes.com\/estilo-de-vida\/moda-estilo\/#\/schema\/person\/fe82cb6ed74ddbae5c55fc01bd42f368"},"description":"En 2021 las tendencias de color para el cabello, est\u00e1n muy marcadas por la calidez y naturalidad perfectos para un buen cambio de look.","breadcrumb":{"@id":"https:\/\/www.euroresidentes.com\/estilo-de-vida\/moda-estilo\/tendencias-colores-de-cabello-2021\/#breadcrumb"},"inLanguage":"es","potentialAction":[{"@type":"ReadAction","target":["https:\/\/www.euroresidentes.com\/estilo-de-vida\/moda-estilo\/tendencias-colores-de-cabello-2021\/"]}]},{"@type":"ImageObject","inLanguage":"es","@id":"https:\/\/www.euroresidentes.com\/estilo-de-vida\/moda-estilo\/tendencias-colores-de-cabello-2021\/#primaryimage","url":"https:\/\/www.euroresidentes.com\/estilo-de-vida\/moda-estilo\/wp-content\/uploads\/sites\/15\/2021\/04\/tendencias-color-cabello-2021.jpeg","contentUrl":"https:\/\/www.euroresidentes.com\/estilo-de-vida\/moda-estilo\/wp-content\/uploads\/sites\/15\/2021\/04\/tendencias-color-cabello-2021.jpeg","width":1200,"height":630,"caption":"Fuente: Flipboard"},{"@type":"BreadcrumbList","@id":"https:\/\/www.euroresidentes.com\/estilo-de-vida\/moda-estilo\/tendencias-colores-de-cabello-2021\/#breadcrumb","itemListElement":[{"@type":"ListItem","position":1,"name":"Portada","item":"https:\/\/www.euroresidentes.com\/estilo-de-vida\/moda-estilo\/"},{"@type":"ListItem","position":2,"name":"Colores de cabello que romper\u00e1n este 2021"}]},{"@type":"WebSite","@id":"https:\/\/www.euroresidentes.com\/estilo-de-vida\/moda-estilo\/#website","url":"https:\/\/www.euroresidentes.com\/estilo-de-vida\/moda-estilo\/","name":"Moda y estilo","description":"Tendencias de moda y belleza","potentialAction":[{"@type":"SearchAction","target":{"@type":"EntryPoint","urlTemplate":"https:\/\/www.euroresidentes.com\/estilo-de-vida\/moda-estilo\/?s={search_term_string}"},"query-input":{"@type":"PropertyValueSpecification","valueRequired":true,"valueName":"search_term_string"}}],"inLanguage":"es"},{"@type":"Person","@id":"https:\/\/www.euroresidentes.com\/estilo-de-vida\/moda-estilo\/#\/schema\/person\/fe82cb6ed74ddbae5c55fc01bd42f368","name":"euroresidentes","image":{"@type":"ImageObject","inLanguage":"es","@id":"https:\/\/www.euroresidentes.com\/estilo-de-vida\/moda-estilo\/#\/schema\/person\/image\/","url":"https:\/\/www.euroresidentes.com\/estilo-de-vida\/moda-estilo\/wp-content\/uploads\/sites\/15\/2016\/06\/logo-euroresidentes-150x150.png","contentUrl":"https:\/\/www.euroresidentes.com\/estilo-de-vida\/moda-estilo\/wp-content\/uploads\/sites\/15\/2016\/06\/logo-euroresidentes-150x150.png","caption":"euroresidentes"},"description":"EuroresidentesContenidos muy diversos sobre estilo de vida. Queremos emocionar y sorprender a nuestros usuarios, transmitir pasi\u00f3n por la vida y ayudar a las personas a resolver las necesidades grandes y peque\u00f1as de su vida cotidiana.","sameAs":["https:\/\/www.euroresidentes.com\/info.htm"],"url":"https:\/\/www.euroresidentes.com\/estilo-de-vida\/moda-estilo\/author\/euroresidentes\/"}]}},"_links":{"self":[{"href":"https:\/\/www.euroresidentes.com\/estilo-de-vida\/moda-estilo\/wp-json\/wp\/v2\/posts\/4269","targetHints":{"allow":["GET"]}}],"collection":[{"href":"https:\/\/www.euroresidentes.com\/estilo-de-vida\/moda-estilo\/wp-json\/wp\/v2\/posts"}],"about":[{"href":"https:\/\/www.euroresidentes.com\/estilo-de-vida\/moda-estilo\/wp-json\/wp\/v2\/types\/post"}],"author":[{"embeddable":true,"href":"https:\/\/www.euroresidentes.com\/estilo-de-vida\/moda-estilo\/wp-json\/wp\/v2\/users\/1"}],"replies":[{"embeddable":true,"href":"https:\/\/www.euroresidentes.com\/estilo-de-vida\/moda-estilo\/wp-json\/wp\/v2\/comments?post=4269"}],"version-history":[{"count":17,"href":"https:\/\/www.euroresidentes.com\/estilo-de-vida\/moda-estilo\/wp-json\/wp\/v2\/posts\/4269\/revisions"}],"predecessor-version":[{"id":4294,"href":"https:\/\/www.euroresidentes.com\/estilo-de-vida\/moda-estilo\/wp-json\/wp\/v2\/posts\/4269\/revisions\/4294"}],"wp:featuredmedia":[{"embeddable":true,"href":"https:\/\/www.euroresidentes.com\/estilo-de-vida\/moda-estilo\/wp-json\/wp\/v2\/media\/4274"}],"wp:attachment":[{"href":"https:\/\/www.euroresidentes.com\/estilo-de-vida\/moda-estilo\/wp-json\/wp\/v2\/media?parent=4269"}],"wp:term":[{"taxonomy":"category","embeddable":true,"href":"https:\/\/www.euroresidentes.com\/estilo-de-vida\/moda-estilo\/wp-json\/wp\/v2\/categories?post=4269"},{"taxonomy":"post_tag","embeddable":true,"href":"https:\/\/www.euroresidentes.com\/estilo-de-vida\/moda-estilo\/wp-json\/wp\/v2\/tags?post=4269"}],"curies":[{"name":"wp","href":"https:\/\/api.w.org\/{rel}","templated":true}]}}