{"id":4184,"date":"2020-11-13T15:39:23","date_gmt":"2020-11-13T14:39:23","guid":{"rendered":"https:\/\/www.euroresidentes.com\/estilo-de-vida\/moda-estilo\/?p=4184"},"modified":"2020-11-26T20:09:46","modified_gmt":"2020-11-26T19:09:46","slug":"tu-salud-tu-estilo-de-vida","status":"publish","type":"post","link":"https:\/\/www.euroresidentes.com\/estilo-de-vida\/moda-estilo\/tu-salud-tu-estilo-de-vida\/","title":{"rendered":"Tu salud: tu estilo de vida"},"content":{"rendered":"\n<p>Nuestro estilo de vida nos define, para bien o para mal. Nos hace m\u00e1s fuertes o m\u00e1s d\u00e9biles. Nos hace m\u00e1s sanos o m\u00e1s enfermos. Nos hace m\u00e1s sostenibles o m\u00e1s t\u00f3xicos con nuestro entorno. Nos genera m\u00e1s energ\u00eda o nos la resta. Nos permite conseguir grandes metas, o nos lo impide. El estilo de vida no es, ni m\u00e1s ni menos, que todas aquellas decisiones (desde las m\u00e1s peque\u00f1as a las importantes) que tomamos en nuestro d\u00eda a d\u00eda.\u00a0 Y entre ellas, de forma cr\u00edtica, est\u00e1n las decisiones que afectan de forma directa o indirecta a nuestra salud, y que pueden ser muchas, m\u00e1s de las que se podr\u00eda pensar\u00a0a<em> priori.<\/em><\/p>\n<p><a href=\"https:\/\/www.paho.org\/es\/heroes-salud-publica\/honorable-marc-lalonde\">Marc Lalonde<\/a> es un afamado cient\u00edfico que estudi\u00f3 sobre todos aquellos factores que son determinantes para la salud. Entre ellos est\u00e1n las condiciones ambientales, la gen\u00e9tica, la salud p\u00fablica del entorno en el que vivimos\u2026 Pero <strong>los que m\u00e1s condicionan nuestra salud, y sobre los que m\u00e1s influencia podemos tener, est\u00e1 nuestro estilo de vida,<\/strong> salvo excepciones o situaciones raras, poco cotidianas.\u00a0<\/p>\n<p>Podemos y tenemos el gran poder de ejercer un importante grado de control sobre nuestra salud a partir de lo que hacemos en nuestro d\u00eda a d\u00eda. Como muchos sabemos, <strong>estamos plagados de enfermedades que est\u00e1n detr\u00e1s de un estilo de vida poco saludable.<\/strong> Si eso es as\u00ed, \u00bfpor qu\u00e9 no nos tomamos m\u00e1s en serio nuestra salud, o por qu\u00e9 no nos tomamos m\u00e1s en serio la parte que podemos controlar y que depende de nosotros?<\/p>\n<div id=\"attachment_4189\" style=\"width: 820px\" class=\"wp-caption aligncenter\"><a href=\"https:\/\/www.euroresidentes.com\/estilo-de-vida\/moda-estilo\/wp-content\/uploads\/sites\/15\/2020\/11\/salud-estilo-de-vida.jpg\"><img loading=\"lazy\" decoding=\"async\" aria-describedby=\"caption-attachment-4189\" class=\"size-full wp-image-4189\" src=\"https:\/\/www.euroresidentes.com\/estilo-de-vida\/moda-estilo\/wp-content\/uploads\/sites\/15\/2020\/11\/salud-estilo-de-vida.jpg\" alt=\"\" width=\"810\" height=\"946\" srcset=\"https:\/\/www.euroresidentes.com\/estilo-de-vida\/moda-estilo\/wp-content\/uploads\/sites\/15\/2020\/11\/salud-estilo-de-vida.jpg 810w, https:\/\/www.euroresidentes.com\/estilo-de-vida\/moda-estilo\/wp-content\/uploads\/sites\/15\/2020\/11\/salud-estilo-de-vida-257x300.jpg 257w, https:\/\/www.euroresidentes.com\/estilo-de-vida\/moda-estilo\/wp-content\/uploads\/sites\/15\/2020\/11\/salud-estilo-de-vida-768x897.jpg 768w, https:\/\/www.euroresidentes.com\/estilo-de-vida\/moda-estilo\/wp-content\/uploads\/sites\/15\/2020\/11\/salud-estilo-de-vida-254x297.jpg 254w\" sizes=\"auto, (max-width: 810px) 100vw, 810px\" \/><\/a><p id=\"caption-attachment-4189\" class=\"wp-caption-text\"><a href=\"https:\/\/www.instagram.com\/p\/CHOMnxkHpfp\/?utm_source=ig_web_copy_link\">Foto<\/a><\/p><\/div>\n<p>Hay algo positivo al respecto porque cada vez somos m\u00e1s conscientes del poder de nuestras decisiones para estar m\u00e1s sanos. <strong>Una mayor parte de la poblaci\u00f3n mide mucho lo que\u00a0 consume, el deporte que realiza y, sobre todo, se preocupa de conectar su propia salud y su consumo con el impacto en el entorno<\/strong> (dada la creciente preocupaci\u00f3n por la <a href=\"about:blank\">sostenibilidad ambiental<\/a>).<\/p>\n<h3><strong>\u00bfPor qu\u00e9 est\u00e1 conectado el medio ambiente con nuestra salud?<\/strong><\/h3>\n<p>No tenemos el control sobre el medio ambiente, pero no por ello, no tenemos que hacer nada. <a href=\"about:blank\">La suma de miles de millones de decisiones s\u00ed que generan efectos de alto impacto<\/a>. Por eso tenemos que pensar en que la contaminaci\u00f3n, el ruido, los desechos, lo que comemos (y c\u00f3mo se produce) tienen grandes consecuencias para nuestra salud. Por eso, <strong>\u00a1cuidar la sostenibilidad es cuidar nuestra salud y nuestro futuro!<\/strong> Aunque sea s\u00f3lo por eso, ya tenemos motivos suficientes para ser m\u00e1s sostenibles.<\/p>\n<p>Hay distintas formas de ganar en sostenibilidad en nuestras vidas. Una de ellas es elegir los productos m\u00e1s naturales, bio, org\u00e1nicos, frescos y menos procesados posibles. Tienen propiedades m\u00e1s positivas, nutricionalmente, pero tambi\u00e9n en t\u00e9rminos de sostenibilidad, que los precocinados, la boller\u00eda industrial u otros.\u00a0<\/p>\n<p>Por eso, siempre recomiendo <strong>consumir productos que respeten nuestro ecosistema, que vengan directamente del campo a nuestras cocinas; me gusta la ganader\u00eda sostenible y natural, <\/strong>no s\u00f3lo por la calidad de vida de los animales \u2014muy importante para m\u00ed\u2014 sino que tambi\u00e9n es una fuente para tomar \u201cm\u00e1s y mejores nutrientes, y una mejor alimentaci\u00f3n\u201d.<\/p>\n<p>Hay quien piensa que los productos ecol\u00f3gicos son una moda, y nada m\u00e1s lejos de la realidad. T\u00fa escoges y eliges lo que consumes para mejorar tu estilo de vida y al mismo tiempo cuidar el entorno natural, utilizando <strong>materiales reciclables, biodegradables, u otros productos cuyo ciclo de vida sea m\u00e1s largo, y as\u00ed disminuir los residuos generados.<\/strong> La \u00faltima decisi\u00f3n la tenemos cada uno de nosotros (recuerda, la suma de muchos logra grandes cambios), seg\u00fan nuestros objetivos o nuestra preocupaci\u00f3n por el medio ambiente, \u2026 determinar\u00e1s un estilo de vida u otro en cada decisi\u00f3n que tomamos cada d\u00eda. Por eso, lograrlo es m\u00e1s dif\u00edcil de lo que parece, requiere un tridente muy importante: \u201cmotivaci\u00f3n, personalidad y actitud\u201d.<\/p>\n<p>Sin embargo, <strong>controlar nuestra gen\u00e9tica, salud mental o f\u00edsica es algo m\u00e1s complejo y dif\u00edcil.<\/strong> Eso s\u00ed, nuestro estilo de vida puede condicionar a acelerar dichos procesos.<\/p>\n<p><a href=\"https:\/\/www.cancer.org\/es\/tratamiento\/tratamientos-y-efectos-secundarios\/efectos-secundarios-fisicos\/segundo-cancer-en-adultos\/estilo-de-vida-medio-ambiente.html\">Podemos tener una propensi\u00f3n gen\u00e9tica hacia el c\u00e1ncer, pero un mal estilo de vida lo puede acelerar<\/a>.<\/p>\n<p>Cada vez son m\u00e1s los estudios que constatan que buenos sistemas de salud p\u00fablica, y una poblaci\u00f3n preocupada por la misma, son claves determinantes para prevenir y, con ello, sufrir, menos afecciones y enfermedades. Por lo tanto, est\u00e1 claro que la salud p\u00fablica requiere de instituciones fuertes, y de una cultura f\u00e9rrea. <a href=\"https:\/\/www.scielosp.org\/article\/gs\/2019.v33n6\/584-592\/\">Las pol\u00edticas p\u00fablicas de sanidad son vitales para ayudar a luchar contra la obesidad y toda la gran cantidad de problemas colaterales que supone<\/a>.\u00a0<\/p>\n<p>Tenemos que ser conscientes que la salud, en t\u00e9rminos de la definici\u00f3n de la OMS, es algo integral: <em>\u00abla salud es un estado de completo bienestar f\u00edsico, mental y social, y no solamente la ausencia de afecciones o enfermedades\u00bb.<\/em><\/p>\n<p>Esa salud integral de la que habla la OMS requiere de estilos de vida saludables. Un estilo requiere de un d\u00eda a d\u00eda y una constancia. H\u00e1bitos que nos lleven a la mejor versi\u00f3n de nosotros mismos. Decisiones sin excusas (como\u2026 \u2018ma\u00f1ana\u2019 o \u2018por esto no pasa nada\u2026\u2019).\u00a0<\/p>\n<p>Una vida saludable requiere disciplina y sacrificio, porque tener una vida sedentaria y comer mal es mucho m\u00e1s sencillo (lo bueno siempre hay que ganarlo). Lo peor de los nuevos h\u00e1bitos es acostumbrarse. Pero al superar las primeras barreras, pronto veremos resultados, nos sentiremos mucho mejor de forma integral.<\/p>\n<h4>Hay dos pilares b\u00e1sicos en lo que deber\u00edamos centrarnos para llevar un estilo de vida saludable:<\/h4>\n<p><strong>1.- Nuestra dieta:<\/strong> mediterr\u00e1nea, equilibrada y sana. Rica en verduras y frutas, evitando boller\u00eda industrial.<\/p>\n<p><strong>2.- Evitar una vida sedentaria,<\/strong> realizando ejercicio al menos entre 3 y 4 veces por semana.<\/p>\n<p>Los malos h\u00e1bitos como el consumo de tabaco, exceso de consumo de sal o alcohol, a\u00f1adidos a una vida sedentaria y una dieta muy poco equilibrada, fomentan problemas relacionados con enfermedades cardiovasculares, diabetes, obesidad y colesterol, entre otras.<\/p>\n<h3><strong>\u201cMens sana in corpore sano\u201d: Mente sana en un cuerpo sano<\/strong><\/h3>\n<p>La ciencia y la historia les han dado toda la raz\u00f3n a los griegos con su famoso dicho:<em> \u201cMens sana in corpore sano\u201d\u00a0<\/em><\/p>\n<p>Adem\u00e1s de hacer ejercicio, como dec\u00eda antes, es importante tener una dieta equilibrada, dormir bien, evitar excitantes y t\u00f3xicos como el alcohol, drogas y tabaco. Mantenerse hidratados en todo momento: bebe cantidades de agua suficientes (2000-2500ml).\u00a0<\/p>\n<p>Evita procesados, boller\u00eda industrial, az\u00facares, no excedas en carnes rojas, 5 raciones de fruta y verdura al d\u00eda, nada de artificiales ni pesticidas e introduce en la dieta los alimentos integrales.<\/p>\n<p>A\u00f1adir a lo anterior, que adem\u00e1s <strong>no deber\u00edamos saltarnos las revisiones peri\u00f3dicas recomendadas<\/strong>, es otra forma de tener un control sobre nuestra salud y cuidarla.<\/p>\n<p>Pero en mi opini\u00f3n, uno de los aspectos a los que doy m\u00e1s importancia <strong>es dedicar todos los d\u00edas tiempo a uno mismo.<\/strong> Siempre deber\u00eda haber tiempo para ello o simplemente sacarlo unos minutos al d\u00eda. Haz lo que m\u00e1s te guste o apetezca, ya sea leer un libro, yoga \u2014para controlar y reducir el estr\u00e9s\u2014 o realizar una afici\u00f3n que te permita estar a gusto contigo, y con los dem\u00e1s. No te prives de un buen descanso porque juega un papel importante. La vida social tambi\u00e9n. La soledad (buscada) siempre viene bien, pero en exceso puede agravar ciertos problemas.<\/p>\n<p>Para concluir resalto algo que me digo con frecuencia:\u00a0<\/p>\n<p>Cuida tu mejor inversi\u00f3n\u2026en ti. S\u00f3lo podr\u00e1s ganar, \u00a1pi\u00e9nsalo!: malos h\u00e1bitos no conducen a una buena calidad ni bienestar integral. Quiz\u00e1s durante una \u00e9poca de nuestra vida no somos conscientes de la importancia de tener un estilo de vida saludable, sobre todo cuando somos j\u00f3venes. Pero al <strong>final las malas decisiones conducen a malos resultados.<\/strong> Por ello necesitamos tomar conciencia del poder que tenemos, en cada decisi\u00f3n, sobre nuestra salud, e incluso, sobre nuestras predisposiciones gen\u00e9ticas.<\/p>\n<p style=\"text-align: center;\"><a style=\"font-size: inherit;\" href=\"https:\/\/www.euroresidentes.com\/estilo-de-vida\/moda-estilo\/wp-content\/uploads\/sites\/15\/2020\/10\/tessa.jpg\"><img loading=\"lazy\" decoding=\"async\" class=\"wp-image-4155 aligncenter\" src=\"https:\/\/www.euroresidentes.com\/estilo-de-vida\/moda-estilo\/wp-content\/uploads\/sites\/15\/2020\/10\/tessa.jpg\" alt=\"\" width=\"125\" height=\"143\" \/><\/a>Autora: Teresa Garc\u00eda\u00a0<br \/><b style=\"font-size: inherit;\">Bio:<\/b> <a href=\"https:\/\/tessastreetlife.es\/bio\/\">tessastreetlife.es\/bio\/<\/a> <br \/><b style=\"font-size: inherit;\">Instagram:<\/b><a href=\"https:\/\/www.instagram.com\/tessa_streetlife_for_authentic\/\"> @tessa_streetlife_for_authentic<\/a><\/p>\n<p>\u00a0<\/p>\n<p><strong>Lecturas relacionadas:<\/strong><\/p>\n<ul>\n<li><a href=\"https:\/\/www.euroresidentes.com\/estilo-de-vida\/moda-estilo\/moda-sostenible-otra-moda-es-posible\">Otra moda es posible: la moda sostenible. Adi\u00f3s al usar y tirar<\/a><\/li>\n<li><a href=\"https:\/\/www.euroresidentes.com\/estilo-de-vida\/moda-estilo\/sostenibilidad-del-planeta-y-estilo-de-vida\">La sostenibilidad del planeta depende de tu estilo de vida<\/a><\/li>\n<li><a href=\"https:\/\/www.euroresidentes.com\/estilo-de-vida\/moda-estilo\/ahorrar-dinero-ropa-consejos-trucos-gastar-menos\">C\u00f3mo gastar menos en ropa<\/a><\/li>\n<li><a href=\"https:\/\/www.euroresidentes.com\/hogar\/consejos-trucos-remedios\/formas-de-cuidar-nuestro-planeta\">8 formas de cuidar nuestro planeta<\/a><\/li>\n<\/ul>\n","protected":false},"excerpt":{"rendered":"","protected":false},"author":1,"featured_media":4189,"comment_status":"open","ping_status":"closed","sticky":false,"template":"","format":"standard","meta":{"footnotes":""},"categories":[1],"tags":[],"class_list":["post-4184","post","type-post","status-publish","format-standard","has-post-thumbnail","hentry","category-general","has_thumb"],"yoast_head":"<!-- This site is optimized with the Yoast SEO plugin v24.1 - https:\/\/yoast.com\/wordpress\/plugins\/seo\/ -->\n<title>Tu salud: tu estilo de vida - Moda y estilo<\/title>\n<meta name=\"description\" content=\"El estilo de vida lo definen las decisiones que tomamosa diario y afectan a nuestra salud, mucho m\u00e1s de las que se podr\u00eda pensar\u00a0a priori.\" \/>\n<meta name=\"robots\" content=\"index, follow, max-snippet:-1, max-image-preview:large, max-video-preview:-1\" \/>\n<link rel=\"canonical\" href=\"https:\/\/www.euroresidentes.com\/estilo-de-vida\/moda-estilo\/tu-salud-tu-estilo-de-vida\/\" \/>\n<meta property=\"og:locale\" content=\"es_ES\" \/>\n<meta property=\"og:type\" content=\"article\" \/>\n<meta property=\"og:title\" content=\"Tu salud: tu estilo de vida - Moda y estilo\" \/>\n<meta property=\"og:description\" content=\"El estilo de vida lo definen las decisiones que tomamosa diario y afectan a nuestra salud, mucho m\u00e1s de las que se podr\u00eda pensar\u00a0a priori.\" \/>\n<meta property=\"og:url\" content=\"https:\/\/www.euroresidentes.com\/estilo-de-vida\/moda-estilo\/tu-salud-tu-estilo-de-vida\/\" \/>\n<meta property=\"og:site_name\" content=\"Moda y estilo\" \/>\n<meta property=\"article:publisher\" content=\"https:\/\/www.facebook.com\/euroresidentes\/\" \/>\n<meta property=\"article:published_time\" content=\"2020-11-13T14:39:23+00:00\" \/>\n<meta property=\"article:modified_time\" content=\"2020-11-26T19:09:46+00:00\" \/>\n<meta property=\"og:image\" content=\"https:\/\/www.euroresidentes.com\/estilo-de-vida\/moda-estilo\/wp-content\/uploads\/sites\/15\/2020\/11\/salud-estilo-de-vida.jpg\" \/>\n\t<meta property=\"og:image:width\" content=\"810\" \/>\n\t<meta property=\"og:image:height\" content=\"946\" \/>\n\t<meta property=\"og:image:type\" content=\"image\/jpeg\" \/>\n<meta name=\"author\" content=\"euroresidentes\" \/>\n<meta name=\"twitter:card\" content=\"summary_large_image\" \/>\n<meta name=\"twitter:label1\" content=\"Written by\" \/>\n\t<meta name=\"twitter:data1\" content=\"euroresidentes\" \/>\n\t<meta name=\"twitter:label2\" content=\"Est. reading time\" \/>\n\t<meta name=\"twitter:data2\" content=\"7 minutos\" \/>\n<script type=\"application\/ld+json\" class=\"yoast-schema-graph\">{\"@context\":\"https:\/\/schema.org\",\"@graph\":[{\"@type\":\"WebPage\",\"@id\":\"https:\/\/www.euroresidentes.com\/estilo-de-vida\/moda-estilo\/tu-salud-tu-estilo-de-vida\/\",\"url\":\"https:\/\/www.euroresidentes.com\/estilo-de-vida\/moda-estilo\/tu-salud-tu-estilo-de-vida\/\",\"name\":\"Tu salud: tu estilo de vida - Moda y estilo\",\"isPartOf\":{\"@id\":\"https:\/\/www.euroresidentes.com\/estilo-de-vida\/moda-estilo\/#website\"},\"primaryImageOfPage\":{\"@id\":\"https:\/\/www.euroresidentes.com\/estilo-de-vida\/moda-estilo\/tu-salud-tu-estilo-de-vida\/#primaryimage\"},\"image\":{\"@id\":\"https:\/\/www.euroresidentes.com\/estilo-de-vida\/moda-estilo\/tu-salud-tu-estilo-de-vida\/#primaryimage\"},\"thumbnailUrl\":\"https:\/\/www.euroresidentes.com\/estilo-de-vida\/moda-estilo\/wp-content\/uploads\/sites\/15\/2020\/11\/salud-estilo-de-vida.jpg\",\"datePublished\":\"2020-11-13T14:39:23+00:00\",\"dateModified\":\"2020-11-26T19:09:46+00:00\",\"author\":{\"@id\":\"https:\/\/www.euroresidentes.com\/estilo-de-vida\/moda-estilo\/#\/schema\/person\/fe82cb6ed74ddbae5c55fc01bd42f368\"},\"description\":\"El estilo de vida lo definen las decisiones que tomamosa diario y afectan a nuestra salud, mucho m\u00e1s de las que se podr\u00eda pensar\u00a0a priori.\",\"breadcrumb\":{\"@id\":\"https:\/\/www.euroresidentes.com\/estilo-de-vida\/moda-estilo\/tu-salud-tu-estilo-de-vida\/#breadcrumb\"},\"inLanguage\":\"es\",\"potentialAction\":[{\"@type\":\"ReadAction\",\"target\":[\"https:\/\/www.euroresidentes.com\/estilo-de-vida\/moda-estilo\/tu-salud-tu-estilo-de-vida\/\"]}]},{\"@type\":\"ImageObject\",\"inLanguage\":\"es\",\"@id\":\"https:\/\/www.euroresidentes.com\/estilo-de-vida\/moda-estilo\/tu-salud-tu-estilo-de-vida\/#primaryimage\",\"url\":\"https:\/\/www.euroresidentes.com\/estilo-de-vida\/moda-estilo\/wp-content\/uploads\/sites\/15\/2020\/11\/salud-estilo-de-vida.jpg\",\"contentUrl\":\"https:\/\/www.euroresidentes.com\/estilo-de-vida\/moda-estilo\/wp-content\/uploads\/sites\/15\/2020\/11\/salud-estilo-de-vida.jpg\",\"width\":810,\"height\":946,\"caption\":\"Foto: instagram.com\/tessa_streetlife_for_authentic\/\"},{\"@type\":\"BreadcrumbList\",\"@id\":\"https:\/\/www.euroresidentes.com\/estilo-de-vida\/moda-estilo\/tu-salud-tu-estilo-de-vida\/#breadcrumb\",\"itemListElement\":[{\"@type\":\"ListItem\",\"position\":1,\"name\":\"Portada\",\"item\":\"https:\/\/www.euroresidentes.com\/estilo-de-vida\/moda-estilo\/\"},{\"@type\":\"ListItem\",\"position\":2,\"name\":\"Tu salud: tu estilo de vida\"}]},{\"@type\":\"WebSite\",\"@id\":\"https:\/\/www.euroresidentes.com\/estilo-de-vida\/moda-estilo\/#website\",\"url\":\"https:\/\/www.euroresidentes.com\/estilo-de-vida\/moda-estilo\/\",\"name\":\"Moda y estilo\",\"description\":\"Tendencias de moda y belleza\",\"potentialAction\":[{\"@type\":\"SearchAction\",\"target\":{\"@type\":\"EntryPoint\",\"urlTemplate\":\"https:\/\/www.euroresidentes.com\/estilo-de-vida\/moda-estilo\/?s={search_term_string}\"},\"query-input\":{\"@type\":\"PropertyValueSpecification\",\"valueRequired\":true,\"valueName\":\"search_term_string\"}}],\"inLanguage\":\"es\"},{\"@type\":\"Person\",\"@id\":\"https:\/\/www.euroresidentes.com\/estilo-de-vida\/moda-estilo\/#\/schema\/person\/fe82cb6ed74ddbae5c55fc01bd42f368\",\"name\":\"euroresidentes\",\"image\":{\"@type\":\"ImageObject\",\"inLanguage\":\"es\",\"@id\":\"https:\/\/www.euroresidentes.com\/estilo-de-vida\/moda-estilo\/#\/schema\/person\/image\/\",\"url\":\"https:\/\/www.euroresidentes.com\/estilo-de-vida\/moda-estilo\/wp-content\/uploads\/sites\/15\/2016\/06\/logo-euroresidentes-150x150.png\",\"contentUrl\":\"https:\/\/www.euroresidentes.com\/estilo-de-vida\/moda-estilo\/wp-content\/uploads\/sites\/15\/2016\/06\/logo-euroresidentes-150x150.png\",\"caption\":\"euroresidentes\"},\"description\":\"EuroresidentesContenidos muy diversos sobre estilo de vida. Queremos emocionar y sorprender a nuestros usuarios, transmitir pasi\u00f3n por la vida y ayudar a las personas a resolver las necesidades grandes y peque\u00f1as de su vida cotidiana.\",\"sameAs\":[\"https:\/\/www.euroresidentes.com\/info.htm\"],\"url\":\"https:\/\/www.euroresidentes.com\/estilo-de-vida\/moda-estilo\/author\/euroresidentes\/\"}]}<\/script>\n<!-- \/ Yoast SEO plugin. -->","yoast_head_json":{"title":"Tu salud: tu estilo de vida - Moda y estilo","description":"El estilo de vida lo definen las decisiones que tomamosa diario y afectan a nuestra salud, mucho m\u00e1s de las que se podr\u00eda pensar\u00a0a priori.","robots":{"index":"index","follow":"follow","max-snippet":"max-snippet:-1","max-image-preview":"max-image-preview:large","max-video-preview":"max-video-preview:-1"},"canonical":"https:\/\/www.euroresidentes.com\/estilo-de-vida\/moda-estilo\/tu-salud-tu-estilo-de-vida\/","og_locale":"es_ES","og_type":"article","og_title":"Tu salud: tu estilo de vida - Moda y estilo","og_description":"El estilo de vida lo definen las decisiones que tomamosa diario y afectan a nuestra salud, mucho m\u00e1s de las que se podr\u00eda pensar\u00a0a priori.","og_url":"https:\/\/www.euroresidentes.com\/estilo-de-vida\/moda-estilo\/tu-salud-tu-estilo-de-vida\/","og_site_name":"Moda y estilo","article_publisher":"https:\/\/www.facebook.com\/euroresidentes\/","article_published_time":"2020-11-13T14:39:23+00:00","article_modified_time":"2020-11-26T19:09:46+00:00","og_image":[{"width":810,"height":946,"url":"https:\/\/www.euroresidentes.com\/estilo-de-vida\/moda-estilo\/wp-content\/uploads\/sites\/15\/2020\/11\/salud-estilo-de-vida.jpg","type":"image\/jpeg"}],"author":"euroresidentes","twitter_card":"summary_large_image","twitter_misc":{"Written by":"euroresidentes","Est. reading time":"7 minutos"},"schema":{"@context":"https:\/\/schema.org","@graph":[{"@type":"WebPage","@id":"https:\/\/www.euroresidentes.com\/estilo-de-vida\/moda-estilo\/tu-salud-tu-estilo-de-vida\/","url":"https:\/\/www.euroresidentes.com\/estilo-de-vida\/moda-estilo\/tu-salud-tu-estilo-de-vida\/","name":"Tu salud: tu estilo de vida - Moda y estilo","isPartOf":{"@id":"https:\/\/www.euroresidentes.com\/estilo-de-vida\/moda-estilo\/#website"},"primaryImageOfPage":{"@id":"https:\/\/www.euroresidentes.com\/estilo-de-vida\/moda-estilo\/tu-salud-tu-estilo-de-vida\/#primaryimage"},"image":{"@id":"https:\/\/www.euroresidentes.com\/estilo-de-vida\/moda-estilo\/tu-salud-tu-estilo-de-vida\/#primaryimage"},"thumbnailUrl":"https:\/\/www.euroresidentes.com\/estilo-de-vida\/moda-estilo\/wp-content\/uploads\/sites\/15\/2020\/11\/salud-estilo-de-vida.jpg","datePublished":"2020-11-13T14:39:23+00:00","dateModified":"2020-11-26T19:09:46+00:00","author":{"@id":"https:\/\/www.euroresidentes.com\/estilo-de-vida\/moda-estilo\/#\/schema\/person\/fe82cb6ed74ddbae5c55fc01bd42f368"},"description":"El estilo de vida lo definen las decisiones que tomamosa diario y afectan a nuestra salud, mucho m\u00e1s de las que se podr\u00eda pensar\u00a0a priori.","breadcrumb":{"@id":"https:\/\/www.euroresidentes.com\/estilo-de-vida\/moda-estilo\/tu-salud-tu-estilo-de-vida\/#breadcrumb"},"inLanguage":"es","potentialAction":[{"@type":"ReadAction","target":["https:\/\/www.euroresidentes.com\/estilo-de-vida\/moda-estilo\/tu-salud-tu-estilo-de-vida\/"]}]},{"@type":"ImageObject","inLanguage":"es","@id":"https:\/\/www.euroresidentes.com\/estilo-de-vida\/moda-estilo\/tu-salud-tu-estilo-de-vida\/#primaryimage","url":"https:\/\/www.euroresidentes.com\/estilo-de-vida\/moda-estilo\/wp-content\/uploads\/sites\/15\/2020\/11\/salud-estilo-de-vida.jpg","contentUrl":"https:\/\/www.euroresidentes.com\/estilo-de-vida\/moda-estilo\/wp-content\/uploads\/sites\/15\/2020\/11\/salud-estilo-de-vida.jpg","width":810,"height":946,"caption":"Foto: instagram.com\/tessa_streetlife_for_authentic\/"},{"@type":"BreadcrumbList","@id":"https:\/\/www.euroresidentes.com\/estilo-de-vida\/moda-estilo\/tu-salud-tu-estilo-de-vida\/#breadcrumb","itemListElement":[{"@type":"ListItem","position":1,"name":"Portada","item":"https:\/\/www.euroresidentes.com\/estilo-de-vida\/moda-estilo\/"},{"@type":"ListItem","position":2,"name":"Tu salud: tu estilo de vida"}]},{"@type":"WebSite","@id":"https:\/\/www.euroresidentes.com\/estilo-de-vida\/moda-estilo\/#website","url":"https:\/\/www.euroresidentes.com\/estilo-de-vida\/moda-estilo\/","name":"Moda y estilo","description":"Tendencias de moda y belleza","potentialAction":[{"@type":"SearchAction","target":{"@type":"EntryPoint","urlTemplate":"https:\/\/www.euroresidentes.com\/estilo-de-vida\/moda-estilo\/?s={search_term_string}"},"query-input":{"@type":"PropertyValueSpecification","valueRequired":true,"valueName":"search_term_string"}}],"inLanguage":"es"},{"@type":"Person","@id":"https:\/\/www.euroresidentes.com\/estilo-de-vida\/moda-estilo\/#\/schema\/person\/fe82cb6ed74ddbae5c55fc01bd42f368","name":"euroresidentes","image":{"@type":"ImageObject","inLanguage":"es","@id":"https:\/\/www.euroresidentes.com\/estilo-de-vida\/moda-estilo\/#\/schema\/person\/image\/","url":"https:\/\/www.euroresidentes.com\/estilo-de-vida\/moda-estilo\/wp-content\/uploads\/sites\/15\/2016\/06\/logo-euroresidentes-150x150.png","contentUrl":"https:\/\/www.euroresidentes.com\/estilo-de-vida\/moda-estilo\/wp-content\/uploads\/sites\/15\/2016\/06\/logo-euroresidentes-150x150.png","caption":"euroresidentes"},"description":"EuroresidentesContenidos muy diversos sobre estilo de vida. Queremos emocionar y sorprender a nuestros usuarios, transmitir pasi\u00f3n por la vida y ayudar a las personas a resolver las necesidades grandes y peque\u00f1as de su vida cotidiana.","sameAs":["https:\/\/www.euroresidentes.com\/info.htm"],"url":"https:\/\/www.euroresidentes.com\/estilo-de-vida\/moda-estilo\/author\/euroresidentes\/"}]}},"_links":{"self":[{"href":"https:\/\/www.euroresidentes.com\/estilo-de-vida\/moda-estilo\/wp-json\/wp\/v2\/posts\/4184","targetHints":{"allow":["GET"]}}],"collection":[{"href":"https:\/\/www.euroresidentes.com\/estilo-de-vida\/moda-estilo\/wp-json\/wp\/v2\/posts"}],"about":[{"href":"https:\/\/www.euroresidentes.com\/estilo-de-vida\/moda-estilo\/wp-json\/wp\/v2\/types\/post"}],"author":[{"embeddable":true,"href":"https:\/\/www.euroresidentes.com\/estilo-de-vida\/moda-estilo\/wp-json\/wp\/v2\/users\/1"}],"replies":[{"embeddable":true,"href":"https:\/\/www.euroresidentes.com\/estilo-de-vida\/moda-estilo\/wp-json\/wp\/v2\/comments?post=4184"}],"version-history":[{"count":15,"href":"https:\/\/www.euroresidentes.com\/estilo-de-vida\/moda-estilo\/wp-json\/wp\/v2\/posts\/4184\/revisions"}],"predecessor-version":[{"id":4216,"href":"https:\/\/www.euroresidentes.com\/estilo-de-vida\/moda-estilo\/wp-json\/wp\/v2\/posts\/4184\/revisions\/4216"}],"wp:featuredmedia":[{"embeddable":true,"href":"https:\/\/www.euroresidentes.com\/estilo-de-vida\/moda-estilo\/wp-json\/wp\/v2\/media\/4189"}],"wp:attachment":[{"href":"https:\/\/www.euroresidentes.com\/estilo-de-vida\/moda-estilo\/wp-json\/wp\/v2\/media?parent=4184"}],"wp:term":[{"taxonomy":"category","embeddable":true,"href":"https:\/\/www.euroresidentes.com\/estilo-de-vida\/moda-estilo\/wp-json\/wp\/v2\/categories?post=4184"},{"taxonomy":"post_tag","embeddable":true,"href":"https:\/\/www.euroresidentes.com\/estilo-de-vida\/moda-estilo\/wp-json\/wp\/v2\/tags?post=4184"}],"curies":[{"name":"wp","href":"https:\/\/api.w.org\/{rel}","templated":true}]}}