{"id":4168,"date":"2020-11-02T18:25:10","date_gmt":"2020-11-02T17:25:10","guid":{"rendered":"https:\/\/www.euroresidentes.com\/estilo-de-vida\/moda-estilo\/?p=4168"},"modified":"2020-11-13T15:52:14","modified_gmt":"2020-11-13T14:52:14","slug":"sostenibilidad-del-planeta-y-estilo-de-vida","status":"publish","type":"post","link":"https:\/\/www.euroresidentes.com\/estilo-de-vida\/moda-estilo\/sostenibilidad-del-planeta-y-estilo-de-vida\/","title":{"rendered":"La sostenibilidad del planeta depende de tu estilo de vida"},"content":{"rendered":"\n<p class=\"p1\">No hay alternativa. No hay marcha atr\u00e1s. Es un proceso imparable. No podemos escapar de una nueva realidad. \u00a1<a href=\"https:\/\/es.noplanetb.net\/\">No hay Planeta B<\/a>! Con ese eslogan se inici\u00f3 uno de los proyectos europeos con m\u00e1s impacto en la sensibilizaci\u00f3n por el medio ambiente. La sostenibilidad como punto cr\u00edtico en nuestras econom\u00edas. Y, como dice el propio proyecto: <b>peque\u00f1as acciones pueden generar grandes impactos en el medio.<\/b><\/p>\n<p class=\"p1\">Europa se ha declarado en \u2018transici\u00f3n energ\u00e9tica\u2019. Y como europeos vamos a destinar <a href=\"https:\/\/www.eleconomista.es\/energia\/noticias\/10297774\/01\/20\/La-Comision-Europea-lanza-su-plan-de-un-billon-para-financiar-la-transicion-energetica.html\">1 bill\u00f3n de euros a este gran desaf\u00edo<\/a>. Normativas m\u00e1s exigentes, planes estrat\u00e9gicos a 2050, un cambio profundo en la <a href=\"https:\/\/dobetter.esade.edu\/es\/esadegeo-brief-transicion-energetica?_wrapper_format=html\">forma de fabricar<\/a>. <b>Se gesta una nueva revoluci\u00f3n tecnol\u00f3gica, para una econom\u00eda m\u00e1s justa, limpia e inteligente: con esa potencia <a href=\"https:\/\/es.weforum.org\/events\/world-economic-forum-annual-meeting-2020\">se abri\u00f3 el <i>World Economic Forum<\/i> este enero de 2020 en Davos<\/a>.<\/b><\/p>\n<p><a href=\"https:\/\/www.euroresidentes.com\/estilo-de-vida\/moda-estilo\/wp-content\/uploads\/sites\/15\/2020\/11\/sostenibilidad-estilo-vida.jpg\"><img loading=\"lazy\" decoding=\"async\" class=\"aligncenter  wp-image-4170\" src=\"https:\/\/www.euroresidentes.com\/estilo-de-vida\/moda-estilo\/wp-content\/uploads\/sites\/15\/2020\/11\/sostenibilidad-estilo-vida.jpg\" alt=\"Foto: tessa_streetlife_for_authentic\" width=\"748\" height=\"936\" srcset=\"https:\/\/www.euroresidentes.com\/estilo-de-vida\/moda-estilo\/wp-content\/uploads\/sites\/15\/2020\/11\/sostenibilidad-estilo-vida.jpg 748w, https:\/\/www.euroresidentes.com\/estilo-de-vida\/moda-estilo\/wp-content\/uploads\/sites\/15\/2020\/11\/sostenibilidad-estilo-vida-240x300.jpg 240w, https:\/\/www.euroresidentes.com\/estilo-de-vida\/moda-estilo\/wp-content\/uploads\/sites\/15\/2020\/11\/sostenibilidad-estilo-vida-237x297.jpg 237w\" sizes=\"auto, (max-width: 748px) 100vw, 748px\" \/><\/a><\/p>\n<p class=\"p1\">Pero, como se dice en el argot futbol\u00edstico, \u2018necesitamos bajar el bal\u00f3n\u2019. Las grandes cumbres, los programas, las leyes, los presupuestos, los debates\u2026 todo eso es necesario, imprescindible. Pero <b>hay algo que tiene un impacto mayor, una oleada imparable para cambiar el mundo: nuestros actos, por peque\u00f1os que sean<\/b>.<\/p>\n<p class=\"p1\">Y <b>nuestros actos se definen por nuestro estilo de vida<\/b>, \u00e9se es el verdadero arma individual y m\u00e1s poderosa que tenemos:<b> c\u00f3mo nos movemos, qu\u00e9 comemos, qu\u00e9 ropa elegimos, d\u00f3nde vivimos, c\u00f3mo nos relacionamos, qu\u00e9 deporte hacernos, qu\u00e9 hacemos con nuestros residuos\u2026<\/b> Hay sectores, como por ejemplo <a href=\"https:\/\/www.sintetia.com\/140000-europa-proyectos-futuro-economia\/\">la industria de la moda, que tiene que re-inventarse por completo<\/a>, al ser uno de los m\u00e1s intensivos en energ\u00eda y m\u00e1s contaminantes. Y estas cosas, s\u00ed, dependen de nosotros, no s\u00f3lo de grandes acuerdos mundiales.<\/p>\n<p class=\"p1\">La sostenibilidad es un concepto a veces et\u00e9reo, moldeable y poco concreto. Para m\u00ed, <b>la sostenibilidad es una b\u00fasqueda (incansable) de soluciones socioecon\u00f3micas que nos permitan tener el menor impacto posible en el medio ambiente; pero adem\u00e1s, y es muy importante este adem\u00e1s, que ayuden a crear sociedades m\u00e1s justas y m\u00e1s pr\u00f3speras<\/b>. Sostenibilidad no es volver a las cavernas, como dicen algunos. Sostenibilidad es pensar c\u00f3mo la inteligencia y, sobre todo nuestros actos, pueden ayudarnos a crear una sociedad mejor sin deteriorar a\u00fan m\u00e1s el medio ambiente.<\/p>\n<p class=\"p1\"><b>No hay sostenibilidad posible sin tecnolog\u00edas: en energ\u00eda, en procesos de fabricaci\u00f3n, en el uso de envases, en la econom\u00eda circular<\/b> como nodo de las decisiones -logrando que entren en el sistema la menor cantidad posible de materias primas y que, una vez dentro, se reutilicen al m\u00e1ximo y se optimicen-; procesos agroindustriales con menor impacto en las tierras y en la biodiversidad\u2026<\/p>\n<p class=\"p1\"><b>La sostenibilidad, de verdad y con garant\u00edas, pasa por una alianza entre los consumidores, los fabricantes, la tecnolog\u00eda y las instituciones<\/b>. Un gran contrato social del que ninguno nos escapamos para lograrlo con \u00e9xito.<\/p>\n<p class=\"p1\"><b>Tomar conciencia y sensibilidad por un problema global es una decisi\u00f3n individual.<\/b> Todo suma, todo cuenta, y muchas responsabilidades dependen directamente de nosotros. Esto no va de \u2018que otros lo arreglen\u2019. <b>Tu estilo de vida, tus decisiones -por nimias que te parezcan- son cr\u00edticas para ti y todo lo que te rodea y quieres<\/b>.<\/p>\n<p class=\"p1\">Los grandes retos globales est\u00e1n claros. Basta con leer con atenci\u00f3n el <a href=\"https:\/\/www.unenvironment.org\/es\">Programa para el Medio Ambiente de la ONU<\/a>, cuya \u00faltima asamblea fue en Nairobi. Incluso la propia ONU asienta la importancia de todas las grandes acciones que se necesitan como una forma para combatir los estragos de la actual pandemia del Covid: <b><a href=\"https:\/\/www.unenvironment.org\/es\/resources\/trabajar-con-el-medio-ambiente-para-proteger-las-personas-la-respuesta-del-pnuma-la-covid\">proteger el medio ambiente para proteger a las personas<\/a>,<\/b> \u00e9se es su gran lema.<\/p>\n<p class=\"p1\">Estos retos pasan por \u00e1mbitos institucionales, empresariales y, sobre todo, individuales.<\/p>\n<p class=\"p1\">1.- Los citados grandes <b>cambios en la industria<\/b>: con tecnolog\u00edas y procesos m\u00e1s limpios, una reutilizaci\u00f3n de materias primas, una reducci\u00f3n del impacto en el consumo de energ\u00eda y agua. El uso de materiales m\u00e1s sostenibles.<\/p>\n<p class=\"p1\">Hay todo un proceso de investigaci\u00f3n e innovaci\u00f3n, as\u00ed como de transferencia de tecnolog\u00eda, que la industria tiene que aplicar para dejar menor huella y que podamos mantener nuestros niveles de consumo. Y <b>no hay sector que quede fuera de este proceso<\/b>: industria pesada, moda o textil, construcci\u00f3n, la agroindustria&#8230;<\/p>\n<p class=\"p1\">En este sentido, hay todo un desarrollo de biofertilizantes y biopesticidas, nuevas tecnolog\u00edas y procesos que est\u00e1n convirtiendo <b>la agroindustria en una gran oportunidad para tener un consumo m\u00e1s sostenible y, adem\u00e1s, saludable.<\/b><\/p>\n<p class=\"p1\"><b>2.- Los h\u00e1bitos de consumo acelerar\u00e1n la presi\u00f3n hacia las empresas. <\/b>No habr\u00e1 industria y empresas sostenibles sin \u2018clientes\u2019 sostenibles, exigentes. Y eso depende de cada uno de nosotros.<\/p>\n<p class=\"p1\">Cuando compras un producto, \u00bfpiensas antes c\u00f3mo te vas a deshacer de \u00e9l despu\u00e9s? \u00bfHas pensado d\u00f3nde se ha fabricado? \u00bfPor qu\u00e9 tiene ese precio y no otro? \u00bfQu\u00e9 alternativas tienes y por qu\u00e9 son mejores (o peores)? \u00bfHas pensado si ese consumo es energ\u00e9ticamente responsable o es un despilfarro? \u00bfTe has preocupado de los materiales, no s\u00f3lo de su dise\u00f1o? <b>Hay muchas preguntas detr\u00e1s de cada decisi\u00f3n de compra<\/b>. Pero somos capaces de resolverlas con un poco de intenci\u00f3n\u2026 <b>la soluci\u00f3n est\u00e1 en nuestra mano (donde tenemos nuestro <i>smartphone<\/i>). <\/b><\/p>\n<p class=\"p1\">Olvidemos el est\u00edmulo del \u2018comprar por comprar\u2019. El no informarse qu\u00e9 materiales se usan, c\u00f3mo se fabrica, d\u00f3nde, por qui\u00e9n. <b>La decisi\u00f3n de compra debe ser un acto m\u00e1s meditado, mejor informado.<\/b> Donde lo cr\u00edtico no sea s\u00f3lo el precio. La eficiencia ambiental, el impacto social, <b>la sostenibilidad integral es la verdadera esencia en cada decisi\u00f3n de compra. <\/b><\/p>\n<p class=\"p1\"><b>Nunca en la historia el ser humano tuvo m\u00e1s posibilidades para elegir productos. Nunca tuvimos m\u00e1s informaci\u00f3n y m\u00e1s facilidad de acceso a la misma. Elegir con criterio, \u00e9tica y bajo nuestros par\u00e1metros de justicia nunca fue tan importante.<\/b><\/p>\n<p class=\"p1\"><b>3.- La sostenibilidad no s\u00f3lo est\u00e1 en las tiendas\u2026<\/b> cada vez que abres el grifo, enciendes o apagas una luz, decides cambiar o no las ventanas de tu casa, decides qu\u00e9 medio usas para trabajar o desplazarte, est\u00e1s tomando una decisi\u00f3n con impacto en la sostenibilidad de nuestra econom\u00eda.<\/p>\n<p class=\"p1\">Y a\u00fan hay m\u00e1s. Si decides ser una persona sedentaria, o hacer deporte -no hace falta ser un deportista de \u00e9lite-, o llevar una alimentaci\u00f3n m\u00e1s sana y saludable, la diferencia puede tener un gran impacto a medio y largo plazo. Por ejemplo, entre ser sedentario o no hay un cl\u00e1sico <a href=\"http:\/\/pilarmartinescudero.com\/Ene2017\/Estudio%20impacto%20economico%20de%20la%20actividad%20f%C3%ADsica%20en%20el%20gasto%20farmace%C3%BAtico.pdf\">macroestudio que se hizo en Catalu\u00f1a<\/a> que demuestra que <b>hacer deporte 3 horas a la semana tiene consecuencias durante 15 a\u00f1os en la calidad de nuestra vida<\/b>. Cuando se invierte 1 euro p\u00fablico en sensibilizar a la poblaci\u00f3n para que lo hagamos, el sistema se ahora 50 euros en costes sanitarios.<\/p>\n<p class=\"p1\">Como ves, todo lo que haces tiene un impacto social y ambiental. Tu estilo de vida es el verdadero motor de una revoluci\u00f3n social.<\/p>\n<p class=\"p1\"><b>En cada decisi\u00f3n que tomamos hay muchas cosas en juego: nuestra salud, nuestro bienestar, nuestra sostenibilidad, la biodiversidad. <\/b>As\u00ed que, piensa:<b> <\/b>\u00bfmeditar esa decisi\u00f3n es realmente un sacrificio tan grande? Cambia tu estilo de vida y \u201ccaminemos juntos, en la misma direcci\u00f3n y podremos compartir grandes frutos\u201d.<\/p>\n<p style=\"text-align: center;\"><a style=\"font-size: inherit;\" href=\"https:\/\/www.euroresidentes.com\/estilo-de-vida\/moda-estilo\/wp-content\/uploads\/sites\/15\/2020\/10\/tessa.jpg\"><img loading=\"lazy\" decoding=\"async\" class=\"wp-image-4155 aligncenter\" src=\"https:\/\/www.euroresidentes.com\/estilo-de-vida\/moda-estilo\/wp-content\/uploads\/sites\/15\/2020\/10\/tessa.jpg\" alt=\"\" width=\"125\" height=\"143\" \/><\/a>Autora: Teresa Garc\u00eda\u00a0<br \/><b style=\"font-size: inherit;\">Bio:<\/b> <a href=\"https:\/\/tessastreetlife.es\/bio\/\">tessastreetlife.es\/bio\/<\/a> <br \/><b style=\"font-size: inherit;\">Instagram:<\/b><a href=\"https:\/\/www.instagram.com\/tessa_streetlife_for_authentic\/\"> @tessa_streetlife_for_authentic<\/a><\/p>\n<p>\u00a0<\/p>\n<p><strong><br \/>Lecturas relacionadas:<\/strong><\/p>\n<ul>\n<li><a href=\"https:\/\/www.euroresidentes.com\/estilo-de-vida\/moda-estilo\/moda-sostenible-otra-moda-es-posible\">Otra moda es posible: la moda sostenible. Adi\u00f3s al usar y tirar<\/a><\/li>\n<li><a href=\"https:\/\/www.euroresidentes.com\/estilo-de-vida\/moda-estilo\/tu-salud-tu-estilo-de-vida\" data-wplink-edit=\"true\">Tu salud, tu estilo de vida<\/a><\/li>\n<li><a href=\"https:\/\/www.euroresidentes.com\/estilo-de-vida\/moda-estilo\/ahorrar-dinero-ropa-consejos-trucos-gastar-menos\">C\u00f3mo gastar menos en ropa<\/a><\/li>\n<li><a href=\"https:\/\/www.euroresidentes.com\/hogar\/consejos-trucos-remedios\/formas-de-cuidar-nuestro-planeta\">8 formas de cuidar nuestro planeta<\/a><\/li>\n<\/ul>\n","protected":false},"excerpt":{"rendered":"","protected":false},"author":1,"featured_media":4170,"comment_status":"open","ping_status":"closed","sticky":false,"template":"","format":"standard","meta":{"footnotes":""},"categories":[1],"tags":[],"class_list":["post-4168","post","type-post","status-publish","format-standard","has-post-thumbnail","hentry","category-general","has_thumb"],"yoast_head":"<!-- This site is optimized with the Yoast SEO plugin v24.1 - https:\/\/yoast.com\/wordpress\/plugins\/seo\/ -->\n<title>La sostenibilidad del planeta depende de tu estilo de vida - Moda y estilo<\/title>\n<meta name=\"description\" content=\"Todo lo que haces tiene un impacto social y ambiental. Tu estilo de vida es el verdadero motor de una revoluci\u00f3n social, la sostenibilidad ...\" \/>\n<meta name=\"robots\" content=\"index, follow, max-snippet:-1, max-image-preview:large, max-video-preview:-1\" \/>\n<link rel=\"canonical\" href=\"https:\/\/www.euroresidentes.com\/estilo-de-vida\/moda-estilo\/sostenibilidad-del-planeta-y-estilo-de-vida\/\" \/>\n<meta property=\"og:locale\" content=\"es_ES\" \/>\n<meta property=\"og:type\" content=\"article\" \/>\n<meta property=\"og:title\" content=\"La sostenibilidad del planeta depende de tu estilo de vida - Moda y estilo\" \/>\n<meta property=\"og:description\" content=\"Todo lo que haces tiene un impacto social y ambiental. Tu estilo de vida es el verdadero motor de una revoluci\u00f3n social, la sostenibilidad ...\" \/>\n<meta property=\"og:url\" content=\"https:\/\/www.euroresidentes.com\/estilo-de-vida\/moda-estilo\/sostenibilidad-del-planeta-y-estilo-de-vida\/\" \/>\n<meta property=\"og:site_name\" content=\"Moda y estilo\" \/>\n<meta property=\"article:publisher\" content=\"https:\/\/www.facebook.com\/euroresidentes\/\" \/>\n<meta property=\"article:published_time\" content=\"2020-11-02T17:25:10+00:00\" \/>\n<meta property=\"article:modified_time\" content=\"2020-11-13T14:52:14+00:00\" \/>\n<meta property=\"og:image\" content=\"https:\/\/www.euroresidentes.com\/estilo-de-vida\/moda-estilo\/wp-content\/uploads\/sites\/15\/2020\/11\/sostenibilidad-estilo-vida.jpg\" \/>\n\t<meta property=\"og:image:width\" content=\"748\" \/>\n\t<meta property=\"og:image:height\" content=\"936\" \/>\n\t<meta property=\"og:image:type\" content=\"image\/jpeg\" \/>\n<meta name=\"author\" content=\"euroresidentes\" \/>\n<meta name=\"twitter:card\" content=\"summary_large_image\" \/>\n<meta name=\"twitter:label1\" content=\"Written by\" \/>\n\t<meta name=\"twitter:data1\" content=\"euroresidentes\" \/>\n\t<meta name=\"twitter:label2\" content=\"Est. reading time\" \/>\n\t<meta name=\"twitter:data2\" content=\"6 minutos\" \/>\n<script type=\"application\/ld+json\" class=\"yoast-schema-graph\">{\"@context\":\"https:\/\/schema.org\",\"@graph\":[{\"@type\":\"WebPage\",\"@id\":\"https:\/\/www.euroresidentes.com\/estilo-de-vida\/moda-estilo\/sostenibilidad-del-planeta-y-estilo-de-vida\/\",\"url\":\"https:\/\/www.euroresidentes.com\/estilo-de-vida\/moda-estilo\/sostenibilidad-del-planeta-y-estilo-de-vida\/\",\"name\":\"La sostenibilidad del planeta depende de tu estilo de vida - Moda y estilo\",\"isPartOf\":{\"@id\":\"https:\/\/www.euroresidentes.com\/estilo-de-vida\/moda-estilo\/#website\"},\"primaryImageOfPage\":{\"@id\":\"https:\/\/www.euroresidentes.com\/estilo-de-vida\/moda-estilo\/sostenibilidad-del-planeta-y-estilo-de-vida\/#primaryimage\"},\"image\":{\"@id\":\"https:\/\/www.euroresidentes.com\/estilo-de-vida\/moda-estilo\/sostenibilidad-del-planeta-y-estilo-de-vida\/#primaryimage\"},\"thumbnailUrl\":\"https:\/\/www.euroresidentes.com\/estilo-de-vida\/moda-estilo\/wp-content\/uploads\/sites\/15\/2020\/11\/sostenibilidad-estilo-vida.jpg\",\"datePublished\":\"2020-11-02T17:25:10+00:00\",\"dateModified\":\"2020-11-13T14:52:14+00:00\",\"author\":{\"@id\":\"https:\/\/www.euroresidentes.com\/estilo-de-vida\/moda-estilo\/#\/schema\/person\/fe82cb6ed74ddbae5c55fc01bd42f368\"},\"description\":\"Todo lo que haces tiene un impacto social y ambiental. Tu estilo de vida es el verdadero motor de una revoluci\u00f3n social, la sostenibilidad ...\",\"breadcrumb\":{\"@id\":\"https:\/\/www.euroresidentes.com\/estilo-de-vida\/moda-estilo\/sostenibilidad-del-planeta-y-estilo-de-vida\/#breadcrumb\"},\"inLanguage\":\"es\",\"potentialAction\":[{\"@type\":\"ReadAction\",\"target\":[\"https:\/\/www.euroresidentes.com\/estilo-de-vida\/moda-estilo\/sostenibilidad-del-planeta-y-estilo-de-vida\/\"]}]},{\"@type\":\"ImageObject\",\"inLanguage\":\"es\",\"@id\":\"https:\/\/www.euroresidentes.com\/estilo-de-vida\/moda-estilo\/sostenibilidad-del-planeta-y-estilo-de-vida\/#primaryimage\",\"url\":\"https:\/\/www.euroresidentes.com\/estilo-de-vida\/moda-estilo\/wp-content\/uploads\/sites\/15\/2020\/11\/sostenibilidad-estilo-vida.jpg\",\"contentUrl\":\"https:\/\/www.euroresidentes.com\/estilo-de-vida\/moda-estilo\/wp-content\/uploads\/sites\/15\/2020\/11\/sostenibilidad-estilo-vida.jpg\",\"width\":748,\"height\":936,\"caption\":\"Foto: tessa_streetlife_for_authentic\"},{\"@type\":\"BreadcrumbList\",\"@id\":\"https:\/\/www.euroresidentes.com\/estilo-de-vida\/moda-estilo\/sostenibilidad-del-planeta-y-estilo-de-vida\/#breadcrumb\",\"itemListElement\":[{\"@type\":\"ListItem\",\"position\":1,\"name\":\"Portada\",\"item\":\"https:\/\/www.euroresidentes.com\/estilo-de-vida\/moda-estilo\/\"},{\"@type\":\"ListItem\",\"position\":2,\"name\":\"La sostenibilidad del planeta depende de tu estilo de vida\"}]},{\"@type\":\"WebSite\",\"@id\":\"https:\/\/www.euroresidentes.com\/estilo-de-vida\/moda-estilo\/#website\",\"url\":\"https:\/\/www.euroresidentes.com\/estilo-de-vida\/moda-estilo\/\",\"name\":\"Moda y estilo\",\"description\":\"Tendencias de moda y belleza\",\"potentialAction\":[{\"@type\":\"SearchAction\",\"target\":{\"@type\":\"EntryPoint\",\"urlTemplate\":\"https:\/\/www.euroresidentes.com\/estilo-de-vida\/moda-estilo\/?s={search_term_string}\"},\"query-input\":{\"@type\":\"PropertyValueSpecification\",\"valueRequired\":true,\"valueName\":\"search_term_string\"}}],\"inLanguage\":\"es\"},{\"@type\":\"Person\",\"@id\":\"https:\/\/www.euroresidentes.com\/estilo-de-vida\/moda-estilo\/#\/schema\/person\/fe82cb6ed74ddbae5c55fc01bd42f368\",\"name\":\"euroresidentes\",\"image\":{\"@type\":\"ImageObject\",\"inLanguage\":\"es\",\"@id\":\"https:\/\/www.euroresidentes.com\/estilo-de-vida\/moda-estilo\/#\/schema\/person\/image\/\",\"url\":\"https:\/\/www.euroresidentes.com\/estilo-de-vida\/moda-estilo\/wp-content\/uploads\/sites\/15\/2016\/06\/logo-euroresidentes-150x150.png\",\"contentUrl\":\"https:\/\/www.euroresidentes.com\/estilo-de-vida\/moda-estilo\/wp-content\/uploads\/sites\/15\/2016\/06\/logo-euroresidentes-150x150.png\",\"caption\":\"euroresidentes\"},\"description\":\"EuroresidentesContenidos muy diversos sobre estilo de vida. Queremos emocionar y sorprender a nuestros usuarios, transmitir pasi\u00f3n por la vida y ayudar a las personas a resolver las necesidades grandes y peque\u00f1as de su vida cotidiana.\",\"sameAs\":[\"https:\/\/www.euroresidentes.com\/info.htm\"],\"url\":\"https:\/\/www.euroresidentes.com\/estilo-de-vida\/moda-estilo\/author\/euroresidentes\/\"}]}<\/script>\n<!-- \/ Yoast SEO plugin. -->","yoast_head_json":{"title":"La sostenibilidad del planeta depende de tu estilo de vida - Moda y estilo","description":"Todo lo que haces tiene un impacto social y ambiental. Tu estilo de vida es el verdadero motor de una revoluci\u00f3n social, la sostenibilidad ...","robots":{"index":"index","follow":"follow","max-snippet":"max-snippet:-1","max-image-preview":"max-image-preview:large","max-video-preview":"max-video-preview:-1"},"canonical":"https:\/\/www.euroresidentes.com\/estilo-de-vida\/moda-estilo\/sostenibilidad-del-planeta-y-estilo-de-vida\/","og_locale":"es_ES","og_type":"article","og_title":"La sostenibilidad del planeta depende de tu estilo de vida - Moda y estilo","og_description":"Todo lo que haces tiene un impacto social y ambiental. Tu estilo de vida es el verdadero motor de una revoluci\u00f3n social, la sostenibilidad ...","og_url":"https:\/\/www.euroresidentes.com\/estilo-de-vida\/moda-estilo\/sostenibilidad-del-planeta-y-estilo-de-vida\/","og_site_name":"Moda y estilo","article_publisher":"https:\/\/www.facebook.com\/euroresidentes\/","article_published_time":"2020-11-02T17:25:10+00:00","article_modified_time":"2020-11-13T14:52:14+00:00","og_image":[{"width":748,"height":936,"url":"https:\/\/www.euroresidentes.com\/estilo-de-vida\/moda-estilo\/wp-content\/uploads\/sites\/15\/2020\/11\/sostenibilidad-estilo-vida.jpg","type":"image\/jpeg"}],"author":"euroresidentes","twitter_card":"summary_large_image","twitter_misc":{"Written by":"euroresidentes","Est. reading time":"6 minutos"},"schema":{"@context":"https:\/\/schema.org","@graph":[{"@type":"WebPage","@id":"https:\/\/www.euroresidentes.com\/estilo-de-vida\/moda-estilo\/sostenibilidad-del-planeta-y-estilo-de-vida\/","url":"https:\/\/www.euroresidentes.com\/estilo-de-vida\/moda-estilo\/sostenibilidad-del-planeta-y-estilo-de-vida\/","name":"La sostenibilidad del planeta depende de tu estilo de vida - Moda y estilo","isPartOf":{"@id":"https:\/\/www.euroresidentes.com\/estilo-de-vida\/moda-estilo\/#website"},"primaryImageOfPage":{"@id":"https:\/\/www.euroresidentes.com\/estilo-de-vida\/moda-estilo\/sostenibilidad-del-planeta-y-estilo-de-vida\/#primaryimage"},"image":{"@id":"https:\/\/www.euroresidentes.com\/estilo-de-vida\/moda-estilo\/sostenibilidad-del-planeta-y-estilo-de-vida\/#primaryimage"},"thumbnailUrl":"https:\/\/www.euroresidentes.com\/estilo-de-vida\/moda-estilo\/wp-content\/uploads\/sites\/15\/2020\/11\/sostenibilidad-estilo-vida.jpg","datePublished":"2020-11-02T17:25:10+00:00","dateModified":"2020-11-13T14:52:14+00:00","author":{"@id":"https:\/\/www.euroresidentes.com\/estilo-de-vida\/moda-estilo\/#\/schema\/person\/fe82cb6ed74ddbae5c55fc01bd42f368"},"description":"Todo lo que haces tiene un impacto social y ambiental. Tu estilo de vida es el verdadero motor de una revoluci\u00f3n social, la sostenibilidad ...","breadcrumb":{"@id":"https:\/\/www.euroresidentes.com\/estilo-de-vida\/moda-estilo\/sostenibilidad-del-planeta-y-estilo-de-vida\/#breadcrumb"},"inLanguage":"es","potentialAction":[{"@type":"ReadAction","target":["https:\/\/www.euroresidentes.com\/estilo-de-vida\/moda-estilo\/sostenibilidad-del-planeta-y-estilo-de-vida\/"]}]},{"@type":"ImageObject","inLanguage":"es","@id":"https:\/\/www.euroresidentes.com\/estilo-de-vida\/moda-estilo\/sostenibilidad-del-planeta-y-estilo-de-vida\/#primaryimage","url":"https:\/\/www.euroresidentes.com\/estilo-de-vida\/moda-estilo\/wp-content\/uploads\/sites\/15\/2020\/11\/sostenibilidad-estilo-vida.jpg","contentUrl":"https:\/\/www.euroresidentes.com\/estilo-de-vida\/moda-estilo\/wp-content\/uploads\/sites\/15\/2020\/11\/sostenibilidad-estilo-vida.jpg","width":748,"height":936,"caption":"Foto: tessa_streetlife_for_authentic"},{"@type":"BreadcrumbList","@id":"https:\/\/www.euroresidentes.com\/estilo-de-vida\/moda-estilo\/sostenibilidad-del-planeta-y-estilo-de-vida\/#breadcrumb","itemListElement":[{"@type":"ListItem","position":1,"name":"Portada","item":"https:\/\/www.euroresidentes.com\/estilo-de-vida\/moda-estilo\/"},{"@type":"ListItem","position":2,"name":"La sostenibilidad del planeta depende de tu estilo de vida"}]},{"@type":"WebSite","@id":"https:\/\/www.euroresidentes.com\/estilo-de-vida\/moda-estilo\/#website","url":"https:\/\/www.euroresidentes.com\/estilo-de-vida\/moda-estilo\/","name":"Moda y estilo","description":"Tendencias de moda y belleza","potentialAction":[{"@type":"SearchAction","target":{"@type":"EntryPoint","urlTemplate":"https:\/\/www.euroresidentes.com\/estilo-de-vida\/moda-estilo\/?s={search_term_string}"},"query-input":{"@type":"PropertyValueSpecification","valueRequired":true,"valueName":"search_term_string"}}],"inLanguage":"es"},{"@type":"Person","@id":"https:\/\/www.euroresidentes.com\/estilo-de-vida\/moda-estilo\/#\/schema\/person\/fe82cb6ed74ddbae5c55fc01bd42f368","name":"euroresidentes","image":{"@type":"ImageObject","inLanguage":"es","@id":"https:\/\/www.euroresidentes.com\/estilo-de-vida\/moda-estilo\/#\/schema\/person\/image\/","url":"https:\/\/www.euroresidentes.com\/estilo-de-vida\/moda-estilo\/wp-content\/uploads\/sites\/15\/2016\/06\/logo-euroresidentes-150x150.png","contentUrl":"https:\/\/www.euroresidentes.com\/estilo-de-vida\/moda-estilo\/wp-content\/uploads\/sites\/15\/2016\/06\/logo-euroresidentes-150x150.png","caption":"euroresidentes"},"description":"EuroresidentesContenidos muy diversos sobre estilo de vida. Queremos emocionar y sorprender a nuestros usuarios, transmitir pasi\u00f3n por la vida y ayudar a las personas a resolver las necesidades grandes y peque\u00f1as de su vida cotidiana.","sameAs":["https:\/\/www.euroresidentes.com\/info.htm"],"url":"https:\/\/www.euroresidentes.com\/estilo-de-vida\/moda-estilo\/author\/euroresidentes\/"}]}},"_links":{"self":[{"href":"https:\/\/www.euroresidentes.com\/estilo-de-vida\/moda-estilo\/wp-json\/wp\/v2\/posts\/4168","targetHints":{"allow":["GET"]}}],"collection":[{"href":"https:\/\/www.euroresidentes.com\/estilo-de-vida\/moda-estilo\/wp-json\/wp\/v2\/posts"}],"about":[{"href":"https:\/\/www.euroresidentes.com\/estilo-de-vida\/moda-estilo\/wp-json\/wp\/v2\/types\/post"}],"author":[{"embeddable":true,"href":"https:\/\/www.euroresidentes.com\/estilo-de-vida\/moda-estilo\/wp-json\/wp\/v2\/users\/1"}],"replies":[{"embeddable":true,"href":"https:\/\/www.euroresidentes.com\/estilo-de-vida\/moda-estilo\/wp-json\/wp\/v2\/comments?post=4168"}],"version-history":[{"count":12,"href":"https:\/\/www.euroresidentes.com\/estilo-de-vida\/moda-estilo\/wp-json\/wp\/v2\/posts\/4168\/revisions"}],"predecessor-version":[{"id":4205,"href":"https:\/\/www.euroresidentes.com\/estilo-de-vida\/moda-estilo\/wp-json\/wp\/v2\/posts\/4168\/revisions\/4205"}],"wp:featuredmedia":[{"embeddable":true,"href":"https:\/\/www.euroresidentes.com\/estilo-de-vida\/moda-estilo\/wp-json\/wp\/v2\/media\/4170"}],"wp:attachment":[{"href":"https:\/\/www.euroresidentes.com\/estilo-de-vida\/moda-estilo\/wp-json\/wp\/v2\/media?parent=4168"}],"wp:term":[{"taxonomy":"category","embeddable":true,"href":"https:\/\/www.euroresidentes.com\/estilo-de-vida\/moda-estilo\/wp-json\/wp\/v2\/categories?post=4168"},{"taxonomy":"post_tag","embeddable":true,"href":"https:\/\/www.euroresidentes.com\/estilo-de-vida\/moda-estilo\/wp-json\/wp\/v2\/tags?post=4168"}],"curies":[{"name":"wp","href":"https:\/\/api.w.org\/{rel}","templated":true}]}}