{"id":40,"date":"2013-09-16T20:06:00","date_gmt":"2013-09-16T20:06:00","guid":{"rendered":"http:\/\/www.euroresidentes.com\/estilo-de-vida\/moda-estilo\/compras-con-vista"},"modified":"2016-02-25T07:51:24","modified_gmt":"2016-02-25T07:51:24","slug":"compras-con-vista","status":"publish","type":"post","link":"https:\/\/www.euroresidentes.com\/estilo-de-vida\/moda-estilo\/compras-con-vista\/","title":{"rendered":"Compras con vista"},"content":{"rendered":"<p>Hola a todas!<\/p>\n<p>Hoy quer\u00eda hablaros de las compras l\u00f3gicas, y de la amortizaci\u00f3n de una prenda o complemento, creo que todas alguna vez en nuestra vida hemos ca\u00eddo en el error de invertir una gran cantidad de dinero en una prenda de temporada, ERROR!<\/p>\n<p>Hoy en d\u00eda las marcas como MANGO, H&amp;M, ZARA, MASSIMO DUTTI, STRADIVARIUS&#8230; nos traen toda la moda a muy buen precio, solo hay que buscar un poquito.<\/p>\n<p>Hoy os traigo el ejemplo de un complemento, en concreto unas gafas de sol, vistas en muchas <i>it gils,<\/i><br \/>\nson unas gafas de <i>MIU MIU <\/i>y su precio ronda los 250 euros, as\u00ed que me he puesto manos a la obra y os he conseguido estas versiones, para que todas podamos ir a la moda!&nbsp;<i> <\/i><\/p>\n<p>\n<i>&nbsp;Vistas en Chiara Ferragni autora del blog The Blonde Salad, unas de las it girls del momento.<\/i><\/p>\n<div class=\"separator\" style=\"clear: both; text-align: center;\">\n<a href=\"http:\/\/3.bp.blogspot.com\/-EGVRH1ssrC0\/Ujdg5sMRJRI\/AAAAAAAAAJw\/4FEA9U8MTYM\/s1600\/1186119_10151668769058305_1281720292_n.jpg\" imageanchor=\"1\" style=\"margin-left: 1em; margin-right: 1em;\"><img loading=\"lazy\" decoding=\"async\" border=\"0\" height=\"320\" src=\"https:\/\/www.euroresidentes.com\/estilo-de-vida\/moda-estilo\/wp-content\/uploads\/sites\/15\/2013\/09\/1186119_10151668769058305_1281720292_n.jpg\" width=\"311\" \/><\/a><\/div>\n<p><i>aqu\u00ed os dejo la versi\u00f3n low cost de zara 15,99 euros<\/i><br \/>\n<i><br \/><\/i><br \/>\n<\/p>\n<div class=\"separator\" style=\"clear: both; text-align: center;\">\n<a href=\"http:\/\/1.bp.blogspot.com\/-fHCktM1ZF9k\/Ujdhs_XvdlI\/AAAAAAAAAJ4\/eqzRIVktxdU\/s1600\/3147202800_1_1_1.jpg\" imageanchor=\"1\" style=\"margin-left: 1em; margin-right: 1em;\"><img loading=\"lazy\" decoding=\"async\" border=\"0\" height=\"320\" src=\"https:\/\/www.euroresidentes.com\/estilo-de-vida\/moda-estilo\/wp-content\/uploads\/sites\/15\/2013\/09\/3147202800_1_1_1.jpg\" width=\"275\" \/><\/a><\/div>\n<p><i>y stradivarius en Carey 9,90 euros<\/i><\/p>\n<div class=\"separator\" style=\"clear: both; text-align: center;\">\n<\/div>\n<div class=\"separator\" style=\"clear: both; text-align: center;\">\n<i><a href=\"http:\/\/4.bp.blogspot.com\/-AADNM_8NsnI\/UjdiWoopCwI\/AAAAAAAAAKE\/d3hdpPnTlrM\/s1600\/7445003420_1_1_2.jpg\" imageanchor=\"1\" style=\"margin-left: 1em; margin-right: 1em;\">_<img loading=\"lazy\" decoding=\"async\" border=\"0\" height=\"320\" src=\"https:\/\/www.euroresidentes.com\/estilo-de-vida\/moda-estilo\/wp-content\/uploads\/sites\/15\/2013\/09\/7445003420_1_1_2.jpg\" width=\"249\" \/> <\/a><\/i><\/div>\n<p>\nYa sab\u00e9is, existen siempre opciones mas econ\u00f3micas, no invirt\u00e1is grandes cantidades si no es en una prenda a-temporal, b\u00e1sica, de fondo de armario, recordar que la amortizaci\u00f3n de una prenda es, el valor de la misma dividido entre la cantidad de veces que la vais a utilizar.<\/p>\n<p><i>Espero que os haya sido de ayuda y que las disfrut\u00e9is, hasta la pr\u00f3xima!<\/i><\/p>\n<p><\/p>\n","protected":false},"excerpt":{"rendered":"<p>Hola a todas! Hoy quer\u00eda hablaros de las compras l\u00f3gicas, y de la amortizaci\u00f3n de una prenda o complemento, creo que todas alguna vez en nuestra vida hemos ca\u00eddo en el error de invertir una gran cantidad de dinero en una prenda de temporada, ERROR! Hoy en d\u00eda las marcas como MANGO, H&amp;M, ZARA, MASSIMO DUTTI, STRADIVARIUS&#8230; nos traen toda la moda a muy buen precio, solo hay que buscar un poquito. Hoy os traigo el ejemplo de un complemento, en concreto unas gafas de sol, vistas en muchas it gils, son unas gafas de MIU MIU y su precio <\/p>\n","protected":false},"author":1,"featured_media":579,"comment_status":"open","ping_status":"open","sticky":false,"template":"","format":"standard","meta":{"footnotes":""},"categories":[1],"tags":[5],"class_list":["post-40","post","type-post","status-publish","format-standard","has-post-thumbnail","hentry","category-general","tag-moda","has_thumb"],"yoast_head":"<!-- This site is optimized with the Yoast SEO plugin v24.1 - https:\/\/yoast.com\/wordpress\/plugins\/seo\/ -->\n<title>Compras con vista - Moda y estilo<\/title>\n<meta name=\"robots\" content=\"index, follow, max-snippet:-1, max-image-preview:large, max-video-preview:-1\" \/>\n<link rel=\"canonical\" href=\"https:\/\/www.euroresidentes.com\/estilo-de-vida\/moda-estilo\/compras-con-vista\/\" \/>\n<meta property=\"og:locale\" content=\"es_ES\" \/>\n<meta property=\"og:type\" content=\"article\" \/>\n<meta property=\"og:title\" content=\"Compras con vista - Moda y estilo\" \/>\n<meta property=\"og:description\" content=\"Hola a todas! Hoy quer\u00eda hablaros de las compras l\u00f3gicas, y de la amortizaci\u00f3n de una prenda o complemento, creo que todas alguna vez en nuestra vida hemos ca\u00eddo en el error de invertir una gran cantidad de dinero en una prenda de temporada, ERROR! Hoy en d\u00eda las marcas como MANGO, H&amp;M, ZARA, MASSIMO DUTTI, STRADIVARIUS&#8230; nos traen toda la moda a muy buen precio, solo hay que buscar un poquito. Hoy os traigo el ejemplo de un complemento, en concreto unas gafas de sol, vistas en muchas it gils, son unas gafas de MIU MIU y su precio\" \/>\n<meta property=\"og:url\" content=\"https:\/\/www.euroresidentes.com\/estilo-de-vida\/moda-estilo\/compras-con-vista\/\" \/>\n<meta property=\"og:site_name\" content=\"Moda y estilo\" \/>\n<meta property=\"article:publisher\" content=\"https:\/\/www.facebook.com\/euroresidentes\/\" \/>\n<meta property=\"article:published_time\" content=\"2013-09-16T20:06:00+00:00\" \/>\n<meta property=\"article:modified_time\" content=\"2016-02-25T07:51:24+00:00\" \/>\n<meta property=\"og:image\" content=\"https:\/\/www.euroresidentes.com\/estilo-de-vida\/moda-estilo\/wp-content\/uploads\/sites\/15\/2013\/09\/1186119_10151668769058305_1281720292_n.jpg\" \/>\n\t<meta property=\"og:image:width\" content=\"311\" \/>\n\t<meta property=\"og:image:height\" content=\"320\" \/>\n\t<meta property=\"og:image:type\" content=\"image\/jpeg\" \/>\n<meta name=\"author\" content=\"euroresidentes\" \/>\n<meta name=\"twitter:card\" content=\"summary_large_image\" \/>\n<meta name=\"twitter:label1\" content=\"Written by\" \/>\n\t<meta name=\"twitter:data1\" content=\"euroresidentes\" \/>\n\t<meta name=\"twitter:label2\" content=\"Est. reading time\" \/>\n\t<meta name=\"twitter:data2\" content=\"1 minuto\" \/>\n<script type=\"application\/ld+json\" class=\"yoast-schema-graph\">{\"@context\":\"https:\/\/schema.org\",\"@graph\":[{\"@type\":\"WebPage\",\"@id\":\"https:\/\/www.euroresidentes.com\/estilo-de-vida\/moda-estilo\/compras-con-vista\/\",\"url\":\"https:\/\/www.euroresidentes.com\/estilo-de-vida\/moda-estilo\/compras-con-vista\/\",\"name\":\"Compras con vista - Moda y estilo\",\"isPartOf\":{\"@id\":\"https:\/\/www.euroresidentes.com\/estilo-de-vida\/moda-estilo\/#website\"},\"primaryImageOfPage\":{\"@id\":\"https:\/\/www.euroresidentes.com\/estilo-de-vida\/moda-estilo\/compras-con-vista\/#primaryimage\"},\"image\":{\"@id\":\"https:\/\/www.euroresidentes.com\/estilo-de-vida\/moda-estilo\/compras-con-vista\/#primaryimage\"},\"thumbnailUrl\":\"https:\/\/www.euroresidentes.com\/estilo-de-vida\/moda-estilo\/wp-content\/uploads\/sites\/15\/2013\/09\/1186119_10151668769058305_1281720292_n.jpg\",\"datePublished\":\"2013-09-16T20:06:00+00:00\",\"dateModified\":\"2016-02-25T07:51:24+00:00\",\"author\":{\"@id\":\"https:\/\/www.euroresidentes.com\/estilo-de-vida\/moda-estilo\/#\/schema\/person\/fe82cb6ed74ddbae5c55fc01bd42f368\"},\"breadcrumb\":{\"@id\":\"https:\/\/www.euroresidentes.com\/estilo-de-vida\/moda-estilo\/compras-con-vista\/#breadcrumb\"},\"inLanguage\":\"es\",\"potentialAction\":[{\"@type\":\"ReadAction\",\"target\":[\"https:\/\/www.euroresidentes.com\/estilo-de-vida\/moda-estilo\/compras-con-vista\/\"]}]},{\"@type\":\"ImageObject\",\"inLanguage\":\"es\",\"@id\":\"https:\/\/www.euroresidentes.com\/estilo-de-vida\/moda-estilo\/compras-con-vista\/#primaryimage\",\"url\":\"https:\/\/www.euroresidentes.com\/estilo-de-vida\/moda-estilo\/wp-content\/uploads\/sites\/15\/2013\/09\/1186119_10151668769058305_1281720292_n.jpg\",\"contentUrl\":\"https:\/\/www.euroresidentes.com\/estilo-de-vida\/moda-estilo\/wp-content\/uploads\/sites\/15\/2013\/09\/1186119_10151668769058305_1281720292_n.jpg\",\"width\":311,\"height\":320},{\"@type\":\"BreadcrumbList\",\"@id\":\"https:\/\/www.euroresidentes.com\/estilo-de-vida\/moda-estilo\/compras-con-vista\/#breadcrumb\",\"itemListElement\":[{\"@type\":\"ListItem\",\"position\":1,\"name\":\"Portada\",\"item\":\"https:\/\/www.euroresidentes.com\/estilo-de-vida\/moda-estilo\/\"},{\"@type\":\"ListItem\",\"position\":2,\"name\":\"Compras con vista\"}]},{\"@type\":\"WebSite\",\"@id\":\"https:\/\/www.euroresidentes.com\/estilo-de-vida\/moda-estilo\/#website\",\"url\":\"https:\/\/www.euroresidentes.com\/estilo-de-vida\/moda-estilo\/\",\"name\":\"Moda y estilo\",\"description\":\"Tendencias de moda y belleza\",\"potentialAction\":[{\"@type\":\"SearchAction\",\"target\":{\"@type\":\"EntryPoint\",\"urlTemplate\":\"https:\/\/www.euroresidentes.com\/estilo-de-vida\/moda-estilo\/?s={search_term_string}\"},\"query-input\":{\"@type\":\"PropertyValueSpecification\",\"valueRequired\":true,\"valueName\":\"search_term_string\"}}],\"inLanguage\":\"es\"},{\"@type\":\"Person\",\"@id\":\"https:\/\/www.euroresidentes.com\/estilo-de-vida\/moda-estilo\/#\/schema\/person\/fe82cb6ed74ddbae5c55fc01bd42f368\",\"name\":\"euroresidentes\",\"image\":{\"@type\":\"ImageObject\",\"inLanguage\":\"es\",\"@id\":\"https:\/\/www.euroresidentes.com\/estilo-de-vida\/moda-estilo\/#\/schema\/person\/image\/\",\"url\":\"https:\/\/www.euroresidentes.com\/estilo-de-vida\/moda-estilo\/wp-content\/uploads\/sites\/15\/2016\/06\/logo-euroresidentes-150x150.png\",\"contentUrl\":\"https:\/\/www.euroresidentes.com\/estilo-de-vida\/moda-estilo\/wp-content\/uploads\/sites\/15\/2016\/06\/logo-euroresidentes-150x150.png\",\"caption\":\"euroresidentes\"},\"description\":\"EuroresidentesContenidos muy diversos sobre estilo de vida. Queremos emocionar y sorprender a nuestros usuarios, transmitir pasi\u00f3n por la vida y ayudar a las personas a resolver las necesidades grandes y peque\u00f1as de su vida cotidiana.\",\"sameAs\":[\"https:\/\/www.euroresidentes.com\/info.htm\"],\"url\":\"https:\/\/www.euroresidentes.com\/estilo-de-vida\/moda-estilo\/author\/euroresidentes\/\"}]}<\/script>\n<!-- \/ Yoast SEO plugin. -->","yoast_head_json":{"title":"Compras con vista - Moda y estilo","robots":{"index":"index","follow":"follow","max-snippet":"max-snippet:-1","max-image-preview":"max-image-preview:large","max-video-preview":"max-video-preview:-1"},"canonical":"https:\/\/www.euroresidentes.com\/estilo-de-vida\/moda-estilo\/compras-con-vista\/","og_locale":"es_ES","og_type":"article","og_title":"Compras con vista - Moda y estilo","og_description":"Hola a todas! Hoy quer\u00eda hablaros de las compras l\u00f3gicas, y de la amortizaci\u00f3n de una prenda o complemento, creo que todas alguna vez en nuestra vida hemos ca\u00eddo en el error de invertir una gran cantidad de dinero en una prenda de temporada, ERROR! Hoy en d\u00eda las marcas como MANGO, H&amp;M, ZARA, MASSIMO DUTTI, STRADIVARIUS&#8230; nos traen toda la moda a muy buen precio, solo hay que buscar un poquito. Hoy os traigo el ejemplo de un complemento, en concreto unas gafas de sol, vistas en muchas it gils, son unas gafas de MIU MIU y su precio","og_url":"https:\/\/www.euroresidentes.com\/estilo-de-vida\/moda-estilo\/compras-con-vista\/","og_site_name":"Moda y estilo","article_publisher":"https:\/\/www.facebook.com\/euroresidentes\/","article_published_time":"2013-09-16T20:06:00+00:00","article_modified_time":"2016-02-25T07:51:24+00:00","og_image":[{"width":311,"height":320,"url":"https:\/\/www.euroresidentes.com\/estilo-de-vida\/moda-estilo\/wp-content\/uploads\/sites\/15\/2013\/09\/1186119_10151668769058305_1281720292_n.jpg","type":"image\/jpeg"}],"author":"euroresidentes","twitter_card":"summary_large_image","twitter_misc":{"Written by":"euroresidentes","Est. reading time":"1 minuto"},"schema":{"@context":"https:\/\/schema.org","@graph":[{"@type":"WebPage","@id":"https:\/\/www.euroresidentes.com\/estilo-de-vida\/moda-estilo\/compras-con-vista\/","url":"https:\/\/www.euroresidentes.com\/estilo-de-vida\/moda-estilo\/compras-con-vista\/","name":"Compras con vista - Moda y estilo","isPartOf":{"@id":"https:\/\/www.euroresidentes.com\/estilo-de-vida\/moda-estilo\/#website"},"primaryImageOfPage":{"@id":"https:\/\/www.euroresidentes.com\/estilo-de-vida\/moda-estilo\/compras-con-vista\/#primaryimage"},"image":{"@id":"https:\/\/www.euroresidentes.com\/estilo-de-vida\/moda-estilo\/compras-con-vista\/#primaryimage"},"thumbnailUrl":"https:\/\/www.euroresidentes.com\/estilo-de-vida\/moda-estilo\/wp-content\/uploads\/sites\/15\/2013\/09\/1186119_10151668769058305_1281720292_n.jpg","datePublished":"2013-09-16T20:06:00+00:00","dateModified":"2016-02-25T07:51:24+00:00","author":{"@id":"https:\/\/www.euroresidentes.com\/estilo-de-vida\/moda-estilo\/#\/schema\/person\/fe82cb6ed74ddbae5c55fc01bd42f368"},"breadcrumb":{"@id":"https:\/\/www.euroresidentes.com\/estilo-de-vida\/moda-estilo\/compras-con-vista\/#breadcrumb"},"inLanguage":"es","potentialAction":[{"@type":"ReadAction","target":["https:\/\/www.euroresidentes.com\/estilo-de-vida\/moda-estilo\/compras-con-vista\/"]}]},{"@type":"ImageObject","inLanguage":"es","@id":"https:\/\/www.euroresidentes.com\/estilo-de-vida\/moda-estilo\/compras-con-vista\/#primaryimage","url":"https:\/\/www.euroresidentes.com\/estilo-de-vida\/moda-estilo\/wp-content\/uploads\/sites\/15\/2013\/09\/1186119_10151668769058305_1281720292_n.jpg","contentUrl":"https:\/\/www.euroresidentes.com\/estilo-de-vida\/moda-estilo\/wp-content\/uploads\/sites\/15\/2013\/09\/1186119_10151668769058305_1281720292_n.jpg","width":311,"height":320},{"@type":"BreadcrumbList","@id":"https:\/\/www.euroresidentes.com\/estilo-de-vida\/moda-estilo\/compras-con-vista\/#breadcrumb","itemListElement":[{"@type":"ListItem","position":1,"name":"Portada","item":"https:\/\/www.euroresidentes.com\/estilo-de-vida\/moda-estilo\/"},{"@type":"ListItem","position":2,"name":"Compras con vista"}]},{"@type":"WebSite","@id":"https:\/\/www.euroresidentes.com\/estilo-de-vida\/moda-estilo\/#website","url":"https:\/\/www.euroresidentes.com\/estilo-de-vida\/moda-estilo\/","name":"Moda y estilo","description":"Tendencias de moda y belleza","potentialAction":[{"@type":"SearchAction","target":{"@type":"EntryPoint","urlTemplate":"https:\/\/www.euroresidentes.com\/estilo-de-vida\/moda-estilo\/?s={search_term_string}"},"query-input":{"@type":"PropertyValueSpecification","valueRequired":true,"valueName":"search_term_string"}}],"inLanguage":"es"},{"@type":"Person","@id":"https:\/\/www.euroresidentes.com\/estilo-de-vida\/moda-estilo\/#\/schema\/person\/fe82cb6ed74ddbae5c55fc01bd42f368","name":"euroresidentes","image":{"@type":"ImageObject","inLanguage":"es","@id":"https:\/\/www.euroresidentes.com\/estilo-de-vida\/moda-estilo\/#\/schema\/person\/image\/","url":"https:\/\/www.euroresidentes.com\/estilo-de-vida\/moda-estilo\/wp-content\/uploads\/sites\/15\/2016\/06\/logo-euroresidentes-150x150.png","contentUrl":"https:\/\/www.euroresidentes.com\/estilo-de-vida\/moda-estilo\/wp-content\/uploads\/sites\/15\/2016\/06\/logo-euroresidentes-150x150.png","caption":"euroresidentes"},"description":"EuroresidentesContenidos muy diversos sobre estilo de vida. Queremos emocionar y sorprender a nuestros usuarios, transmitir pasi\u00f3n por la vida y ayudar a las personas a resolver las necesidades grandes y peque\u00f1as de su vida cotidiana.","sameAs":["https:\/\/www.euroresidentes.com\/info.htm"],"url":"https:\/\/www.euroresidentes.com\/estilo-de-vida\/moda-estilo\/author\/euroresidentes\/"}]}},"_links":{"self":[{"href":"https:\/\/www.euroresidentes.com\/estilo-de-vida\/moda-estilo\/wp-json\/wp\/v2\/posts\/40","targetHints":{"allow":["GET"]}}],"collection":[{"href":"https:\/\/www.euroresidentes.com\/estilo-de-vida\/moda-estilo\/wp-json\/wp\/v2\/posts"}],"about":[{"href":"https:\/\/www.euroresidentes.com\/estilo-de-vida\/moda-estilo\/wp-json\/wp\/v2\/types\/post"}],"author":[{"embeddable":true,"href":"https:\/\/www.euroresidentes.com\/estilo-de-vida\/moda-estilo\/wp-json\/wp\/v2\/users\/1"}],"replies":[{"embeddable":true,"href":"https:\/\/www.euroresidentes.com\/estilo-de-vida\/moda-estilo\/wp-json\/wp\/v2\/comments?post=40"}],"version-history":[{"count":1,"href":"https:\/\/www.euroresidentes.com\/estilo-de-vida\/moda-estilo\/wp-json\/wp\/v2\/posts\/40\/revisions"}],"predecessor-version":[{"id":582,"href":"https:\/\/www.euroresidentes.com\/estilo-de-vida\/moda-estilo\/wp-json\/wp\/v2\/posts\/40\/revisions\/582"}],"wp:featuredmedia":[{"embeddable":true,"href":"https:\/\/www.euroresidentes.com\/estilo-de-vida\/moda-estilo\/wp-json\/wp\/v2\/media\/579"}],"wp:attachment":[{"href":"https:\/\/www.euroresidentes.com\/estilo-de-vida\/moda-estilo\/wp-json\/wp\/v2\/media?parent=40"}],"wp:term":[{"taxonomy":"category","embeddable":true,"href":"https:\/\/www.euroresidentes.com\/estilo-de-vida\/moda-estilo\/wp-json\/wp\/v2\/categories?post=40"},{"taxonomy":"post_tag","embeddable":true,"href":"https:\/\/www.euroresidentes.com\/estilo-de-vida\/moda-estilo\/wp-json\/wp\/v2\/tags?post=40"}],"curies":[{"name":"wp","href":"https:\/\/api.w.org\/{rel}","templated":true}]}}