{"id":3854,"date":"2018-02-28T10:00:27","date_gmt":"2018-02-28T09:00:27","guid":{"rendered":"https:\/\/www.euroresidentes.com\/estilo-de-vida\/moda-estilo\/?p=3854"},"modified":"2018-03-02T10:29:15","modified_gmt":"2018-03-02T09:29:15","slug":"el-champu-en-seco-dry-shampoo","status":"publish","type":"post","link":"https:\/\/www.euroresidentes.com\/estilo-de-vida\/moda-estilo\/el-champu-en-seco-dry-shampoo\/","title":{"rendered":"Tu nuevo aliado: el champ\u00fa en seco o dry shampoo"},"content":{"rendered":"<p style=\"text-align: left;\">Ya sabemos que no es bueno abusar de los lavados del pelo d\u00eda si y d\u00eda tambi\u00e9n, ya que <em>podemos <\/em>provocar el efecto contrario y hacer que se ensucie m\u00e1s r\u00e1pidamente, adem\u00e1s de resecamos e irritamos el cuero cabelludo, por lo que se recomienda utilizar champ\u00fas lo m\u00e1s naturales posibles y dos o tres veces por semana.<\/p>\n<p><!-- inserta publi --><\/p>\n<p style=\"text-align: left;\">Pero tenemos la soluci\u00f3n al problema. El <strong>champ\u00fa en seco<\/strong> o <em>dry shampoo<\/em> es el aliado perfecto para esos momentos de apuro\u00a0que no tienes tiempo para un lavado de cabeza y necesitas <strong>desengrasar la ra\u00edz<\/strong>.<\/p>\n<h3 style=\"text-align: left;\"><strong>\u00bfCu\u00e1ndo usar el champ\u00fa en seco?<\/strong><\/h3>\n<p style=\"text-align: left;\">\u00dasalo no s\u00f3lo para <strong>momentos de emergencia<\/strong> sino para <strong>espaciar los lavados si tienes un cabello muy graso<\/strong>, te aguantar\u00e1 m\u00e1s d\u00edas sin tener que lav\u00e1rtelo.<\/p>\n<p style=\"text-align: left;\">Pero\u2026 \u00a1cuidado!, porque <strong>el champ\u00fa en seco no sustituye para nada los lavados<\/strong>, es un recurso para momentos puntuales, <strong>para dar volumen y crear textura<\/strong>, adem\u00e1s de conseguir m\u00e1s brillo.<\/p>\n<h3 style=\"text-align: left;\"><strong>\u00bfC\u00f3mo usar el champ\u00fa en seco?<\/strong><\/h3>\n<p style=\"text-align: left;\">Se <strong>pulveriza poca cantidad y a 30 cm de la ra\u00edz<\/strong>, se deja actuar durante dos o tres minutos y luego se cepilla o frota suavemente con una toalla para eliminar el residuo. Tambi\u00e9n se puede utilizar el secador para quitar el exceso, pero siempre con aire fr\u00edo.<\/p>\n<div id=\"attachment_3870\" style=\"width: 571px\" class=\"wp-caption aligncenter\"><a href=\"https:\/\/www.euroresidentes.com\/estilo-de-vida\/moda-estilo\/wp-content\/uploads\/sites\/15\/2018\/02\/champu-en-seco.gif\"><img loading=\"lazy\" decoding=\"async\" aria-describedby=\"caption-attachment-3870\" class=\"wp-image-3870\" src=\"https:\/\/www.euroresidentes.com\/estilo-de-vida\/moda-estilo\/wp-content\/uploads\/sites\/15\/2018\/02\/champu-en-seco.gif\" alt=\"champu-en-seco\" width=\"561\" height=\"336\" \/><\/a><p id=\"caption-attachment-3870\" class=\"wp-caption-text\">V\u00eda Giphy<\/p><\/div>\n<p style=\"text-align: left;\">Algunos <strong>expertos dicen que la mejor forma de usar el champ\u00fa en seco es antes de acostarse.<\/strong> Si no tienes planeado\u00a0lavarte el pelo\u00a0a la ma\u00f1ana siguiente, aplica champ\u00fa en seco por la noche. Eso absorber\u00e1 la grasa del pelo mientras duermes y por la ma\u00f1ana solo tendr\u00e1s que darte un retoque en las ra\u00edces.<\/p>\n<p><!-- inserta publi 2 --><\/p>\n<p style=\"text-align: left;\">Os recomendamos\u00a0 las dos\u00a0marcas del champ\u00fa en seco que hemos probado, una versi\u00f3n <em>low cost<\/em> de\u00a0<strong>Batiste<\/strong> (3.50 \u20ac) y una versi\u00f3n m\u00e1s cara de la marca <strong>Klorane<\/strong> (11.50 \u20ac)<\/p>\n<div id=\"attachment_3856\" style=\"width: 710px\" class=\"wp-caption aligncenter\"><a href=\"https:\/\/www.euroresidentes.com\/estilo-de-vida\/moda-estilo\/wp-content\/uploads\/sites\/15\/2018\/02\/champu-en-seco-batiste-klorane.jpg\"><img loading=\"lazy\" decoding=\"async\" aria-describedby=\"caption-attachment-3856\" class=\"size-full wp-image-3856\" src=\"https:\/\/www.euroresidentes.com\/estilo-de-vida\/moda-estilo\/wp-content\/uploads\/sites\/15\/2018\/02\/champu-en-seco-batiste-klorane.jpg\" alt=\"V\u00eda: Klorane V\u00eda: Batiste\" width=\"700\" height=\"525\" srcset=\"https:\/\/www.euroresidentes.com\/estilo-de-vida\/moda-estilo\/wp-content\/uploads\/sites\/15\/2018\/02\/champu-en-seco-batiste-klorane.jpg 700w, https:\/\/www.euroresidentes.com\/estilo-de-vida\/moda-estilo\/wp-content\/uploads\/sites\/15\/2018\/02\/champu-en-seco-batiste-klorane-300x225.jpg 300w\" sizes=\"auto, (max-width: 700px) 100vw, 700px\" \/><\/a><p id=\"caption-attachment-3856\" class=\"wp-caption-text\">Fotos: Klorane, Batiste<\/p><\/div>\n<p>&nbsp;<\/p>\n<p><strong>Lecturas relacionadas:<\/strong><\/p>\n<ul>\n<li><a href=\"https:\/\/www.euroresidentes.com\/estilo-de-vida\/moda-estilo\/soluciones-rapidas-faciles-bad-hair-day-pelo-feo\">9 soluciones express para un Bad Hair Day (o cuando te despiertas con el pelo hecho un asco)<\/a><\/li>\n<li><a href=\"https:\/\/www.euroresidentes.com\/estilo-de-vida\/moda-estilo\/8-consejos-para-recuperar-tu-cabello\">8 consejos para recuperar tu cabello despu\u00e9s de los estragos del verano<\/a><\/li>\n<li><a href=\"https:\/\/www.euroresidentes.com\/estilo-de-vida\/moda-estilo\/quieres-tener-un-pelo-sano-evita-estas-9-cosas\">\u00bfQuieres tener un pelo sano? \u00a1Evita hacer estas 9 cosas antes de ir a dormir!<\/a><\/li>\n<\/ul>\n","protected":false},"excerpt":{"rendered":"<p>Ya sabemos que no es bueno abusar de los lavados del pelo d\u00eda si y d\u00eda tambi\u00e9n, ya que podemos provocar el efecto contrario y hacer que se ensucie m\u00e1s r\u00e1pidamente, adem\u00e1s de resecamos e irritamos el cuero cabelludo, por lo que se recomienda utilizar champ\u00fas lo m\u00e1s naturales posibles y dos o tres veces por semana. Pero tenemos la soluci\u00f3n al problema. El champ\u00fa en seco o dry shampoo es el aliado perfecto para esos momentos de apuro\u00a0que no tienes tiempo para un lavado de cabeza y necesitas desengrasar la ra\u00edz. \u00bfCu\u00e1ndo usar el champ\u00fa en seco? \u00dasalo no <\/p>\n","protected":false},"author":21,"featured_media":3856,"comment_status":"open","ping_status":"open","sticky":false,"template":"","format":"standard","meta":{"footnotes":""},"categories":[11],"tags":[],"class_list":["post-3854","post","type-post","status-publish","format-standard","has-post-thumbnail","hentry","category-cabello","has_thumb"],"yoast_head":"<!-- This site is optimized with the Yoast SEO plugin v24.1 - https:\/\/yoast.com\/wordpress\/plugins\/seo\/ -->\n<title>Tu nuevo aliado: el champ\u00fa en seco o dry shampoo - Moda y estilo<\/title>\n<meta name=\"description\" content=\"Descubre tu nuevo aliado para estar perfecta sin que tu pelo sufra en exceso: el champ\u00fa en seco o dry shampoo es perfecto para conseguir brillo y volumen.\" \/>\n<meta name=\"robots\" content=\"index, follow, max-snippet:-1, max-image-preview:large, max-video-preview:-1\" \/>\n<link rel=\"canonical\" href=\"https:\/\/www.euroresidentes.com\/estilo-de-vida\/moda-estilo\/el-champu-en-seco-dry-shampoo\/\" \/>\n<meta property=\"og:locale\" content=\"es_ES\" \/>\n<meta property=\"og:type\" content=\"article\" \/>\n<meta property=\"og:title\" content=\"Tu nuevo aliado: el champ\u00fa en seco o dry shampoo - Moda y estilo\" \/>\n<meta property=\"og:description\" content=\"Descubre tu nuevo aliado para estar perfecta sin que tu pelo sufra en exceso: el champ\u00fa en seco o dry shampoo es perfecto para conseguir brillo y volumen.\" \/>\n<meta property=\"og:url\" content=\"https:\/\/www.euroresidentes.com\/estilo-de-vida\/moda-estilo\/el-champu-en-seco-dry-shampoo\/\" \/>\n<meta property=\"og:site_name\" content=\"Moda y estilo\" \/>\n<meta property=\"article:publisher\" content=\"https:\/\/www.facebook.com\/euroresidentes\/\" \/>\n<meta property=\"article:published_time\" content=\"2018-02-28T09:00:27+00:00\" \/>\n<meta property=\"article:modified_time\" content=\"2018-03-02T09:29:15+00:00\" \/>\n<meta property=\"og:image\" content=\"https:\/\/www.euroresidentes.com\/estilo-de-vida\/moda-estilo\/wp-content\/uploads\/sites\/15\/2018\/02\/champu-en-seco-batiste-klorane.jpg\" \/>\n\t<meta property=\"og:image:width\" content=\"700\" \/>\n\t<meta property=\"og:image:height\" content=\"525\" \/>\n\t<meta property=\"og:image:type\" content=\"image\/jpeg\" \/>\n<meta name=\"author\" content=\"Bea Moreira\" \/>\n<meta name=\"twitter:card\" content=\"summary_large_image\" \/>\n<meta name=\"twitter:label1\" content=\"Written by\" \/>\n\t<meta name=\"twitter:data1\" content=\"Bea Moreira\" \/>\n\t<meta name=\"twitter:label2\" content=\"Est. reading time\" \/>\n\t<meta name=\"twitter:data2\" content=\"2 minutos\" \/>\n<script type=\"application\/ld+json\" class=\"yoast-schema-graph\">{\"@context\":\"https:\/\/schema.org\",\"@graph\":[{\"@type\":\"WebPage\",\"@id\":\"https:\/\/www.euroresidentes.com\/estilo-de-vida\/moda-estilo\/el-champu-en-seco-dry-shampoo\/\",\"url\":\"https:\/\/www.euroresidentes.com\/estilo-de-vida\/moda-estilo\/el-champu-en-seco-dry-shampoo\/\",\"name\":\"Tu nuevo aliado: el champ\u00fa en seco o dry shampoo - Moda y estilo\",\"isPartOf\":{\"@id\":\"https:\/\/www.euroresidentes.com\/estilo-de-vida\/moda-estilo\/#website\"},\"primaryImageOfPage\":{\"@id\":\"https:\/\/www.euroresidentes.com\/estilo-de-vida\/moda-estilo\/el-champu-en-seco-dry-shampoo\/#primaryimage\"},\"image\":{\"@id\":\"https:\/\/www.euroresidentes.com\/estilo-de-vida\/moda-estilo\/el-champu-en-seco-dry-shampoo\/#primaryimage\"},\"thumbnailUrl\":\"https:\/\/www.euroresidentes.com\/estilo-de-vida\/moda-estilo\/wp-content\/uploads\/sites\/15\/2018\/02\/champu-en-seco-batiste-klorane.jpg\",\"datePublished\":\"2018-02-28T09:00:27+00:00\",\"dateModified\":\"2018-03-02T09:29:15+00:00\",\"author\":{\"@id\":\"https:\/\/www.euroresidentes.com\/estilo-de-vida\/moda-estilo\/#\/schema\/person\/5adc97307f42bbf325c92bc4f887e718\"},\"description\":\"Descubre tu nuevo aliado para estar perfecta sin que tu pelo sufra en exceso: el champ\u00fa en seco o dry shampoo es perfecto para conseguir brillo y volumen.\",\"breadcrumb\":{\"@id\":\"https:\/\/www.euroresidentes.com\/estilo-de-vida\/moda-estilo\/el-champu-en-seco-dry-shampoo\/#breadcrumb\"},\"inLanguage\":\"es\",\"potentialAction\":[{\"@type\":\"ReadAction\",\"target\":[\"https:\/\/www.euroresidentes.com\/estilo-de-vida\/moda-estilo\/el-champu-en-seco-dry-shampoo\/\"]}]},{\"@type\":\"ImageObject\",\"inLanguage\":\"es\",\"@id\":\"https:\/\/www.euroresidentes.com\/estilo-de-vida\/moda-estilo\/el-champu-en-seco-dry-shampoo\/#primaryimage\",\"url\":\"https:\/\/www.euroresidentes.com\/estilo-de-vida\/moda-estilo\/wp-content\/uploads\/sites\/15\/2018\/02\/champu-en-seco-batiste-klorane.jpg\",\"contentUrl\":\"https:\/\/www.euroresidentes.com\/estilo-de-vida\/moda-estilo\/wp-content\/uploads\/sites\/15\/2018\/02\/champu-en-seco-batiste-klorane.jpg\",\"width\":700,\"height\":525,\"caption\":\"V\u00eda: Klorane V\u00eda: Batiste\"},{\"@type\":\"BreadcrumbList\",\"@id\":\"https:\/\/www.euroresidentes.com\/estilo-de-vida\/moda-estilo\/el-champu-en-seco-dry-shampoo\/#breadcrumb\",\"itemListElement\":[{\"@type\":\"ListItem\",\"position\":1,\"name\":\"Portada\",\"item\":\"https:\/\/www.euroresidentes.com\/estilo-de-vida\/moda-estilo\/\"},{\"@type\":\"ListItem\",\"position\":2,\"name\":\"Tu nuevo aliado: el champ\u00fa en seco o dry shampoo\"}]},{\"@type\":\"WebSite\",\"@id\":\"https:\/\/www.euroresidentes.com\/estilo-de-vida\/moda-estilo\/#website\",\"url\":\"https:\/\/www.euroresidentes.com\/estilo-de-vida\/moda-estilo\/\",\"name\":\"Moda y estilo\",\"description\":\"Tendencias de moda y belleza\",\"potentialAction\":[{\"@type\":\"SearchAction\",\"target\":{\"@type\":\"EntryPoint\",\"urlTemplate\":\"https:\/\/www.euroresidentes.com\/estilo-de-vida\/moda-estilo\/?s={search_term_string}\"},\"query-input\":{\"@type\":\"PropertyValueSpecification\",\"valueRequired\":true,\"valueName\":\"search_term_string\"}}],\"inLanguage\":\"es\"},{\"@type\":\"Person\",\"@id\":\"https:\/\/www.euroresidentes.com\/estilo-de-vida\/moda-estilo\/#\/schema\/person\/5adc97307f42bbf325c92bc4f887e718\",\"name\":\"Bea Moreira\",\"image\":{\"@type\":\"ImageObject\",\"inLanguage\":\"es\",\"@id\":\"https:\/\/www.euroresidentes.com\/estilo-de-vida\/moda-estilo\/#\/schema\/person\/image\/\",\"url\":\"https:\/\/www.euroresidentes.com\/estilo-de-vida\/moda-estilo\/wp-content\/uploads\/sites\/15\/2018\/02\/autor-Bea-150x150.jpg\",\"contentUrl\":\"https:\/\/www.euroresidentes.com\/estilo-de-vida\/moda-estilo\/wp-content\/uploads\/sites\/15\/2018\/02\/autor-Bea-150x150.jpg\",\"caption\":\"Bea Moreira\"},\"url\":\"https:\/\/www.euroresidentes.com\/estilo-de-vida\/moda-estilo\/author\/beamoreira\/\"}]}<\/script>\n<!-- \/ Yoast SEO plugin. -->","yoast_head_json":{"title":"Tu nuevo aliado: el champ\u00fa en seco o dry shampoo - Moda y estilo","description":"Descubre tu nuevo aliado para estar perfecta sin que tu pelo sufra en exceso: el champ\u00fa en seco o dry shampoo es perfecto para conseguir brillo y volumen.","robots":{"index":"index","follow":"follow","max-snippet":"max-snippet:-1","max-image-preview":"max-image-preview:large","max-video-preview":"max-video-preview:-1"},"canonical":"https:\/\/www.euroresidentes.com\/estilo-de-vida\/moda-estilo\/el-champu-en-seco-dry-shampoo\/","og_locale":"es_ES","og_type":"article","og_title":"Tu nuevo aliado: el champ\u00fa en seco o dry shampoo - Moda y estilo","og_description":"Descubre tu nuevo aliado para estar perfecta sin que tu pelo sufra en exceso: el champ\u00fa en seco o dry shampoo es perfecto para conseguir brillo y volumen.","og_url":"https:\/\/www.euroresidentes.com\/estilo-de-vida\/moda-estilo\/el-champu-en-seco-dry-shampoo\/","og_site_name":"Moda y estilo","article_publisher":"https:\/\/www.facebook.com\/euroresidentes\/","article_published_time":"2018-02-28T09:00:27+00:00","article_modified_time":"2018-03-02T09:29:15+00:00","og_image":[{"width":700,"height":525,"url":"https:\/\/www.euroresidentes.com\/estilo-de-vida\/moda-estilo\/wp-content\/uploads\/sites\/15\/2018\/02\/champu-en-seco-batiste-klorane.jpg","type":"image\/jpeg"}],"author":"Bea Moreira","twitter_card":"summary_large_image","twitter_misc":{"Written by":"Bea Moreira","Est. reading time":"2 minutos"},"schema":{"@context":"https:\/\/schema.org","@graph":[{"@type":"WebPage","@id":"https:\/\/www.euroresidentes.com\/estilo-de-vida\/moda-estilo\/el-champu-en-seco-dry-shampoo\/","url":"https:\/\/www.euroresidentes.com\/estilo-de-vida\/moda-estilo\/el-champu-en-seco-dry-shampoo\/","name":"Tu nuevo aliado: el champ\u00fa en seco o dry shampoo - Moda y estilo","isPartOf":{"@id":"https:\/\/www.euroresidentes.com\/estilo-de-vida\/moda-estilo\/#website"},"primaryImageOfPage":{"@id":"https:\/\/www.euroresidentes.com\/estilo-de-vida\/moda-estilo\/el-champu-en-seco-dry-shampoo\/#primaryimage"},"image":{"@id":"https:\/\/www.euroresidentes.com\/estilo-de-vida\/moda-estilo\/el-champu-en-seco-dry-shampoo\/#primaryimage"},"thumbnailUrl":"https:\/\/www.euroresidentes.com\/estilo-de-vida\/moda-estilo\/wp-content\/uploads\/sites\/15\/2018\/02\/champu-en-seco-batiste-klorane.jpg","datePublished":"2018-02-28T09:00:27+00:00","dateModified":"2018-03-02T09:29:15+00:00","author":{"@id":"https:\/\/www.euroresidentes.com\/estilo-de-vida\/moda-estilo\/#\/schema\/person\/5adc97307f42bbf325c92bc4f887e718"},"description":"Descubre tu nuevo aliado para estar perfecta sin que tu pelo sufra en exceso: el champ\u00fa en seco o dry shampoo es perfecto para conseguir brillo y volumen.","breadcrumb":{"@id":"https:\/\/www.euroresidentes.com\/estilo-de-vida\/moda-estilo\/el-champu-en-seco-dry-shampoo\/#breadcrumb"},"inLanguage":"es","potentialAction":[{"@type":"ReadAction","target":["https:\/\/www.euroresidentes.com\/estilo-de-vida\/moda-estilo\/el-champu-en-seco-dry-shampoo\/"]}]},{"@type":"ImageObject","inLanguage":"es","@id":"https:\/\/www.euroresidentes.com\/estilo-de-vida\/moda-estilo\/el-champu-en-seco-dry-shampoo\/#primaryimage","url":"https:\/\/www.euroresidentes.com\/estilo-de-vida\/moda-estilo\/wp-content\/uploads\/sites\/15\/2018\/02\/champu-en-seco-batiste-klorane.jpg","contentUrl":"https:\/\/www.euroresidentes.com\/estilo-de-vida\/moda-estilo\/wp-content\/uploads\/sites\/15\/2018\/02\/champu-en-seco-batiste-klorane.jpg","width":700,"height":525,"caption":"V\u00eda: Klorane V\u00eda: Batiste"},{"@type":"BreadcrumbList","@id":"https:\/\/www.euroresidentes.com\/estilo-de-vida\/moda-estilo\/el-champu-en-seco-dry-shampoo\/#breadcrumb","itemListElement":[{"@type":"ListItem","position":1,"name":"Portada","item":"https:\/\/www.euroresidentes.com\/estilo-de-vida\/moda-estilo\/"},{"@type":"ListItem","position":2,"name":"Tu nuevo aliado: el champ\u00fa en seco o dry shampoo"}]},{"@type":"WebSite","@id":"https:\/\/www.euroresidentes.com\/estilo-de-vida\/moda-estilo\/#website","url":"https:\/\/www.euroresidentes.com\/estilo-de-vida\/moda-estilo\/","name":"Moda y estilo","description":"Tendencias de moda y belleza","potentialAction":[{"@type":"SearchAction","target":{"@type":"EntryPoint","urlTemplate":"https:\/\/www.euroresidentes.com\/estilo-de-vida\/moda-estilo\/?s={search_term_string}"},"query-input":{"@type":"PropertyValueSpecification","valueRequired":true,"valueName":"search_term_string"}}],"inLanguage":"es"},{"@type":"Person","@id":"https:\/\/www.euroresidentes.com\/estilo-de-vida\/moda-estilo\/#\/schema\/person\/5adc97307f42bbf325c92bc4f887e718","name":"Bea Moreira","image":{"@type":"ImageObject","inLanguage":"es","@id":"https:\/\/www.euroresidentes.com\/estilo-de-vida\/moda-estilo\/#\/schema\/person\/image\/","url":"https:\/\/www.euroresidentes.com\/estilo-de-vida\/moda-estilo\/wp-content\/uploads\/sites\/15\/2018\/02\/autor-Bea-150x150.jpg","contentUrl":"https:\/\/www.euroresidentes.com\/estilo-de-vida\/moda-estilo\/wp-content\/uploads\/sites\/15\/2018\/02\/autor-Bea-150x150.jpg","caption":"Bea Moreira"},"url":"https:\/\/www.euroresidentes.com\/estilo-de-vida\/moda-estilo\/author\/beamoreira\/"}]}},"_links":{"self":[{"href":"https:\/\/www.euroresidentes.com\/estilo-de-vida\/moda-estilo\/wp-json\/wp\/v2\/posts\/3854","targetHints":{"allow":["GET"]}}],"collection":[{"href":"https:\/\/www.euroresidentes.com\/estilo-de-vida\/moda-estilo\/wp-json\/wp\/v2\/posts"}],"about":[{"href":"https:\/\/www.euroresidentes.com\/estilo-de-vida\/moda-estilo\/wp-json\/wp\/v2\/types\/post"}],"author":[{"embeddable":true,"href":"https:\/\/www.euroresidentes.com\/estilo-de-vida\/moda-estilo\/wp-json\/wp\/v2\/users\/21"}],"replies":[{"embeddable":true,"href":"https:\/\/www.euroresidentes.com\/estilo-de-vida\/moda-estilo\/wp-json\/wp\/v2\/comments?post=3854"}],"version-history":[{"count":8,"href":"https:\/\/www.euroresidentes.com\/estilo-de-vida\/moda-estilo\/wp-json\/wp\/v2\/posts\/3854\/revisions"}],"predecessor-version":[{"id":3889,"href":"https:\/\/www.euroresidentes.com\/estilo-de-vida\/moda-estilo\/wp-json\/wp\/v2\/posts\/3854\/revisions\/3889"}],"wp:featuredmedia":[{"embeddable":true,"href":"https:\/\/www.euroresidentes.com\/estilo-de-vida\/moda-estilo\/wp-json\/wp\/v2\/media\/3856"}],"wp:attachment":[{"href":"https:\/\/www.euroresidentes.com\/estilo-de-vida\/moda-estilo\/wp-json\/wp\/v2\/media?parent=3854"}],"wp:term":[{"taxonomy":"category","embeddable":true,"href":"https:\/\/www.euroresidentes.com\/estilo-de-vida\/moda-estilo\/wp-json\/wp\/v2\/categories?post=3854"},{"taxonomy":"post_tag","embeddable":true,"href":"https:\/\/www.euroresidentes.com\/estilo-de-vida\/moda-estilo\/wp-json\/wp\/v2\/tags?post=3854"}],"curies":[{"name":"wp","href":"https:\/\/api.w.org\/{rel}","templated":true}]}}