{"id":3284,"date":"2017-02-03T16:35:05","date_gmt":"2017-02-03T15:35:05","guid":{"rendered":"http:\/\/www.euroresidentes.com\/estilo-de-vida\/moda-estilo\/?p=3284"},"modified":"2017-03-28T15:56:56","modified_gmt":"2017-03-28T13:56:56","slug":"este-san-valentin-vistete-de-rojo-20-ideas-que-te-inspiraran","status":"publish","type":"post","link":"https:\/\/www.euroresidentes.com\/estilo-de-vida\/moda-estilo\/este-san-valentin-vistete-de-rojo-20-ideas-que-te-inspiraran\/","title":{"rendered":"\u00a1Este San valentin v\u00edstete de rojo! 20 ideas que te inspirar\u00e1n"},"content":{"rendered":"<p>Tengas pareja o no, <strong>San Valent\u00edn es un d\u00eda para celebrar el amor de cualquier tipo<\/strong>. Amor a tus padres, a tus amigos, a tu mascota o a ti mismo.\u00a0<strong>\u00bfY qu\u00e9 mejor forma de celebrar el amor que visti\u00e9ndote de rojo?<\/strong><\/p>\n<h3>Nosotros hemos seleccionado estos\u00a0<strong>20 looks para que te inspires:<\/strong><\/h3>\n<h4><strong>Total look de rojo con sudadera y pantalones acampanados<\/strong><\/h4>\n<p><div id=\"attachment_3285\" style=\"width: 574px\" class=\"wp-caption aligncenter\"><a href=\"https:\/\/www.euroresidentes.com\/estilo-de-vida\/moda-estilo\/wp-content\/uploads\/sites\/15\/2017\/02\/san-valentin-vistete-de-rojo-euroresidentes.jpg\"><img loading=\"lazy\" decoding=\"async\" aria-describedby=\"caption-attachment-3285\" class=\"wp-image-3285 size-full\" title=\"san-valentin-vistete-de-rojo-euroresidentes\" src=\"https:\/\/www.euroresidentes.com\/estilo-de-vida\/moda-estilo\/wp-content\/uploads\/sites\/15\/2017\/02\/san-valentin-vistete-de-rojo-euroresidentes.jpg\" alt=\"\u00a1Este San valentin v\u00edstete de rojo! 20 ideas\" width=\"564\" height=\"846\" srcset=\"https:\/\/www.euroresidentes.com\/estilo-de-vida\/moda-estilo\/wp-content\/uploads\/sites\/15\/2017\/02\/san-valentin-vistete-de-rojo-euroresidentes.jpg 564w, https:\/\/www.euroresidentes.com\/estilo-de-vida\/moda-estilo\/wp-content\/uploads\/sites\/15\/2017\/02\/san-valentin-vistete-de-rojo-euroresidentes-200x300.jpg 200w\" sizes=\"auto, (max-width: 564px) 100vw, 564px\" \/><\/a><p id=\"caption-attachment-3285\" class=\"wp-caption-text\">man repeller<\/p><\/div><!-- inserta publi --><\/p>\n<h4><strong>Combina ese jersey rojo con un vaquero<\/strong>\u00a0<\/h4>\n<div id=\"attachment_3292\" style=\"width: 574px\" class=\"wp-caption aligncenter\"><a href=\"https:\/\/www.euroresidentes.com\/estilo-de-vida\/moda-estilo\/wp-content\/uploads\/sites\/15\/2017\/02\/san-valentin-vistete-de-rojo-euroresidentes7.jpg\"><img loading=\"lazy\" decoding=\"async\" aria-describedby=\"caption-attachment-3292\" class=\"wp-image-3292 size-full\" title=\"san-valentin-vistete-de-rojo-euroresidentes\" src=\"https:\/\/www.euroresidentes.com\/estilo-de-vida\/moda-estilo\/wp-content\/uploads\/sites\/15\/2017\/02\/san-valentin-vistete-de-rojo-euroresidentes7.jpg\" alt=\"\u00a1Este San valentin v\u00edstete de rojo! 20 ideas\" width=\"564\" height=\"846\" srcset=\"https:\/\/www.euroresidentes.com\/estilo-de-vida\/moda-estilo\/wp-content\/uploads\/sites\/15\/2017\/02\/san-valentin-vistete-de-rojo-euroresidentes7.jpg 564w, https:\/\/www.euroresidentes.com\/estilo-de-vida\/moda-estilo\/wp-content\/uploads\/sites\/15\/2017\/02\/san-valentin-vistete-de-rojo-euroresidentes7-200x300.jpg 200w\" sizes=\"auto, (max-width: 564px) 100vw, 564px\" \/><\/a><p id=\"caption-attachment-3292\" class=\"wp-caption-text\">Vogue Spain<\/p><\/div>\n<h4><strong>Arri\u00e9sgate y ponte una mini rojo de charol<\/strong><\/h4>\n<div id=\"attachment_3286\" style=\"width: 574px\" class=\"wp-caption aligncenter\"><a href=\"https:\/\/www.euroresidentes.com\/estilo-de-vida\/moda-estilo\/wp-content\/uploads\/sites\/15\/2017\/02\/san-valentin-vistete-de-rojo-euroresidentes1.jpg\"><img loading=\"lazy\" decoding=\"async\" aria-describedby=\"caption-attachment-3286\" class=\"wp-image-3286 size-full\" title=\"san-valentin-vistete-de-rojo-euroresidentes\" src=\"https:\/\/www.euroresidentes.com\/estilo-de-vida\/moda-estilo\/wp-content\/uploads\/sites\/15\/2017\/02\/san-valentin-vistete-de-rojo-euroresidentes1.jpg\" alt=\"\u00a1Este San valentin v\u00edstete de rojo! 20 ideas\" width=\"564\" height=\"846\" srcset=\"https:\/\/www.euroresidentes.com\/estilo-de-vida\/moda-estilo\/wp-content\/uploads\/sites\/15\/2017\/02\/san-valentin-vistete-de-rojo-euroresidentes1.jpg 564w, https:\/\/www.euroresidentes.com\/estilo-de-vida\/moda-estilo\/wp-content\/uploads\/sites\/15\/2017\/02\/san-valentin-vistete-de-rojo-euroresidentes1-200x300.jpg 200w\" sizes=\"auto, (max-width: 564px) 100vw, 564px\" \/><\/a><p id=\"caption-attachment-3286\" class=\"wp-caption-text\">Vogue Spain<\/p><\/div>\n<h4><strong>Utiliza un vestido rojo super puesto con tu ropa habitual<\/strong><\/h4>\n<div id=\"attachment_3291\" style=\"width: 574px\" class=\"wp-caption aligncenter\"><a href=\"https:\/\/www.euroresidentes.com\/estilo-de-vida\/moda-estilo\/wp-content\/uploads\/sites\/15\/2017\/02\/san-valentin-vistete-de-rojo-euroresidentes6.jpg\"><img loading=\"lazy\" decoding=\"async\" aria-describedby=\"caption-attachment-3291\" class=\"wp-image-3291 size-full\" title=\"san-valentin-vistete-de-rojo-euroresidentes\" src=\"https:\/\/www.euroresidentes.com\/estilo-de-vida\/moda-estilo\/wp-content\/uploads\/sites\/15\/2017\/02\/san-valentin-vistete-de-rojo-euroresidentes6.jpg\" alt=\"\u00a1Este San valentin v\u00edstete de rojo! 20 ideas\" width=\"564\" height=\"845\" srcset=\"https:\/\/www.euroresidentes.com\/estilo-de-vida\/moda-estilo\/wp-content\/uploads\/sites\/15\/2017\/02\/san-valentin-vistete-de-rojo-euroresidentes6.jpg 564w, https:\/\/www.euroresidentes.com\/estilo-de-vida\/moda-estilo\/wp-content\/uploads\/sites\/15\/2017\/02\/san-valentin-vistete-de-rojo-euroresidentes6-200x300.jpg 200w\" sizes=\"auto, (max-width: 564px) 100vw, 564px\" \/><\/a><p id=\"caption-attachment-3291\" class=\"wp-caption-text\">blog.fashionbunker.com<\/p><\/div>\n<h4><strong>Puedes a\u00f1adir un toque de rojo a tu look con tus complementos, por ejemplo: tu bolso<\/strong><\/h4>\n<div id=\"attachment_3288\" style=\"width: 574px\" class=\"wp-caption aligncenter\"><a href=\"https:\/\/www.euroresidentes.com\/estilo-de-vida\/moda-estilo\/wp-content\/uploads\/sites\/15\/2017\/02\/san-valentin-vistete-de-rojo-euroresidentes2.jpg\"><img loading=\"lazy\" decoding=\"async\" aria-describedby=\"caption-attachment-3288\" class=\"wp-image-3288 size-full\" title=\"san-valentin-vistete-de-rojo-euroresidentes\" src=\"https:\/\/www.euroresidentes.com\/estilo-de-vida\/moda-estilo\/wp-content\/uploads\/sites\/15\/2017\/02\/san-valentin-vistete-de-rojo-euroresidentes2.jpg\" alt=\"\u00a1Este San valentin v\u00edstete de rojo! 20 ideas\" width=\"564\" height=\"846\" srcset=\"https:\/\/www.euroresidentes.com\/estilo-de-vida\/moda-estilo\/wp-content\/uploads\/sites\/15\/2017\/02\/san-valentin-vistete-de-rojo-euroresidentes2.jpg 564w, https:\/\/www.euroresidentes.com\/estilo-de-vida\/moda-estilo\/wp-content\/uploads\/sites\/15\/2017\/02\/san-valentin-vistete-de-rojo-euroresidentes2-200x300.jpg 200w\" sizes=\"auto, (max-width: 564px) 100vw, 564px\" \/><\/a><p id=\"caption-attachment-3288\" class=\"wp-caption-text\">collage vintage<\/p><\/div>\n<h4><strong>O tus zapatos<\/strong><\/h4>\n<div id=\"attachment_3290\" style=\"width: 574px\" class=\"wp-caption aligncenter\"><a href=\"https:\/\/www.euroresidentes.com\/estilo-de-vida\/moda-estilo\/wp-content\/uploads\/sites\/15\/2017\/02\/san-valentin-vistete-de-rojo-euroresidentes5.jpg\"><img loading=\"lazy\" decoding=\"async\" aria-describedby=\"caption-attachment-3290\" class=\"wp-image-3290 size-full\" title=\"san-valentin-vistete-de-rojo-euroresidentes\" src=\"https:\/\/www.euroresidentes.com\/estilo-de-vida\/moda-estilo\/wp-content\/uploads\/sites\/15\/2017\/02\/san-valentin-vistete-de-rojo-euroresidentes5.jpg\" alt=\"\u00a1Este San valentin v\u00edstete de rojo! 20 ideas\" width=\"564\" height=\"846\" srcset=\"https:\/\/www.euroresidentes.com\/estilo-de-vida\/moda-estilo\/wp-content\/uploads\/sites\/15\/2017\/02\/san-valentin-vistete-de-rojo-euroresidentes5.jpg 564w, https:\/\/www.euroresidentes.com\/estilo-de-vida\/moda-estilo\/wp-content\/uploads\/sites\/15\/2017\/02\/san-valentin-vistete-de-rojo-euroresidentes5-200x300.jpg 200w\" sizes=\"auto, (max-width: 564px) 100vw, 564px\" \/><\/a><p id=\"caption-attachment-3290\" class=\"wp-caption-text\">collage vintage<\/p><\/div>\n<h4><strong>O con un pa\u00f1uelo<\/strong><\/h4>\n<p><div id=\"attachment_3289\" style=\"width: 574px\" class=\"wp-caption aligncenter\"><a href=\"https:\/\/www.euroresidentes.com\/estilo-de-vida\/moda-estilo\/wp-content\/uploads\/sites\/15\/2017\/02\/san-valentin-vistete-de-rojo-euroresidentes4.jpg\"><img loading=\"lazy\" decoding=\"async\" aria-describedby=\"caption-attachment-3289\" class=\"wp-image-3289 size-full\" title=\"san-valentin-vistete-de-rojo-euroresidentes\" src=\"https:\/\/www.euroresidentes.com\/estilo-de-vida\/moda-estilo\/wp-content\/uploads\/sites\/15\/2017\/02\/san-valentin-vistete-de-rojo-euroresidentes4.jpg\" alt=\" \u00a1Este San valentin v\u00edstete de rojo! 20 ideas\" width=\"564\" height=\"846\" srcset=\"https:\/\/www.euroresidentes.com\/estilo-de-vida\/moda-estilo\/wp-content\/uploads\/sites\/15\/2017\/02\/san-valentin-vistete-de-rojo-euroresidentes4.jpg 564w, https:\/\/www.euroresidentes.com\/estilo-de-vida\/moda-estilo\/wp-content\/uploads\/sites\/15\/2017\/02\/san-valentin-vistete-de-rojo-euroresidentes4-200x300.jpg 200w\" sizes=\"auto, (max-width: 564px) 100vw, 564px\" \/><\/a><p id=\"caption-attachment-3289\" class=\"wp-caption-text\">framboisefashion.com<\/p><\/div><!-- inserta publi 2 --><\/p>\n<h4><strong>Prueba a mezclar tu pantal\u00f3n con pinzas de vestir con un jersey rojo \u00a1ser\u00e1s la personalidad con piernas!<\/strong><\/h4>\n<div id=\"attachment_3293\" style=\"width: 574px\" class=\"wp-caption aligncenter\"><a href=\"https:\/\/www.euroresidentes.com\/estilo-de-vida\/moda-estilo\/wp-content\/uploads\/sites\/15\/2017\/02\/san-valentin-vistete-de-rojo-euroresidentes8.jpg\"><img loading=\"lazy\" decoding=\"async\" aria-describedby=\"caption-attachment-3293\" class=\"wp-image-3293 size-full\" title=\"san-valentin-vistete-de-rojo-euroresidentes\" src=\"https:\/\/www.euroresidentes.com\/estilo-de-vida\/moda-estilo\/wp-content\/uploads\/sites\/15\/2017\/02\/san-valentin-vistete-de-rojo-euroresidentes8.jpg\" alt=\"\u00a1Este San valentin v\u00edstete de rojo! 20 ideas\" width=\"564\" height=\"846\" srcset=\"https:\/\/www.euroresidentes.com\/estilo-de-vida\/moda-estilo\/wp-content\/uploads\/sites\/15\/2017\/02\/san-valentin-vistete-de-rojo-euroresidentes8.jpg 564w, https:\/\/www.euroresidentes.com\/estilo-de-vida\/moda-estilo\/wp-content\/uploads\/sites\/15\/2017\/02\/san-valentin-vistete-de-rojo-euroresidentes8-200x300.jpg 200w\" sizes=\"auto, (max-width: 564px) 100vw, 564px\" \/><\/a><p id=\"caption-attachment-3293\" class=\"wp-caption-text\">Vogue Spain<\/p><\/div>\n<h4><strong>Opta por un abrigo rojo bien calentito hasta los pies<\/strong><\/h4>\n<div id=\"attachment_3295\" style=\"width: 574px\" class=\"wp-caption aligncenter\"><a href=\"https:\/\/www.euroresidentes.com\/estilo-de-vida\/moda-estilo\/wp-content\/uploads\/sites\/15\/2017\/02\/san-valentin-vistete-de-rojo-euroresidentes9.jpg\"><img loading=\"lazy\" decoding=\"async\" aria-describedby=\"caption-attachment-3295\" class=\"wp-image-3295 size-full\" title=\"san-valentin-vistete-de-rojo-euroresidentes\" src=\"https:\/\/www.euroresidentes.com\/estilo-de-vida\/moda-estilo\/wp-content\/uploads\/sites\/15\/2017\/02\/san-valentin-vistete-de-rojo-euroresidentes9.jpg\" alt=\"\u00a1Este San valentin v\u00edstete de rojo! 20 ideas\" width=\"564\" height=\"846\" srcset=\"https:\/\/www.euroresidentes.com\/estilo-de-vida\/moda-estilo\/wp-content\/uploads\/sites\/15\/2017\/02\/san-valentin-vistete-de-rojo-euroresidentes9.jpg 564w, https:\/\/www.euroresidentes.com\/estilo-de-vida\/moda-estilo\/wp-content\/uploads\/sites\/15\/2017\/02\/san-valentin-vistete-de-rojo-euroresidentes9-200x300.jpg 200w\" sizes=\"auto, (max-width: 564px) 100vw, 564px\" \/><\/a><p id=\"caption-attachment-3295\" class=\"wp-caption-text\">Collage Vintage<\/p><\/div>\n<h4><strong>O s\u00famate a la tendencia del plumas, pero en rojo intenso y combinado con vaqueros \u00a1Estupenda!<\/strong><\/h4>\n<div id=\"attachment_3296\" style=\"width: 574px\" class=\"wp-caption aligncenter\"><a href=\"https:\/\/www.euroresidentes.com\/estilo-de-vida\/moda-estilo\/wp-content\/uploads\/sites\/15\/2017\/02\/san-valentin-vistete-de-rojo-euroresidentes10.jpg\"><img loading=\"lazy\" decoding=\"async\" aria-describedby=\"caption-attachment-3296\" class=\"wp-image-3296 size-full\" title=\"san-valentin-vistete-de-rojo-euroresidentes\" src=\"https:\/\/www.euroresidentes.com\/estilo-de-vida\/moda-estilo\/wp-content\/uploads\/sites\/15\/2017\/02\/san-valentin-vistete-de-rojo-euroresidentes10.jpg\" alt=\"\u00a1Este San valentin v\u00edstete de rojo! 20 ideas\" width=\"564\" height=\"846\" srcset=\"https:\/\/www.euroresidentes.com\/estilo-de-vida\/moda-estilo\/wp-content\/uploads\/sites\/15\/2017\/02\/san-valentin-vistete-de-rojo-euroresidentes10.jpg 564w, https:\/\/www.euroresidentes.com\/estilo-de-vida\/moda-estilo\/wp-content\/uploads\/sites\/15\/2017\/02\/san-valentin-vistete-de-rojo-euroresidentes10-200x300.jpg 200w\" sizes=\"auto, (max-width: 564px) 100vw, 564px\" \/><\/a><p id=\"caption-attachment-3296\" class=\"wp-caption-text\">Collage Vntage<\/p><\/div>\n<h4><strong>Si eres una chica de vestidos, este es tu look<\/strong><\/h4>\n<div id=\"attachment_3297\" style=\"width: 457px\" class=\"wp-caption aligncenter\"><a href=\"https:\/\/www.euroresidentes.com\/estilo-de-vida\/moda-estilo\/wp-content\/uploads\/sites\/15\/2017\/02\/san-valentin-vistete-de-rojo-euroresidentes11.jpg\"><img loading=\"lazy\" decoding=\"async\" aria-describedby=\"caption-attachment-3297\" class=\"wp-image-3297 size-full\" title=\"san-valentin-vistete-de-rojo-euroresidentes\" src=\"https:\/\/www.euroresidentes.com\/estilo-de-vida\/moda-estilo\/wp-content\/uploads\/sites\/15\/2017\/02\/san-valentin-vistete-de-rojo-euroresidentes11.jpg\" alt=\"\u00a1Este San valentin v\u00edstete de rojo! 20 ideas\" width=\"447\" height=\"811\" srcset=\"https:\/\/www.euroresidentes.com\/estilo-de-vida\/moda-estilo\/wp-content\/uploads\/sites\/15\/2017\/02\/san-valentin-vistete-de-rojo-euroresidentes11.jpg 447w, https:\/\/www.euroresidentes.com\/estilo-de-vida\/moda-estilo\/wp-content\/uploads\/sites\/15\/2017\/02\/san-valentin-vistete-de-rojo-euroresidentes11-165x300.jpg 165w\" sizes=\"auto, (max-width: 447px) 100vw, 447px\" \/><\/a><p id=\"caption-attachment-3297\" class=\"wp-caption-text\">Vogue Magazine<\/p><\/div>\n<h4><strong>O puedes utilizar una falda voluminosa con una camisa blanca<\/strong><\/h4>\n<div id=\"attachment_3307\" style=\"width: 574px\" class=\"wp-caption aligncenter\"><a href=\"https:\/\/www.euroresidentes.com\/estilo-de-vida\/moda-estilo\/wp-content\/uploads\/sites\/15\/2017\/02\/san-valentin-vistete-de-rojo-euroresidentes21.jpg\"><img loading=\"lazy\" decoding=\"async\" aria-describedby=\"caption-attachment-3307\" class=\"wp-image-3307 size-full\" title=\"san-valentin-vistete-de-rojo-euroresidentes\" src=\"https:\/\/www.euroresidentes.com\/estilo-de-vida\/moda-estilo\/wp-content\/uploads\/sites\/15\/2017\/02\/san-valentin-vistete-de-rojo-euroresidentes21.jpg\" alt=\" \u00a1Este San valentin v\u00edstete de rojo! 20 ideas\" width=\"564\" height=\"845\" srcset=\"https:\/\/www.euroresidentes.com\/estilo-de-vida\/moda-estilo\/wp-content\/uploads\/sites\/15\/2017\/02\/san-valentin-vistete-de-rojo-euroresidentes21.jpg 564w, https:\/\/www.euroresidentes.com\/estilo-de-vida\/moda-estilo\/wp-content\/uploads\/sites\/15\/2017\/02\/san-valentin-vistete-de-rojo-euroresidentes21-200x300.jpg 200w\" sizes=\"auto, (max-width: 564px) 100vw, 564px\" \/><\/a><p id=\"caption-attachment-3307\" class=\"wp-caption-text\">refinery21uk.com<\/p><\/div>\n<h4><strong>No te olvides de tu ropa interior y c\u00f3mprate ese conjunto rojo tan sexy que viste<\/strong><\/h4>\n<p><div id=\"attachment_3298\" style=\"width: 574px\" class=\"wp-caption aligncenter\"><a href=\"https:\/\/www.euroresidentes.com\/estilo-de-vida\/moda-estilo\/wp-content\/uploads\/sites\/15\/2017\/02\/san-valentin-vistete-de-rojo-euroresidentes12.jpg\"><img loading=\"lazy\" decoding=\"async\" aria-describedby=\"caption-attachment-3298\" class=\"wp-image-3298 size-full\" title=\"san-valentin-vistete-de-rojo-euroresidentes\" src=\"https:\/\/www.euroresidentes.com\/estilo-de-vida\/moda-estilo\/wp-content\/uploads\/sites\/15\/2017\/02\/san-valentin-vistete-de-rojo-euroresidentes12.jpg\" alt=\" \u00a1Este San valentin v\u00edstete de rojo! 20 ideas\" width=\"564\" height=\"546\" srcset=\"https:\/\/www.euroresidentes.com\/estilo-de-vida\/moda-estilo\/wp-content\/uploads\/sites\/15\/2017\/02\/san-valentin-vistete-de-rojo-euroresidentes12.jpg 564w, https:\/\/www.euroresidentes.com\/estilo-de-vida\/moda-estilo\/wp-content\/uploads\/sites\/15\/2017\/02\/san-valentin-vistete-de-rojo-euroresidentes12-300x290.jpg 300w\" sizes=\"auto, (max-width: 564px) 100vw, 564px\" \/><\/a><p id=\"caption-attachment-3298\" class=\"wp-caption-text\">Etsy.com<\/p><\/div><!-- inserta publi 3 --><\/p>\n<h4><strong>\u00a1Ense\u00f1a el escote! Prueba con una camisa de escote de pico combinada con unos pantalones blancos<\/strong><\/h4>\n<div id=\"attachment_3299\" style=\"width: 574px\" class=\"wp-caption aligncenter\"><a href=\"https:\/\/www.euroresidentes.com\/estilo-de-vida\/moda-estilo\/wp-content\/uploads\/sites\/15\/2017\/02\/san-valentin-vistete-de-rojo-euroresidentes13.jpg\"><img loading=\"lazy\" decoding=\"async\" aria-describedby=\"caption-attachment-3299\" class=\"wp-image-3299 size-full\" title=\"san-valentin-vistete-de-rojo-euroresidentes\" src=\"https:\/\/www.euroresidentes.com\/estilo-de-vida\/moda-estilo\/wp-content\/uploads\/sites\/15\/2017\/02\/san-valentin-vistete-de-rojo-euroresidentes13.jpg\" alt=\"  \u00a1Este San valentin v\u00edstete de rojo! 20 ideas\" width=\"564\" height=\"606\" srcset=\"https:\/\/www.euroresidentes.com\/estilo-de-vida\/moda-estilo\/wp-content\/uploads\/sites\/15\/2017\/02\/san-valentin-vistete-de-rojo-euroresidentes13.jpg 564w, https:\/\/www.euroresidentes.com\/estilo-de-vida\/moda-estilo\/wp-content\/uploads\/sites\/15\/2017\/02\/san-valentin-vistete-de-rojo-euroresidentes13-279x300.jpg 279w\" sizes=\"auto, (max-width: 564px) 100vw, 564px\" \/><\/a><p id=\"caption-attachment-3299\" class=\"wp-caption-text\">fashiongirl.com<\/p><\/div>\n<h4><strong>\u00bfTe gustan las transparencias? \u00a1Perfect! Prueba con una blusa transparente + vaqueros<\/strong><\/h4>\n<div id=\"attachment_3300\" style=\"width: 574px\" class=\"wp-caption aligncenter\"><a href=\"https:\/\/www.euroresidentes.com\/estilo-de-vida\/moda-estilo\/wp-content\/uploads\/sites\/15\/2017\/02\/san-valentin-vistete-de-rojo-euroresidentes14.jpg\"><img loading=\"lazy\" decoding=\"async\" aria-describedby=\"caption-attachment-3300\" class=\"wp-image-3300 size-full\" title=\"san-valentin-vistete-de-rojo-euroresidentes\" src=\"https:\/\/www.euroresidentes.com\/estilo-de-vida\/moda-estilo\/wp-content\/uploads\/sites\/15\/2017\/02\/san-valentin-vistete-de-rojo-euroresidentes14.jpg\" alt=\"\u00a1Este San valentin v\u00edstete de rojo! 20 ideas\" width=\"564\" height=\"831\" srcset=\"https:\/\/www.euroresidentes.com\/estilo-de-vida\/moda-estilo\/wp-content\/uploads\/sites\/15\/2017\/02\/san-valentin-vistete-de-rojo-euroresidentes14.jpg 564w, https:\/\/www.euroresidentes.com\/estilo-de-vida\/moda-estilo\/wp-content\/uploads\/sites\/15\/2017\/02\/san-valentin-vistete-de-rojo-euroresidentes14-204x300.jpg 204w\" sizes=\"auto, (max-width: 564px) 100vw, 564px\" \/><\/a><p id=\"caption-attachment-3300\" class=\"wp-caption-text\">stylecaster.com<\/p><\/div>\n<h4><strong>Tambi\u00e9n tienes la versi\u00f3n de falda transparente + blusa azul<\/strong><\/h4>\n<div id=\"attachment_3301\" style=\"width: 574px\" class=\"wp-caption aligncenter\"><a href=\"https:\/\/www.euroresidentes.com\/estilo-de-vida\/moda-estilo\/wp-content\/uploads\/sites\/15\/2017\/02\/san-valentin-vistete-de-rojo-euroresidentes15.jpg\"><img loading=\"lazy\" decoding=\"async\" aria-describedby=\"caption-attachment-3301\" class=\"wp-image-3301 size-full\" title=\"san-valentin-vistete-de-rojo-euroresidentes\" src=\"https:\/\/www.euroresidentes.com\/estilo-de-vida\/moda-estilo\/wp-content\/uploads\/sites\/15\/2017\/02\/san-valentin-vistete-de-rojo-euroresidentes15.jpg\" alt=\"\u00a1Este San valentin v\u00edstete de rojo! 20 ideas\" width=\"564\" height=\"846\" srcset=\"https:\/\/www.euroresidentes.com\/estilo-de-vida\/moda-estilo\/wp-content\/uploads\/sites\/15\/2017\/02\/san-valentin-vistete-de-rojo-euroresidentes15.jpg 564w, https:\/\/www.euroresidentes.com\/estilo-de-vida\/moda-estilo\/wp-content\/uploads\/sites\/15\/2017\/02\/san-valentin-vistete-de-rojo-euroresidentes15-200x300.jpg 200w\" sizes=\"auto, (max-width: 564px) 100vw, 564px\" \/><\/a><p id=\"caption-attachment-3301\" class=\"wp-caption-text\">Harper&#8217;s Bazaar<\/p><\/div>\n<h4><strong>\u00bfRojo + estampado de serpiente? \u00a1\u00a1YASS!!<\/strong><\/h4>\n<div id=\"attachment_3302\" style=\"width: 574px\" class=\"wp-caption aligncenter\"><a href=\"https:\/\/www.euroresidentes.com\/estilo-de-vida\/moda-estilo\/wp-content\/uploads\/sites\/15\/2017\/02\/san-valentin-vistete-de-rojo-euroresidentes16.jpg\"><img loading=\"lazy\" decoding=\"async\" aria-describedby=\"caption-attachment-3302\" class=\"wp-image-3302 size-full\" title=\"san-valentin-vistete-de-rojo-euroresidentes\" src=\"https:\/\/www.euroresidentes.com\/estilo-de-vida\/moda-estilo\/wp-content\/uploads\/sites\/15\/2017\/02\/san-valentin-vistete-de-rojo-euroresidentes16.jpg\" alt=\"\u00a1Este San valentin v\u00edstete de rojo! 20 ideas\" width=\"564\" height=\"846\" srcset=\"https:\/\/www.euroresidentes.com\/estilo-de-vida\/moda-estilo\/wp-content\/uploads\/sites\/15\/2017\/02\/san-valentin-vistete-de-rojo-euroresidentes16.jpg 564w, https:\/\/www.euroresidentes.com\/estilo-de-vida\/moda-estilo\/wp-content\/uploads\/sites\/15\/2017\/02\/san-valentin-vistete-de-rojo-euroresidentes16-200x300.jpg 200w\" sizes=\"auto, (max-width: 564px) 100vw, 564px\" \/><\/a><p id=\"caption-attachment-3302\" class=\"wp-caption-text\">Vogue Spain<\/p><\/div>\n<h4><strong>Puedes optar por un look deportivo-chic en rojo<\/strong><\/h4>\n<div id=\"attachment_3303\" style=\"width: 574px\" class=\"wp-caption aligncenter\"><a href=\"https:\/\/www.euroresidentes.com\/estilo-de-vida\/moda-estilo\/wp-content\/uploads\/sites\/15\/2017\/02\/san-valentin-vistete-de-rojo-euroresidentes17.jpg\"><img loading=\"lazy\" decoding=\"async\" aria-describedby=\"caption-attachment-3303\" class=\"wp-image-3303 size-full\" title=\"san-valentin-vistete-de-rojo-euroresidentes\" src=\"https:\/\/www.euroresidentes.com\/estilo-de-vida\/moda-estilo\/wp-content\/uploads\/sites\/15\/2017\/02\/san-valentin-vistete-de-rojo-euroresidentes17.jpg\" alt=\"\u00a1Este San valentin v\u00edstete de rojo! 20 ideas\" width=\"564\" height=\"846\" srcset=\"https:\/\/www.euroresidentes.com\/estilo-de-vida\/moda-estilo\/wp-content\/uploads\/sites\/15\/2017\/02\/san-valentin-vistete-de-rojo-euroresidentes17.jpg 564w, https:\/\/www.euroresidentes.com\/estilo-de-vida\/moda-estilo\/wp-content\/uploads\/sites\/15\/2017\/02\/san-valentin-vistete-de-rojo-euroresidentes17-200x300.jpg 200w\" sizes=\"auto, (max-width: 564px) 100vw, 564px\" \/><\/a><p id=\"caption-attachment-3303\" class=\"wp-caption-text\">Vogue Spain<\/p><\/div>\n<h4><strong>Combina alguna prenda de tu look con alg\u00fan accesorio, como zapatos o bolso<\/strong><\/h4>\n<div id=\"attachment_3304\" style=\"width: 574px\" class=\"wp-caption aligncenter\"><a href=\"https:\/\/www.euroresidentes.com\/estilo-de-vida\/moda-estilo\/wp-content\/uploads\/sites\/15\/2017\/02\/san-valentin-vistete-de-rojo-euroresidentes18.jpg\"><img loading=\"lazy\" decoding=\"async\" aria-describedby=\"caption-attachment-3304\" class=\"wp-image-3304 size-full\" title=\"san-valentin-vistete-de-rojo-euroresidentes\" src=\"https:\/\/www.euroresidentes.com\/estilo-de-vida\/moda-estilo\/wp-content\/uploads\/sites\/15\/2017\/02\/san-valentin-vistete-de-rojo-euroresidentes18.jpg\" alt=\"\u00a1Este San valentin v\u00edstete de rojo! 20 ideas\" width=\"564\" height=\"846\" srcset=\"https:\/\/www.euroresidentes.com\/estilo-de-vida\/moda-estilo\/wp-content\/uploads\/sites\/15\/2017\/02\/san-valentin-vistete-de-rojo-euroresidentes18.jpg 564w, https:\/\/www.euroresidentes.com\/estilo-de-vida\/moda-estilo\/wp-content\/uploads\/sites\/15\/2017\/02\/san-valentin-vistete-de-rojo-euroresidentes18-200x300.jpg 200w\" sizes=\"auto, (max-width: 564px) 100vw, 564px\" \/><\/a><p id=\"caption-attachment-3304\" class=\"wp-caption-text\">Collage Vintage<\/p><\/div>\n<h4><strong>O si solo quieres darle un toque rojo al look, a\u00f1ade unos calcetines<\/strong><\/h4>\n<div id=\"attachment_3305\" style=\"width: 574px\" class=\"wp-caption aligncenter\"><a href=\"https:\/\/www.euroresidentes.com\/estilo-de-vida\/moda-estilo\/wp-content\/uploads\/sites\/15\/2017\/02\/san-valentin-vistete-de-rojo-euroresidentes19.jpg\"><img loading=\"lazy\" decoding=\"async\" aria-describedby=\"caption-attachment-3305\" class=\"wp-image-3305 size-full\" title=\"san-valentin-vistete-de-rojo-euroresidentes\" src=\"https:\/\/www.euroresidentes.com\/estilo-de-vida\/moda-estilo\/wp-content\/uploads\/sites\/15\/2017\/02\/san-valentin-vistete-de-rojo-euroresidentes19.jpg\" alt=\"\u00a1Este San valentin v\u00edstete de rojo! 20 ideas\" width=\"564\" height=\"846\" srcset=\"https:\/\/www.euroresidentes.com\/estilo-de-vida\/moda-estilo\/wp-content\/uploads\/sites\/15\/2017\/02\/san-valentin-vistete-de-rojo-euroresidentes19.jpg 564w, https:\/\/www.euroresidentes.com\/estilo-de-vida\/moda-estilo\/wp-content\/uploads\/sites\/15\/2017\/02\/san-valentin-vistete-de-rojo-euroresidentes19-200x300.jpg 200w\" sizes=\"auto, (max-width: 564px) 100vw, 564px\" \/><\/a><p id=\"caption-attachment-3305\" class=\"wp-caption-text\">Harper&#8217;s Bazaar<\/p><\/div>\n<p><em>No es necesario que te vistas de rojo de la cabeza a los pies, pero con un toque te ver\u00e1s diferente, fabulosa y muy sexy \u00a1\u00a1Arri\u00e9sgate!!<\/em><\/p>\n<p><strong>Leer m\u00e1s:\u00a0<\/strong><\/p>\n<ul>\n<li><a href=\"https:\/\/www.euroresidentes.com\/estilo-de-vida\/moda-estilo\/ideas-combinar-cualquier-vestido-negro\">25 Ideas para combinar (bien) cualquier vestido negro<\/a><\/li>\n<li><a href=\"https:\/\/www.euroresidentes.com\/estilo-de-vida\/moda-estilo\/prendas-ropa-regalo-novia\">23 Prendas de ropa que le puedes regalar a tu novia<\/a><\/li>\n<li><a href=\"https:\/\/www.euroresidentes.com\/estilo-de-vida\/moda-estilo\/7-peinados-que-te-haran-parecer-mas\">7 peinados que te har\u00e1n parecer m\u00e1s delgada<\/a><\/li>\n<\/ul>\n","protected":false},"excerpt":{"rendered":"<p>Tengas pareja o no, San Valent\u00edn es un d\u00eda para celebrar el amor de cualquier tipo. Amor a tus padres, a tus amigos, a tu mascota o a ti mismo.\u00a0\u00bfY qu\u00e9 mejor forma de celebrar el amor que visti\u00e9ndote de rojo? Nosotros hemos seleccionado estos\u00a020 looks para que te inspires: Total look de rojo con sudadera y pantalones acampanados Combina ese jersey rojo con un vaquero\u00a0 Arri\u00e9sgate y ponte una mini rojo de charol Utiliza un vestido rojo super puesto con tu ropa habitual Puedes a\u00f1adir un toque de rojo a tu look con tus complementos, por ejemplo: tu bolso <\/p>\n","protected":false},"author":16,"featured_media":3309,"comment_status":"open","ping_status":"open","sticky":false,"template":"","format":"standard","meta":{"footnotes":""},"categories":[17],"tags":[24],"class_list":["post-3284","post","type-post","status-publish","format-standard","has-post-thumbnail","hentry","category-moda","tag-san-valentin","has_thumb"],"yoast_head":"<!-- This site is optimized with the Yoast SEO plugin v24.1 - https:\/\/yoast.com\/wordpress\/plugins\/seo\/ -->\n<title>V\u00edstete de rojo este San Valentin: 20 ideas para enamorar<\/title>\n<meta name=\"description\" content=\"San Valent\u00edn es un d\u00eda para celebrar el amor de cualquier tipo. \u00bfY qu\u00e9 mejor forma de celebrarlo que visti\u00e9ndote de rojo?\" \/>\n<meta name=\"robots\" content=\"index, follow, max-snippet:-1, max-image-preview:large, max-video-preview:-1\" \/>\n<link rel=\"canonical\" href=\"https:\/\/www.euroresidentes.com\/estilo-de-vida\/moda-estilo\/este-san-valentin-vistete-de-rojo-20-ideas-que-te-inspiraran\/\" \/>\n<meta property=\"og:locale\" content=\"es_ES\" \/>\n<meta property=\"og:type\" content=\"article\" \/>\n<meta property=\"og:title\" content=\"V\u00edstete de rojo este San Valentin: 20 ideas para enamorar\" \/>\n<meta property=\"og:description\" content=\"San Valent\u00edn es un d\u00eda para celebrar el amor de cualquier tipo. \u00bfY qu\u00e9 mejor forma de celebrarlo que visti\u00e9ndote de rojo?\" \/>\n<meta property=\"og:url\" content=\"https:\/\/www.euroresidentes.com\/estilo-de-vida\/moda-estilo\/este-san-valentin-vistete-de-rojo-20-ideas-que-te-inspiraran\/\" \/>\n<meta property=\"og:site_name\" content=\"Moda y estilo\" \/>\n<meta property=\"article:publisher\" content=\"https:\/\/www.facebook.com\/euroresidentes\/\" \/>\n<meta property=\"article:published_time\" content=\"2017-02-03T15:35:05+00:00\" \/>\n<meta property=\"article:modified_time\" content=\"2017-03-28T13:56:56+00:00\" \/>\n<meta property=\"og:image\" content=\"https:\/\/www.euroresidentes.com\/estilo-de-vida\/moda-estilo\/wp-content\/uploads\/sites\/15\/2017\/02\/san-valentin-vistete-rojo-euroresidentes0.jpg\" \/>\n\t<meta property=\"og:image:width\" content=\"700\" \/>\n\t<meta property=\"og:image:height\" content=\"525\" \/>\n\t<meta property=\"og:image:type\" content=\"image\/jpeg\" \/>\n<meta name=\"author\" content=\"Carolina L\u00f3pez\" \/>\n<meta name=\"twitter:card\" content=\"summary_large_image\" \/>\n<meta name=\"twitter:label1\" content=\"Written by\" \/>\n\t<meta name=\"twitter:data1\" content=\"Carolina L\u00f3pez\" \/>\n\t<meta name=\"twitter:label2\" content=\"Est. reading time\" \/>\n\t<meta name=\"twitter:data2\" content=\"3 minutos\" \/>\n<script type=\"application\/ld+json\" class=\"yoast-schema-graph\">{\"@context\":\"https:\/\/schema.org\",\"@graph\":[{\"@type\":\"WebPage\",\"@id\":\"https:\/\/www.euroresidentes.com\/estilo-de-vida\/moda-estilo\/este-san-valentin-vistete-de-rojo-20-ideas-que-te-inspiraran\/\",\"url\":\"https:\/\/www.euroresidentes.com\/estilo-de-vida\/moda-estilo\/este-san-valentin-vistete-de-rojo-20-ideas-que-te-inspiraran\/\",\"name\":\"V\u00edstete de rojo este San Valentin: 20 ideas para enamorar\",\"isPartOf\":{\"@id\":\"https:\/\/www.euroresidentes.com\/estilo-de-vida\/moda-estilo\/#website\"},\"primaryImageOfPage\":{\"@id\":\"https:\/\/www.euroresidentes.com\/estilo-de-vida\/moda-estilo\/este-san-valentin-vistete-de-rojo-20-ideas-que-te-inspiraran\/#primaryimage\"},\"image\":{\"@id\":\"https:\/\/www.euroresidentes.com\/estilo-de-vida\/moda-estilo\/este-san-valentin-vistete-de-rojo-20-ideas-que-te-inspiraran\/#primaryimage\"},\"thumbnailUrl\":\"https:\/\/www.euroresidentes.com\/estilo-de-vida\/moda-estilo\/wp-content\/uploads\/sites\/15\/2017\/02\/san-valentin-vistete-rojo-euroresidentes0.jpg\",\"datePublished\":\"2017-02-03T15:35:05+00:00\",\"dateModified\":\"2017-03-28T13:56:56+00:00\",\"author\":{\"@id\":\"https:\/\/www.euroresidentes.com\/estilo-de-vida\/moda-estilo\/#\/schema\/person\/3ba1d505487bddff8a4458ad5dd3f887\"},\"description\":\"San Valent\u00edn es un d\u00eda para celebrar el amor de cualquier tipo. \u00bfY qu\u00e9 mejor forma de celebrarlo que visti\u00e9ndote de rojo?\",\"breadcrumb\":{\"@id\":\"https:\/\/www.euroresidentes.com\/estilo-de-vida\/moda-estilo\/este-san-valentin-vistete-de-rojo-20-ideas-que-te-inspiraran\/#breadcrumb\"},\"inLanguage\":\"es\",\"potentialAction\":[{\"@type\":\"ReadAction\",\"target\":[\"https:\/\/www.euroresidentes.com\/estilo-de-vida\/moda-estilo\/este-san-valentin-vistete-de-rojo-20-ideas-que-te-inspiraran\/\"]}]},{\"@type\":\"ImageObject\",\"inLanguage\":\"es\",\"@id\":\"https:\/\/www.euroresidentes.com\/estilo-de-vida\/moda-estilo\/este-san-valentin-vistete-de-rojo-20-ideas-que-te-inspiraran\/#primaryimage\",\"url\":\"https:\/\/www.euroresidentes.com\/estilo-de-vida\/moda-estilo\/wp-content\/uploads\/sites\/15\/2017\/02\/san-valentin-vistete-rojo-euroresidentes0.jpg\",\"contentUrl\":\"https:\/\/www.euroresidentes.com\/estilo-de-vida\/moda-estilo\/wp-content\/uploads\/sites\/15\/2017\/02\/san-valentin-vistete-rojo-euroresidentes0.jpg\",\"width\":700,\"height\":525},{\"@type\":\"BreadcrumbList\",\"@id\":\"https:\/\/www.euroresidentes.com\/estilo-de-vida\/moda-estilo\/este-san-valentin-vistete-de-rojo-20-ideas-que-te-inspiraran\/#breadcrumb\",\"itemListElement\":[{\"@type\":\"ListItem\",\"position\":1,\"name\":\"Portada\",\"item\":\"https:\/\/www.euroresidentes.com\/estilo-de-vida\/moda-estilo\/\"},{\"@type\":\"ListItem\",\"position\":2,\"name\":\"\u00a1Este San valentin v\u00edstete de rojo! 20 ideas que te inspirar\u00e1n\"}]},{\"@type\":\"WebSite\",\"@id\":\"https:\/\/www.euroresidentes.com\/estilo-de-vida\/moda-estilo\/#website\",\"url\":\"https:\/\/www.euroresidentes.com\/estilo-de-vida\/moda-estilo\/\",\"name\":\"Moda y estilo\",\"description\":\"Tendencias de moda y belleza\",\"potentialAction\":[{\"@type\":\"SearchAction\",\"target\":{\"@type\":\"EntryPoint\",\"urlTemplate\":\"https:\/\/www.euroresidentes.com\/estilo-de-vida\/moda-estilo\/?s={search_term_string}\"},\"query-input\":{\"@type\":\"PropertyValueSpecification\",\"valueRequired\":true,\"valueName\":\"search_term_string\"}}],\"inLanguage\":\"es\"},{\"@type\":\"Person\",\"@id\":\"https:\/\/www.euroresidentes.com\/estilo-de-vida\/moda-estilo\/#\/schema\/person\/3ba1d505487bddff8a4458ad5dd3f887\",\"name\":\"Carolina L\u00f3pez\",\"image\":{\"@type\":\"ImageObject\",\"inLanguage\":\"es\",\"@id\":\"https:\/\/www.euroresidentes.com\/estilo-de-vida\/moda-estilo\/#\/schema\/person\/image\/\",\"url\":\"https:\/\/www.euroresidentes.com\/estilo-de-vida\/moda-estilo\/wp-content\/uploads\/sites\/15\/2016\/04\/12079094_10153243158757076_5246940149716144098_n-150x150.jpg\",\"contentUrl\":\"https:\/\/www.euroresidentes.com\/estilo-de-vida\/moda-estilo\/wp-content\/uploads\/sites\/15\/2016\/04\/12079094_10153243158757076_5246940149716144098_n-150x150.jpg\",\"caption\":\"Carolina L\u00f3pez\"},\"description\":\"Carolina L\u00f3pezLicenciada en Publicidad y RRPP\",\"sameAs\":[\"https:\/\/www.euroresidentes.com\/estilo-de-vida\/carolina-lopez.html\"],\"url\":\"https:\/\/www.euroresidentes.com\/estilo-de-vida\/moda-estilo\/author\/carolinalopez\/\"}]}<\/script>\n<!-- \/ Yoast SEO plugin. -->","yoast_head_json":{"title":"V\u00edstete de rojo este San Valentin: 20 ideas para enamorar","description":"San Valent\u00edn es un d\u00eda para celebrar el amor de cualquier tipo. \u00bfY qu\u00e9 mejor forma de celebrarlo que visti\u00e9ndote de rojo?","robots":{"index":"index","follow":"follow","max-snippet":"max-snippet:-1","max-image-preview":"max-image-preview:large","max-video-preview":"max-video-preview:-1"},"canonical":"https:\/\/www.euroresidentes.com\/estilo-de-vida\/moda-estilo\/este-san-valentin-vistete-de-rojo-20-ideas-que-te-inspiraran\/","og_locale":"es_ES","og_type":"article","og_title":"V\u00edstete de rojo este San Valentin: 20 ideas para enamorar","og_description":"San Valent\u00edn es un d\u00eda para celebrar el amor de cualquier tipo. \u00bfY qu\u00e9 mejor forma de celebrarlo que visti\u00e9ndote de rojo?","og_url":"https:\/\/www.euroresidentes.com\/estilo-de-vida\/moda-estilo\/este-san-valentin-vistete-de-rojo-20-ideas-que-te-inspiraran\/","og_site_name":"Moda y estilo","article_publisher":"https:\/\/www.facebook.com\/euroresidentes\/","article_published_time":"2017-02-03T15:35:05+00:00","article_modified_time":"2017-03-28T13:56:56+00:00","og_image":[{"width":700,"height":525,"url":"https:\/\/www.euroresidentes.com\/estilo-de-vida\/moda-estilo\/wp-content\/uploads\/sites\/15\/2017\/02\/san-valentin-vistete-rojo-euroresidentes0.jpg","type":"image\/jpeg"}],"author":"Carolina L\u00f3pez","twitter_card":"summary_large_image","twitter_misc":{"Written by":"Carolina L\u00f3pez","Est. reading time":"3 minutos"},"schema":{"@context":"https:\/\/schema.org","@graph":[{"@type":"WebPage","@id":"https:\/\/www.euroresidentes.com\/estilo-de-vida\/moda-estilo\/este-san-valentin-vistete-de-rojo-20-ideas-que-te-inspiraran\/","url":"https:\/\/www.euroresidentes.com\/estilo-de-vida\/moda-estilo\/este-san-valentin-vistete-de-rojo-20-ideas-que-te-inspiraran\/","name":"V\u00edstete de rojo este San Valentin: 20 ideas para enamorar","isPartOf":{"@id":"https:\/\/www.euroresidentes.com\/estilo-de-vida\/moda-estilo\/#website"},"primaryImageOfPage":{"@id":"https:\/\/www.euroresidentes.com\/estilo-de-vida\/moda-estilo\/este-san-valentin-vistete-de-rojo-20-ideas-que-te-inspiraran\/#primaryimage"},"image":{"@id":"https:\/\/www.euroresidentes.com\/estilo-de-vida\/moda-estilo\/este-san-valentin-vistete-de-rojo-20-ideas-que-te-inspiraran\/#primaryimage"},"thumbnailUrl":"https:\/\/www.euroresidentes.com\/estilo-de-vida\/moda-estilo\/wp-content\/uploads\/sites\/15\/2017\/02\/san-valentin-vistete-rojo-euroresidentes0.jpg","datePublished":"2017-02-03T15:35:05+00:00","dateModified":"2017-03-28T13:56:56+00:00","author":{"@id":"https:\/\/www.euroresidentes.com\/estilo-de-vida\/moda-estilo\/#\/schema\/person\/3ba1d505487bddff8a4458ad5dd3f887"},"description":"San Valent\u00edn es un d\u00eda para celebrar el amor de cualquier tipo. \u00bfY qu\u00e9 mejor forma de celebrarlo que visti\u00e9ndote de rojo?","breadcrumb":{"@id":"https:\/\/www.euroresidentes.com\/estilo-de-vida\/moda-estilo\/este-san-valentin-vistete-de-rojo-20-ideas-que-te-inspiraran\/#breadcrumb"},"inLanguage":"es","potentialAction":[{"@type":"ReadAction","target":["https:\/\/www.euroresidentes.com\/estilo-de-vida\/moda-estilo\/este-san-valentin-vistete-de-rojo-20-ideas-que-te-inspiraran\/"]}]},{"@type":"ImageObject","inLanguage":"es","@id":"https:\/\/www.euroresidentes.com\/estilo-de-vida\/moda-estilo\/este-san-valentin-vistete-de-rojo-20-ideas-que-te-inspiraran\/#primaryimage","url":"https:\/\/www.euroresidentes.com\/estilo-de-vida\/moda-estilo\/wp-content\/uploads\/sites\/15\/2017\/02\/san-valentin-vistete-rojo-euroresidentes0.jpg","contentUrl":"https:\/\/www.euroresidentes.com\/estilo-de-vida\/moda-estilo\/wp-content\/uploads\/sites\/15\/2017\/02\/san-valentin-vistete-rojo-euroresidentes0.jpg","width":700,"height":525},{"@type":"BreadcrumbList","@id":"https:\/\/www.euroresidentes.com\/estilo-de-vida\/moda-estilo\/este-san-valentin-vistete-de-rojo-20-ideas-que-te-inspiraran\/#breadcrumb","itemListElement":[{"@type":"ListItem","position":1,"name":"Portada","item":"https:\/\/www.euroresidentes.com\/estilo-de-vida\/moda-estilo\/"},{"@type":"ListItem","position":2,"name":"\u00a1Este San valentin v\u00edstete de rojo! 20 ideas que te inspirar\u00e1n"}]},{"@type":"WebSite","@id":"https:\/\/www.euroresidentes.com\/estilo-de-vida\/moda-estilo\/#website","url":"https:\/\/www.euroresidentes.com\/estilo-de-vida\/moda-estilo\/","name":"Moda y estilo","description":"Tendencias de moda y belleza","potentialAction":[{"@type":"SearchAction","target":{"@type":"EntryPoint","urlTemplate":"https:\/\/www.euroresidentes.com\/estilo-de-vida\/moda-estilo\/?s={search_term_string}"},"query-input":{"@type":"PropertyValueSpecification","valueRequired":true,"valueName":"search_term_string"}}],"inLanguage":"es"},{"@type":"Person","@id":"https:\/\/www.euroresidentes.com\/estilo-de-vida\/moda-estilo\/#\/schema\/person\/3ba1d505487bddff8a4458ad5dd3f887","name":"Carolina L\u00f3pez","image":{"@type":"ImageObject","inLanguage":"es","@id":"https:\/\/www.euroresidentes.com\/estilo-de-vida\/moda-estilo\/#\/schema\/person\/image\/","url":"https:\/\/www.euroresidentes.com\/estilo-de-vida\/moda-estilo\/wp-content\/uploads\/sites\/15\/2016\/04\/12079094_10153243158757076_5246940149716144098_n-150x150.jpg","contentUrl":"https:\/\/www.euroresidentes.com\/estilo-de-vida\/moda-estilo\/wp-content\/uploads\/sites\/15\/2016\/04\/12079094_10153243158757076_5246940149716144098_n-150x150.jpg","caption":"Carolina L\u00f3pez"},"description":"Carolina L\u00f3pezLicenciada en Publicidad y RRPP","sameAs":["https:\/\/www.euroresidentes.com\/estilo-de-vida\/carolina-lopez.html"],"url":"https:\/\/www.euroresidentes.com\/estilo-de-vida\/moda-estilo\/author\/carolinalopez\/"}]}},"_links":{"self":[{"href":"https:\/\/www.euroresidentes.com\/estilo-de-vida\/moda-estilo\/wp-json\/wp\/v2\/posts\/3284","targetHints":{"allow":["GET"]}}],"collection":[{"href":"https:\/\/www.euroresidentes.com\/estilo-de-vida\/moda-estilo\/wp-json\/wp\/v2\/posts"}],"about":[{"href":"https:\/\/www.euroresidentes.com\/estilo-de-vida\/moda-estilo\/wp-json\/wp\/v2\/types\/post"}],"author":[{"embeddable":true,"href":"https:\/\/www.euroresidentes.com\/estilo-de-vida\/moda-estilo\/wp-json\/wp\/v2\/users\/16"}],"replies":[{"embeddable":true,"href":"https:\/\/www.euroresidentes.com\/estilo-de-vida\/moda-estilo\/wp-json\/wp\/v2\/comments?post=3284"}],"version-history":[{"count":5,"href":"https:\/\/www.euroresidentes.com\/estilo-de-vida\/moda-estilo\/wp-json\/wp\/v2\/posts\/3284\/revisions"}],"predecessor-version":[{"id":3310,"href":"https:\/\/www.euroresidentes.com\/estilo-de-vida\/moda-estilo\/wp-json\/wp\/v2\/posts\/3284\/revisions\/3310"}],"wp:featuredmedia":[{"embeddable":true,"href":"https:\/\/www.euroresidentes.com\/estilo-de-vida\/moda-estilo\/wp-json\/wp\/v2\/media\/3309"}],"wp:attachment":[{"href":"https:\/\/www.euroresidentes.com\/estilo-de-vida\/moda-estilo\/wp-json\/wp\/v2\/media?parent=3284"}],"wp:term":[{"taxonomy":"category","embeddable":true,"href":"https:\/\/www.euroresidentes.com\/estilo-de-vida\/moda-estilo\/wp-json\/wp\/v2\/categories?post=3284"},{"taxonomy":"post_tag","embeddable":true,"href":"https:\/\/www.euroresidentes.com\/estilo-de-vida\/moda-estilo\/wp-json\/wp\/v2\/tags?post=3284"}],"curies":[{"name":"wp","href":"https:\/\/api.w.org\/{rel}","templated":true}]}}