{"id":2466,"date":"2014-11-19T11:38:00","date_gmt":"2014-11-19T10:38:00","guid":{"rendered":"http:\/\/www.euroresidentes.com\/estilo-de-vida\/moda-estilo\/olvidate-de-los-skinny-jeans-6"},"modified":"2018-08-10T11:58:31","modified_gmt":"2018-08-10T09:58:31","slug":"olvidate-de-los-skinny-jeans-6","status":"publish","type":"post","link":"https:\/\/www.euroresidentes.com\/estilo-de-vida\/moda-estilo\/olvidate-de-los-skinny-jeans-6\/","title":{"rendered":"\u00a1Olv\u00eddate de los Skinny Jeans! 6 pantalones que comprarte esta temporada"},"content":{"rendered":"<p>Personalmente soy muy fan de los &#8216;Skinny jeans&#8217; (o vaqueros ajustados), ya que para alguien como yo, con cero curvas en el cuerpo (a mi madre se le olvid\u00f3 hacerme con caderas y culo al nacer) este estilo de pantal\u00f3n, resalta la poca forma que tienen mis piernas y culo, y hacen mi cuerpo m\u00e1s estilizado.<\/p>\n<p>Pero como las tendencias y las tiendas de ropa son las que mandan, parece que han olvidado hacer este estilo de pantalones y se han volcado en nuevos modelos mucho m\u00e1s amplios, con diferentes bajos y formas, para que podamos tener muchas opciones, y las chicas que tienen caderas y culo (suertudas) puedan disimular curvas.<\/p>\n<p>A continuaci\u00f3n os hago una lista de los pantalones estrella de la temporada. \u00a1Tomad nota!<\/p>\n<h3>Pantalones &#8216;Mom Jeans&#8217;<\/h3>\n<p>De talle alto y no excesivamente ajustados. Su tejido es r\u00edgido y suelen tener un acabado en pitillo o recto. Nos recuerdan a los pantalones que llevaban nuestras madres en los a\u00f1os 80-90, de ah\u00ed el nombre.<\/p>\n<p><a style=\"margin-left: auto; margin-right: auto;\" href=\"https:\/\/www.euroresidentes.com\/estilo-de-vida\/moda-estilo\/wp-content\/uploads\/sites\/15\/2014\/11\/mom-jeans.jpg\"><img decoding=\"async\" class=\"aligncenter\" src=\"https:\/\/www.euroresidentes.com\/estilo-de-vida\/moda-estilo\/wp-content\/uploads\/sites\/15\/2014\/11\/mom-jeans.jpg\" border=\"0\" \/><\/a><\/p>\n<h3>Mono o peto vaquero<\/h3>\n<p>En realidad se lleva de todos los tejidos y materiales, pero el tejido vaquero es el m\u00e1s utilizados por su comodidad y por lo f\u00e1cil que es combinarlo con cualquier cosa. No se ajustan al cuerpo ni marcan la cintura, or lo que es la opci\u00f3n correcta para ir c\u00f3moda y chic.<\/p>\n<div style=\"width: 610px\" class=\"wp-caption aligncenter\"><a href=\"https:\/\/www.euroresidentes.com\/estilo-de-vida\/moda-estilo\/wp-content\/uploads\/sites\/15\/2014\/11\/monotopshop.jpg\"><img loading=\"lazy\" decoding=\"async\" src=\"https:\/\/www.euroresidentes.com\/estilo-de-vida\/moda-estilo\/wp-content\/uploads\/sites\/15\/2014\/11\/monotopshop.jpg\" alt=\"\" width=\"600\" height=\"450\" border=\"0\" \/><\/a><p class=\"wp-caption-text\">Mono vaquero TOPSHOP<\/p><\/div>\n<h3>Pantalones Boyfriend<\/h3>\n<p>Fueron los pantalones estrella la temporada pasada, y este a\u00f1o sigue su estela. A los hombres, s\u00e9 con certeza que odian que llevemos este tipo de pantalones, ya que son anchos y no marcan curvas, por esto mismo nosotras los amamos, sobre todo para diario.<\/p>\n<div style=\"width: 610px\" class=\"wp-caption aligncenter\"><a style=\"margin-left: auto; margin-right: auto;\" href=\"https:\/\/www.euroresidentes.com\/estilo-de-vida\/moda-estilo\/wp-content\/uploads\/sites\/15\/2014\/11\/BOYFRIEND.jpg\"><img loading=\"lazy\" decoding=\"async\" src=\"https:\/\/www.euroresidentes.com\/estilo-de-vida\/moda-estilo\/wp-content\/uploads\/sites\/15\/2014\/11\/BOYFRIEND.jpg\" alt=\"\" width=\"600\" height=\"450\" border=\"0\" \/><\/a><p class=\"wp-caption-text\">Pantalon boyfriend ZARA<\/p><\/div>\n<h3>Pantal\u00f3n de deportivos<\/h3>\n<p>Los llamo as\u00ed, porque aunque el tejido sea el\u00e1stico, b\u00e1sicamente deportivo, se utilizan para todo y combinados con lo que quieras, tops, camisetas, cropped tops&#8230; son comod\u00edsimos y una buena opci\u00f3n para todos los d\u00edas<\/p>\n<div style=\"width: 610px\" class=\"wp-caption aligncenter\"><a style=\"margin-left: auto; margin-right: auto;\" href=\"https:\/\/www.euroresidentes.com\/estilo-de-vida\/moda-estilo\/wp-content\/uploads\/sites\/15\/2014\/11\/pantalondedeporte.jpg\"><img loading=\"lazy\" decoding=\"async\" src=\"https:\/\/www.euroresidentes.com\/estilo-de-vida\/moda-estilo\/wp-content\/uploads\/sites\/15\/2014\/11\/pantalondedeporte.jpg\" alt=\"\" width=\"600\" height=\"450\" border=\"0\" \/><\/a><p class=\"wp-caption-text\">Pantalon deportivo H&amp;M<\/p><\/div>\n<h3>Falda-pantal\u00f3n<\/h3>\n<p>Realmente es un pantal\u00f3n pero por su forma y dimensiones bien podr\u00eda decirse de \u00e9l que simula una falda. De talle alto con pinzas, su largo es bajo la rodilla y de diferentes materiales, desde el crepe al cuero.<\/p>\n<div style=\"width: 610px\" class=\"wp-caption aligncenter\"><a style=\"margin-left: auto; margin-right: auto;\" href=\"https:\/\/www.euroresidentes.com\/estilo-de-vida\/moda-estilo\/wp-content\/uploads\/sites\/15\/2014\/11\/faldapantalon.jpg\"><img loading=\"lazy\" decoding=\"async\" src=\"https:\/\/www.euroresidentes.com\/estilo-de-vida\/moda-estilo\/wp-content\/uploads\/sites\/15\/2014\/11\/faldapantalon.jpg\" alt=\"\" width=\"600\" height=\"450\" border=\"0\" \/><\/a><p class=\"wp-caption-text\">Pantal\u00f3n Stella Mcartney<\/p><\/div>\n<h3>Pantal\u00f3n Pijama<\/h3>\n<p>No se llaman as\u00ed porque sean los que vayas a utilizar para irte a dormir, pero son lo suficientemente c\u00f3modos como para llev\u00e1rtelos contigo al trabajo, a pasear, a estudiar&#8230; para todo sin ser vulgares, incluso se podr\u00eda decir de ellos que son para vestir.<br \/>Son holgados, sin ser exageradamente anchos.<\/p>\n<div style=\"width: 610px\" class=\"wp-caption aligncenter\"><a style=\"margin-left: auto; margin-right: auto;\" href=\"https:\/\/www.euroresidentes.com\/estilo-de-vida\/moda-estilo\/wp-content\/uploads\/sites\/15\/2014\/11\/pijamapants.jpg\"><img loading=\"lazy\" decoding=\"async\" src=\"https:\/\/www.euroresidentes.com\/estilo-de-vida\/moda-estilo\/wp-content\/uploads\/sites\/15\/2014\/11\/pijamapants.jpg\" alt=\"\" width=\"600\" height=\"450\" border=\"0\" \/><\/a><p class=\"wp-caption-text\">Pantalones DVF<\/p><\/div>\n<p>&nbsp;<\/p>\n","protected":false},"excerpt":{"rendered":"<p>Personalmente soy muy fan de los &#8216;Skinny jeans&#8217; (o vaqueros ajustados), ya que para alguien como yo, con cero curvas en el cuerpo (a mi madre se le olvid\u00f3 hacerme con caderas y culo al nacer) este estilo de pantal\u00f3n, resalta la poca forma que tienen mis piernas y culo, y hacen mi cuerpo m\u00e1s estilizado. Pero como las tendencias y las tiendas de ropa son las que mandan, parece que han olvidado hacer este estilo de pantalones y se han volcado en nuevos modelos mucho m\u00e1s amplios, con diferentes bajos y formas, para que podamos tener muchas opciones, y <\/p>\n","protected":false},"author":16,"featured_media":2754,"comment_status":"open","ping_status":"open","sticky":false,"template":"","format":"standard","meta":{"footnotes":""},"categories":[1],"tags":[],"class_list":["post-2466","post","type-post","status-publish","format-standard","has-post-thumbnail","hentry","category-general","has_thumb"],"yoast_head":"<!-- This site is optimized with the Yoast SEO plugin v24.1 - https:\/\/yoast.com\/wordpress\/plugins\/seo\/ -->\n<title>\u00a1Olv\u00eddate de los Skinny Jeans! 6 pantalones que comprarte esta temporada - Moda y estilo<\/title>\n<meta name=\"robots\" content=\"index, follow, max-snippet:-1, max-image-preview:large, max-video-preview:-1\" \/>\n<link rel=\"canonical\" href=\"https:\/\/www.euroresidentes.com\/estilo-de-vida\/moda-estilo\/olvidate-de-los-skinny-jeans-6\/\" \/>\n<meta property=\"og:locale\" content=\"es_ES\" \/>\n<meta property=\"og:type\" content=\"article\" \/>\n<meta property=\"og:title\" content=\"\u00a1Olv\u00eddate de los Skinny Jeans! 6 pantalones que comprarte esta temporada - Moda y estilo\" \/>\n<meta property=\"og:description\" content=\"Personalmente soy muy fan de los &#8216;Skinny jeans&#8217; (o vaqueros ajustados), ya que para alguien como yo, con cero curvas en el cuerpo (a mi madre se le olvid\u00f3 hacerme con caderas y culo al nacer) este estilo de pantal\u00f3n, resalta la poca forma que tienen mis piernas y culo, y hacen mi cuerpo m\u00e1s estilizado. Pero como las tendencias y las tiendas de ropa son las que mandan, parece que han olvidado hacer este estilo de pantalones y se han volcado en nuevos modelos mucho m\u00e1s amplios, con diferentes bajos y formas, para que podamos tener muchas opciones, y\" \/>\n<meta property=\"og:url\" content=\"https:\/\/www.euroresidentes.com\/estilo-de-vida\/moda-estilo\/olvidate-de-los-skinny-jeans-6\/\" \/>\n<meta property=\"og:site_name\" content=\"Moda y estilo\" \/>\n<meta property=\"article:publisher\" content=\"https:\/\/www.facebook.com\/euroresidentes\/\" \/>\n<meta property=\"article:published_time\" content=\"2014-11-19T10:38:00+00:00\" \/>\n<meta property=\"article:modified_time\" content=\"2018-08-10T09:58:31+00:00\" \/>\n<meta property=\"og:image\" content=\"https:\/\/www.euroresidentes.com\/estilo-de-vida\/moda-estilo\/wp-content\/uploads\/sites\/15\/2014\/11\/mom-jeans.jpg\" \/>\n\t<meta property=\"og:image:width\" content=\"600\" \/>\n\t<meta property=\"og:image:height\" content=\"450\" \/>\n\t<meta property=\"og:image:type\" content=\"image\/jpeg\" \/>\n<meta name=\"author\" content=\"Carolina L\u00f3pez\" \/>\n<meta name=\"twitter:card\" content=\"summary_large_image\" \/>\n<meta name=\"twitter:label1\" content=\"Written by\" \/>\n\t<meta name=\"twitter:data1\" content=\"Carolina L\u00f3pez\" \/>\n\t<meta name=\"twitter:label2\" content=\"Est. reading time\" \/>\n\t<meta name=\"twitter:data2\" content=\"2 minutos\" \/>\n<script type=\"application\/ld+json\" class=\"yoast-schema-graph\">{\"@context\":\"https:\/\/schema.org\",\"@graph\":[{\"@type\":\"WebPage\",\"@id\":\"https:\/\/www.euroresidentes.com\/estilo-de-vida\/moda-estilo\/olvidate-de-los-skinny-jeans-6\/\",\"url\":\"https:\/\/www.euroresidentes.com\/estilo-de-vida\/moda-estilo\/olvidate-de-los-skinny-jeans-6\/\",\"name\":\"\u00a1Olv\u00eddate de los Skinny Jeans! 6 pantalones que comprarte esta temporada - Moda y estilo\",\"isPartOf\":{\"@id\":\"https:\/\/www.euroresidentes.com\/estilo-de-vida\/moda-estilo\/#website\"},\"primaryImageOfPage\":{\"@id\":\"https:\/\/www.euroresidentes.com\/estilo-de-vida\/moda-estilo\/olvidate-de-los-skinny-jeans-6\/#primaryimage\"},\"image\":{\"@id\":\"https:\/\/www.euroresidentes.com\/estilo-de-vida\/moda-estilo\/olvidate-de-los-skinny-jeans-6\/#primaryimage\"},\"thumbnailUrl\":\"https:\/\/www.euroresidentes.com\/estilo-de-vida\/moda-estilo\/wp-content\/uploads\/sites\/15\/2014\/11\/mom-jeans.jpg\",\"datePublished\":\"2014-11-19T10:38:00+00:00\",\"dateModified\":\"2018-08-10T09:58:31+00:00\",\"author\":{\"@id\":\"https:\/\/www.euroresidentes.com\/estilo-de-vida\/moda-estilo\/#\/schema\/person\/3ba1d505487bddff8a4458ad5dd3f887\"},\"breadcrumb\":{\"@id\":\"https:\/\/www.euroresidentes.com\/estilo-de-vida\/moda-estilo\/olvidate-de-los-skinny-jeans-6\/#breadcrumb\"},\"inLanguage\":\"es\",\"potentialAction\":[{\"@type\":\"ReadAction\",\"target\":[\"https:\/\/www.euroresidentes.com\/estilo-de-vida\/moda-estilo\/olvidate-de-los-skinny-jeans-6\/\"]}]},{\"@type\":\"ImageObject\",\"inLanguage\":\"es\",\"@id\":\"https:\/\/www.euroresidentes.com\/estilo-de-vida\/moda-estilo\/olvidate-de-los-skinny-jeans-6\/#primaryimage\",\"url\":\"https:\/\/www.euroresidentes.com\/estilo-de-vida\/moda-estilo\/wp-content\/uploads\/sites\/15\/2014\/11\/mom-jeans.jpg\",\"contentUrl\":\"https:\/\/www.euroresidentes.com\/estilo-de-vida\/moda-estilo\/wp-content\/uploads\/sites\/15\/2014\/11\/mom-jeans.jpg\",\"width\":600,\"height\":450},{\"@type\":\"BreadcrumbList\",\"@id\":\"https:\/\/www.euroresidentes.com\/estilo-de-vida\/moda-estilo\/olvidate-de-los-skinny-jeans-6\/#breadcrumb\",\"itemListElement\":[{\"@type\":\"ListItem\",\"position\":1,\"name\":\"Portada\",\"item\":\"https:\/\/www.euroresidentes.com\/estilo-de-vida\/moda-estilo\/\"},{\"@type\":\"ListItem\",\"position\":2,\"name\":\"\u00a1Olv\u00eddate de los Skinny Jeans! 6 pantalones que comprarte esta temporada\"}]},{\"@type\":\"WebSite\",\"@id\":\"https:\/\/www.euroresidentes.com\/estilo-de-vida\/moda-estilo\/#website\",\"url\":\"https:\/\/www.euroresidentes.com\/estilo-de-vida\/moda-estilo\/\",\"name\":\"Moda y estilo\",\"description\":\"Tendencias de moda y belleza\",\"potentialAction\":[{\"@type\":\"SearchAction\",\"target\":{\"@type\":\"EntryPoint\",\"urlTemplate\":\"https:\/\/www.euroresidentes.com\/estilo-de-vida\/moda-estilo\/?s={search_term_string}\"},\"query-input\":{\"@type\":\"PropertyValueSpecification\",\"valueRequired\":true,\"valueName\":\"search_term_string\"}}],\"inLanguage\":\"es\"},{\"@type\":\"Person\",\"@id\":\"https:\/\/www.euroresidentes.com\/estilo-de-vida\/moda-estilo\/#\/schema\/person\/3ba1d505487bddff8a4458ad5dd3f887\",\"name\":\"Carolina L\u00f3pez\",\"image\":{\"@type\":\"ImageObject\",\"inLanguage\":\"es\",\"@id\":\"https:\/\/www.euroresidentes.com\/estilo-de-vida\/moda-estilo\/#\/schema\/person\/image\/\",\"url\":\"https:\/\/www.euroresidentes.com\/estilo-de-vida\/moda-estilo\/wp-content\/uploads\/sites\/15\/2016\/04\/12079094_10153243158757076_5246940149716144098_n-150x150.jpg\",\"contentUrl\":\"https:\/\/www.euroresidentes.com\/estilo-de-vida\/moda-estilo\/wp-content\/uploads\/sites\/15\/2016\/04\/12079094_10153243158757076_5246940149716144098_n-150x150.jpg\",\"caption\":\"Carolina L\u00f3pez\"},\"description\":\"Carolina L\u00f3pezLicenciada en Publicidad y RRPP\",\"sameAs\":[\"https:\/\/www.euroresidentes.com\/estilo-de-vida\/carolina-lopez.html\"],\"url\":\"https:\/\/www.euroresidentes.com\/estilo-de-vida\/moda-estilo\/author\/carolinalopez\/\"}]}<\/script>\n<!-- \/ Yoast SEO plugin. -->","yoast_head_json":{"title":"\u00a1Olv\u00eddate de los Skinny Jeans! 6 pantalones que comprarte esta temporada - Moda y estilo","robots":{"index":"index","follow":"follow","max-snippet":"max-snippet:-1","max-image-preview":"max-image-preview:large","max-video-preview":"max-video-preview:-1"},"canonical":"https:\/\/www.euroresidentes.com\/estilo-de-vida\/moda-estilo\/olvidate-de-los-skinny-jeans-6\/","og_locale":"es_ES","og_type":"article","og_title":"\u00a1Olv\u00eddate de los Skinny Jeans! 6 pantalones que comprarte esta temporada - Moda y estilo","og_description":"Personalmente soy muy fan de los &#8216;Skinny jeans&#8217; (o vaqueros ajustados), ya que para alguien como yo, con cero curvas en el cuerpo (a mi madre se le olvid\u00f3 hacerme con caderas y culo al nacer) este estilo de pantal\u00f3n, resalta la poca forma que tienen mis piernas y culo, y hacen mi cuerpo m\u00e1s estilizado. Pero como las tendencias y las tiendas de ropa son las que mandan, parece que han olvidado hacer este estilo de pantalones y se han volcado en nuevos modelos mucho m\u00e1s amplios, con diferentes bajos y formas, para que podamos tener muchas opciones, y","og_url":"https:\/\/www.euroresidentes.com\/estilo-de-vida\/moda-estilo\/olvidate-de-los-skinny-jeans-6\/","og_site_name":"Moda y estilo","article_publisher":"https:\/\/www.facebook.com\/euroresidentes\/","article_published_time":"2014-11-19T10:38:00+00:00","article_modified_time":"2018-08-10T09:58:31+00:00","og_image":[{"width":600,"height":450,"url":"https:\/\/www.euroresidentes.com\/estilo-de-vida\/moda-estilo\/wp-content\/uploads\/sites\/15\/2014\/11\/mom-jeans.jpg","type":"image\/jpeg"}],"author":"Carolina L\u00f3pez","twitter_card":"summary_large_image","twitter_misc":{"Written by":"Carolina L\u00f3pez","Est. reading time":"2 minutos"},"schema":{"@context":"https:\/\/schema.org","@graph":[{"@type":"WebPage","@id":"https:\/\/www.euroresidentes.com\/estilo-de-vida\/moda-estilo\/olvidate-de-los-skinny-jeans-6\/","url":"https:\/\/www.euroresidentes.com\/estilo-de-vida\/moda-estilo\/olvidate-de-los-skinny-jeans-6\/","name":"\u00a1Olv\u00eddate de los Skinny Jeans! 6 pantalones que comprarte esta temporada - Moda y estilo","isPartOf":{"@id":"https:\/\/www.euroresidentes.com\/estilo-de-vida\/moda-estilo\/#website"},"primaryImageOfPage":{"@id":"https:\/\/www.euroresidentes.com\/estilo-de-vida\/moda-estilo\/olvidate-de-los-skinny-jeans-6\/#primaryimage"},"image":{"@id":"https:\/\/www.euroresidentes.com\/estilo-de-vida\/moda-estilo\/olvidate-de-los-skinny-jeans-6\/#primaryimage"},"thumbnailUrl":"https:\/\/www.euroresidentes.com\/estilo-de-vida\/moda-estilo\/wp-content\/uploads\/sites\/15\/2014\/11\/mom-jeans.jpg","datePublished":"2014-11-19T10:38:00+00:00","dateModified":"2018-08-10T09:58:31+00:00","author":{"@id":"https:\/\/www.euroresidentes.com\/estilo-de-vida\/moda-estilo\/#\/schema\/person\/3ba1d505487bddff8a4458ad5dd3f887"},"breadcrumb":{"@id":"https:\/\/www.euroresidentes.com\/estilo-de-vida\/moda-estilo\/olvidate-de-los-skinny-jeans-6\/#breadcrumb"},"inLanguage":"es","potentialAction":[{"@type":"ReadAction","target":["https:\/\/www.euroresidentes.com\/estilo-de-vida\/moda-estilo\/olvidate-de-los-skinny-jeans-6\/"]}]},{"@type":"ImageObject","inLanguage":"es","@id":"https:\/\/www.euroresidentes.com\/estilo-de-vida\/moda-estilo\/olvidate-de-los-skinny-jeans-6\/#primaryimage","url":"https:\/\/www.euroresidentes.com\/estilo-de-vida\/moda-estilo\/wp-content\/uploads\/sites\/15\/2014\/11\/mom-jeans.jpg","contentUrl":"https:\/\/www.euroresidentes.com\/estilo-de-vida\/moda-estilo\/wp-content\/uploads\/sites\/15\/2014\/11\/mom-jeans.jpg","width":600,"height":450},{"@type":"BreadcrumbList","@id":"https:\/\/www.euroresidentes.com\/estilo-de-vida\/moda-estilo\/olvidate-de-los-skinny-jeans-6\/#breadcrumb","itemListElement":[{"@type":"ListItem","position":1,"name":"Portada","item":"https:\/\/www.euroresidentes.com\/estilo-de-vida\/moda-estilo\/"},{"@type":"ListItem","position":2,"name":"\u00a1Olv\u00eddate de los Skinny Jeans! 6 pantalones que comprarte esta temporada"}]},{"@type":"WebSite","@id":"https:\/\/www.euroresidentes.com\/estilo-de-vida\/moda-estilo\/#website","url":"https:\/\/www.euroresidentes.com\/estilo-de-vida\/moda-estilo\/","name":"Moda y estilo","description":"Tendencias de moda y belleza","potentialAction":[{"@type":"SearchAction","target":{"@type":"EntryPoint","urlTemplate":"https:\/\/www.euroresidentes.com\/estilo-de-vida\/moda-estilo\/?s={search_term_string}"},"query-input":{"@type":"PropertyValueSpecification","valueRequired":true,"valueName":"search_term_string"}}],"inLanguage":"es"},{"@type":"Person","@id":"https:\/\/www.euroresidentes.com\/estilo-de-vida\/moda-estilo\/#\/schema\/person\/3ba1d505487bddff8a4458ad5dd3f887","name":"Carolina L\u00f3pez","image":{"@type":"ImageObject","inLanguage":"es","@id":"https:\/\/www.euroresidentes.com\/estilo-de-vida\/moda-estilo\/#\/schema\/person\/image\/","url":"https:\/\/www.euroresidentes.com\/estilo-de-vida\/moda-estilo\/wp-content\/uploads\/sites\/15\/2016\/04\/12079094_10153243158757076_5246940149716144098_n-150x150.jpg","contentUrl":"https:\/\/www.euroresidentes.com\/estilo-de-vida\/moda-estilo\/wp-content\/uploads\/sites\/15\/2016\/04\/12079094_10153243158757076_5246940149716144098_n-150x150.jpg","caption":"Carolina L\u00f3pez"},"description":"Carolina L\u00f3pezLicenciada en Publicidad y RRPP","sameAs":["https:\/\/www.euroresidentes.com\/estilo-de-vida\/carolina-lopez.html"],"url":"https:\/\/www.euroresidentes.com\/estilo-de-vida\/moda-estilo\/author\/carolinalopez\/"}]}},"_links":{"self":[{"href":"https:\/\/www.euroresidentes.com\/estilo-de-vida\/moda-estilo\/wp-json\/wp\/v2\/posts\/2466","targetHints":{"allow":["GET"]}}],"collection":[{"href":"https:\/\/www.euroresidentes.com\/estilo-de-vida\/moda-estilo\/wp-json\/wp\/v2\/posts"}],"about":[{"href":"https:\/\/www.euroresidentes.com\/estilo-de-vida\/moda-estilo\/wp-json\/wp\/v2\/types\/post"}],"author":[{"embeddable":true,"href":"https:\/\/www.euroresidentes.com\/estilo-de-vida\/moda-estilo\/wp-json\/wp\/v2\/users\/16"}],"replies":[{"embeddable":true,"href":"https:\/\/www.euroresidentes.com\/estilo-de-vida\/moda-estilo\/wp-json\/wp\/v2\/comments?post=2466"}],"version-history":[{"count":4,"href":"https:\/\/www.euroresidentes.com\/estilo-de-vida\/moda-estilo\/wp-json\/wp\/v2\/posts\/2466\/revisions"}],"predecessor-version":[{"id":4035,"href":"https:\/\/www.euroresidentes.com\/estilo-de-vida\/moda-estilo\/wp-json\/wp\/v2\/posts\/2466\/revisions\/4035"}],"wp:featuredmedia":[{"embeddable":true,"href":"https:\/\/www.euroresidentes.com\/estilo-de-vida\/moda-estilo\/wp-json\/wp\/v2\/media\/2754"}],"wp:attachment":[{"href":"https:\/\/www.euroresidentes.com\/estilo-de-vida\/moda-estilo\/wp-json\/wp\/v2\/media?parent=2466"}],"wp:term":[{"taxonomy":"category","embeddable":true,"href":"https:\/\/www.euroresidentes.com\/estilo-de-vida\/moda-estilo\/wp-json\/wp\/v2\/categories?post=2466"},{"taxonomy":"post_tag","embeddable":true,"href":"https:\/\/www.euroresidentes.com\/estilo-de-vida\/moda-estilo\/wp-json\/wp\/v2\/tags?post=2466"}],"curies":[{"name":"wp","href":"https:\/\/api.w.org\/{rel}","templated":true}]}}